{"id":63819,"date":"2021-05-11T22:41:41","date_gmt":"2021-05-11T22:41:41","guid":{"rendered":"https:\/\/www.nettali.com\/?p=63819"},"modified":"2021-05-12T03:35:34","modified_gmt":"2021-05-12T03:35:34","slug":"korite-ce-sera-mercredi-pour-la-coordination-des-musulmans-du-senegal","status":"publish","type":"post","link":"https:\/\/www.nettali.com\/2021\/05\/11\/korite-ce-sera-mercredi-pour-la-coordination-des-musulmans-du-senegal\/","title":{"rendered":"KORITE - Ce sera mercredi, pour la Coordination des musulmans du S\u00e9n\u00e9gal"},"content":{"rendered":"<p><strong>NETTALI.COM - Pendant que la communaut\u00e9 musulmane de France va c\u00e9l\u00e9brer l\u2019A\u00efd el Fitr le jeudi 13 mai 2021, la Coordination des musulmans du S\u00e9n\u00e9gal opte pour demain.\u00a0<\/strong><\/p>\n<p>La Coordination des musulmans du S\u00e9n\u00e9gal c\u00e9l\u00e8bre l\u2019Aid El fithr commun\u00e9ment appel\u00e9 Korit\u00e9, ce mercredi 12 mai.<\/p>\n<p>L'organisation a affich\u00e9 cette d\u00e9cision dans un communiqu\u00e9, ce mardi. En clair, pr\u00e9cise le texte, la Commission informe qu\u2019elle a proc\u00e9d\u00e9, ce jour, mardi, 11 mai 2021 \u00e0 l\u2019observation de la lune au S\u00e9n\u00e9gal, dans la sous-r\u00e9gion et dans le monde. \u00ab La lune a \u00e9t\u00e9 aper\u00e7ue au Mali, au Niger et en C\u00f4te d\u2019Ivoire \u00bb, se fonde le communiqu\u00e9. \u00ab Demain mercredi, 12 mai 2021 sera le 1er jour du mois de Chawwal. \u00bb, d\u00e9duit le communiqu\u00e9.<\/p>\n<p>A l'oppos\u00e9, se basant sur les donn\u00e9es scientifiques, le Conseil Fran\u00e7ais du Culte Musulman (CFCM) a d\u00e9cid\u00e9 cette ann\u00e9e de fixer \u00e0 l\u2019avance la date de l\u2019A\u00efd el Fitr au jeudi 13 mai 2021. Cette organisation tricolore souligne que le croissant lunaire ne sera pas visible le mardi 11 mai au soir dans pratiquement aucun endroit du monde.<\/p>\n<p>Cons\u00e9quemment, il sera visible dans tout le monde musulman, dans le continent am\u00e9ricain et africain, dans toute l\u2019Europe et en France au soir du 12 mai.<\/p>\n<div class='share-to-whatsapp-wrapper'><div class='share-on-whsp'>PARTAGER SUR : <\/div><a data-text='KORITE - Ce sera mercredi, pour la Coordination des musulmans du S\u00e9n\u00e9gal' data-link='https:\/\/www.nettali.com\/2021\/05\/11\/korite-ce-sera-mercredi-pour-la-coordination-des-musulmans-du-senegal\/' class='whatsapp-button whatsapp-share'>WhatsApp<\/a><div class='clear '><\/div><\/div>","protected":false},"excerpt":{"rendered":"<p>NETTALI.COM - Pendant que la communaut\u00e9 musulmane de France va c\u00e9l\u00e9brer l\u2019A\u00efd el Fitr le jeudi 13 mai 2021, la Coordination des musulmans du S\u00e9n\u00e9gal opte pour demain.\u00a0 La Coordination des musulmans du S\u00e9n\u00e9gal c\u00e9l\u00e8bre l\u2019Aid El fithr commun\u00e9ment appel\u00e9 Korit\u00e9, ce mercredi 12 mai. L'organisation a affich\u00e9 cette d\u00e9cision dans un communiqu\u00e9, ce mardi. [&hellip;]<\/p>\n","protected":false},"author":11,"featured_media":10295,"comment_status":"open","ping_status":"open","sticky":false,"template":"","format":"standard","meta":{"_et_pb_use_builder":"","_et_pb_old_content":""},"categories":[3],"tags":[],"yoast_head":"<!-- This site is optimized with the Yoast SEO Premium plugin v17.8 (Yoast SEO v17.8) - https:\/\/yoast.com\/wordpress\/plugins\/seo\/ -->\n<title>KORITE - Ce sera mercredi, pour la Coordination des musulmans du S\u00e9n\u00e9gal | Nettali.com<\/title>\n<meta name=\"robots\" content=\"index, follow, max-snippet:-1, max-image-preview:large, max-video-preview:-1\" \/>\n<link rel=\"canonical\" href=\"https:\/\/www.nettali.com\/2021\/05\/11\/korite-ce-sera-mercredi-pour-la-coordination-des-musulmans-du-senegal\/\" \/>\n<meta property=\"og:locale\" content=\"fr_FR\" \/>\n<meta property=\"og:type\" content=\"article\" \/>\n<meta property=\"og:title\" content=\"KORITE - Ce sera mercredi, pour la Coordination des musulmans du S\u00e9n\u00e9gal\" \/>\n<meta property=\"og:description\" content=\"NETTALI.COM - Pendant que la communaut\u00e9 musulmane de France va c\u00e9l\u00e9brer l\u2019A\u00efd el Fitr le jeudi 13 mai 2021, la Coordination des musulmans du S\u00e9n\u00e9gal opte pour demain.\u00a0 La Coordination des musulmans du S\u00e9n\u00e9gal c\u00e9l\u00e8bre l\u2019Aid El fithr commun\u00e9ment appel\u00e9 Korit\u00e9, ce mercredi 12 mai. L&#039;organisation a affich\u00e9 cette d\u00e9cision dans un communiqu\u00e9, ce mardi. [&hellip;]\" \/>\n<meta property=\"og:url\" content=\"https:\/\/www.nettali.com\/2021\/05\/11\/korite-ce-sera-mercredi-pour-la-coordination-des-musulmans-du-senegal\/\" \/>\n<meta property=\"og:site_name\" content=\"Nettali.com\" \/>\n<meta property=\"article:publisher\" content=\"https:\/\/www.facebook.com\/nettalicom\" \/>\n<meta property=\"article:published_time\" content=\"2021-05-11T22:41:41+00:00\" \/>\n<meta property=\"article:modified_time\" content=\"2021-05-12T03:35:34+00:00\" \/>\n<meta property=\"og:image\" content=\"https:\/\/www.nettali.com\/wp-content\/uploads\/2019\/05\/korit\u00e9\u00e9.jpg\" \/>\n\t<meta property=\"og:image:width\" content=\"990\" \/>\n\t<meta property=\"og:image:height\" content=\"658\" \/>\n<meta name=\"twitter:card\" content=\"summary_large_image\" \/>\n<meta name=\"twitter:label1\" content=\"\u00c9crit par\" \/>\n\t<meta name=\"twitter:data1\" content=\"Thierno Diop\" \/>\n\t<meta name=\"twitter:label2\" content=\"Dur\u00e9e de lecture estim\u00e9e\" \/>\n\t<meta name=\"twitter:data2\" content=\"1 minute\" \/>\n<script type=\"application\/ld+json\" class=\"yoast-schema-graph\">{\"@context\":\"https:\/\/schema.org\",\"@graph\":[{\"@type\":\"WebSite\",\"@id\":\"https:\/\/www.nettali.com\/#website\",\"url\":\"https:\/\/www.nettali.com\/\",\"name\":\"Nettali.com\",\"description\":\"Le rendez-vous critique du Net\",\"potentialAction\":[{\"@type\":\"SearchAction\",\"target\":{\"@type\":\"EntryPoint\",\"urlTemplate\":\"https:\/\/www.nettali.com\/?s={search_term_string}\"},\"query-input\":\"required name=search_term_string\"}],\"inLanguage\":\"fr-FR\"},{\"@type\":\"ImageObject\",\"@id\":\"https:\/\/www.nettali.com\/2021\/05\/11\/korite-ce-sera-mercredi-pour-la-coordination-des-musulmans-du-senegal\/#primaryimage\",\"inLanguage\":\"fr-FR\",\"url\":\"https:\/\/www.nettali.com\/wp-content\/uploads\/2019\/05\/korit\\u00e9\\u00e9.jpg\",\"contentUrl\":\"https:\/\/www.nettali.com\/wp-content\/uploads\/2019\/05\/korit\\u00e9\\u00e9.jpg\",\"width\":990,\"height\":658},{\"@type\":\"WebPage\",\"@id\":\"https:\/\/www.nettali.com\/2021\/05\/11\/korite-ce-sera-mercredi-pour-la-coordination-des-musulmans-du-senegal\/#webpage\",\"url\":\"https:\/\/www.nettali.com\/2021\/05\/11\/korite-ce-sera-mercredi-pour-la-coordination-des-musulmans-du-senegal\/\",\"name\":\"KORITE - Ce sera mercredi, pour la Coordination des musulmans du S\\u00e9n\\u00e9gal | Nettali.com\",\"isPartOf\":{\"@id\":\"https:\/\/www.nettali.com\/#website\"},\"primaryImageOfPage\":{\"@id\":\"https:\/\/www.nettali.com\/2021\/05\/11\/korite-ce-sera-mercredi-pour-la-coordination-des-musulmans-du-senegal\/#primaryimage\"},\"datePublished\":\"2021-05-11T22:41:41+00:00\",\"dateModified\":\"2021-05-12T03:35:34+00:00\",\"author\":{\"@id\":\"https:\/\/www.nettali.com\/#\/schema\/person\/8a06c6bd7b19304cf4bf985862900b5b\"},\"breadcrumb\":{\"@id\":\"https:\/\/www.nettali.com\/2021\/05\/11\/korite-ce-sera-mercredi-pour-la-coordination-des-musulmans-du-senegal\/#breadcrumb\"},\"inLanguage\":\"fr-FR\",\"potentialAction\":[{\"@type\":\"ReadAction\",\"target\":[\"https:\/\/www.nettali.com\/2021\/05\/11\/korite-ce-sera-mercredi-pour-la-coordination-des-musulmans-du-senegal\/\"]}]},{\"@type\":\"BreadcrumbList\",\"@id\":\"https:\/\/www.nettali.com\/2021\/05\/11\/korite-ce-sera-mercredi-pour-la-coordination-des-musulmans-du-senegal\/#breadcrumb\",\"itemListElement\":[{\"@type\":\"ListItem\",\"position\":1,\"name\":\"Accueil\",\"item\":\"https:\/\/www.nettali.com\/\"},{\"@type\":\"ListItem\",\"position\":2,\"name\":\"KORITE &#8211; Ce sera mercredi, pour la Coordination des musulmans du S\\u00e9n\\u00e9gal\"}]},{\"@type\":\"Person\",\"@id\":\"https:\/\/www.nettali.com\/#\/schema\/person\/8a06c6bd7b19304cf4bf985862900b5b\",\"name\":\"Thierno Diop\",\"image\":{\"@type\":\"ImageObject\",\"@id\":\"https:\/\/www.nettali.com\/#personlogo\",\"inLanguage\":\"fr-FR\",\"url\":\"https:\/\/secure.gravatar.com\/avatar\/c8ca58550c94fd2ac856d27391a6c866?s=96&d=mm&r=g\",\"contentUrl\":\"https:\/\/secure.gravatar.com\/avatar\/c8ca58550c94fd2ac856d27391a6c866?s=96&d=mm&r=g\",\"caption\":\"Thierno Diop\"},\"sameAs\":[\"https:\/\/nettali.com\"]}]}<\/script>\n<!-- \/ Yoast SEO Premium plugin. -->","yoast_head_json":{"title":"KORITE - Ce sera mercredi, pour la Coordination des musulmans du S\u00e9n\u00e9gal | Nettali.com","robots":{"index":"index","follow":"follow","max-snippet":"max-snippet:-1","max-image-preview":"max-image-preview:large","max-video-preview":"max-video-preview:-1"},"canonical":"https:\/\/www.nettali.com\/2021\/05\/11\/korite-ce-sera-mercredi-pour-la-coordination-des-musulmans-du-senegal\/","og_locale":"fr_FR","og_type":"article","og_title":"KORITE - Ce sera mercredi, pour la Coordination des musulmans du S\u00e9n\u00e9gal","og_description":"NETTALI.COM - Pendant que la communaut\u00e9 musulmane de France va c\u00e9l\u00e9brer l\u2019A\u00efd el Fitr le jeudi 13 mai 2021, la Coordination des musulmans du S\u00e9n\u00e9gal opte pour demain.\u00a0 La Coordination des musulmans du S\u00e9n\u00e9gal c\u00e9l\u00e8bre l\u2019Aid El fithr commun\u00e9ment appel\u00e9 Korit\u00e9, ce mercredi 12 mai. L'organisation a affich\u00e9 cette d\u00e9cision dans un communiqu\u00e9, ce mardi. [&hellip;]","og_url":"https:\/\/www.nettali.com\/2021\/05\/11\/korite-ce-sera-mercredi-pour-la-coordination-des-musulmans-du-senegal\/","og_site_name":"Nettali.com","article_publisher":"https:\/\/www.facebook.com\/nettalicom","article_published_time":"2021-05-11T22:41:41+00:00","article_modified_time":"2021-05-12T03:35:34+00:00","og_image":[{"width":990,"height":658,"url":"https:\/\/www.nettali.com\/wp-content\/uploads\/2019\/05\/korit\u00e9\u00e9.jpg","type":"image\/jpeg"}],"twitter_card":"summary_large_image","twitter_misc":{"\u00c9crit par":"Thierno Diop","Dur\u00e9e de lecture estim\u00e9e":"1 minute"},"schema":{"@context":"https:\/\/schema.org","@graph":[{"@type":"WebSite","@id":"https:\/\/www.nettali.com\/#website","url":"https:\/\/www.nettali.com\/","name":"Nettali.com","description":"Le rendez-vous critique du Net","potentialAction":[{"@type":"SearchAction","target":{"@type":"EntryPoint","urlTemplate":"https:\/\/www.nettali.com\/?s={search_term_string}"},"query-input":"required name=search_term_string"}],"inLanguage":"fr-FR"},{"@type":"ImageObject","@id":"https:\/\/www.nettali.com\/2021\/05\/11\/korite-ce-sera-mercredi-pour-la-coordination-des-musulmans-du-senegal\/#primaryimage","inLanguage":"fr-FR","url":"https:\/\/www.nettali.com\/wp-content\/uploads\/2019\/05\/korit\u00e9\u00e9.jpg","contentUrl":"https:\/\/www.nettali.com\/wp-content\/uploads\/2019\/05\/korit\u00e9\u00e9.jpg","width":990,"height":658},{"@type":"WebPage","@id":"https:\/\/www.nettali.com\/2021\/05\/11\/korite-ce-sera-mercredi-pour-la-coordination-des-musulmans-du-senegal\/#webpage","url":"https:\/\/www.nettali.com\/2021\/05\/11\/korite-ce-sera-mercredi-pour-la-coordination-des-musulmans-du-senegal\/","name":"KORITE - Ce sera mercredi, pour la Coordination des musulmans du S\u00e9n\u00e9gal | Nettali.com","isPartOf":{"@id":"https:\/\/www.nettali.com\/#website"},"primaryImageOfPage":{"@id":"https:\/\/www.nettali.com\/2021\/05\/11\/korite-ce-sera-mercredi-pour-la-coordination-des-musulmans-du-senegal\/#primaryimage"},"datePublished":"2021-05-11T22:41:41+00:00","dateModified":"2021-05-12T03:35:34+00:00","author":{"@id":"https:\/\/www.nettali.com\/#\/schema\/person\/8a06c6bd7b19304cf4bf985862900b5b"},"breadcrumb":{"@id":"https:\/\/www.nettali.com\/2021\/05\/11\/korite-ce-sera-mercredi-pour-la-coordination-des-musulmans-du-senegal\/#breadcrumb"},"inLanguage":"fr-FR","potentialAction":[{"@type":"ReadAction","target":["https:\/\/www.nettali.com\/2021\/05\/11\/korite-ce-sera-mercredi-pour-la-coordination-des-musulmans-du-senegal\/"]}]},{"@type":"BreadcrumbList","@id":"https:\/\/www.nettali.com\/2021\/05\/11\/korite-ce-sera-mercredi-pour-la-coordination-des-musulmans-du-senegal\/#breadcrumb","itemListElement":[{"@type":"ListItem","position":1,"name":"Accueil","item":"https:\/\/www.nettali.com\/"},{"@type":"ListItem","position":2,"name":"KORITE &#8211; Ce sera mercredi, pour la Coordination des musulmans du S\u00e9n\u00e9gal"}]},{"@type":"Person","@id":"https:\/\/www.nettali.com\/#\/schema\/person\/8a06c6bd7b19304cf4bf985862900b5b","name":"Thierno Diop","image":{"@type":"ImageObject","@id":"https:\/\/www.nettali.com\/#personlogo","inLanguage":"fr-FR","url":"https:\/\/secure.gravatar.com\/avatar\/c8ca58550c94fd2ac856d27391a6c866?s=96&d=mm&r=g","contentUrl":"https:\/\/secure.gravatar.com\/avatar\/c8ca58550c94fd2ac856d27391a6c866?s=96&d=mm&r=g","caption":"Thierno Diop"},"sameAs":["https:\/\/nettali.com"]}]}},"_links":{"self":[{"href":"https:\/\/www.nettali.com\/rest\/wp\/v2\/posts\/63819"}],"collection":[{"href":"https:\/\/www.nettali.com\/rest\/wp\/v2\/posts"}],"about":[{"href":"https:\/\/www.nettali.com\/rest\/wp\/v2\/types\/post"}],"author":[{"embeddable":true,"href":"https:\/\/www.nettali.com\/rest\/wp\/v2\/users\/11"}],"replies":[{"embeddable":true,"href":"https:\/\/www.nettali.com\/rest\/wp\/v2\/comments?post=63819"}],"version-history":[{"count":3,"href":"https:\/\/www.nettali.com\/rest\/wp\/v2\/posts\/63819\/revisions"}],"predecessor-version":[{"id":63825,"href":"https:\/\/www.nettali.com\/rest\/wp\/v2\/posts\/63819\/revisions\/63825"}],"wp:featuredmedia":[{"embeddable":true,"href":"https:\/\/www.nettali.com\/rest\/wp\/v2\/media\/10295"}],"wp:attachment":[{"href":"https:\/\/www.nettali.com\/rest\/wp\/v2\/media?parent=63819"}],"wp:term":[{"taxonomy":"category","embeddable":true,"href":"https:\/\/www.nettali.com\/rest\/wp\/v2\/categories?post=63819"},{"taxonomy":"post_tag","embeddable":true,"href":"https:\/\/www.nettali.com\/rest\/wp\/v2\/tags?post=63819"}],"curies":[{"name":"wp","href":"https:\/\/api.w.org\/{rel}","templated":true}]}}