{"id":63787,"date":"2021-05-11T11:39:57","date_gmt":"2021-05-11T11:39:57","guid":{"rendered":"https:\/\/www.nettali.com\/?p=63787"},"modified":"2021-05-11T11:39:57","modified_gmt":"2021-05-11T11:39:57","slug":"juve-ronaldo-vers-la-ligue-europa","status":"publish","type":"post","link":"https:\/\/www.nettali.com\/2021\/05\/11\/juve-ronaldo-vers-la-ligue-europa\/","title":{"rendered":"JUVE - Ronaldo vers la Ligue Europa"},"content":{"rendered":"<p><strong>NETTALI.COM - Pendant que le pr\u00e9sident Andrea Agnelli r\u00eave de Super Ligue, la Juventus d'Andrea Pirlo et Cristiano Ronaldo glisse vers la Ligue Europa et n'a plus que trois matches, \u00e0 partir de Sassuolo mercredi, pour sauver une saison aux allures de chemin de croix.<\/strong><\/p>\n<p><strong>- D\u00e9j\u00e0 la fin pour Pirlo ? -<\/strong><\/p>\n<p>Apr\u00e8s l'\u00e9limination pr\u00e9coce en huiti\u00e8mes de finale de Ligue des champions contre le FC Porto en mars, Andrea Pirlo avait \u00e9t\u00e9 \u00e9pargn\u00e9 par les critiques. Prot\u00e9g\u00e9 par son prestige de joueur et par son inexp\u00e9rience, lui qui vit sa premi\u00e8re saison comme entra\u00eeneur, \u00e0 41 ans.<\/p>\n<p>Mais avec la r\u00e9p\u00e9tition des prestations indigentes, le \"Maestro\" est d\u00e9sormais au centre de la cible. Sa Juve, inconsistante contre les \"petits\", n'a pas su hausser le ton dans les \"finales\", contre l'Atalanta (0-1) ou dimanche contre Milan (0-3).<\/p>\n<p>\"S'il a toutes les excuses du d\u00e9butant, Pirlo ne s'est pas am\u00e9lior\u00e9 pendant la saison\", a tacl\u00e9 la Gazzetto dello Sport lundi, en fustigeant une Juve \"m\u00e9connaissable\", en \"manque d'identit\u00e9, de jeu, d'intensit\u00e9, d'organisation\".<\/p>\n<p>\"Tu peux \u00eatre de marbre quand les r\u00e9sultats sont l\u00e0, mais quand l'\u00e9quipe est en difficult\u00e9, voir l'entra\u00eeneur impuissant et immobile, incapable de hurler, \u00e7a interpelle\", a ajout\u00e9 le journal.<\/p>\n<p>Pirlo a endoss\u00e9 la \"responsabilit\u00e9\" de la d\u00e9faite contre Milan mais assur\u00e9 vouloir \"continuer son travail\".<\/p>\n<p>Selon la presse, les dirigeants ont d\u00e9cid\u00e9 de finir la saison avec lui mais pourraient ensuite acter l'\u00e9chec de ce pari audacieux.<\/p>\n<p>Parmi ceux cit\u00e9s pour lui succ\u00e9der, le revenant Massimiliano Allegri, cinq fois champion avec la Juve (2015-2019) et, comme souvent, Zin\u00e9dine Zidane en cas de d\u00e9part du Real Madrid.<\/p>\n<p>Avant ce possible d\u00e9part, Pirlo peut d\u00e9crocher un deuxi\u00e8me troph\u00e9e comme entra\u00eeneur avec la Coupe d'Italie (19 mai contre l'Atalanta), apr\u00e8s la Supercoupe en janvier.<\/p>\n<p><strong>- Ronaldo en Ligue Europa ? -<\/strong><\/p>\n<p>Manquer la C1 serait une premi\u00e8re depuis 2012 pour la Juventus. Et pour Cristiano Ronaldo du jamais vu depuis... 2003 ! \"CR7\" est le meilleur buteur de l'\u00e9preuve europ\u00e9enne (134 buts) et \u00e0 un match seulement d'\u00e9galer le record d'apparitions d'Iker Casillas (177).<\/p>\n<p>Pas certain que le Portugais ait envie, \u00e0 36 ans, d'y renoncer.<\/p>\n<p>Sans les revenus de la C1 (80 M EUR par an en moyenne), il n'est pas certain non plus que la Juve puisse supporter le salaire annuel de la star (54 millions d'euros brut, selon le site Calcio e Finanza), sous contrat jusqu'en 2022.<\/p>\n<p>L'hypoth\u00e8se d'un d\u00e9part prendrait \u00e0 coup s\u00fbr une nouvelle consistance si la Juve manque la C1.<\/p>\n<p>La Juve y perdrait un attaquant toujours aussi efficace, en passe de finir meilleur buteur de Serie A (27 buts). Mais cela permettrait aussi \u00e0 d'autres de trouver enfin leur place, tant \"CR7\" prend de la place, parfois au d\u00e9triment du collectif.<\/p>\n<p><strong>- Quid d'Agnelli et la Super Ligue ? -<\/strong><\/p>\n<p>Proche du patron de l'UEFA et porte-parole des grands clubs jusqu'en avril, celui qui pr\u00e9side la Juve depuis 2010 (avec 9 titres de champion cons\u00e9cutifs) fait d\u00e9sormais plut\u00f4t figure d'ennemi public N.1.<\/p>\n<p>Le club, l'un des trois derniers mutins avec le Real Madrid et le FC Barcelone \u00e0 ne pas avoir renonc\u00e9 formellement \u00e0 ce projet de comp\u00e9tition europ\u00e9enne dissidente, risque des sanctions europ\u00e9ennes mais pourrait aussi ne pas pouvoir participer au prochain championnat, a rappel\u00e9 lundi la F\u00e9d\u00e9ration italienne.<\/p>\n<p>Au-del\u00e0 de l'affaire Super Ligue, Agnelli doit aussi r\u00e9pondre de ses choix sportifs -- il a choisi Pirlo l'\u00e9t\u00e9 dernier -- et financiers, avec des comptes ayant vir\u00e9 au rouge depuis 2018 et l'investissement lourd fait sur Ronaldo.<\/p>\n<p>Une qualification ou non pour la C1 p\u00e8sera au moment des choix. Le dernier mot reviendra \u00e0 son cousin John Elkann, le patron d'Exor, la holding de la famille Agnelli propri\u00e9taire du club, qui a assist\u00e9 dimanche \u00e0 la d\u00e9faite contre Milan.<\/p>\n<p>(Avec AFP)<\/p>\n<p>&nbsp;<\/p>\n<div class='share-to-whatsapp-wrapper'><div class='share-on-whsp'>PARTAGER SUR : <\/div><a data-text='JUVE - Ronaldo vers la Ligue Europa' data-link='https:\/\/www.nettali.com\/2021\/05\/11\/juve-ronaldo-vers-la-ligue-europa\/' class='whatsapp-button whatsapp-share'>WhatsApp<\/a><div class='clear '><\/div><\/div>","protected":false},"excerpt":{"rendered":"<p>NETTALI.COM - Pendant que le pr\u00e9sident Andrea Agnelli r\u00eave de Super Ligue, la Juventus d'Andrea Pirlo et Cristiano Ronaldo glisse vers la Ligue Europa et n'a plus que trois matches, \u00e0 partir de Sassuolo mercredi, pour sauver une saison aux allures de chemin de croix. - D\u00e9j\u00e0 la fin pour Pirlo ? - Apr\u00e8s l'\u00e9limination [&hellip;]<\/p>\n","protected":false},"author":11,"featured_media":51489,"comment_status":"open","ping_status":"open","sticky":false,"template":"","format":"standard","meta":{"_et_pb_use_builder":"","_et_pb_old_content":""},"categories":[6],"tags":[],"yoast_head":"<!-- This site is optimized with the Yoast SEO Premium plugin v17.8 (Yoast SEO v17.8) - https:\/\/yoast.com\/wordpress\/plugins\/seo\/ -->\n<title>JUVE - Ronaldo vers la Ligue Europa | Nettali.com<\/title>\n<meta name=\"robots\" content=\"index, follow, max-snippet:-1, max-image-preview:large, max-video-preview:-1\" \/>\n<link rel=\"canonical\" href=\"https:\/\/www.nettali.com\/2021\/05\/11\/juve-ronaldo-vers-la-ligue-europa\/\" \/>\n<meta property=\"og:locale\" content=\"fr_FR\" \/>\n<meta property=\"og:type\" content=\"article\" \/>\n<meta property=\"og:title\" content=\"JUVE - Ronaldo vers la Ligue Europa\" \/>\n<meta property=\"og:description\" content=\"NETTALI.COM - Pendant que le pr\u00e9sident Andrea Agnelli r\u00eave de Super Ligue, la Juventus d&#039;Andrea Pirlo et Cristiano Ronaldo glisse vers la Ligue Europa et n&#039;a plus que trois matches, \u00e0 partir de Sassuolo mercredi, pour sauver une saison aux allures de chemin de croix. - D\u00e9j\u00e0 la fin pour Pirlo ? - Apr\u00e8s l&#039;\u00e9limination [&hellip;]\" \/>\n<meta property=\"og:url\" content=\"https:\/\/www.nettali.com\/2021\/05\/11\/juve-ronaldo-vers-la-ligue-europa\/\" \/>\n<meta property=\"og:site_name\" content=\"Nettali.com\" \/>\n<meta property=\"article:publisher\" content=\"https:\/\/www.facebook.com\/nettalicom\" \/>\n<meta property=\"article:published_time\" content=\"2021-05-11T11:39:57+00:00\" \/>\n<meta property=\"og:image\" content=\"https:\/\/www.nettali.com\/wp-content\/uploads\/2020\/11\/504_media365-sport-news_a63_0ae_1db3eee961f8a3de6c216808e1_juventus-cristiano-ronaldo-s-offre-un-nouveau-record_9789497_panoramic_PANOboljuv22062020_055-1024x425_ext.jpg\" \/>\n\t<meta property=\"og:image:width\" content=\"980\" \/>\n\t<meta property=\"og:image:height\" content=\"450\" \/>\n<meta name=\"twitter:card\" content=\"summary_large_image\" \/>\n<meta name=\"twitter:label1\" content=\"\u00c9crit par\" \/>\n\t<meta name=\"twitter:data1\" content=\"Thierno Diop\" \/>\n\t<meta name=\"twitter:label2\" content=\"Dur\u00e9e de lecture estim\u00e9e\" \/>\n\t<meta name=\"twitter:data2\" content=\"3 minutes\" \/>\n<script type=\"application\/ld+json\" class=\"yoast-schema-graph\">{\"@context\":\"https:\/\/schema.org\",\"@graph\":[{\"@type\":\"WebSite\",\"@id\":\"https:\/\/www.nettali.com\/#website\",\"url\":\"https:\/\/www.nettali.com\/\",\"name\":\"Nettali.com\",\"description\":\"Le rendez-vous critique du Net\",\"potentialAction\":[{\"@type\":\"SearchAction\",\"target\":{\"@type\":\"EntryPoint\",\"urlTemplate\":\"https:\/\/www.nettali.com\/?s={search_term_string}\"},\"query-input\":\"required name=search_term_string\"}],\"inLanguage\":\"fr-FR\"},{\"@type\":\"ImageObject\",\"@id\":\"https:\/\/www.nettali.com\/2021\/05\/11\/juve-ronaldo-vers-la-ligue-europa\/#primaryimage\",\"inLanguage\":\"fr-FR\",\"url\":\"https:\/\/www.nettali.com\/wp-content\/uploads\/2020\/11\/504_media365-sport-news_a63_0ae_1db3eee961f8a3de6c216808e1_juventus-cristiano-ronaldo-s-offre-un-nouveau-record_9789497_panoramic_PANOboljuv22062020_055-1024x425_ext.jpg\",\"contentUrl\":\"https:\/\/www.nettali.com\/wp-content\/uploads\/2020\/11\/504_media365-sport-news_a63_0ae_1db3eee961f8a3de6c216808e1_juventus-cristiano-ronaldo-s-offre-un-nouveau-record_9789497_panoramic_PANOboljuv22062020_055-1024x425_ext.jpg\",\"width\":980,\"height\":450},{\"@type\":\"WebPage\",\"@id\":\"https:\/\/www.nettali.com\/2021\/05\/11\/juve-ronaldo-vers-la-ligue-europa\/#webpage\",\"url\":\"https:\/\/www.nettali.com\/2021\/05\/11\/juve-ronaldo-vers-la-ligue-europa\/\",\"name\":\"JUVE - Ronaldo vers la Ligue Europa | Nettali.com\",\"isPartOf\":{\"@id\":\"https:\/\/www.nettali.com\/#website\"},\"primaryImageOfPage\":{\"@id\":\"https:\/\/www.nettali.com\/2021\/05\/11\/juve-ronaldo-vers-la-ligue-europa\/#primaryimage\"},\"datePublished\":\"2021-05-11T11:39:57+00:00\",\"dateModified\":\"2021-05-11T11:39:57+00:00\",\"author\":{\"@id\":\"https:\/\/www.nettali.com\/#\/schema\/person\/8a06c6bd7b19304cf4bf985862900b5b\"},\"breadcrumb\":{\"@id\":\"https:\/\/www.nettali.com\/2021\/05\/11\/juve-ronaldo-vers-la-ligue-europa\/#breadcrumb\"},\"inLanguage\":\"fr-FR\",\"potentialAction\":[{\"@type\":\"ReadAction\",\"target\":[\"https:\/\/www.nettali.com\/2021\/05\/11\/juve-ronaldo-vers-la-ligue-europa\/\"]}]},{\"@type\":\"BreadcrumbList\",\"@id\":\"https:\/\/www.nettali.com\/2021\/05\/11\/juve-ronaldo-vers-la-ligue-europa\/#breadcrumb\",\"itemListElement\":[{\"@type\":\"ListItem\",\"position\":1,\"name\":\"Accueil\",\"item\":\"https:\/\/www.nettali.com\/\"},{\"@type\":\"ListItem\",\"position\":2,\"name\":\"JUVE &#8211; Ronaldo vers la Ligue Europa\"}]},{\"@type\":\"Person\",\"@id\":\"https:\/\/www.nettali.com\/#\/schema\/person\/8a06c6bd7b19304cf4bf985862900b5b\",\"name\":\"Thierno Diop\",\"image\":{\"@type\":\"ImageObject\",\"@id\":\"https:\/\/www.nettali.com\/#personlogo\",\"inLanguage\":\"fr-FR\",\"url\":\"https:\/\/secure.gravatar.com\/avatar\/c8ca58550c94fd2ac856d27391a6c866?s=96&d=mm&r=g\",\"contentUrl\":\"https:\/\/secure.gravatar.com\/avatar\/c8ca58550c94fd2ac856d27391a6c866?s=96&d=mm&r=g\",\"caption\":\"Thierno Diop\"},\"sameAs\":[\"https:\/\/nettali.com\"]}]}<\/script>\n<!-- \/ Yoast SEO Premium plugin. -->","yoast_head_json":{"title":"JUVE - Ronaldo vers la Ligue Europa | Nettali.com","robots":{"index":"index","follow":"follow","max-snippet":"max-snippet:-1","max-image-preview":"max-image-preview:large","max-video-preview":"max-video-preview:-1"},"canonical":"https:\/\/www.nettali.com\/2021\/05\/11\/juve-ronaldo-vers-la-ligue-europa\/","og_locale":"fr_FR","og_type":"article","og_title":"JUVE - Ronaldo vers la Ligue Europa","og_description":"NETTALI.COM - Pendant que le pr\u00e9sident Andrea Agnelli r\u00eave de Super Ligue, la Juventus d'Andrea Pirlo et Cristiano Ronaldo glisse vers la Ligue Europa et n'a plus que trois matches, \u00e0 partir de Sassuolo mercredi, pour sauver une saison aux allures de chemin de croix. - D\u00e9j\u00e0 la fin pour Pirlo ? - Apr\u00e8s l'\u00e9limination [&hellip;]","og_url":"https:\/\/www.nettali.com\/2021\/05\/11\/juve-ronaldo-vers-la-ligue-europa\/","og_site_name":"Nettali.com","article_publisher":"https:\/\/www.facebook.com\/nettalicom","article_published_time":"2021-05-11T11:39:57+00:00","og_image":[{"width":980,"height":450,"url":"https:\/\/www.nettali.com\/wp-content\/uploads\/2020\/11\/504_media365-sport-news_a63_0ae_1db3eee961f8a3de6c216808e1_juventus-cristiano-ronaldo-s-offre-un-nouveau-record_9789497_panoramic_PANOboljuv22062020_055-1024x425_ext.jpg","type":"image\/jpeg"}],"twitter_card":"summary_large_image","twitter_misc":{"\u00c9crit par":"Thierno Diop","Dur\u00e9e de lecture estim\u00e9e":"3 minutes"},"schema":{"@context":"https:\/\/schema.org","@graph":[{"@type":"WebSite","@id":"https:\/\/www.nettali.com\/#website","url":"https:\/\/www.nettali.com\/","name":"Nettali.com","description":"Le rendez-vous critique du Net","potentialAction":[{"@type":"SearchAction","target":{"@type":"EntryPoint","urlTemplate":"https:\/\/www.nettali.com\/?s={search_term_string}"},"query-input":"required name=search_term_string"}],"inLanguage":"fr-FR"},{"@type":"ImageObject","@id":"https:\/\/www.nettali.com\/2021\/05\/11\/juve-ronaldo-vers-la-ligue-europa\/#primaryimage","inLanguage":"fr-FR","url":"https:\/\/www.nettali.com\/wp-content\/uploads\/2020\/11\/504_media365-sport-news_a63_0ae_1db3eee961f8a3de6c216808e1_juventus-cristiano-ronaldo-s-offre-un-nouveau-record_9789497_panoramic_PANOboljuv22062020_055-1024x425_ext.jpg","contentUrl":"https:\/\/www.nettali.com\/wp-content\/uploads\/2020\/11\/504_media365-sport-news_a63_0ae_1db3eee961f8a3de6c216808e1_juventus-cristiano-ronaldo-s-offre-un-nouveau-record_9789497_panoramic_PANOboljuv22062020_055-1024x425_ext.jpg","width":980,"height":450},{"@type":"WebPage","@id":"https:\/\/www.nettali.com\/2021\/05\/11\/juve-ronaldo-vers-la-ligue-europa\/#webpage","url":"https:\/\/www.nettali.com\/2021\/05\/11\/juve-ronaldo-vers-la-ligue-europa\/","name":"JUVE - Ronaldo vers la Ligue Europa | Nettali.com","isPartOf":{"@id":"https:\/\/www.nettali.com\/#website"},"primaryImageOfPage":{"@id":"https:\/\/www.nettali.com\/2021\/05\/11\/juve-ronaldo-vers-la-ligue-europa\/#primaryimage"},"datePublished":"2021-05-11T11:39:57+00:00","dateModified":"2021-05-11T11:39:57+00:00","author":{"@id":"https:\/\/www.nettali.com\/#\/schema\/person\/8a06c6bd7b19304cf4bf985862900b5b"},"breadcrumb":{"@id":"https:\/\/www.nettali.com\/2021\/05\/11\/juve-ronaldo-vers-la-ligue-europa\/#breadcrumb"},"inLanguage":"fr-FR","potentialAction":[{"@type":"ReadAction","target":["https:\/\/www.nettali.com\/2021\/05\/11\/juve-ronaldo-vers-la-ligue-europa\/"]}]},{"@type":"BreadcrumbList","@id":"https:\/\/www.nettali.com\/2021\/05\/11\/juve-ronaldo-vers-la-ligue-europa\/#breadcrumb","itemListElement":[{"@type":"ListItem","position":1,"name":"Accueil","item":"https:\/\/www.nettali.com\/"},{"@type":"ListItem","position":2,"name":"JUVE &#8211; Ronaldo vers la Ligue Europa"}]},{"@type":"Person","@id":"https:\/\/www.nettali.com\/#\/schema\/person\/8a06c6bd7b19304cf4bf985862900b5b","name":"Thierno Diop","image":{"@type":"ImageObject","@id":"https:\/\/www.nettali.com\/#personlogo","inLanguage":"fr-FR","url":"https:\/\/secure.gravatar.com\/avatar\/c8ca58550c94fd2ac856d27391a6c866?s=96&d=mm&r=g","contentUrl":"https:\/\/secure.gravatar.com\/avatar\/c8ca58550c94fd2ac856d27391a6c866?s=96&d=mm&r=g","caption":"Thierno Diop"},"sameAs":["https:\/\/nettali.com"]}]}},"_links":{"self":[{"href":"https:\/\/www.nettali.com\/rest\/wp\/v2\/posts\/63787"}],"collection":[{"href":"https:\/\/www.nettali.com\/rest\/wp\/v2\/posts"}],"about":[{"href":"https:\/\/www.nettali.com\/rest\/wp\/v2\/types\/post"}],"author":[{"embeddable":true,"href":"https:\/\/www.nettali.com\/rest\/wp\/v2\/users\/11"}],"replies":[{"embeddable":true,"href":"https:\/\/www.nettali.com\/rest\/wp\/v2\/comments?post=63787"}],"version-history":[{"count":1,"href":"https:\/\/www.nettali.com\/rest\/wp\/v2\/posts\/63787\/revisions"}],"predecessor-version":[{"id":63788,"href":"https:\/\/www.nettali.com\/rest\/wp\/v2\/posts\/63787\/revisions\/63788"}],"wp:featuredmedia":[{"embeddable":true,"href":"https:\/\/www.nettali.com\/rest\/wp\/v2\/media\/51489"}],"wp:attachment":[{"href":"https:\/\/www.nettali.com\/rest\/wp\/v2\/media?parent=63787"}],"wp:term":[{"taxonomy":"category","embeddable":true,"href":"https:\/\/www.nettali.com\/rest\/wp\/v2\/categories?post=63787"},{"taxonomy":"post_tag","embeddable":true,"href":"https:\/\/www.nettali.com\/rest\/wp\/v2\/tags?post=63787"}],"curies":[{"name":"wp","href":"https:\/\/api.w.org\/{rel}","templated":true}]}}