{"id":63750,"date":"2021-05-11T00:35:05","date_gmt":"2021-05-11T00:35:05","guid":{"rendered":"https:\/\/www.nettali.com\/?p=63750"},"modified":"2021-05-11T10:59:08","modified_gmt":"2021-05-11T10:59:08","slug":"lamine-diack-rentre-au-bercail","status":"publish","type":"post","link":"https:\/\/www.nettali.com\/2021\/05\/11\/lamine-diack-rentre-au-bercail\/","title":{"rendered":"Lamine Diack rentre au bercail!"},"content":{"rendered":"<p><strong>NETTALI.COM - Enfin, Lamine Diack est \u00e0 Dakar. Attendu dans la capitale s\u00e9n\u00e9galaise depuis quelques jours, l'ancien pr\u00e9sident de la F\u00e9d\u00e9ration internationale d\u2019athl\u00e9tisme (Iaaf) a foul\u00e9 le tarmac de l\u2019a\u00e9roport international Blaise Diagne ce lundi vers les coups de 20h \u00e0 bord d\u2019un vol Air France.<\/strong><\/p>\n<p>Avec un large sourire aux l\u00e8vres, Lamine Diack a \u00e9t\u00e9 accueilli au Salon d\u2019honneur de l\u2019a\u00e9roport avant de s\u2019engouffrer dans son v\u00e9hicule pour rentrer chez lui sans s'adresser \u00e0 la presse.<\/p>\n<p>C\u2019est plut\u00f4t sa fille a\u00een\u00e9e, Mame Fatou Diack, qui s\u2019est adress\u00e9e aux journalistes. Elle a tenu \u00e0 remercier l\u2019Etat du S\u00e9n\u00e9gal qui a pris toutes les dispositions idoines pour le retour de son p\u00e8re.<\/p>\n<p>A rappeler qu'apr\u00e8s 5 ann\u00e9es pass\u00e9es en r\u00e9sidence surveill\u00e9e \u00e0 Paris, Lamine Diack, 87 ans, a \u00e9t\u00e9 condamn\u00e9 par la justice fran\u00e7aise \u00e0 quatre ans de prison, dont deux ferme, le 20 septembre dernier, pour son \"<em>implication dans un r\u00e9seau de corruption destin\u00e9 \u00e0 cacher des cas de dopage en Russie<\/em>\".<\/p>\n<p>L\u2019ancien pr\u00e9sident de l\u2019IAAF (1999-2015) avait b\u00e9n\u00e9fici\u00e9 le 30 d\u00e9cembre dernier d\u2019une lev\u00e9e de la mesure d\u2019interdiction de quitter le territoire fran\u00e7ais dont il faisait l\u2019objet, contre le paiement d\u2019une caution de 500.000 euros, soit un peu plus de 327 millions de francs CFA. Le Jaraaf de Dakar, son club, dont il fut le pr\u00e9sident pendant de nombreuses ann\u00e9es, avait d\u00e9cid\u00e9 de payer cette caution lors d\u2019une assembl\u00e9e g\u00e9n\u00e9rale extraordinaire tenue \u00e0 Dakar le 18 avril dernier.<\/p>\n<div class='share-to-whatsapp-wrapper'><div class='share-on-whsp'>PARTAGER SUR : <\/div><a data-text='Lamine Diack rentre au bercail!' data-link='https:\/\/www.nettali.com\/2021\/05\/11\/lamine-diack-rentre-au-bercail\/' class='whatsapp-button whatsapp-share'>WhatsApp<\/a><div class='clear '><\/div><\/div>","protected":false},"excerpt":{"rendered":"<p>NETTALI.COM - Enfin, Lamine Diack est \u00e0 Dakar. Attendu dans la capitale s\u00e9n\u00e9galaise depuis quelques jours, l'ancien pr\u00e9sident de la F\u00e9d\u00e9ration internationale d\u2019athl\u00e9tisme (Iaaf) a foul\u00e9 le tarmac de l\u2019a\u00e9roport international Blaise Diagne ce lundi vers les coups de 20h \u00e0 bord d\u2019un vol Air France. Avec un large sourire aux l\u00e8vres, Lamine Diack a [&hellip;]<\/p>\n","protected":false},"author":5,"featured_media":63751,"comment_status":"open","ping_status":"open","sticky":false,"template":"","format":"standard","meta":{"_et_pb_use_builder":"","_et_pb_old_content":""},"categories":[3],"tags":[],"yoast_head":"<!-- This site is optimized with the Yoast SEO Premium plugin v17.8 (Yoast SEO v17.8) - https:\/\/yoast.com\/wordpress\/plugins\/seo\/ -->\n<title>Lamine Diack rentre au bercail! | Nettali.com<\/title>\n<meta name=\"robots\" content=\"index, follow, max-snippet:-1, max-image-preview:large, max-video-preview:-1\" \/>\n<link rel=\"canonical\" href=\"https:\/\/www.nettali.com\/2021\/05\/11\/lamine-diack-rentre-au-bercail\/\" \/>\n<meta property=\"og:locale\" content=\"fr_FR\" \/>\n<meta property=\"og:type\" content=\"article\" \/>\n<meta property=\"og:title\" content=\"Lamine Diack rentre au bercail!\" \/>\n<meta property=\"og:description\" content=\"NETTALI.COM - Enfin, Lamine Diack est \u00e0 Dakar. Attendu dans la capitale s\u00e9n\u00e9galaise depuis quelques jours, l&#039;ancien pr\u00e9sident de la F\u00e9d\u00e9ration internationale d\u2019athl\u00e9tisme (Iaaf) a foul\u00e9 le tarmac de l\u2019a\u00e9roport international Blaise Diagne ce lundi vers les coups de 20h \u00e0 bord d\u2019un vol Air France. Avec un large sourire aux l\u00e8vres, Lamine Diack a [&hellip;]\" \/>\n<meta property=\"og:url\" content=\"https:\/\/www.nettali.com\/2021\/05\/11\/lamine-diack-rentre-au-bercail\/\" \/>\n<meta property=\"og:site_name\" content=\"Nettali.com\" \/>\n<meta property=\"article:publisher\" content=\"https:\/\/www.facebook.com\/nettalicom\" \/>\n<meta property=\"article:published_time\" content=\"2021-05-11T00:35:05+00:00\" \/>\n<meta property=\"article:modified_time\" content=\"2021-05-11T10:59:08+00:00\" \/>\n<meta property=\"og:image\" content=\"https:\/\/www.nettali.com\/wp-content\/uploads\/2021\/05\/6015eca_5335558-01-06.jpg\" \/>\n\t<meta property=\"og:image:width\" content=\"664\" \/>\n\t<meta property=\"og:image:height\" content=\"443\" \/>\n<meta name=\"twitter:card\" content=\"summary_large_image\" \/>\n<meta name=\"twitter:label1\" content=\"\u00c9crit par\" \/>\n\t<meta name=\"twitter:data1\" content=\"Ibrahima\" \/>\n\t<meta name=\"twitter:label2\" content=\"Dur\u00e9e de lecture estim\u00e9e\" \/>\n\t<meta name=\"twitter:data2\" content=\"1 minute\" \/>\n<script type=\"application\/ld+json\" class=\"yoast-schema-graph\">{\"@context\":\"https:\/\/schema.org\",\"@graph\":[{\"@type\":\"WebSite\",\"@id\":\"https:\/\/www.nettali.com\/#website\",\"url\":\"https:\/\/www.nettali.com\/\",\"name\":\"Nettali.com\",\"description\":\"Le rendez-vous critique du Net\",\"potentialAction\":[{\"@type\":\"SearchAction\",\"target\":{\"@type\":\"EntryPoint\",\"urlTemplate\":\"https:\/\/www.nettali.com\/?s={search_term_string}\"},\"query-input\":\"required name=search_term_string\"}],\"inLanguage\":\"fr-FR\"},{\"@type\":\"ImageObject\",\"@id\":\"https:\/\/www.nettali.com\/2021\/05\/11\/lamine-diack-rentre-au-bercail\/#primaryimage\",\"inLanguage\":\"fr-FR\",\"url\":\"https:\/\/www.nettali.com\/wp-content\/uploads\/2021\/05\/6015eca_5335558-01-06.jpg\",\"contentUrl\":\"https:\/\/www.nettali.com\/wp-content\/uploads\/2021\/05\/6015eca_5335558-01-06.jpg\",\"width\":664,\"height\":443},{\"@type\":\"WebPage\",\"@id\":\"https:\/\/www.nettali.com\/2021\/05\/11\/lamine-diack-rentre-au-bercail\/#webpage\",\"url\":\"https:\/\/www.nettali.com\/2021\/05\/11\/lamine-diack-rentre-au-bercail\/\",\"name\":\"Lamine Diack rentre au bercail! | Nettali.com\",\"isPartOf\":{\"@id\":\"https:\/\/www.nettali.com\/#website\"},\"primaryImageOfPage\":{\"@id\":\"https:\/\/www.nettali.com\/2021\/05\/11\/lamine-diack-rentre-au-bercail\/#primaryimage\"},\"datePublished\":\"2021-05-11T00:35:05+00:00\",\"dateModified\":\"2021-05-11T10:59:08+00:00\",\"author\":{\"@id\":\"https:\/\/www.nettali.com\/#\/schema\/person\/bb147657c2986240405a608162b9bb23\"},\"breadcrumb\":{\"@id\":\"https:\/\/www.nettali.com\/2021\/05\/11\/lamine-diack-rentre-au-bercail\/#breadcrumb\"},\"inLanguage\":\"fr-FR\",\"potentialAction\":[{\"@type\":\"ReadAction\",\"target\":[\"https:\/\/www.nettali.com\/2021\/05\/11\/lamine-diack-rentre-au-bercail\/\"]}]},{\"@type\":\"BreadcrumbList\",\"@id\":\"https:\/\/www.nettali.com\/2021\/05\/11\/lamine-diack-rentre-au-bercail\/#breadcrumb\",\"itemListElement\":[{\"@type\":\"ListItem\",\"position\":1,\"name\":\"Accueil\",\"item\":\"https:\/\/www.nettali.com\/\"},{\"@type\":\"ListItem\",\"position\":2,\"name\":\"Lamine Diack rentre au bercail!\"}]},{\"@type\":\"Person\",\"@id\":\"https:\/\/www.nettali.com\/#\/schema\/person\/bb147657c2986240405a608162b9bb23\",\"name\":\"Ibrahima\",\"image\":{\"@type\":\"ImageObject\",\"@id\":\"https:\/\/www.nettali.com\/#personlogo\",\"inLanguage\":\"fr-FR\",\"url\":\"https:\/\/secure.gravatar.com\/avatar\/26a8a81f09f0dd7624c9d5c36c9ba3a2?s=96&d=mm&r=g\",\"contentUrl\":\"https:\/\/secure.gravatar.com\/avatar\/26a8a81f09f0dd7624c9d5c36c9ba3a2?s=96&d=mm&r=g\",\"caption\":\"Ibrahima\"},\"sameAs\":[\"https:\/\/www.nettali.com\"]}]}<\/script>\n<!-- \/ Yoast SEO Premium plugin. -->","yoast_head_json":{"title":"Lamine Diack rentre au bercail! | Nettali.com","robots":{"index":"index","follow":"follow","max-snippet":"max-snippet:-1","max-image-preview":"max-image-preview:large","max-video-preview":"max-video-preview:-1"},"canonical":"https:\/\/www.nettali.com\/2021\/05\/11\/lamine-diack-rentre-au-bercail\/","og_locale":"fr_FR","og_type":"article","og_title":"Lamine Diack rentre au bercail!","og_description":"NETTALI.COM - Enfin, Lamine Diack est \u00e0 Dakar. Attendu dans la capitale s\u00e9n\u00e9galaise depuis quelques jours, l'ancien pr\u00e9sident de la F\u00e9d\u00e9ration internationale d\u2019athl\u00e9tisme (Iaaf) a foul\u00e9 le tarmac de l\u2019a\u00e9roport international Blaise Diagne ce lundi vers les coups de 20h \u00e0 bord d\u2019un vol Air France. Avec un large sourire aux l\u00e8vres, Lamine Diack a [&hellip;]","og_url":"https:\/\/www.nettali.com\/2021\/05\/11\/lamine-diack-rentre-au-bercail\/","og_site_name":"Nettali.com","article_publisher":"https:\/\/www.facebook.com\/nettalicom","article_published_time":"2021-05-11T00:35:05+00:00","article_modified_time":"2021-05-11T10:59:08+00:00","og_image":[{"width":664,"height":443,"url":"https:\/\/www.nettali.com\/wp-content\/uploads\/2021\/05\/6015eca_5335558-01-06.jpg","type":"image\/jpeg"}],"twitter_card":"summary_large_image","twitter_misc":{"\u00c9crit par":"Ibrahima","Dur\u00e9e de lecture estim\u00e9e":"1 minute"},"schema":{"@context":"https:\/\/schema.org","@graph":[{"@type":"WebSite","@id":"https:\/\/www.nettali.com\/#website","url":"https:\/\/www.nettali.com\/","name":"Nettali.com","description":"Le rendez-vous critique du Net","potentialAction":[{"@type":"SearchAction","target":{"@type":"EntryPoint","urlTemplate":"https:\/\/www.nettali.com\/?s={search_term_string}"},"query-input":"required name=search_term_string"}],"inLanguage":"fr-FR"},{"@type":"ImageObject","@id":"https:\/\/www.nettali.com\/2021\/05\/11\/lamine-diack-rentre-au-bercail\/#primaryimage","inLanguage":"fr-FR","url":"https:\/\/www.nettali.com\/wp-content\/uploads\/2021\/05\/6015eca_5335558-01-06.jpg","contentUrl":"https:\/\/www.nettali.com\/wp-content\/uploads\/2021\/05\/6015eca_5335558-01-06.jpg","width":664,"height":443},{"@type":"WebPage","@id":"https:\/\/www.nettali.com\/2021\/05\/11\/lamine-diack-rentre-au-bercail\/#webpage","url":"https:\/\/www.nettali.com\/2021\/05\/11\/lamine-diack-rentre-au-bercail\/","name":"Lamine Diack rentre au bercail! | Nettali.com","isPartOf":{"@id":"https:\/\/www.nettali.com\/#website"},"primaryImageOfPage":{"@id":"https:\/\/www.nettali.com\/2021\/05\/11\/lamine-diack-rentre-au-bercail\/#primaryimage"},"datePublished":"2021-05-11T00:35:05+00:00","dateModified":"2021-05-11T10:59:08+00:00","author":{"@id":"https:\/\/www.nettali.com\/#\/schema\/person\/bb147657c2986240405a608162b9bb23"},"breadcrumb":{"@id":"https:\/\/www.nettali.com\/2021\/05\/11\/lamine-diack-rentre-au-bercail\/#breadcrumb"},"inLanguage":"fr-FR","potentialAction":[{"@type":"ReadAction","target":["https:\/\/www.nettali.com\/2021\/05\/11\/lamine-diack-rentre-au-bercail\/"]}]},{"@type":"BreadcrumbList","@id":"https:\/\/www.nettali.com\/2021\/05\/11\/lamine-diack-rentre-au-bercail\/#breadcrumb","itemListElement":[{"@type":"ListItem","position":1,"name":"Accueil","item":"https:\/\/www.nettali.com\/"},{"@type":"ListItem","position":2,"name":"Lamine Diack rentre au bercail!"}]},{"@type":"Person","@id":"https:\/\/www.nettali.com\/#\/schema\/person\/bb147657c2986240405a608162b9bb23","name":"Ibrahima","image":{"@type":"ImageObject","@id":"https:\/\/www.nettali.com\/#personlogo","inLanguage":"fr-FR","url":"https:\/\/secure.gravatar.com\/avatar\/26a8a81f09f0dd7624c9d5c36c9ba3a2?s=96&d=mm&r=g","contentUrl":"https:\/\/secure.gravatar.com\/avatar\/26a8a81f09f0dd7624c9d5c36c9ba3a2?s=96&d=mm&r=g","caption":"Ibrahima"},"sameAs":["https:\/\/www.nettali.com"]}]}},"_links":{"self":[{"href":"https:\/\/www.nettali.com\/rest\/wp\/v2\/posts\/63750"}],"collection":[{"href":"https:\/\/www.nettali.com\/rest\/wp\/v2\/posts"}],"about":[{"href":"https:\/\/www.nettali.com\/rest\/wp\/v2\/types\/post"}],"author":[{"embeddable":true,"href":"https:\/\/www.nettali.com\/rest\/wp\/v2\/users\/5"}],"replies":[{"embeddable":true,"href":"https:\/\/www.nettali.com\/rest\/wp\/v2\/comments?post=63750"}],"version-history":[{"count":1,"href":"https:\/\/www.nettali.com\/rest\/wp\/v2\/posts\/63750\/revisions"}],"predecessor-version":[{"id":63753,"href":"https:\/\/www.nettali.com\/rest\/wp\/v2\/posts\/63750\/revisions\/63753"}],"wp:featuredmedia":[{"embeddable":true,"href":"https:\/\/www.nettali.com\/rest\/wp\/v2\/media\/63751"}],"wp:attachment":[{"href":"https:\/\/www.nettali.com\/rest\/wp\/v2\/media?parent=63750"}],"wp:term":[{"taxonomy":"category","embeddable":true,"href":"https:\/\/www.nettali.com\/rest\/wp\/v2\/categories?post=63750"},{"taxonomy":"post_tag","embeddable":true,"href":"https:\/\/www.nettali.com\/rest\/wp\/v2\/tags?post=63750"}],"curies":[{"name":"wp","href":"https:\/\/api.w.org\/{rel}","templated":true}]}}