{"id":63728,"date":"2021-05-10T20:42:27","date_gmt":"2021-05-10T20:42:27","guid":{"rendered":"https:\/\/www.nettali.com\/?p=63728"},"modified":"2021-05-10T20:55:10","modified_gmt":"2021-05-10T20:55:10","slug":"abolition-de-lesclavage-papa-demba-thiam-fustifie-le-silence-des-elites-africaines","status":"publish","type":"post","link":"https:\/\/www.nettali.com\/2021\/05\/10\/abolition-de-lesclavage-papa-demba-thiam-fustifie-le-silence-des-elites-africaines\/","title":{"rendered":"ABOLITION DE L'ESCLAVAGE - Papa Demba Thiam fustige le silence des \u00e9lites africaines"},"content":{"rendered":"<p><strong>NETTALI.COM - La journ\u00e9e internationale de l'abolition de l'esclavage a \u00e9t\u00e9 c\u00e9l\u00e9br\u00e9e ce lundi. Occasion saisie par Pape Demba Thiam pour d\u00e9plorer le mutisme de certaines \u00e9lites africaines sur la question de l'esclavage.<\/strong><\/p>\n<p>\" <em>Je ne peux r\u00e9primer une pens\u00e9e \u00e9mue avec la comm\u00e9moration, en France, du drame humain de l\u2019exclavage. Faut-il le rappeler, France et S\u00e9n\u00e9gal sont \u00e0 ce jour, les seuls pays \u00e0 consid\u00e9rer juridiquement l\u2019esclavage comme un crime contre l\u2019humanit\u00e9. Ce crime aux fondements \u00e9conomiques a g\u00e9n\u00e9r\u00e9 et nourri l\u2019id\u00e9ologie du racisme dont les afrodescendants ne cessent d\u2019\u00eatre des victimes \u00e0 travers le monde<\/em>\", a rappel\u00e9 Papa Demba Thiam.<\/p>\n<p>\" <em>Pourtant, on entend pas beaucoup d\u2019\u00e9lites africaines sur cette affaire. Est-ce parce qu\u2019elles seraient g\u00ean\u00e9es d\u2019assumer le fait que ces crimes contre l\u2019humanit\u00e9 ont \u00e9t\u00e9 commis contre les peuples africains, aussi parce que d\u2019autres africains ont vendu leurs fr\u00e8res et s\u0153urs pour gagner de l\u2019argent? Ou bien est-ce parce que beaucoup d\u2019\u00e9lites africaines continuent de vivre de l\u2019exploitation \u00e9conomique de l\u2019Afrique y compris en servant les int\u00e9r\u00eats de ceux qui les aident \u00e0 avoir des promotions dans des gouvernements indignes et des institutions multilat\u00e9rales d\u00e9voy\u00e9es?<\/em>\", s'interroge-t-il.<\/p>\n<p>\" <em>Mais nos amis occidentaux et orientaux doivent comprendre que ces tra\u00eetres de bureaucrates sont maintenant d\u00e9mystifi\u00e9s et ne peuvent plus faire les opinions publiques africaines, avec des populations et une jeunesse de plus en plus conscientes des d\u00e9terminants de leur pauvret\u00e9<\/em>\", dit-il.<\/p>\n<p>Pour la fiche de pr\u00e9sentation, Dr Pape Demba a, dans sa vie professionnelle, con\u00e7u et concr\u00e9tis\u00e9 des projets industriels en Afrique comme sp\u00e9cialiste du d\u00e9veloppement des cha\u00eenes de valeur, entrepreneur mais aussi directeur de projets pour les pays d'Afrique, des Cara\u00efbes et du Pacifique (ACP) en liaison avec l'Union europ\u00e9enne, l'Onudi, le Club du Sahel de l'OCDE et \u00e0 la Banque mondiale.<\/p>\n<div class='share-to-whatsapp-wrapper'><div class='share-on-whsp'>PARTAGER SUR : <\/div><a data-text='ABOLITION DE L'ESCLAVAGE - Papa Demba Thiam fustige le silence des \u00e9lites africaines' data-link='https:\/\/www.nettali.com\/2021\/05\/10\/abolition-de-lesclavage-papa-demba-thiam-fustifie-le-silence-des-elites-africaines\/' class='whatsapp-button whatsapp-share'>WhatsApp<\/a><div class='clear '><\/div><\/div>","protected":false},"excerpt":{"rendered":"<p>NETTALI.COM - La journ\u00e9e internationale de l'abolition de l'esclavage a \u00e9t\u00e9 c\u00e9l\u00e9br\u00e9e ce lundi. Occasion saisie par Pape Demba Thiam pour d\u00e9plorer le mutisme de certaines \u00e9lites africaines sur la question de l'esclavage. \" Je ne peux r\u00e9primer une pens\u00e9e \u00e9mue avec la comm\u00e9moration, en France, du drame humain de l\u2019exclavage. Faut-il le rappeler, France [&hellip;]<\/p>\n","protected":false},"author":5,"featured_media":63729,"comment_status":"open","ping_status":"open","sticky":false,"template":"","format":"standard","meta":{"_et_pb_use_builder":"","_et_pb_old_content":""},"categories":[2],"tags":[],"yoast_head":"<!-- This site is optimized with the Yoast SEO Premium plugin v17.8 (Yoast SEO v17.8) - https:\/\/yoast.com\/wordpress\/plugins\/seo\/ -->\n<title>ABOLITION DE L&#039;ESCLAVAGE - Papa Demba Thiam fustige le silence des \u00e9lites africaines | Nettali.com<\/title>\n<meta name=\"robots\" content=\"index, follow, max-snippet:-1, max-image-preview:large, max-video-preview:-1\" \/>\n<link rel=\"canonical\" href=\"https:\/\/www.nettali.com\/2021\/05\/10\/abolition-de-lesclavage-papa-demba-thiam-fustifie-le-silence-des-elites-africaines\/\" \/>\n<meta property=\"og:locale\" content=\"fr_FR\" \/>\n<meta property=\"og:type\" content=\"article\" \/>\n<meta property=\"og:title\" content=\"ABOLITION DE L&#039;ESCLAVAGE - Papa Demba Thiam fustige le silence des \u00e9lites africaines\" \/>\n<meta property=\"og:description\" content=\"NETTALI.COM - La journ\u00e9e internationale de l&#039;abolition de l&#039;esclavage a \u00e9t\u00e9 c\u00e9l\u00e9br\u00e9e ce lundi. Occasion saisie par Pape Demba Thiam pour d\u00e9plorer le mutisme de certaines \u00e9lites africaines sur la question de l&#039;esclavage. &quot; Je ne peux r\u00e9primer une pens\u00e9e \u00e9mue avec la comm\u00e9moration, en France, du drame humain de l\u2019exclavage. Faut-il le rappeler, France [&hellip;]\" \/>\n<meta property=\"og:url\" content=\"https:\/\/www.nettali.com\/2021\/05\/10\/abolition-de-lesclavage-papa-demba-thiam-fustifie-le-silence-des-elites-africaines\/\" \/>\n<meta property=\"og:site_name\" content=\"Nettali.com\" \/>\n<meta property=\"article:publisher\" content=\"https:\/\/www.facebook.com\/nettalicom\" \/>\n<meta property=\"article:published_time\" content=\"2021-05-10T20:42:27+00:00\" \/>\n<meta property=\"article:modified_time\" content=\"2021-05-10T20:55:10+00:00\" \/>\n<meta property=\"og:image\" content=\"https:\/\/www.nettali.com\/wp-content\/uploads\/2021\/05\/papa-demba-thiam.jpg\" \/>\n\t<meta property=\"og:image:width\" content=\"612\" \/>\n\t<meta property=\"og:image:height\" content=\"306\" \/>\n<meta name=\"twitter:card\" content=\"summary_large_image\" \/>\n<meta name=\"twitter:label1\" content=\"\u00c9crit par\" \/>\n\t<meta name=\"twitter:data1\" content=\"Ibrahima\" \/>\n\t<meta name=\"twitter:label2\" content=\"Dur\u00e9e de lecture estim\u00e9e\" \/>\n\t<meta name=\"twitter:data2\" content=\"2 minutes\" \/>\n<script type=\"application\/ld+json\" class=\"yoast-schema-graph\">{\"@context\":\"https:\/\/schema.org\",\"@graph\":[{\"@type\":\"WebSite\",\"@id\":\"https:\/\/www.nettali.com\/#website\",\"url\":\"https:\/\/www.nettali.com\/\",\"name\":\"Nettali.com\",\"description\":\"Le rendez-vous critique du Net\",\"potentialAction\":[{\"@type\":\"SearchAction\",\"target\":{\"@type\":\"EntryPoint\",\"urlTemplate\":\"https:\/\/www.nettali.com\/?s={search_term_string}\"},\"query-input\":\"required name=search_term_string\"}],\"inLanguage\":\"fr-FR\"},{\"@type\":\"ImageObject\",\"@id\":\"https:\/\/www.nettali.com\/2021\/05\/10\/abolition-de-lesclavage-papa-demba-thiam-fustifie-le-silence-des-elites-africaines\/#primaryimage\",\"inLanguage\":\"fr-FR\",\"url\":\"https:\/\/www.nettali.com\/wp-content\/uploads\/2021\/05\/papa-demba-thiam.jpg\",\"contentUrl\":\"https:\/\/www.nettali.com\/wp-content\/uploads\/2021\/05\/papa-demba-thiam.jpg\",\"width\":612,\"height\":306},{\"@type\":\"WebPage\",\"@id\":\"https:\/\/www.nettali.com\/2021\/05\/10\/abolition-de-lesclavage-papa-demba-thiam-fustifie-le-silence-des-elites-africaines\/#webpage\",\"url\":\"https:\/\/www.nettali.com\/2021\/05\/10\/abolition-de-lesclavage-papa-demba-thiam-fustifie-le-silence-des-elites-africaines\/\",\"name\":\"ABOLITION DE L'ESCLAVAGE - Papa Demba Thiam fustige le silence des \\u00e9lites africaines | Nettali.com\",\"isPartOf\":{\"@id\":\"https:\/\/www.nettali.com\/#website\"},\"primaryImageOfPage\":{\"@id\":\"https:\/\/www.nettali.com\/2021\/05\/10\/abolition-de-lesclavage-papa-demba-thiam-fustifie-le-silence-des-elites-africaines\/#primaryimage\"},\"datePublished\":\"2021-05-10T20:42:27+00:00\",\"dateModified\":\"2021-05-10T20:55:10+00:00\",\"author\":{\"@id\":\"https:\/\/www.nettali.com\/#\/schema\/person\/bb147657c2986240405a608162b9bb23\"},\"breadcrumb\":{\"@id\":\"https:\/\/www.nettali.com\/2021\/05\/10\/abolition-de-lesclavage-papa-demba-thiam-fustifie-le-silence-des-elites-africaines\/#breadcrumb\"},\"inLanguage\":\"fr-FR\",\"potentialAction\":[{\"@type\":\"ReadAction\",\"target\":[\"https:\/\/www.nettali.com\/2021\/05\/10\/abolition-de-lesclavage-papa-demba-thiam-fustifie-le-silence-des-elites-africaines\/\"]}]},{\"@type\":\"BreadcrumbList\",\"@id\":\"https:\/\/www.nettali.com\/2021\/05\/10\/abolition-de-lesclavage-papa-demba-thiam-fustifie-le-silence-des-elites-africaines\/#breadcrumb\",\"itemListElement\":[{\"@type\":\"ListItem\",\"position\":1,\"name\":\"Accueil\",\"item\":\"https:\/\/www.nettali.com\/\"},{\"@type\":\"ListItem\",\"position\":2,\"name\":\"ABOLITION DE L&rsquo;ESCLAVAGE &#8211; Papa Demba Thiam fustige le silence des \\u00e9lites africaines\"}]},{\"@type\":\"Person\",\"@id\":\"https:\/\/www.nettali.com\/#\/schema\/person\/bb147657c2986240405a608162b9bb23\",\"name\":\"Ibrahima\",\"image\":{\"@type\":\"ImageObject\",\"@id\":\"https:\/\/www.nettali.com\/#personlogo\",\"inLanguage\":\"fr-FR\",\"url\":\"https:\/\/secure.gravatar.com\/avatar\/26a8a81f09f0dd7624c9d5c36c9ba3a2?s=96&d=mm&r=g\",\"contentUrl\":\"https:\/\/secure.gravatar.com\/avatar\/26a8a81f09f0dd7624c9d5c36c9ba3a2?s=96&d=mm&r=g\",\"caption\":\"Ibrahima\"},\"sameAs\":[\"https:\/\/www.nettali.com\"]}]}<\/script>\n<!-- \/ Yoast SEO Premium plugin. -->","yoast_head_json":{"title":"ABOLITION DE L'ESCLAVAGE - Papa Demba Thiam fustige le silence des \u00e9lites africaines | Nettali.com","robots":{"index":"index","follow":"follow","max-snippet":"max-snippet:-1","max-image-preview":"max-image-preview:large","max-video-preview":"max-video-preview:-1"},"canonical":"https:\/\/www.nettali.com\/2021\/05\/10\/abolition-de-lesclavage-papa-demba-thiam-fustifie-le-silence-des-elites-africaines\/","og_locale":"fr_FR","og_type":"article","og_title":"ABOLITION DE L'ESCLAVAGE - Papa Demba Thiam fustige le silence des \u00e9lites africaines","og_description":"NETTALI.COM - La journ\u00e9e internationale de l'abolition de l'esclavage a \u00e9t\u00e9 c\u00e9l\u00e9br\u00e9e ce lundi. Occasion saisie par Pape Demba Thiam pour d\u00e9plorer le mutisme de certaines \u00e9lites africaines sur la question de l'esclavage. \" Je ne peux r\u00e9primer une pens\u00e9e \u00e9mue avec la comm\u00e9moration, en France, du drame humain de l\u2019exclavage. Faut-il le rappeler, France [&hellip;]","og_url":"https:\/\/www.nettali.com\/2021\/05\/10\/abolition-de-lesclavage-papa-demba-thiam-fustifie-le-silence-des-elites-africaines\/","og_site_name":"Nettali.com","article_publisher":"https:\/\/www.facebook.com\/nettalicom","article_published_time":"2021-05-10T20:42:27+00:00","article_modified_time":"2021-05-10T20:55:10+00:00","og_image":[{"width":612,"height":306,"url":"https:\/\/www.nettali.com\/wp-content\/uploads\/2021\/05\/papa-demba-thiam.jpg","type":"image\/jpeg"}],"twitter_card":"summary_large_image","twitter_misc":{"\u00c9crit par":"Ibrahima","Dur\u00e9e de lecture estim\u00e9e":"2 minutes"},"schema":{"@context":"https:\/\/schema.org","@graph":[{"@type":"WebSite","@id":"https:\/\/www.nettali.com\/#website","url":"https:\/\/www.nettali.com\/","name":"Nettali.com","description":"Le rendez-vous critique du Net","potentialAction":[{"@type":"SearchAction","target":{"@type":"EntryPoint","urlTemplate":"https:\/\/www.nettali.com\/?s={search_term_string}"},"query-input":"required name=search_term_string"}],"inLanguage":"fr-FR"},{"@type":"ImageObject","@id":"https:\/\/www.nettali.com\/2021\/05\/10\/abolition-de-lesclavage-papa-demba-thiam-fustifie-le-silence-des-elites-africaines\/#primaryimage","inLanguage":"fr-FR","url":"https:\/\/www.nettali.com\/wp-content\/uploads\/2021\/05\/papa-demba-thiam.jpg","contentUrl":"https:\/\/www.nettali.com\/wp-content\/uploads\/2021\/05\/papa-demba-thiam.jpg","width":612,"height":306},{"@type":"WebPage","@id":"https:\/\/www.nettali.com\/2021\/05\/10\/abolition-de-lesclavage-papa-demba-thiam-fustifie-le-silence-des-elites-africaines\/#webpage","url":"https:\/\/www.nettali.com\/2021\/05\/10\/abolition-de-lesclavage-papa-demba-thiam-fustifie-le-silence-des-elites-africaines\/","name":"ABOLITION DE L'ESCLAVAGE - Papa Demba Thiam fustige le silence des \u00e9lites africaines | Nettali.com","isPartOf":{"@id":"https:\/\/www.nettali.com\/#website"},"primaryImageOfPage":{"@id":"https:\/\/www.nettali.com\/2021\/05\/10\/abolition-de-lesclavage-papa-demba-thiam-fustifie-le-silence-des-elites-africaines\/#primaryimage"},"datePublished":"2021-05-10T20:42:27+00:00","dateModified":"2021-05-10T20:55:10+00:00","author":{"@id":"https:\/\/www.nettali.com\/#\/schema\/person\/bb147657c2986240405a608162b9bb23"},"breadcrumb":{"@id":"https:\/\/www.nettali.com\/2021\/05\/10\/abolition-de-lesclavage-papa-demba-thiam-fustifie-le-silence-des-elites-africaines\/#breadcrumb"},"inLanguage":"fr-FR","potentialAction":[{"@type":"ReadAction","target":["https:\/\/www.nettali.com\/2021\/05\/10\/abolition-de-lesclavage-papa-demba-thiam-fustifie-le-silence-des-elites-africaines\/"]}]},{"@type":"BreadcrumbList","@id":"https:\/\/www.nettali.com\/2021\/05\/10\/abolition-de-lesclavage-papa-demba-thiam-fustifie-le-silence-des-elites-africaines\/#breadcrumb","itemListElement":[{"@type":"ListItem","position":1,"name":"Accueil","item":"https:\/\/www.nettali.com\/"},{"@type":"ListItem","position":2,"name":"ABOLITION DE L&rsquo;ESCLAVAGE &#8211; Papa Demba Thiam fustige le silence des \u00e9lites africaines"}]},{"@type":"Person","@id":"https:\/\/www.nettali.com\/#\/schema\/person\/bb147657c2986240405a608162b9bb23","name":"Ibrahima","image":{"@type":"ImageObject","@id":"https:\/\/www.nettali.com\/#personlogo","inLanguage":"fr-FR","url":"https:\/\/secure.gravatar.com\/avatar\/26a8a81f09f0dd7624c9d5c36c9ba3a2?s=96&d=mm&r=g","contentUrl":"https:\/\/secure.gravatar.com\/avatar\/26a8a81f09f0dd7624c9d5c36c9ba3a2?s=96&d=mm&r=g","caption":"Ibrahima"},"sameAs":["https:\/\/www.nettali.com"]}]}},"_links":{"self":[{"href":"https:\/\/www.nettali.com\/rest\/wp\/v2\/posts\/63728"}],"collection":[{"href":"https:\/\/www.nettali.com\/rest\/wp\/v2\/posts"}],"about":[{"href":"https:\/\/www.nettali.com\/rest\/wp\/v2\/types\/post"}],"author":[{"embeddable":true,"href":"https:\/\/www.nettali.com\/rest\/wp\/v2\/users\/5"}],"replies":[{"embeddable":true,"href":"https:\/\/www.nettali.com\/rest\/wp\/v2\/comments?post=63728"}],"version-history":[{"count":6,"href":"https:\/\/www.nettali.com\/rest\/wp\/v2\/posts\/63728\/revisions"}],"predecessor-version":[{"id":63741,"href":"https:\/\/www.nettali.com\/rest\/wp\/v2\/posts\/63728\/revisions\/63741"}],"wp:featuredmedia":[{"embeddable":true,"href":"https:\/\/www.nettali.com\/rest\/wp\/v2\/media\/63729"}],"wp:attachment":[{"href":"https:\/\/www.nettali.com\/rest\/wp\/v2\/media?parent=63728"}],"wp:term":[{"taxonomy":"category","embeddable":true,"href":"https:\/\/www.nettali.com\/rest\/wp\/v2\/categories?post=63728"},{"taxonomy":"post_tag","embeddable":true,"href":"https:\/\/www.nettali.com\/rest\/wp\/v2\/tags?post=63728"}],"curies":[{"name":"wp","href":"https:\/\/api.w.org\/{rel}","templated":true}]}}