{"id":63593,"date":"2021-05-09T05:33:33","date_gmt":"2021-05-09T05:33:33","guid":{"rendered":"https:\/\/www.nettali.com\/?p=63593"},"modified":"2021-05-09T14:25:28","modified_gmt":"2021-05-09T14:25:28","slug":"emigration-clandestine-20-jeunes-de-la-langue-barbarie-en-prison","status":"publish","type":"post","link":"https:\/\/www.nettali.com\/2021\/05\/09\/emigration-clandestine-20-jeunes-de-la-langue-barbarie-en-prison\/","title":{"rendered":"EMIGRATION CLANDESTINE  - 20 jeunes de la Langue barbarie en prison"},"content":{"rendered":"<p><strong>NETTALI.COM\u00a0 - Ils voulaient se rendre en Espagne, mais ils se sont retrouv\u00e9s en prison. Parmi eux, 20 jeunes ressortissants de la Langue de barbarie. Leurs parents demandent leur lib\u00e9ration.\u00a0<\/strong><\/p>\n<p>L'\u00e9migration clandestine fait toujours parler d'elle \u00e0 Saint-Louis. En plus des candidats morts pendant la travers\u00e9e de l'oc\u00e9an, d'autres probl\u00e8mes sont venus s'ajouter aux difficult\u00e9s de ceux qui n'ont pas pu atteindre les cotes espagnoles. Beaucoup d'entre eux se retrouvent en prison.<\/p>\n<p>Rien que dans la Langue de barbarie, 20 jeunes candidats \u00e0 L'\u00e9migration clandestine ont \u00e9t\u00e9 envoy\u00e9s en prison o\u00f9 ils croupissent depuis six longs mois. Leur sort est d'autant plus difficile qu'ils ont \u00e9t\u00e9 \u00e9parpill\u00e9s dans diff\u00e9rentes maisons d'arr\u00eat du pays. Certains sont gard\u00e9s \u00e0 Saint-Louis, d'autres \u00e0 la prison de Rebeuss o\u00f9 leurs conditions de d\u00e9tention seraient atroces. Une situation qui a pouss\u00e9 leurs parents et proches \u00e0 sortir de leur silence pour r\u00e9clamer leur lib\u00e9ration. Mais c'est surtout la Cl\u00e9mence du chef de l'\u00c9tat qui est demand\u00e9e. \"<em>Ce sont des soutiens de famille motiv\u00e9s par l'envie de r\u00e9ussir face au taux de ch\u00f4mage. Du coup, ces jeunes voulaient aider leurs familles<\/em>\", a laiss\u00e9 entendre Papa Mbaye Ndiaye au nom des parents dont les enfants sont actuellement retenus. Selon lui, une telle cl\u00e9mence peut s'inscrire dans l'\u00e9lan de d\u00e9crispation du climat social.<\/p>\n<div class='share-to-whatsapp-wrapper'><div class='share-on-whsp'>PARTAGER SUR : <\/div><a data-text='EMIGRATION CLANDESTINE  - 20 jeunes de la Langue barbarie en prison' data-link='https:\/\/www.nettali.com\/2021\/05\/09\/emigration-clandestine-20-jeunes-de-la-langue-barbarie-en-prison\/' class='whatsapp-button whatsapp-share'>WhatsApp<\/a><div class='clear '><\/div><\/div>","protected":false},"excerpt":{"rendered":"<p>NETTALI.COM\u00a0 - Ils voulaient se rendre en Espagne, mais ils se sont retrouv\u00e9s en prison. Parmi eux, 20 jeunes ressortissants de la Langue de barbarie. Leurs parents demandent leur lib\u00e9ration.\u00a0 L'\u00e9migration clandestine fait toujours parler d'elle \u00e0 Saint-Louis. En plus des candidats morts pendant la travers\u00e9e de l'oc\u00e9an, d'autres probl\u00e8mes sont venus s'ajouter aux difficult\u00e9s [&hellip;]<\/p>\n","protected":false},"author":3,"featured_media":63595,"comment_status":"open","ping_status":"open","sticky":false,"template":"","format":"standard","meta":{"_et_pb_use_builder":"","_et_pb_old_content":""},"categories":[3],"tags":[],"yoast_head":"<!-- This site is optimized with the Yoast SEO Premium plugin v17.8 (Yoast SEO v17.8) - https:\/\/yoast.com\/wordpress\/plugins\/seo\/ -->\n<title>EMIGRATION CLANDESTINE - 20 jeunes de la Langue barbarie en prison | Nettali.com<\/title>\n<meta name=\"robots\" content=\"index, follow, max-snippet:-1, max-image-preview:large, max-video-preview:-1\" \/>\n<link rel=\"canonical\" href=\"https:\/\/www.nettali.com\/2021\/05\/09\/emigration-clandestine-20-jeunes-de-la-langue-barbarie-en-prison\/\" \/>\n<meta property=\"og:locale\" content=\"fr_FR\" \/>\n<meta property=\"og:type\" content=\"article\" \/>\n<meta property=\"og:title\" content=\"EMIGRATION CLANDESTINE - 20 jeunes de la Langue barbarie en prison\" \/>\n<meta property=\"og:description\" content=\"NETTALI.COM\u00a0 - Ils voulaient se rendre en Espagne, mais ils se sont retrouv\u00e9s en prison. Parmi eux, 20 jeunes ressortissants de la Langue de barbarie. Leurs parents demandent leur lib\u00e9ration.\u00a0 L&#039;\u00e9migration clandestine fait toujours parler d&#039;elle \u00e0 Saint-Louis. En plus des candidats morts pendant la travers\u00e9e de l&#039;oc\u00e9an, d&#039;autres probl\u00e8mes sont venus s&#039;ajouter aux difficult\u00e9s [&hellip;]\" \/>\n<meta property=\"og:url\" content=\"https:\/\/www.nettali.com\/2021\/05\/09\/emigration-clandestine-20-jeunes-de-la-langue-barbarie-en-prison\/\" \/>\n<meta property=\"og:site_name\" content=\"Nettali.com\" \/>\n<meta property=\"article:publisher\" content=\"https:\/\/www.facebook.com\/nettalicom\" \/>\n<meta property=\"article:published_time\" content=\"2021-05-09T05:33:33+00:00\" \/>\n<meta property=\"article:modified_time\" content=\"2021-05-09T14:25:28+00:00\" \/>\n<meta property=\"og:image\" content=\"https:\/\/www.nettali.com\/wp-content\/uploads\/2021\/05\/50732800-39090852.jpg\" \/>\n\t<meta property=\"og:image:width\" content=\"600\" \/>\n\t<meta property=\"og:image:height\" content=\"382\" \/>\n<meta name=\"twitter:card\" content=\"summary_large_image\" \/>\n<meta name=\"twitter:label1\" content=\"\u00c9crit par\" \/>\n\t<meta name=\"twitter:data1\" content=\"Moustapha\" \/>\n\t<meta name=\"twitter:label2\" content=\"Dur\u00e9e de lecture estim\u00e9e\" \/>\n\t<meta name=\"twitter:data2\" content=\"1 minute\" \/>\n<script type=\"application\/ld+json\" class=\"yoast-schema-graph\">{\"@context\":\"https:\/\/schema.org\",\"@graph\":[{\"@type\":\"WebSite\",\"@id\":\"https:\/\/www.nettali.com\/#website\",\"url\":\"https:\/\/www.nettali.com\/\",\"name\":\"Nettali.com\",\"description\":\"Le rendez-vous critique du Net\",\"potentialAction\":[{\"@type\":\"SearchAction\",\"target\":{\"@type\":\"EntryPoint\",\"urlTemplate\":\"https:\/\/www.nettali.com\/?s={search_term_string}\"},\"query-input\":\"required name=search_term_string\"}],\"inLanguage\":\"fr-FR\"},{\"@type\":\"ImageObject\",\"@id\":\"https:\/\/www.nettali.com\/2021\/05\/09\/emigration-clandestine-20-jeunes-de-la-langue-barbarie-en-prison\/#primaryimage\",\"inLanguage\":\"fr-FR\",\"url\":\"https:\/\/www.nettali.com\/wp-content\/uploads\/2021\/05\/50732800-39090852.jpg\",\"contentUrl\":\"https:\/\/www.nettali.com\/wp-content\/uploads\/2021\/05\/50732800-39090852.jpg\",\"width\":600,\"height\":382},{\"@type\":\"WebPage\",\"@id\":\"https:\/\/www.nettali.com\/2021\/05\/09\/emigration-clandestine-20-jeunes-de-la-langue-barbarie-en-prison\/#webpage\",\"url\":\"https:\/\/www.nettali.com\/2021\/05\/09\/emigration-clandestine-20-jeunes-de-la-langue-barbarie-en-prison\/\",\"name\":\"EMIGRATION CLANDESTINE - 20 jeunes de la Langue barbarie en prison | Nettali.com\",\"isPartOf\":{\"@id\":\"https:\/\/www.nettali.com\/#website\"},\"primaryImageOfPage\":{\"@id\":\"https:\/\/www.nettali.com\/2021\/05\/09\/emigration-clandestine-20-jeunes-de-la-langue-barbarie-en-prison\/#primaryimage\"},\"datePublished\":\"2021-05-09T05:33:33+00:00\",\"dateModified\":\"2021-05-09T14:25:28+00:00\",\"author\":{\"@id\":\"https:\/\/www.nettali.com\/#\/schema\/person\/7962a12a6e0267f88f0ffa544c36469a\"},\"breadcrumb\":{\"@id\":\"https:\/\/www.nettali.com\/2021\/05\/09\/emigration-clandestine-20-jeunes-de-la-langue-barbarie-en-prison\/#breadcrumb\"},\"inLanguage\":\"fr-FR\",\"potentialAction\":[{\"@type\":\"ReadAction\",\"target\":[\"https:\/\/www.nettali.com\/2021\/05\/09\/emigration-clandestine-20-jeunes-de-la-langue-barbarie-en-prison\/\"]}]},{\"@type\":\"BreadcrumbList\",\"@id\":\"https:\/\/www.nettali.com\/2021\/05\/09\/emigration-clandestine-20-jeunes-de-la-langue-barbarie-en-prison\/#breadcrumb\",\"itemListElement\":[{\"@type\":\"ListItem\",\"position\":1,\"name\":\"Accueil\",\"item\":\"https:\/\/www.nettali.com\/\"},{\"@type\":\"ListItem\",\"position\":2,\"name\":\"EMIGRATION CLANDESTINE &#8211; 20 jeunes de la Langue barbarie en prison\"}]},{\"@type\":\"Person\",\"@id\":\"https:\/\/www.nettali.com\/#\/schema\/person\/7962a12a6e0267f88f0ffa544c36469a\",\"name\":\"Moustapha\",\"image\":{\"@type\":\"ImageObject\",\"@id\":\"https:\/\/www.nettali.com\/#personlogo\",\"inLanguage\":\"fr-FR\",\"url\":\"https:\/\/secure.gravatar.com\/avatar\/10fdf6a071cccdcf374e3dbe45159590?s=96&d=mm&r=g\",\"contentUrl\":\"https:\/\/secure.gravatar.com\/avatar\/10fdf6a071cccdcf374e3dbe45159590?s=96&d=mm&r=g\",\"caption\":\"Moustapha\"},\"sameAs\":[\"https:\/\/www.nettali.com\"]}]}<\/script>\n<!-- \/ Yoast SEO Premium plugin. -->","yoast_head_json":{"title":"EMIGRATION CLANDESTINE - 20 jeunes de la Langue barbarie en prison | Nettali.com","robots":{"index":"index","follow":"follow","max-snippet":"max-snippet:-1","max-image-preview":"max-image-preview:large","max-video-preview":"max-video-preview:-1"},"canonical":"https:\/\/www.nettali.com\/2021\/05\/09\/emigration-clandestine-20-jeunes-de-la-langue-barbarie-en-prison\/","og_locale":"fr_FR","og_type":"article","og_title":"EMIGRATION CLANDESTINE - 20 jeunes de la Langue barbarie en prison","og_description":"NETTALI.COM\u00a0 - Ils voulaient se rendre en Espagne, mais ils se sont retrouv\u00e9s en prison. Parmi eux, 20 jeunes ressortissants de la Langue de barbarie. Leurs parents demandent leur lib\u00e9ration.\u00a0 L'\u00e9migration clandestine fait toujours parler d'elle \u00e0 Saint-Louis. En plus des candidats morts pendant la travers\u00e9e de l'oc\u00e9an, d'autres probl\u00e8mes sont venus s'ajouter aux difficult\u00e9s [&hellip;]","og_url":"https:\/\/www.nettali.com\/2021\/05\/09\/emigration-clandestine-20-jeunes-de-la-langue-barbarie-en-prison\/","og_site_name":"Nettali.com","article_publisher":"https:\/\/www.facebook.com\/nettalicom","article_published_time":"2021-05-09T05:33:33+00:00","article_modified_time":"2021-05-09T14:25:28+00:00","og_image":[{"width":600,"height":382,"url":"https:\/\/www.nettali.com\/wp-content\/uploads\/2021\/05\/50732800-39090852.jpg","type":"image\/jpeg"}],"twitter_card":"summary_large_image","twitter_misc":{"\u00c9crit par":"Moustapha","Dur\u00e9e de lecture estim\u00e9e":"1 minute"},"schema":{"@context":"https:\/\/schema.org","@graph":[{"@type":"WebSite","@id":"https:\/\/www.nettali.com\/#website","url":"https:\/\/www.nettali.com\/","name":"Nettali.com","description":"Le rendez-vous critique du Net","potentialAction":[{"@type":"SearchAction","target":{"@type":"EntryPoint","urlTemplate":"https:\/\/www.nettali.com\/?s={search_term_string}"},"query-input":"required name=search_term_string"}],"inLanguage":"fr-FR"},{"@type":"ImageObject","@id":"https:\/\/www.nettali.com\/2021\/05\/09\/emigration-clandestine-20-jeunes-de-la-langue-barbarie-en-prison\/#primaryimage","inLanguage":"fr-FR","url":"https:\/\/www.nettali.com\/wp-content\/uploads\/2021\/05\/50732800-39090852.jpg","contentUrl":"https:\/\/www.nettali.com\/wp-content\/uploads\/2021\/05\/50732800-39090852.jpg","width":600,"height":382},{"@type":"WebPage","@id":"https:\/\/www.nettali.com\/2021\/05\/09\/emigration-clandestine-20-jeunes-de-la-langue-barbarie-en-prison\/#webpage","url":"https:\/\/www.nettali.com\/2021\/05\/09\/emigration-clandestine-20-jeunes-de-la-langue-barbarie-en-prison\/","name":"EMIGRATION CLANDESTINE - 20 jeunes de la Langue barbarie en prison | Nettali.com","isPartOf":{"@id":"https:\/\/www.nettali.com\/#website"},"primaryImageOfPage":{"@id":"https:\/\/www.nettali.com\/2021\/05\/09\/emigration-clandestine-20-jeunes-de-la-langue-barbarie-en-prison\/#primaryimage"},"datePublished":"2021-05-09T05:33:33+00:00","dateModified":"2021-05-09T14:25:28+00:00","author":{"@id":"https:\/\/www.nettali.com\/#\/schema\/person\/7962a12a6e0267f88f0ffa544c36469a"},"breadcrumb":{"@id":"https:\/\/www.nettali.com\/2021\/05\/09\/emigration-clandestine-20-jeunes-de-la-langue-barbarie-en-prison\/#breadcrumb"},"inLanguage":"fr-FR","potentialAction":[{"@type":"ReadAction","target":["https:\/\/www.nettali.com\/2021\/05\/09\/emigration-clandestine-20-jeunes-de-la-langue-barbarie-en-prison\/"]}]},{"@type":"BreadcrumbList","@id":"https:\/\/www.nettali.com\/2021\/05\/09\/emigration-clandestine-20-jeunes-de-la-langue-barbarie-en-prison\/#breadcrumb","itemListElement":[{"@type":"ListItem","position":1,"name":"Accueil","item":"https:\/\/www.nettali.com\/"},{"@type":"ListItem","position":2,"name":"EMIGRATION CLANDESTINE &#8211; 20 jeunes de la Langue barbarie en prison"}]},{"@type":"Person","@id":"https:\/\/www.nettali.com\/#\/schema\/person\/7962a12a6e0267f88f0ffa544c36469a","name":"Moustapha","image":{"@type":"ImageObject","@id":"https:\/\/www.nettali.com\/#personlogo","inLanguage":"fr-FR","url":"https:\/\/secure.gravatar.com\/avatar\/10fdf6a071cccdcf374e3dbe45159590?s=96&d=mm&r=g","contentUrl":"https:\/\/secure.gravatar.com\/avatar\/10fdf6a071cccdcf374e3dbe45159590?s=96&d=mm&r=g","caption":"Moustapha"},"sameAs":["https:\/\/www.nettali.com"]}]}},"_links":{"self":[{"href":"https:\/\/www.nettali.com\/rest\/wp\/v2\/posts\/63593"}],"collection":[{"href":"https:\/\/www.nettali.com\/rest\/wp\/v2\/posts"}],"about":[{"href":"https:\/\/www.nettali.com\/rest\/wp\/v2\/types\/post"}],"author":[{"embeddable":true,"href":"https:\/\/www.nettali.com\/rest\/wp\/v2\/users\/3"}],"replies":[{"embeddable":true,"href":"https:\/\/www.nettali.com\/rest\/wp\/v2\/comments?post=63593"}],"version-history":[{"count":1,"href":"https:\/\/www.nettali.com\/rest\/wp\/v2\/posts\/63593\/revisions"}],"predecessor-version":[{"id":63594,"href":"https:\/\/www.nettali.com\/rest\/wp\/v2\/posts\/63593\/revisions\/63594"}],"wp:featuredmedia":[{"embeddable":true,"href":"https:\/\/www.nettali.com\/rest\/wp\/v2\/media\/63595"}],"wp:attachment":[{"href":"https:\/\/www.nettali.com\/rest\/wp\/v2\/media?parent=63593"}],"wp:term":[{"taxonomy":"category","embeddable":true,"href":"https:\/\/www.nettali.com\/rest\/wp\/v2\/categories?post=63593"},{"taxonomy":"post_tag","embeddable":true,"href":"https:\/\/www.nettali.com\/rest\/wp\/v2\/tags?post=63593"}],"curies":[{"name":"wp","href":"https:\/\/api.w.org\/{rel}","templated":true}]}}