{"id":63571,"date":"2021-05-08T15:00:10","date_gmt":"2021-05-08T15:00:10","guid":{"rendered":"https:\/\/www.nettali.com\/?p=63571"},"modified":"2021-05-08T23:11:44","modified_gmt":"2021-05-08T23:11:44","slug":"lamine-diack-attendu-a-dakar-dimanche","status":"publish","type":"post","link":"https:\/\/www.nettali.com\/2021\/05\/08\/lamine-diack-attendu-a-dakar-dimanche\/","title":{"rendered":"Lamine Diack attendu \u00e0 Dakar, dimanche"},"content":{"rendered":"<p><strong>NETTALI.COM - Lamine Diack, ancien pr\u00e9sident de la F\u00e9d\u00e9ration internationale d\u2019athl\u00e9tisme (IAAF) en r\u00e9sidence surveill\u00e9e en France depuis novembre 2015, sera \u00e0 Dakar ce dimanche, a appris l\u2019APS de source proche du dossier.<\/strong><\/p>\n<p>\u2018\u2019Le pr\u00e9sident Diack sera parmi nous ce dimanche\u2019\u2019, a indiqu\u00e9 la m\u00eame source r\u00e9it\u00e9rant la volont\u00e9 de l\u2019int\u00e9ress\u00e9 qui ne souhaite pas que ce retour soit transform\u00e9 en accueil populaire.<\/p>\n<p>\"Il ne veut pas d\u2019accueil populaire, au contraire, il sollicite des pri\u00e8res pour que justice soit faite dans cette affaire puisqu\u2019ayant fait appel de sa condamnation par la justice fran\u00e7aise\", a indiqu\u00e9 la m\u00eame source confirmant qu\u2019il \u00e9tait en possession de son passeport depuis mercredi dernier.<\/p>\n<p>Lamine Diack, \u00e2g\u00e9 de 87 ans, en r\u00e9sidence surveill\u00e9e depuis novembre 2015 en France,\u00a0a \u00e9t\u00e9 condamn\u00e9 par la justice fran\u00e7aise, le 20 septembre dernier, \u00e0 quatre ans de prison, dont deux ferme, pour son \"implication dans un r\u00e9seau de corruption destin\u00e9 \u00e0 cacher des cas de dopage en Russie\".<\/p>\n<p>Il avait b\u00e9n\u00e9fici\u00e9 le 30 d\u00e9cembre dernier d\u2019une lev\u00e9e de la mesure d\u2019interdiction de quitter le territoire fran\u00e7ais dont il faisait l\u2019objet, contre le paiement d\u2019une caution de 500000 euros, soit un peu plus de 327 millions de francs CFA.<\/p>\n<p>Le Jaraaf de Dakar, son club de toujours dont il fut le pr\u00e9sident pendant de nombreuses ann\u00e9es, a d\u00e9cid\u00e9 de payer cette caution lors d\u2019une assembl\u00e9e g\u00e9n\u00e9rale extraordinaire tenue \u00e0 Dakar le 18 avril dernier.<\/p>\n<p>A son retour, Lamine Diack a pr\u00e9vu d\u2019aller se recueillir sur la tombe de ses parents et saluer son grand-fr\u00e8re Alioune Diack, un ancien entra\u00eeneur de football centenaire depuis l\u2019ann\u00e9e derni\u00e8re, apprend-on de m\u00eame source.<\/p>\n<p>Elle ajoute que l\u2019ancien pr\u00e9sident de l\u2019IAAF (1999-2015) prendra le temps de parler avec la presse \"au moment opportun\".<\/p>\n<p>&nbsp;<\/p>\n<div class='share-to-whatsapp-wrapper'><div class='share-on-whsp'>PARTAGER SUR : <\/div><a data-text='Lamine Diack attendu \u00e0 Dakar, dimanche' data-link='https:\/\/www.nettali.com\/2021\/05\/08\/lamine-diack-attendu-a-dakar-dimanche\/' class='whatsapp-button whatsapp-share'>WhatsApp<\/a><div class='clear '><\/div><\/div>","protected":false},"excerpt":{"rendered":"<p>NETTALI.COM - Lamine Diack, ancien pr\u00e9sident de la F\u00e9d\u00e9ration internationale d\u2019athl\u00e9tisme (IAAF) en r\u00e9sidence surveill\u00e9e en France depuis novembre 2015, sera \u00e0 Dakar ce dimanche, a appris l\u2019APS de source proche du dossier. \u2018\u2019Le pr\u00e9sident Diack sera parmi nous ce dimanche\u2019\u2019, a indiqu\u00e9 la m\u00eame source r\u00e9it\u00e9rant la volont\u00e9 de l\u2019int\u00e9ress\u00e9 qui ne souhaite pas [&hellip;]<\/p>\n","protected":false},"author":11,"featured_media":46338,"comment_status":"open","ping_status":"open","sticky":false,"template":"","format":"standard","meta":{"_et_pb_use_builder":"","_et_pb_old_content":""},"categories":[3],"tags":[],"yoast_head":"<!-- This site is optimized with the Yoast SEO Premium plugin v17.8 (Yoast SEO v17.8) - https:\/\/yoast.com\/wordpress\/plugins\/seo\/ -->\n<title>Lamine Diack attendu \u00e0 Dakar, dimanche | Nettali.com<\/title>\n<meta name=\"robots\" content=\"index, follow, max-snippet:-1, max-image-preview:large, max-video-preview:-1\" \/>\n<link rel=\"canonical\" href=\"https:\/\/www.nettali.com\/2021\/05\/08\/lamine-diack-attendu-a-dakar-dimanche\/\" \/>\n<meta property=\"og:locale\" content=\"fr_FR\" \/>\n<meta property=\"og:type\" content=\"article\" \/>\n<meta property=\"og:title\" content=\"Lamine Diack attendu \u00e0 Dakar, dimanche\" \/>\n<meta property=\"og:description\" content=\"NETTALI.COM - Lamine Diack, ancien pr\u00e9sident de la F\u00e9d\u00e9ration internationale d\u2019athl\u00e9tisme (IAAF) en r\u00e9sidence surveill\u00e9e en France depuis novembre 2015, sera \u00e0 Dakar ce dimanche, a appris l\u2019APS de source proche du dossier. \u2018\u2019Le pr\u00e9sident Diack sera parmi nous ce dimanche\u2019\u2019, a indiqu\u00e9 la m\u00eame source r\u00e9it\u00e9rant la volont\u00e9 de l\u2019int\u00e9ress\u00e9 qui ne souhaite pas [&hellip;]\" \/>\n<meta property=\"og:url\" content=\"https:\/\/www.nettali.com\/2021\/05\/08\/lamine-diack-attendu-a-dakar-dimanche\/\" \/>\n<meta property=\"og:site_name\" content=\"Nettali.com\" \/>\n<meta property=\"article:publisher\" content=\"https:\/\/www.facebook.com\/nettalicom\" \/>\n<meta property=\"article:published_time\" content=\"2021-05-08T15:00:10+00:00\" \/>\n<meta property=\"article:modified_time\" content=\"2021-05-08T23:11:44+00:00\" \/>\n<meta property=\"og:image\" content=\"https:\/\/www.nettali.com\/wp-content\/uploads\/2020\/09\/Lamine-Diack.jpg\" \/>\n\t<meta property=\"og:image:width\" content=\"612\" \/>\n\t<meta property=\"og:image:height\" content=\"408\" \/>\n<meta name=\"twitter:card\" content=\"summary_large_image\" \/>\n<meta name=\"twitter:label1\" content=\"\u00c9crit par\" \/>\n\t<meta name=\"twitter:data1\" content=\"Thierno Diop\" \/>\n\t<meta name=\"twitter:label2\" content=\"Dur\u00e9e de lecture estim\u00e9e\" \/>\n\t<meta name=\"twitter:data2\" content=\"2 minutes\" \/>\n<script type=\"application\/ld+json\" class=\"yoast-schema-graph\">{\"@context\":\"https:\/\/schema.org\",\"@graph\":[{\"@type\":\"WebSite\",\"@id\":\"https:\/\/www.nettali.com\/#website\",\"url\":\"https:\/\/www.nettali.com\/\",\"name\":\"Nettali.com\",\"description\":\"Le rendez-vous critique du Net\",\"potentialAction\":[{\"@type\":\"SearchAction\",\"target\":{\"@type\":\"EntryPoint\",\"urlTemplate\":\"https:\/\/www.nettali.com\/?s={search_term_string}\"},\"query-input\":\"required name=search_term_string\"}],\"inLanguage\":\"fr-FR\"},{\"@type\":\"ImageObject\",\"@id\":\"https:\/\/www.nettali.com\/2021\/05\/08\/lamine-diack-attendu-a-dakar-dimanche\/#primaryimage\",\"inLanguage\":\"fr-FR\",\"url\":\"https:\/\/www.nettali.com\/wp-content\/uploads\/2020\/09\/Lamine-Diack.jpg\",\"contentUrl\":\"https:\/\/www.nettali.com\/wp-content\/uploads\/2020\/09\/Lamine-Diack.jpg\",\"width\":612,\"height\":408},{\"@type\":\"WebPage\",\"@id\":\"https:\/\/www.nettali.com\/2021\/05\/08\/lamine-diack-attendu-a-dakar-dimanche\/#webpage\",\"url\":\"https:\/\/www.nettali.com\/2021\/05\/08\/lamine-diack-attendu-a-dakar-dimanche\/\",\"name\":\"Lamine Diack attendu \\u00e0 Dakar, dimanche | Nettali.com\",\"isPartOf\":{\"@id\":\"https:\/\/www.nettali.com\/#website\"},\"primaryImageOfPage\":{\"@id\":\"https:\/\/www.nettali.com\/2021\/05\/08\/lamine-diack-attendu-a-dakar-dimanche\/#primaryimage\"},\"datePublished\":\"2021-05-08T15:00:10+00:00\",\"dateModified\":\"2021-05-08T23:11:44+00:00\",\"author\":{\"@id\":\"https:\/\/www.nettali.com\/#\/schema\/person\/8a06c6bd7b19304cf4bf985862900b5b\"},\"breadcrumb\":{\"@id\":\"https:\/\/www.nettali.com\/2021\/05\/08\/lamine-diack-attendu-a-dakar-dimanche\/#breadcrumb\"},\"inLanguage\":\"fr-FR\",\"potentialAction\":[{\"@type\":\"ReadAction\",\"target\":[\"https:\/\/www.nettali.com\/2021\/05\/08\/lamine-diack-attendu-a-dakar-dimanche\/\"]}]},{\"@type\":\"BreadcrumbList\",\"@id\":\"https:\/\/www.nettali.com\/2021\/05\/08\/lamine-diack-attendu-a-dakar-dimanche\/#breadcrumb\",\"itemListElement\":[{\"@type\":\"ListItem\",\"position\":1,\"name\":\"Accueil\",\"item\":\"https:\/\/www.nettali.com\/\"},{\"@type\":\"ListItem\",\"position\":2,\"name\":\"Lamine Diack attendu \\u00e0 Dakar, dimanche\"}]},{\"@type\":\"Person\",\"@id\":\"https:\/\/www.nettali.com\/#\/schema\/person\/8a06c6bd7b19304cf4bf985862900b5b\",\"name\":\"Thierno Diop\",\"image\":{\"@type\":\"ImageObject\",\"@id\":\"https:\/\/www.nettali.com\/#personlogo\",\"inLanguage\":\"fr-FR\",\"url\":\"https:\/\/secure.gravatar.com\/avatar\/c8ca58550c94fd2ac856d27391a6c866?s=96&d=mm&r=g\",\"contentUrl\":\"https:\/\/secure.gravatar.com\/avatar\/c8ca58550c94fd2ac856d27391a6c866?s=96&d=mm&r=g\",\"caption\":\"Thierno Diop\"},\"sameAs\":[\"https:\/\/nettali.com\"]}]}<\/script>\n<!-- \/ Yoast SEO Premium plugin. -->","yoast_head_json":{"title":"Lamine Diack attendu \u00e0 Dakar, dimanche | Nettali.com","robots":{"index":"index","follow":"follow","max-snippet":"max-snippet:-1","max-image-preview":"max-image-preview:large","max-video-preview":"max-video-preview:-1"},"canonical":"https:\/\/www.nettali.com\/2021\/05\/08\/lamine-diack-attendu-a-dakar-dimanche\/","og_locale":"fr_FR","og_type":"article","og_title":"Lamine Diack attendu \u00e0 Dakar, dimanche","og_description":"NETTALI.COM - Lamine Diack, ancien pr\u00e9sident de la F\u00e9d\u00e9ration internationale d\u2019athl\u00e9tisme (IAAF) en r\u00e9sidence surveill\u00e9e en France depuis novembre 2015, sera \u00e0 Dakar ce dimanche, a appris l\u2019APS de source proche du dossier. \u2018\u2019Le pr\u00e9sident Diack sera parmi nous ce dimanche\u2019\u2019, a indiqu\u00e9 la m\u00eame source r\u00e9it\u00e9rant la volont\u00e9 de l\u2019int\u00e9ress\u00e9 qui ne souhaite pas [&hellip;]","og_url":"https:\/\/www.nettali.com\/2021\/05\/08\/lamine-diack-attendu-a-dakar-dimanche\/","og_site_name":"Nettali.com","article_publisher":"https:\/\/www.facebook.com\/nettalicom","article_published_time":"2021-05-08T15:00:10+00:00","article_modified_time":"2021-05-08T23:11:44+00:00","og_image":[{"width":612,"height":408,"url":"https:\/\/www.nettali.com\/wp-content\/uploads\/2020\/09\/Lamine-Diack.jpg","type":"image\/jpeg"}],"twitter_card":"summary_large_image","twitter_misc":{"\u00c9crit par":"Thierno Diop","Dur\u00e9e de lecture estim\u00e9e":"2 minutes"},"schema":{"@context":"https:\/\/schema.org","@graph":[{"@type":"WebSite","@id":"https:\/\/www.nettali.com\/#website","url":"https:\/\/www.nettali.com\/","name":"Nettali.com","description":"Le rendez-vous critique du Net","potentialAction":[{"@type":"SearchAction","target":{"@type":"EntryPoint","urlTemplate":"https:\/\/www.nettali.com\/?s={search_term_string}"},"query-input":"required name=search_term_string"}],"inLanguage":"fr-FR"},{"@type":"ImageObject","@id":"https:\/\/www.nettali.com\/2021\/05\/08\/lamine-diack-attendu-a-dakar-dimanche\/#primaryimage","inLanguage":"fr-FR","url":"https:\/\/www.nettali.com\/wp-content\/uploads\/2020\/09\/Lamine-Diack.jpg","contentUrl":"https:\/\/www.nettali.com\/wp-content\/uploads\/2020\/09\/Lamine-Diack.jpg","width":612,"height":408},{"@type":"WebPage","@id":"https:\/\/www.nettali.com\/2021\/05\/08\/lamine-diack-attendu-a-dakar-dimanche\/#webpage","url":"https:\/\/www.nettali.com\/2021\/05\/08\/lamine-diack-attendu-a-dakar-dimanche\/","name":"Lamine Diack attendu \u00e0 Dakar, dimanche | Nettali.com","isPartOf":{"@id":"https:\/\/www.nettali.com\/#website"},"primaryImageOfPage":{"@id":"https:\/\/www.nettali.com\/2021\/05\/08\/lamine-diack-attendu-a-dakar-dimanche\/#primaryimage"},"datePublished":"2021-05-08T15:00:10+00:00","dateModified":"2021-05-08T23:11:44+00:00","author":{"@id":"https:\/\/www.nettali.com\/#\/schema\/person\/8a06c6bd7b19304cf4bf985862900b5b"},"breadcrumb":{"@id":"https:\/\/www.nettali.com\/2021\/05\/08\/lamine-diack-attendu-a-dakar-dimanche\/#breadcrumb"},"inLanguage":"fr-FR","potentialAction":[{"@type":"ReadAction","target":["https:\/\/www.nettali.com\/2021\/05\/08\/lamine-diack-attendu-a-dakar-dimanche\/"]}]},{"@type":"BreadcrumbList","@id":"https:\/\/www.nettali.com\/2021\/05\/08\/lamine-diack-attendu-a-dakar-dimanche\/#breadcrumb","itemListElement":[{"@type":"ListItem","position":1,"name":"Accueil","item":"https:\/\/www.nettali.com\/"},{"@type":"ListItem","position":2,"name":"Lamine Diack attendu \u00e0 Dakar, dimanche"}]},{"@type":"Person","@id":"https:\/\/www.nettali.com\/#\/schema\/person\/8a06c6bd7b19304cf4bf985862900b5b","name":"Thierno Diop","image":{"@type":"ImageObject","@id":"https:\/\/www.nettali.com\/#personlogo","inLanguage":"fr-FR","url":"https:\/\/secure.gravatar.com\/avatar\/c8ca58550c94fd2ac856d27391a6c866?s=96&d=mm&r=g","contentUrl":"https:\/\/secure.gravatar.com\/avatar\/c8ca58550c94fd2ac856d27391a6c866?s=96&d=mm&r=g","caption":"Thierno Diop"},"sameAs":["https:\/\/nettali.com"]}]}},"_links":{"self":[{"href":"https:\/\/www.nettali.com\/rest\/wp\/v2\/posts\/63571"}],"collection":[{"href":"https:\/\/www.nettali.com\/rest\/wp\/v2\/posts"}],"about":[{"href":"https:\/\/www.nettali.com\/rest\/wp\/v2\/types\/post"}],"author":[{"embeddable":true,"href":"https:\/\/www.nettali.com\/rest\/wp\/v2\/users\/11"}],"replies":[{"embeddable":true,"href":"https:\/\/www.nettali.com\/rest\/wp\/v2\/comments?post=63571"}],"version-history":[{"count":1,"href":"https:\/\/www.nettali.com\/rest\/wp\/v2\/posts\/63571\/revisions"}],"predecessor-version":[{"id":63572,"href":"https:\/\/www.nettali.com\/rest\/wp\/v2\/posts\/63571\/revisions\/63572"}],"wp:featuredmedia":[{"embeddable":true,"href":"https:\/\/www.nettali.com\/rest\/wp\/v2\/media\/46338"}],"wp:attachment":[{"href":"https:\/\/www.nettali.com\/rest\/wp\/v2\/media?parent=63571"}],"wp:term":[{"taxonomy":"category","embeddable":true,"href":"https:\/\/www.nettali.com\/rest\/wp\/v2\/categories?post=63571"},{"taxonomy":"post_tag","embeddable":true,"href":"https:\/\/www.nettali.com\/rest\/wp\/v2\/tags?post=63571"}],"curies":[{"name":"wp","href":"https:\/\/api.w.org\/{rel}","templated":true}]}}