{"id":63496,"date":"2021-05-07T13:16:08","date_gmt":"2021-05-07T13:16:08","guid":{"rendered":"https:\/\/www.nettali.com\/?p=63496"},"modified":"2021-05-07T13:16:08","modified_gmt":"2021-05-07T13:16:08","slug":"a-quelques-jours-de-la-korite-la-conacoc-au-bord-de-limplosion","status":"publish","type":"post","link":"https:\/\/www.nettali.com\/2021\/05\/07\/a-quelques-jours-de-la-korite-la-conacoc-au-bord-de-limplosion\/","title":{"rendered":"\u00c0 QUELQUES JOURS DE LA KORIT\u00c9- La Conacoc au bord de l\u2019implosion"},"content":{"rendered":"<p><strong>NETTALI.COM-La Commission nationale de concertation sur le croissant lunaire (Conacoc) est au bord de l\u2019implosion. Deux des trois coordonnateurs sont de nouveau \u00e0 couteaux tir\u00e9s. L\u2019une des parties brandit m\u00eame la menace d\u2019ester en justice pour faux et usage de faux et escroquerie.<\/strong><\/p>\n<p>La Commission nationale de concertation sur le croissant lunaire (Conacoc) continue de naviguer en eaux troubles. Les inimiti\u00e9s sont telles que la moindre \u00e9tincelle donne lieu \u00e0 un brasier. C\u2019est le cas, pr\u00e9sentement, depuis la tenue d\u2019un s\u00e9minaire organis\u00e9 par l\u2019un des trois coordonnateurs, au nom de la structure, sans en aviser ses pairs. En effet, apr\u00e8s le d\u00e9c\u00e8s de Mourchid Iyane Thiam, le ministre de l\u2019Int\u00e9rieur, Antoine F\u00e9lix Diome, avait eu l\u2019heureuse id\u00e9e de rassembler toutes les tendances, principalement celle de l\u2019imam El Hadj Oumar Di\u00e8ne et de l\u2019imam Bouchra Di\u00e8ye, qui se disputent l\u2019h\u00e9ritage du d\u00e9funt coordonnateur. La rencontre avait accouch\u00e9 d\u2019une solution transitoire. Il avait \u00e9t\u00e9 ainsi d\u00e9cid\u00e9 de mettre sur pied un comit\u00e9 de pilotage dirig\u00e9 par trois coordonnateurs, le temps de trouver une solution d\u00e9finitive \u00e0 cette crise.<\/p>\n<p>Ce consensus a \u00e9t\u00e9 viol\u00e9, si l\u2019on en croit l\u2019imam Di\u00e8ne. Il fulmine : \u201c<em>Nous d\u00e9non\u00e7ons les agissements de Bouchra Di\u00e8ye, un des coordonnateurs du comit\u00e9 de pilotage, qui a pris l\u2019initiative d\u2019organiser un s\u00e9minaire, le 2 mai dernier, au lac Rose, au nom de la Conacoc, apr\u00e8s que le ministre a mis sur pied un comit\u00e9 dirig\u00e9 par trois coordonnateurs. Ceci est, \u00e0 notre regard, une violation flagrante des r\u00e8glements dudit comit\u00e9. Plus grave encore, il a utilis\u00e9 un cachet et une signature se d\u00e9clarant comme le coordonnateur g\u00e9n\u00e9ral de la Conacoc. Ce qui est tout \u00e0 fait faux et que nous d\u00e9non\u00e7ons fermement<\/em>\u2019\u2019.<\/p>\n<p>Le secr\u00e9taire g\u00e9n\u00e9ral des imams et oul\u00e9mas du S\u00e9n\u00e9gal annonce avoir saisi le Cadre unitaire qui pilote les n\u00e9gociations au niveau du minist\u00e8re de l\u2019Int\u00e9rieur. \u201c <em>Aujourd\u2019hui, nous avons d\u00e9cid\u00e9 de saisir la presse, pour informer l\u2019opinion de ce qui se passe et nous n\u2019excluons pas de porter plainte au niveau du procureur de la R\u00e9publique pour faux et usage de faux et escroquerie. Nous d\u00e9gageons enti\u00e8rement notre responsabilit\u00e9 sur tous ses agissements qu\u2019il est en train de mener sous le manteau de la Conacoc. De tels agissements ne datent pas d\u2019aujourd\u2019hui. Il l\u2019avait fait, \u00e0 l\u2019entame du mois de ramadan, en utilisant le canal de la RTS pour d\u00e9clarer qu\u2019il est le coordonnateur. Ce que les autorit\u00e9s de la RTS avaient fermement condamn\u00e9 devant l\u2019assistance<\/em>\u2019\u2019, d\u00e9nonce l\u2019imam.<\/p>\n<p><strong> Imam Bouchra Di\u00e8ye : \u201c\u2026 J\u2019ai impliqu\u00e9 la commission\u2019\u2019<\/strong><\/p>\n<p>Joint par\u201cEnQu\u00eate\u2019\u2019, l\u2019imam Bouchra Di\u00e8ye a soutenu qu\u2019il avait invit\u00e9 tout le monde. Que ceux qui \u00e9taient int\u00e9ress\u00e9s par la rencontre qui parlait de l\u2019islam sont venus y prendre part. \u201c<em>Des invitations avaient \u00e9t\u00e9 envoy\u00e9es partout. Les m\u00e9dias sont venus et ont fait des comptes-rendus. Ceux qui ne veulent pas venir, on n\u2019y peut rien du tout. Nous n\u2019avions rien \u00e0 cacher. Il faut que les musulmans sachent que la mission de la commission n\u2019est pas uniquement de scruter le ciel, mais de discuter des questions qui tournent autour de la lune et dans tous ses plans. Le but de la commission est d\u2019unifier les deux f\u00eates musulmanes. Ce qui n\u2019est pas le cas chez nous. Il (imam Di\u00e8ne) ne peut exclure personne de la commission, car il est membre comme tout le monde. Seuls tous les membres de la commission peuvent le faire. Et puis, nous, on n\u2019a fait rien de mal. Nous avions organis\u00e9 un panel pour parler de la connaissance en islam. Peut-\u00eatre qu\u2019il n\u2019est pas int\u00e9ress\u00e9 par cela. Nous avons regroup\u00e9 de grands savants de la religion musulmane pour parler de sujets qui tournent autour de la question des f\u00eates en islam, qui ne sont presque jamais faites dans l\u2019union<\/em>\u2019\u2019, explique M.Di\u00e8ye.<\/p>\n<p>Le religieux est d\u2019avis que l\u2019objectif recherch\u00e9 par l\u2019islam, \u00e0 travers ses f\u00eates, est l\u2019union des musulmans, le fait d\u2019aller prier ensemble, de porter de jolies tenues. Ainsi, tout le monde saura que ce jour est une f\u00eate pour les musulmans. C\u2019est ce qui symbolise une f\u00eate, \u00e0 ses yeux. \u201c<em>Il y a aussi le fait que, sur le plan social et \u00e9conomique, une f\u00eate dans la dispersion ne b\u00e9n\u00e9ficie \u00e0 personne. Que ce soit du c\u00f4t\u00e9 de la population comme des dirigeants. Voil\u00e0, nous parlions, dans ce panel, de toutes ces questions, en se basant sur les connaissances religieuses, les textes, pour trouver d\u00e9finitivement une solution. J\u2019ai utilis\u00e9 le cachet que j\u2019avais, celui de la commission. Ceci ne dit point que j\u2019ai fait cavalier seul ; au contraire ! J\u2019ai impliqu\u00e9 la commission. Une chose que je juge normale, vu que nous parlions de connaissances en l\u2019islam<\/em>\u2019\u2019, conclut l\u2019imam Bouchra Di\u00e8ye au bout du fil<\/p>\n<div class='share-to-whatsapp-wrapper'><div class='share-on-whsp'>PARTAGER SUR : <\/div><a data-text='\u00c0 QUELQUES JOURS DE LA KORIT\u00c9- La Conacoc au bord de l\u2019implosion' data-link='https:\/\/www.nettali.com\/2021\/05\/07\/a-quelques-jours-de-la-korite-la-conacoc-au-bord-de-limplosion\/' class='whatsapp-button whatsapp-share'>WhatsApp<\/a><div class='clear '><\/div><\/div>","protected":false},"excerpt":{"rendered":"<p>NETTALI.COM-La Commission nationale de concertation sur le croissant lunaire (Conacoc) est au bord de l\u2019implosion. Deux des trois coordonnateurs sont de nouveau \u00e0 couteaux tir\u00e9s. L\u2019une des parties brandit m\u00eame la menace d\u2019ester en justice pour faux et usage de faux et escroquerie. La Commission nationale de concertation sur le croissant lunaire (Conacoc) continue de [&hellip;]<\/p>\n","protected":false},"author":6,"featured_media":10709,"comment_status":"open","ping_status":"open","sticky":false,"template":"","format":"standard","meta":{"_et_pb_use_builder":"","_et_pb_old_content":""},"categories":[3],"tags":[],"yoast_head":"<!-- This site is optimized with the Yoast SEO Premium plugin v17.8 (Yoast SEO v17.8) - https:\/\/yoast.com\/wordpress\/plugins\/seo\/ -->\n<title>\u00c0 QUELQUES JOURS DE LA KORIT\u00c9- La Conacoc au bord de l\u2019implosion | Nettali.com<\/title>\n<meta name=\"robots\" content=\"index, follow, max-snippet:-1, max-image-preview:large, max-video-preview:-1\" \/>\n<link rel=\"canonical\" href=\"https:\/\/www.nettali.com\/2021\/05\/07\/a-quelques-jours-de-la-korite-la-conacoc-au-bord-de-limplosion\/\" \/>\n<meta property=\"og:locale\" content=\"fr_FR\" \/>\n<meta property=\"og:type\" content=\"article\" \/>\n<meta property=\"og:title\" content=\"\u00c0 QUELQUES JOURS DE LA KORIT\u00c9- La Conacoc au bord de l\u2019implosion\" \/>\n<meta property=\"og:description\" content=\"NETTALI.COM-La Commission nationale de concertation sur le croissant lunaire (Conacoc) est au bord de l\u2019implosion. Deux des trois coordonnateurs sont de nouveau \u00e0 couteaux tir\u00e9s. L\u2019une des parties brandit m\u00eame la menace d\u2019ester en justice pour faux et usage de faux et escroquerie. La Commission nationale de concertation sur le croissant lunaire (Conacoc) continue de [&hellip;]\" \/>\n<meta property=\"og:url\" content=\"https:\/\/www.nettali.com\/2021\/05\/07\/a-quelques-jours-de-la-korite-la-conacoc-au-bord-de-limplosion\/\" \/>\n<meta property=\"og:site_name\" content=\"Nettali.com\" \/>\n<meta property=\"article:publisher\" content=\"https:\/\/www.facebook.com\/nettalicom\" \/>\n<meta property=\"article:published_time\" content=\"2021-05-07T13:16:08+00:00\" \/>\n<meta property=\"og:image\" content=\"https:\/\/www.nettali.com\/wp-content\/uploads\/2019\/06\/lune.jpg\" \/>\n\t<meta property=\"og:image:width\" content=\"725\" \/>\n\t<meta property=\"og:image:height\" content=\"483\" \/>\n<meta name=\"twitter:card\" content=\"summary_large_image\" \/>\n<meta name=\"twitter:label1\" content=\"\u00c9crit par\" \/>\n\t<meta name=\"twitter:data1\" content=\"Fatou\" \/>\n\t<meta name=\"twitter:label2\" content=\"Dur\u00e9e de lecture estim\u00e9e\" \/>\n\t<meta name=\"twitter:data2\" content=\"4 minutes\" \/>\n<script type=\"application\/ld+json\" class=\"yoast-schema-graph\">{\"@context\":\"https:\/\/schema.org\",\"@graph\":[{\"@type\":\"WebSite\",\"@id\":\"https:\/\/www.nettali.com\/#website\",\"url\":\"https:\/\/www.nettali.com\/\",\"name\":\"Nettali.com\",\"description\":\"Le rendez-vous critique du Net\",\"potentialAction\":[{\"@type\":\"SearchAction\",\"target\":{\"@type\":\"EntryPoint\",\"urlTemplate\":\"https:\/\/www.nettali.com\/?s={search_term_string}\"},\"query-input\":\"required name=search_term_string\"}],\"inLanguage\":\"fr-FR\"},{\"@type\":\"ImageObject\",\"@id\":\"https:\/\/www.nettali.com\/2021\/05\/07\/a-quelques-jours-de-la-korite-la-conacoc-au-bord-de-limplosion\/#primaryimage\",\"inLanguage\":\"fr-FR\",\"url\":\"https:\/\/www.nettali.com\/wp-content\/uploads\/2019\/06\/lune.jpg\",\"contentUrl\":\"https:\/\/www.nettali.com\/wp-content\/uploads\/2019\/06\/lune.jpg\",\"width\":725,\"height\":483},{\"@type\":\"WebPage\",\"@id\":\"https:\/\/www.nettali.com\/2021\/05\/07\/a-quelques-jours-de-la-korite-la-conacoc-au-bord-de-limplosion\/#webpage\",\"url\":\"https:\/\/www.nettali.com\/2021\/05\/07\/a-quelques-jours-de-la-korite-la-conacoc-au-bord-de-limplosion\/\",\"name\":\"\\u00c0 QUELQUES JOURS DE LA KORIT\\u00c9- La Conacoc au bord de l\\u2019implosion | Nettali.com\",\"isPartOf\":{\"@id\":\"https:\/\/www.nettali.com\/#website\"},\"primaryImageOfPage\":{\"@id\":\"https:\/\/www.nettali.com\/2021\/05\/07\/a-quelques-jours-de-la-korite-la-conacoc-au-bord-de-limplosion\/#primaryimage\"},\"datePublished\":\"2021-05-07T13:16:08+00:00\",\"dateModified\":\"2021-05-07T13:16:08+00:00\",\"author\":{\"@id\":\"https:\/\/www.nettali.com\/#\/schema\/person\/418274a86bdf87caff7a3ef476bd0bbf\"},\"breadcrumb\":{\"@id\":\"https:\/\/www.nettali.com\/2021\/05\/07\/a-quelques-jours-de-la-korite-la-conacoc-au-bord-de-limplosion\/#breadcrumb\"},\"inLanguage\":\"fr-FR\",\"potentialAction\":[{\"@type\":\"ReadAction\",\"target\":[\"https:\/\/www.nettali.com\/2021\/05\/07\/a-quelques-jours-de-la-korite-la-conacoc-au-bord-de-limplosion\/\"]}]},{\"@type\":\"BreadcrumbList\",\"@id\":\"https:\/\/www.nettali.com\/2021\/05\/07\/a-quelques-jours-de-la-korite-la-conacoc-au-bord-de-limplosion\/#breadcrumb\",\"itemListElement\":[{\"@type\":\"ListItem\",\"position\":1,\"name\":\"Accueil\",\"item\":\"https:\/\/www.nettali.com\/\"},{\"@type\":\"ListItem\",\"position\":2,\"name\":\"\\u00c0 QUELQUES JOURS DE LA KORIT\\u00c9- La Conacoc au bord de l\\u2019implosion\"}]},{\"@type\":\"Person\",\"@id\":\"https:\/\/www.nettali.com\/#\/schema\/person\/418274a86bdf87caff7a3ef476bd0bbf\",\"name\":\"Fatou\",\"image\":{\"@type\":\"ImageObject\",\"@id\":\"https:\/\/www.nettali.com\/#personlogo\",\"inLanguage\":\"fr-FR\",\"url\":\"https:\/\/secure.gravatar.com\/avatar\/5a9442a2bee7b4dcf167cab035858e9a?s=96&d=mm&r=g\",\"contentUrl\":\"https:\/\/secure.gravatar.com\/avatar\/5a9442a2bee7b4dcf167cab035858e9a?s=96&d=mm&r=g\",\"caption\":\"Fatou\"},\"sameAs\":[\"https:\/\/www.nettali.com\"]}]}<\/script>\n<!-- \/ Yoast SEO Premium plugin. -->","yoast_head_json":{"title":"\u00c0 QUELQUES JOURS DE LA KORIT\u00c9- La Conacoc au bord de l\u2019implosion | Nettali.com","robots":{"index":"index","follow":"follow","max-snippet":"max-snippet:-1","max-image-preview":"max-image-preview:large","max-video-preview":"max-video-preview:-1"},"canonical":"https:\/\/www.nettali.com\/2021\/05\/07\/a-quelques-jours-de-la-korite-la-conacoc-au-bord-de-limplosion\/","og_locale":"fr_FR","og_type":"article","og_title":"\u00c0 QUELQUES JOURS DE LA KORIT\u00c9- La Conacoc au bord de l\u2019implosion","og_description":"NETTALI.COM-La Commission nationale de concertation sur le croissant lunaire (Conacoc) est au bord de l\u2019implosion. Deux des trois coordonnateurs sont de nouveau \u00e0 couteaux tir\u00e9s. L\u2019une des parties brandit m\u00eame la menace d\u2019ester en justice pour faux et usage de faux et escroquerie. La Commission nationale de concertation sur le croissant lunaire (Conacoc) continue de [&hellip;]","og_url":"https:\/\/www.nettali.com\/2021\/05\/07\/a-quelques-jours-de-la-korite-la-conacoc-au-bord-de-limplosion\/","og_site_name":"Nettali.com","article_publisher":"https:\/\/www.facebook.com\/nettalicom","article_published_time":"2021-05-07T13:16:08+00:00","og_image":[{"width":725,"height":483,"url":"https:\/\/www.nettali.com\/wp-content\/uploads\/2019\/06\/lune.jpg","type":"image\/jpeg"}],"twitter_card":"summary_large_image","twitter_misc":{"\u00c9crit par":"Fatou","Dur\u00e9e de lecture estim\u00e9e":"4 minutes"},"schema":{"@context":"https:\/\/schema.org","@graph":[{"@type":"WebSite","@id":"https:\/\/www.nettali.com\/#website","url":"https:\/\/www.nettali.com\/","name":"Nettali.com","description":"Le rendez-vous critique du Net","potentialAction":[{"@type":"SearchAction","target":{"@type":"EntryPoint","urlTemplate":"https:\/\/www.nettali.com\/?s={search_term_string}"},"query-input":"required name=search_term_string"}],"inLanguage":"fr-FR"},{"@type":"ImageObject","@id":"https:\/\/www.nettali.com\/2021\/05\/07\/a-quelques-jours-de-la-korite-la-conacoc-au-bord-de-limplosion\/#primaryimage","inLanguage":"fr-FR","url":"https:\/\/www.nettali.com\/wp-content\/uploads\/2019\/06\/lune.jpg","contentUrl":"https:\/\/www.nettali.com\/wp-content\/uploads\/2019\/06\/lune.jpg","width":725,"height":483},{"@type":"WebPage","@id":"https:\/\/www.nettali.com\/2021\/05\/07\/a-quelques-jours-de-la-korite-la-conacoc-au-bord-de-limplosion\/#webpage","url":"https:\/\/www.nettali.com\/2021\/05\/07\/a-quelques-jours-de-la-korite-la-conacoc-au-bord-de-limplosion\/","name":"\u00c0 QUELQUES JOURS DE LA KORIT\u00c9- La Conacoc au bord de l\u2019implosion | Nettali.com","isPartOf":{"@id":"https:\/\/www.nettali.com\/#website"},"primaryImageOfPage":{"@id":"https:\/\/www.nettali.com\/2021\/05\/07\/a-quelques-jours-de-la-korite-la-conacoc-au-bord-de-limplosion\/#primaryimage"},"datePublished":"2021-05-07T13:16:08+00:00","dateModified":"2021-05-07T13:16:08+00:00","author":{"@id":"https:\/\/www.nettali.com\/#\/schema\/person\/418274a86bdf87caff7a3ef476bd0bbf"},"breadcrumb":{"@id":"https:\/\/www.nettali.com\/2021\/05\/07\/a-quelques-jours-de-la-korite-la-conacoc-au-bord-de-limplosion\/#breadcrumb"},"inLanguage":"fr-FR","potentialAction":[{"@type":"ReadAction","target":["https:\/\/www.nettali.com\/2021\/05\/07\/a-quelques-jours-de-la-korite-la-conacoc-au-bord-de-limplosion\/"]}]},{"@type":"BreadcrumbList","@id":"https:\/\/www.nettali.com\/2021\/05\/07\/a-quelques-jours-de-la-korite-la-conacoc-au-bord-de-limplosion\/#breadcrumb","itemListElement":[{"@type":"ListItem","position":1,"name":"Accueil","item":"https:\/\/www.nettali.com\/"},{"@type":"ListItem","position":2,"name":"\u00c0 QUELQUES JOURS DE LA KORIT\u00c9- La Conacoc au bord de l\u2019implosion"}]},{"@type":"Person","@id":"https:\/\/www.nettali.com\/#\/schema\/person\/418274a86bdf87caff7a3ef476bd0bbf","name":"Fatou","image":{"@type":"ImageObject","@id":"https:\/\/www.nettali.com\/#personlogo","inLanguage":"fr-FR","url":"https:\/\/secure.gravatar.com\/avatar\/5a9442a2bee7b4dcf167cab035858e9a?s=96&d=mm&r=g","contentUrl":"https:\/\/secure.gravatar.com\/avatar\/5a9442a2bee7b4dcf167cab035858e9a?s=96&d=mm&r=g","caption":"Fatou"},"sameAs":["https:\/\/www.nettali.com"]}]}},"_links":{"self":[{"href":"https:\/\/www.nettali.com\/rest\/wp\/v2\/posts\/63496"}],"collection":[{"href":"https:\/\/www.nettali.com\/rest\/wp\/v2\/posts"}],"about":[{"href":"https:\/\/www.nettali.com\/rest\/wp\/v2\/types\/post"}],"author":[{"embeddable":true,"href":"https:\/\/www.nettali.com\/rest\/wp\/v2\/users\/6"}],"replies":[{"embeddable":true,"href":"https:\/\/www.nettali.com\/rest\/wp\/v2\/comments?post=63496"}],"version-history":[{"count":3,"href":"https:\/\/www.nettali.com\/rest\/wp\/v2\/posts\/63496\/revisions"}],"predecessor-version":[{"id":63504,"href":"https:\/\/www.nettali.com\/rest\/wp\/v2\/posts\/63496\/revisions\/63504"}],"wp:featuredmedia":[{"embeddable":true,"href":"https:\/\/www.nettali.com\/rest\/wp\/v2\/media\/10709"}],"wp:attachment":[{"href":"https:\/\/www.nettali.com\/rest\/wp\/v2\/media?parent=63496"}],"wp:term":[{"taxonomy":"category","embeddable":true,"href":"https:\/\/www.nettali.com\/rest\/wp\/v2\/categories?post=63496"},{"taxonomy":"post_tag","embeddable":true,"href":"https:\/\/www.nettali.com\/rest\/wp\/v2\/tags?post=63496"}],"curies":[{"name":"wp","href":"https:\/\/api.w.org\/{rel}","templated":true}]}}