{"id":63293,"date":"2021-05-04T23:31:10","date_gmt":"2021-05-04T23:31:10","guid":{"rendered":"https:\/\/www.nettali.com\/?p=63293"},"modified":"2021-05-05T02:39:30","modified_gmt":"2021-05-05T02:39:30","slug":"ndengler-le-prefet-de-mbour-suspend-les-travaux-dexploitation-agricole","status":"publish","type":"post","link":"https:\/\/www.nettali.com\/2021\/05\/04\/ndengler-le-prefet-de-mbour-suspend-les-travaux-dexploitation-agricole\/","title":{"rendered":"NDENGLER  - Le pr\u00e9fet de Mbour suspend les travaux d'exploitation agricole"},"content":{"rendered":"<p><strong>NETTALI.COM\u00a0 - Les autorit\u00e9s semblent prendre au s\u00e9rieux le conflit qui est en train de rena\u00eetre entre la Sedima et certaines populations de Ndingler. Le pr\u00e9fet de Mbour a d\u00e9cid\u00e9 de suspendre \"temporairement\" les travaux d'exploitation agricole sur la zone objet de litige.<\/strong><\/p>\n<p>Remettre la balle au centre en attendant de trouver une solution. C'est l'option prise par les autorit\u00e9s apr\u00e8s les affrontements entre les travailleurs de la Sedima et une partie des populations de Ndingler. Ces derni\u00e8res voulaient entamer des travaux champ\u00eatres sur un site contr\u00f4l\u00e9 par l'entreprise de Babacar Ngom. Des bless\u00e9s ont m\u00eame \u00e9t\u00e9 not\u00e9s des deux c\u00f4t\u00e9s. Et c'est pour \u00e9viter tout risque de conflit que le pr\u00e9fet du d\u00e9partement de Mbour a pris un arr\u00eat\u00e9 pour tout arr\u00eater.<\/p>\n<p>L'article premier dudit arr\u00eat\u00e9 prononce \"<em>la suspension temporaire des travaux d'exploitation agricole de l'assiette fonci\u00e8re d'une superficie d'environ 80 hectares, objet du diff\u00e9rend opposant la S\u00e9n\u00e9galaise de distribution de mat\u00e9riel avicole (Sedima Sa) et les habitants du village de Ndingler<\/em>\". Pour motiver sa d\u00e9cision, le pr\u00e9fet de Mbour parle de \"<em>risques r\u00e9els de troubles \u00e0 l'ordre public li\u00e9s \u00e0 des menaces d'affrontements entre habitants de Ndingler et travailleurs de la Sedima<\/em>\".\u00a0 Et de menacer \u00e0 l'article 2 : \"<em>tout manquement \u00e0 cette disposition est possible des sanctions pr\u00e9vues par les lois et r\u00e8glements<\/em>.\"<\/p>\n<p>Par ailleurs, le pr\u00e9fet de Mbour souligne que le commandant de la compagnie de gendarmerie de Mbour est charg\u00e9 de l'application de son arr\u00eat\u00e9.<\/p>\n<div class='share-to-whatsapp-wrapper'><div class='share-on-whsp'>PARTAGER SUR : <\/div><a data-text='NDENGLER  - Le pr\u00e9fet de Mbour suspend les travaux d'exploitation agricole' data-link='https:\/\/www.nettali.com\/2021\/05\/04\/ndengler-le-prefet-de-mbour-suspend-les-travaux-dexploitation-agricole\/' class='whatsapp-button whatsapp-share'>WhatsApp<\/a><div class='clear '><\/div><\/div>","protected":false},"excerpt":{"rendered":"<p>NETTALI.COM\u00a0 - Les autorit\u00e9s semblent prendre au s\u00e9rieux le conflit qui est en train de rena\u00eetre entre la Sedima et certaines populations de Ndingler. Le pr\u00e9fet de Mbour a d\u00e9cid\u00e9 de suspendre \"temporairement\" les travaux d'exploitation agricole sur la zone objet de litige. Remettre la balle au centre en attendant de trouver une solution. C'est [&hellip;]<\/p>\n","protected":false},"author":3,"featured_media":63244,"comment_status":"open","ping_status":"open","sticky":false,"template":"","format":"standard","meta":{"_et_pb_use_builder":"","_et_pb_old_content":""},"categories":[3],"tags":[],"yoast_head":"<!-- This site is optimized with the Yoast SEO Premium plugin v17.8 (Yoast SEO v17.8) - https:\/\/yoast.com\/wordpress\/plugins\/seo\/ -->\n<title>NDENGLER - Le pr\u00e9fet de Mbour suspend les travaux d&#039;exploitation agricole | Nettali.com<\/title>\n<meta name=\"robots\" content=\"index, follow, max-snippet:-1, max-image-preview:large, max-video-preview:-1\" \/>\n<link rel=\"canonical\" href=\"https:\/\/www.nettali.com\/2021\/05\/04\/ndengler-le-prefet-de-mbour-suspend-les-travaux-dexploitation-agricole\/\" \/>\n<meta property=\"og:locale\" content=\"fr_FR\" \/>\n<meta property=\"og:type\" content=\"article\" \/>\n<meta property=\"og:title\" content=\"NDENGLER - Le pr\u00e9fet de Mbour suspend les travaux d&#039;exploitation agricole\" \/>\n<meta property=\"og:description\" content=\"NETTALI.COM\u00a0 - Les autorit\u00e9s semblent prendre au s\u00e9rieux le conflit qui est en train de rena\u00eetre entre la Sedima et certaines populations de Ndingler. Le pr\u00e9fet de Mbour a d\u00e9cid\u00e9 de suspendre &quot;temporairement&quot; les travaux d&#039;exploitation agricole sur la zone objet de litige. Remettre la balle au centre en attendant de trouver une solution. C&#039;est [&hellip;]\" \/>\n<meta property=\"og:url\" content=\"https:\/\/www.nettali.com\/2021\/05\/04\/ndengler-le-prefet-de-mbour-suspend-les-travaux-dexploitation-agricole\/\" \/>\n<meta property=\"og:site_name\" content=\"Nettali.com\" \/>\n<meta property=\"article:publisher\" content=\"https:\/\/www.facebook.com\/nettalicom\" \/>\n<meta property=\"article:published_time\" content=\"2021-05-04T23:31:10+00:00\" \/>\n<meta property=\"article:modified_time\" content=\"2021-05-05T02:39:30+00:00\" \/>\n<meta property=\"og:image\" content=\"https:\/\/www.nettali.com\/wp-content\/uploads\/2021\/05\/ALY.jpeg\" \/>\n\t<meta property=\"og:image:width\" content=\"678\" \/>\n\t<meta property=\"og:image:height\" content=\"381\" \/>\n<meta name=\"twitter:card\" content=\"summary_large_image\" \/>\n<meta name=\"twitter:label1\" content=\"\u00c9crit par\" \/>\n\t<meta name=\"twitter:data1\" content=\"Moustapha\" \/>\n\t<meta name=\"twitter:label2\" content=\"Dur\u00e9e de lecture estim\u00e9e\" \/>\n\t<meta name=\"twitter:data2\" content=\"1 minute\" \/>\n<script type=\"application\/ld+json\" class=\"yoast-schema-graph\">{\"@context\":\"https:\/\/schema.org\",\"@graph\":[{\"@type\":\"WebSite\",\"@id\":\"https:\/\/www.nettali.com\/#website\",\"url\":\"https:\/\/www.nettali.com\/\",\"name\":\"Nettali.com\",\"description\":\"Le rendez-vous critique du Net\",\"potentialAction\":[{\"@type\":\"SearchAction\",\"target\":{\"@type\":\"EntryPoint\",\"urlTemplate\":\"https:\/\/www.nettali.com\/?s={search_term_string}\"},\"query-input\":\"required name=search_term_string\"}],\"inLanguage\":\"fr-FR\"},{\"@type\":\"ImageObject\",\"@id\":\"https:\/\/www.nettali.com\/2021\/05\/04\/ndengler-le-prefet-de-mbour-suspend-les-travaux-dexploitation-agricole\/#primaryimage\",\"inLanguage\":\"fr-FR\",\"url\":\"https:\/\/www.nettali.com\/wp-content\/uploads\/2021\/05\/ALY.jpeg\",\"contentUrl\":\"https:\/\/www.nettali.com\/wp-content\/uploads\/2021\/05\/ALY.jpeg\",\"width\":678,\"height\":381},{\"@type\":\"WebPage\",\"@id\":\"https:\/\/www.nettali.com\/2021\/05\/04\/ndengler-le-prefet-de-mbour-suspend-les-travaux-dexploitation-agricole\/#webpage\",\"url\":\"https:\/\/www.nettali.com\/2021\/05\/04\/ndengler-le-prefet-de-mbour-suspend-les-travaux-dexploitation-agricole\/\",\"name\":\"NDENGLER - Le pr\\u00e9fet de Mbour suspend les travaux d'exploitation agricole | Nettali.com\",\"isPartOf\":{\"@id\":\"https:\/\/www.nettali.com\/#website\"},\"primaryImageOfPage\":{\"@id\":\"https:\/\/www.nettali.com\/2021\/05\/04\/ndengler-le-prefet-de-mbour-suspend-les-travaux-dexploitation-agricole\/#primaryimage\"},\"datePublished\":\"2021-05-04T23:31:10+00:00\",\"dateModified\":\"2021-05-05T02:39:30+00:00\",\"author\":{\"@id\":\"https:\/\/www.nettali.com\/#\/schema\/person\/7962a12a6e0267f88f0ffa544c36469a\"},\"breadcrumb\":{\"@id\":\"https:\/\/www.nettali.com\/2021\/05\/04\/ndengler-le-prefet-de-mbour-suspend-les-travaux-dexploitation-agricole\/#breadcrumb\"},\"inLanguage\":\"fr-FR\",\"potentialAction\":[{\"@type\":\"ReadAction\",\"target\":[\"https:\/\/www.nettali.com\/2021\/05\/04\/ndengler-le-prefet-de-mbour-suspend-les-travaux-dexploitation-agricole\/\"]}]},{\"@type\":\"BreadcrumbList\",\"@id\":\"https:\/\/www.nettali.com\/2021\/05\/04\/ndengler-le-prefet-de-mbour-suspend-les-travaux-dexploitation-agricole\/#breadcrumb\",\"itemListElement\":[{\"@type\":\"ListItem\",\"position\":1,\"name\":\"Accueil\",\"item\":\"https:\/\/www.nettali.com\/\"},{\"@type\":\"ListItem\",\"position\":2,\"name\":\"NDENGLER &#8211; Le pr\\u00e9fet de Mbour suspend les travaux d&rsquo;exploitation agricole\"}]},{\"@type\":\"Person\",\"@id\":\"https:\/\/www.nettali.com\/#\/schema\/person\/7962a12a6e0267f88f0ffa544c36469a\",\"name\":\"Moustapha\",\"image\":{\"@type\":\"ImageObject\",\"@id\":\"https:\/\/www.nettali.com\/#personlogo\",\"inLanguage\":\"fr-FR\",\"url\":\"https:\/\/secure.gravatar.com\/avatar\/10fdf6a071cccdcf374e3dbe45159590?s=96&d=mm&r=g\",\"contentUrl\":\"https:\/\/secure.gravatar.com\/avatar\/10fdf6a071cccdcf374e3dbe45159590?s=96&d=mm&r=g\",\"caption\":\"Moustapha\"},\"sameAs\":[\"https:\/\/www.nettali.com\"]}]}<\/script>\n<!-- \/ Yoast SEO Premium plugin. -->","yoast_head_json":{"title":"NDENGLER - Le pr\u00e9fet de Mbour suspend les travaux d'exploitation agricole | Nettali.com","robots":{"index":"index","follow":"follow","max-snippet":"max-snippet:-1","max-image-preview":"max-image-preview:large","max-video-preview":"max-video-preview:-1"},"canonical":"https:\/\/www.nettali.com\/2021\/05\/04\/ndengler-le-prefet-de-mbour-suspend-les-travaux-dexploitation-agricole\/","og_locale":"fr_FR","og_type":"article","og_title":"NDENGLER - Le pr\u00e9fet de Mbour suspend les travaux d'exploitation agricole","og_description":"NETTALI.COM\u00a0 - Les autorit\u00e9s semblent prendre au s\u00e9rieux le conflit qui est en train de rena\u00eetre entre la Sedima et certaines populations de Ndingler. Le pr\u00e9fet de Mbour a d\u00e9cid\u00e9 de suspendre \"temporairement\" les travaux d'exploitation agricole sur la zone objet de litige. Remettre la balle au centre en attendant de trouver une solution. C'est [&hellip;]","og_url":"https:\/\/www.nettali.com\/2021\/05\/04\/ndengler-le-prefet-de-mbour-suspend-les-travaux-dexploitation-agricole\/","og_site_name":"Nettali.com","article_publisher":"https:\/\/www.facebook.com\/nettalicom","article_published_time":"2021-05-04T23:31:10+00:00","article_modified_time":"2021-05-05T02:39:30+00:00","og_image":[{"width":678,"height":381,"url":"https:\/\/www.nettali.com\/wp-content\/uploads\/2021\/05\/ALY.jpeg","type":"image\/jpeg"}],"twitter_card":"summary_large_image","twitter_misc":{"\u00c9crit par":"Moustapha","Dur\u00e9e de lecture estim\u00e9e":"1 minute"},"schema":{"@context":"https:\/\/schema.org","@graph":[{"@type":"WebSite","@id":"https:\/\/www.nettali.com\/#website","url":"https:\/\/www.nettali.com\/","name":"Nettali.com","description":"Le rendez-vous critique du Net","potentialAction":[{"@type":"SearchAction","target":{"@type":"EntryPoint","urlTemplate":"https:\/\/www.nettali.com\/?s={search_term_string}"},"query-input":"required name=search_term_string"}],"inLanguage":"fr-FR"},{"@type":"ImageObject","@id":"https:\/\/www.nettali.com\/2021\/05\/04\/ndengler-le-prefet-de-mbour-suspend-les-travaux-dexploitation-agricole\/#primaryimage","inLanguage":"fr-FR","url":"https:\/\/www.nettali.com\/wp-content\/uploads\/2021\/05\/ALY.jpeg","contentUrl":"https:\/\/www.nettali.com\/wp-content\/uploads\/2021\/05\/ALY.jpeg","width":678,"height":381},{"@type":"WebPage","@id":"https:\/\/www.nettali.com\/2021\/05\/04\/ndengler-le-prefet-de-mbour-suspend-les-travaux-dexploitation-agricole\/#webpage","url":"https:\/\/www.nettali.com\/2021\/05\/04\/ndengler-le-prefet-de-mbour-suspend-les-travaux-dexploitation-agricole\/","name":"NDENGLER - Le pr\u00e9fet de Mbour suspend les travaux d'exploitation agricole | Nettali.com","isPartOf":{"@id":"https:\/\/www.nettali.com\/#website"},"primaryImageOfPage":{"@id":"https:\/\/www.nettali.com\/2021\/05\/04\/ndengler-le-prefet-de-mbour-suspend-les-travaux-dexploitation-agricole\/#primaryimage"},"datePublished":"2021-05-04T23:31:10+00:00","dateModified":"2021-05-05T02:39:30+00:00","author":{"@id":"https:\/\/www.nettali.com\/#\/schema\/person\/7962a12a6e0267f88f0ffa544c36469a"},"breadcrumb":{"@id":"https:\/\/www.nettali.com\/2021\/05\/04\/ndengler-le-prefet-de-mbour-suspend-les-travaux-dexploitation-agricole\/#breadcrumb"},"inLanguage":"fr-FR","potentialAction":[{"@type":"ReadAction","target":["https:\/\/www.nettali.com\/2021\/05\/04\/ndengler-le-prefet-de-mbour-suspend-les-travaux-dexploitation-agricole\/"]}]},{"@type":"BreadcrumbList","@id":"https:\/\/www.nettali.com\/2021\/05\/04\/ndengler-le-prefet-de-mbour-suspend-les-travaux-dexploitation-agricole\/#breadcrumb","itemListElement":[{"@type":"ListItem","position":1,"name":"Accueil","item":"https:\/\/www.nettali.com\/"},{"@type":"ListItem","position":2,"name":"NDENGLER &#8211; Le pr\u00e9fet de Mbour suspend les travaux d&rsquo;exploitation agricole"}]},{"@type":"Person","@id":"https:\/\/www.nettali.com\/#\/schema\/person\/7962a12a6e0267f88f0ffa544c36469a","name":"Moustapha","image":{"@type":"ImageObject","@id":"https:\/\/www.nettali.com\/#personlogo","inLanguage":"fr-FR","url":"https:\/\/secure.gravatar.com\/avatar\/10fdf6a071cccdcf374e3dbe45159590?s=96&d=mm&r=g","contentUrl":"https:\/\/secure.gravatar.com\/avatar\/10fdf6a071cccdcf374e3dbe45159590?s=96&d=mm&r=g","caption":"Moustapha"},"sameAs":["https:\/\/www.nettali.com"]}]}},"_links":{"self":[{"href":"https:\/\/www.nettali.com\/rest\/wp\/v2\/posts\/63293"}],"collection":[{"href":"https:\/\/www.nettali.com\/rest\/wp\/v2\/posts"}],"about":[{"href":"https:\/\/www.nettali.com\/rest\/wp\/v2\/types\/post"}],"author":[{"embeddable":true,"href":"https:\/\/www.nettali.com\/rest\/wp\/v2\/users\/3"}],"replies":[{"embeddable":true,"href":"https:\/\/www.nettali.com\/rest\/wp\/v2\/comments?post=63293"}],"version-history":[{"count":3,"href":"https:\/\/www.nettali.com\/rest\/wp\/v2\/posts\/63293\/revisions"}],"predecessor-version":[{"id":63296,"href":"https:\/\/www.nettali.com\/rest\/wp\/v2\/posts\/63293\/revisions\/63296"}],"wp:featuredmedia":[{"embeddable":true,"href":"https:\/\/www.nettali.com\/rest\/wp\/v2\/media\/63244"}],"wp:attachment":[{"href":"https:\/\/www.nettali.com\/rest\/wp\/v2\/media?parent=63293"}],"wp:term":[{"taxonomy":"category","embeddable":true,"href":"https:\/\/www.nettali.com\/rest\/wp\/v2\/categories?post=63293"},{"taxonomy":"post_tag","embeddable":true,"href":"https:\/\/www.nettali.com\/rest\/wp\/v2\/tags?post=63293"}],"curies":[{"name":"wp","href":"https:\/\/api.w.org\/{rel}","templated":true}]}}