{"id":63290,"date":"2021-05-04T20:35:24","date_gmt":"2021-05-04T20:35:24","guid":{"rendered":"https:\/\/www.nettali.com\/?p=63290"},"modified":"2021-05-04T20:35:24","modified_gmt":"2021-05-04T20:35:24","slug":"par-mamadou-oumar-ndiaye-letat-doit-defendre-le-projet-agricole-de-la-sedima-contre-les-provocateurs","status":"publish","type":"post","link":"https:\/\/www.nettali.com\/2021\/05\/04\/par-mamadou-oumar-ndiaye-letat-doit-defendre-le-projet-agricole-de-la-sedima-contre-les-provocateurs\/","title":{"rendered":"PAR MAMADOU OUMAR NDIAYE - L\u2019\u00e9tat doit d\u00e9fendre le projet agricole de la Sedima contre les provocateurs"},"content":{"rendered":"<p>CONTRIBUTION - Il a fallu qu\u2019un homme d\u2019affaires s\u00e9n\u00e9galais veuille venir exploiter des terres dans cette zone \u2014 qui lui ont \u00e9t\u00e9 c\u00e9d\u00e9es de bonne gr\u00e2ce par les habitants de Djilakh \u2014 pour que des gens venus d\u2019ailleurs se d\u00e9cha\u00eenent et veuillent l\u2019emp\u00eacher de travailler.<\/p>\n<p>Ce pays qui nous est si cher, le S\u00e9n\u00e9gal, a d\u00e9cid\u00e9ment des probl\u00e8mes avec les investisseurs. Qu\u2019ils soient \u00e9trangers ou nationaux, du reste. Pour n\u2019\u00e9voquer que l\u2019actualit\u00e9, qu\u2019il suffise juste d\u2019\u00e9num\u00e9rer la v\u00e9ritable gu\u00e9rilla men\u00e9e par des travailleurs de l\u2019usine de carreaux Twyford contre leurs employeurs chinois qualifi\u00e9s de \u00ab n\u00e9griers des temps modernes \u00bb tout simplement parce qu\u2019ils les font marcher \u00e0 la cadence dans leurs ateliers. Il y a eu aussi ce malheureux homme d\u2019affaires chinois, son compatriote et leurs deux partenaires s\u00e9n\u00e9galais, deux pharmaciens, envoy\u00e9s en prison sans autre forme de proc\u00e8s sous l\u2019accusation de vente de \u00ab faux m\u00e9dicaments \u00bb \u2014 une incrimination \u00e0 ce point grotesque, d\u2019ailleurs, que le juge l\u2019a finalement \u00e9cart\u00e9e \u2014, vente sans autorisation, blanchiment de capitaux et autres d\u00e9lits d\u00e9lirants sortis de l\u2019imagination du ma\u00eetre des poursuites. Le \u00ab crime \u00bb de tous ces braves gens ? Avoir commercialis\u00e9 dans notre pays des \u00ab dispositifs m\u00e9dicaux \u00bb et m\u00eame pas des m\u00e9dicaments sans avoir eu l\u2019autorisation administrative pour pouvoir le faire. Une autorisation qu\u2019ils ont demand\u00e9e depuis\u2026 janvier 2020 sans obtenir de r\u00e9ponse. Manifestement, le Directeur de la Pharmacie et du M\u00e9dicament (encore lui !), le brave Pr Y\u00e9rim Mbagnick Diop, a pris son temps pour examiner cette demande. C\u2019est le moins qu\u2019on puisse dire\u2026Les charmes de la bureaucratie s\u00e9n\u00e9galaise !<\/p>\n<p>Mais tout cela\u00a0ne sera sans doute rien en comparaison du scandale qui est encore en train de couver \u00e0 \u00ab Ndingler \u00bb (en r\u00e9alit\u00e9 \u00e0 Djilakh), ce village du d\u00e9partement de Mbour qui avait d\u00e9fray\u00e9 la chronique il y a un an et qui est encore en passe d\u2019occuper les feux de la rampe. Rappelons bri\u00e8vement cette affaire : M. Babacar Ngom, patron de la Sedima et \u00ab Roi du poulet \u00bb s\u00e9n\u00e9galais comme nous l\u2019avions surnomm\u00e9 dans ces colonnes \u2014 un homme qui a fait de la fili\u00e8re avicole nationale ce qu\u2019elle est aujourd\u2019hui c\u2019est-\u00e0-dire autosuffisante, moderne et rentable en tout cas viable \u2014, d\u00e9sireux de se lancer dans l\u2019agro-industrie, s\u2019est fait octroyer 225 hectares de terres dans le village de Djilakh, commune de Sindia, d\u00e9partement de Mbour. Puis, il a suivi toutes les proc\u00e9dures l\u00e9gales pour obtenir un bail, d\u2019abord, et ensuite un titre foncier. C\u2019est au moment o\u00f9, apr\u00e8s avoir consenti de tr\u00e8s gros investissements, il s\u2019appr\u00eatait \u00e0 mettre en valeur cette terre que des individus surgis du diable Vauvert, en tout cas venus de tr\u00e8s loin, lui ont qu\u2019il avait pris la terre de leurs anc\u00eatres ! Sans aucun document administratif, sans rien et alors que l\u2019endroit en question \u00e9tait une terre en friche \u2014 une brousse plut\u00f4t \u2014 jamais exploit\u00e9e, recouverte de baobabs et d\u2019\u00e9pineux, ces gens venus de Ndingler, un village situ\u00e9 \u00e0 6,12 km de l\u2019endroit qu\u2019il revendiquent, ont fait un bruit de tous les diables pour crier \u00e0 la spoliation. Par la magie des r\u00e9seaux sociaux, ce conte passionnant du richissime industriel venu priver de pauvres paysans de leurs terres ancestrales \u2014 autrement dit, qui veut leur \u00f4ter leur maigre pain de la bouche \u2014 a \u00e9mu les S\u00e9n\u00e9galais. Et, au-del\u00e0, le monde entier sans doute.<\/p>\n<p>Surtout avec les images de vieux terreux n\u2019ayant que la peau sur les os qui accompagnaient ce conte. Comment ne pas verser des larmes devant un spectacle aussi path\u00e9tique ? Le S\u00e9n\u00e9gal tout entier des belles \u00e2mes s\u2019\u00e9tait donc \u00e9mu avant de se mobiliser pour crier \u00ab bas les pattes \u00bb et exiger que l\u2019on restitue aux pauvres paysans leur d\u00fb. Dans le cas d\u2019esp\u00e8ce, la raison du plus faible suppos\u00e9 \u00e0 \u00e9t\u00e9 la meilleure alors pourtant que d\u2019ordinaire, c\u2019est plut\u00f4t celle du plus fort qui triomphe ! La raison du mensonge aussi, au d\u00e9triment de celle de la v\u00e9rit\u00e9. Lynch\u00e9 dans les r\u00e9seaux sociaux au cours de ce qui restera comme l\u2019une des campagnes m\u00e9diatiques les plus f\u00e9roces et les plus abjectes \u2014 pour ne pas dire orduri\u00e8res \u2014 de l\u2019histoire de notre pays, M. Babacar Ngom, qui \u00e9tait pourtant dans son droit et avait tous les papiers n\u00e9cessaires, ce dont nos justiciers de salon n\u2019ont pas voulu tenir compte, a \u00e9t\u00e9 oblig\u00e9 de c\u00e9der. A la demande surtout du gouvernement qui, tr\u00e8s sensible \u00e0 tout ce qui est campagne \u2014 f\u00fbt-elle mensong\u00e8re \u2014 sur les r\u00e9seaux sociaux lui a tordu le bras pour l\u2019obliger \u00e0 pr\u00eater une partie de ses terres aux paysans de Ndingler. Ce afin qu\u2019ils puissent cultiver et avoir de quoi se nourrir durant l\u2019hivernage pass\u00e9. Il serait int\u00e9ressant d\u2019aller voir ce que ces braves gens ont produit sur les 60 hectares qui leur ont \u00e9t\u00e9 pr\u00eat\u00e9s\u2026<\/p>\n<p><strong>Comme dans les ranchs am\u00e9ricains !<\/strong><\/p>\n<p>Toujours est-il que ce compromis boiteux r\u00e9alis\u00e9 \u00e0 l\u2019\u00e9poque par l\u2019Etat avait permis de faire baisser la tension. Chacune des deux parties avait alors pu retourner vaquer \u00e0 ses occupations champ\u00eatres et\u2026s\u2019occuper de ses oignons. En fait d\u2019oignons, j\u2019ai eu l\u2019occasion de visiter il y a deux mois, en compagnie de confr\u00e8res et aussi de repr\u00e9sentants de divers groupements socio-professionnels, ce que Babacar Ngom est en train de r\u00e9aliser dans sa ferme de Djilakh (et non pas Ndingler). Ce que j\u2019y ai vu en termes d\u2019engins de labour et d\u2019\u00e9quipements, je pensais que \u00e7a n\u2019existait que dans les ranchs am\u00e9ricains ou dans les fermes sud-africaines. Pour dire que le patron de la Sedima, qui entend faire les choses en grand, a acquis le nec-plus ultra technologique en mati\u00e8re d\u2019agro-business. Pour convaincre les nombreux adeptes de saint-Thomas \u2014 qui ne croient qu\u2019en ce qu\u2019ils touchent \u2014, Babacar Ngom a invit\u00e9 sur place, chaque week-end depuis lors, et peut-\u00eatre m\u00eame avant celui o\u00f9 je m\u2019y suis rendu, des \u00e9chantillons repr\u00e9sentatifs des forces vives de notre pays, notamment des membres du gouvernement (j\u2019y \u00e9tait en m\u00eame temps que le ministre de la Formation professionnelle, Dame Diop), du Parlement, du patronat, des op\u00e9rateurs \u00e9conomiques membres de l\u2019Unacois, des repr\u00e9sentants d\u2019organisations de jeunes, de femmes, des patrons de presse, on l\u2019a dit, des religieux etc.<\/p>\n<p>Avec un seul objectif : leur permettre de voir de leurs propres yeux ce qu\u2019il y fait. Le r\u00e9sultat est d\u2019ores et d\u00e9j\u00e0 stup\u00e9fiant alors m\u00eame que le patron de Sedima n\u2019en est qu\u2019aux pr\u00e9liminaires : d\u00e9j\u00e0, 50 hectares d\u2019oignons ont \u00e9t\u00e9 emblav\u00e9s (\u00e0 40 tonnes le rendement par hectare !), 20.000 pieds de manguiers sont en train d\u2019\u00eatre plant\u00e9s, un syst\u00e8me d\u2019arrosage au goutte \u00e0 goutte et par aspersion ultramoderne est d\u00e9j\u00e0 fonctionnel au grand ravissement des yeux. Surtout, surtout, 300 jeunes gens et femmes mais aussi adultes en provenance principalement du village voisin de Djilakh y travaillent d\u00e9j\u00e0 avec des salaires plus que corrects. Certains parmi ces employ\u00e9s, les plus instruits, ont d\u00e9j\u00e0 \u00e9t\u00e9 form\u00e9s aux m\u00e9tiers de techniciens agricoles et ce sont eux qui conduisent les engins agricoles, font fonctionner le syst\u00e8me hydraulique, s\u2019occupent de l\u2019\u00e9lectricit\u00e9, r\u00e9alisent les p\u00e9rim\u00e8tres\u2026 Des travailleurs qui sont fiers d\u2019avoir quitt\u00e9 le ch\u00f4mage et de gagner dignement leur vie. A terme, ils seront 800 lorsque l\u2019exploitation aura atteint sa vitesse de croisi\u00e8re. Au moment o\u00f9 la cr\u00e9ation d\u2019emplois pour les jeunes est la premi\u00e8re pr\u00e9occupation, si ce n\u2019est obsession, du pr\u00e9sident de la R\u00e9publique, voir un priv\u00e9 s\u00e9n\u00e9galais contribuer \u00e0 la r\u00e9alisation de cet objectif m\u00e9riterait assur\u00e9ment d\u2019\u00eatre encourag\u00e9 !<\/p>\n<p><strong>L\u2019Etat a le devoir de prot\u00e9ger l\u2019investisseur Babacar Ngom au m\u00eame titre que les Chinois de Twyford !<\/strong><\/p>\n<p>H\u00e9las, c\u2019est juste au moment o\u00f9 le projet de la Sedima \u2014 qui va engloutir plusieurs milliards de francs \u2014 est en train de prendre son envol, que des jeunes gens venus de Djilakh, \u00e0 6,2 km, ne cessent depuis quelques jours de multiplier les provocations. Ils exigent le d\u00e9placement de conteneurs dont ils pr\u00e9tendent qu\u2019ils sont pos\u00e9s sur leurs terres ! Or, il suffit de regarder sur Google map pour voir que leur village est tr\u00e8s loin de l\u2019endroit revendiqu\u00e9, qu\u2019entre ce dernier et Dingler, se trouve une immense brousse non exploit\u00e9e o\u00f9 ils pourraient bien r\u00e9aliser toutes les cultures qu\u2019ils voudraient si tant est que tel serait leur dessein. A condition, bien s\u00fbr, qu\u2019ils sachent travailler ! Car enfin, si on a bien compris, ces terres de leurs anc\u00eatres sont l\u00e0 depuis des temps imm\u00e9moriaux et n\u2019ont jamais \u00e9t\u00e9 mises en valeur ! Une richesse de contemplation, en quelque sorte\u2026 Il a fallu qu\u2019un homme d\u2019affaires s\u00e9n\u00e9galais veuille venir exploiter des terres dans cette zone \u2014 qui lui ont \u00e9t\u00e9 c\u00e9d\u00e9es de bonne gr\u00e2ce par les habitants de Djilakh \u2014 pour que des gens venus d\u2019ailleurs se d\u00e9cha\u00eenent et veuillent l\u2019emp\u00eacher de travailler. Comme si on ne voulait pas que des S\u00e9n\u00e9galais exploitent enfin ces vastes \u00e9tendues de terres que poss\u00e8de notre pays et dont il ne tire absolument rien.<\/p>\n<p>Car enfin, quiconque conna\u00eet l\u2019endroit o\u00f9 se trouve la ferme de la Sedima sait qu\u2019elle jouxte une autre exploitation agricole de 300 hectares d\u00e9tenue par un Italien \u2014 il s\u2019agit de l\u2019une des fermes Reva de l\u2019ancien pr\u00e9sident de la R\u00e9publique qui lui a \u00e9t\u00e9 r\u00e9troc\u00e9d\u00e9e. Une exploitation qui n\u2019a cess\u00e9 de s\u2019agrandir depuis \u00e0 coup d\u2019acquisitions sans que cela soul\u00e8ve le moindre probl\u00e8me. Ailleurs \u00e0 travers le territoire national, des Hollandais, des Espagnols, des Indiens, des Marocains poss\u00e8dent des centaines, voire des milliers d\u2019hectares et cela ne d\u00e9range personne. Entendons-nous bien : notre position est que tous les investisseurs susceptibles de mettre en valeur toutes ces terres qui n\u2019ont jamais \u00e9t\u00e9 exploit\u00e9es sont les bienvenus, notre pays ayant besoin de leurs capitaux et de leurs technologies pour mettre en valeur nos terres. Ce qui nous para\u00eet curieux, en revanche, c\u2019est le fait de consid\u00e9rer comme normal que des investisseurs \u00e9trangers aient des terres et de trouver scandaleux qu\u2019un S\u00e9n\u00e9galais puisse lui aussi en disposer pour travailler, employer des compatriotes et contribuer \u00e0 la r\u00e9alisation de l\u2019autosuffisance alimentaire de notre pays. Dans la crise qui couve actuellement \u00e0 Djilakh du fait de provocateurs venus de Dingler, l\u2019Etat a le devoir de faire respecter le droit de propri\u00e9t\u00e9 sans lequel aucun investisseur ne viendra mettre ses billes dans notre pays.<\/p>\n<p>Or, la Sedima poss\u00e8de un titre foncier en bonne et due forme et devrait donc pouvoir jouir tranquillement de son bien. Il est inadmissible que des gens sans le moindre titre de propri\u00e9t\u00e9 viennent violer sa propri\u00e9t\u00e9 impun\u00e9ment pour s\u2019y attaquer \u00e0 ses biens. Les employ\u00e9s de cette entreprise et leur parents de Djilakh \u00e9tant d\u00e9termin\u00e9s \u00e0 d\u00e9fendre co\u00fbte que co\u00fbte leur outil de travail \u2014 ils l\u2019ont prouv\u00e9 hier en chassant manu militari les intrus \u2014, le sang pourrait couler si l\u2019on n\u2019y prend garde. Il y a une semaine, le pr\u00e9sident de la R\u00e9publique a abord\u00e9 en Conseil des ministres la situation qui pr\u00e9vaut \u00e0 l\u2019usine de carreaux de Twyford. D\u2019apr\u00e8s le communiqu\u00e9 du Conseil des ministres, \u00ab Le pr\u00e9sident de la R\u00e9publique a expliqu\u00e9 que TWYFORD est le fruit d\u2019un investissement lourd \u00e0 forte intensit\u00e9 de main d\u2019\u0153uvre et qui contribue \u00e9galement \u00e0 nos efforts d\u2019industrialisation. Il a donc demand\u00e9 au ministre en charge du Travail de se saisir du dossier en vue d\u2019un r\u00e8glement d\u00e9finitif du diff\u00e9rend qui oppose les travailleurs et la direction de l\u2019entreprise \u00bb. Nous lui disons bravo pour s\u2019\u00eatre int\u00e9ress\u00e9 \u00e0 la situation qui pr\u00e9vaut dans cette entreprise appartenant \u00e0 des Chinois et l\u2019invitons, de m\u00eame, \u00e0 pr\u00eater attention \u00e0 ce qui se passe \u00e0 la ferme agricole de Djilakh (et non de Ndingler) o\u00f9 un investisseur s\u00e9n\u00e9galais est emp\u00each\u00e9 de travailler par des provocateurs sans droit ni titre. Au risque de mettre en p\u00e9ril les plus de 300 emplois qui y existent d\u00e9j\u00e0 ainsi que la paix sociale\u2026<\/p>\n<p>(Avec LE TEMOIN)<\/p>\n<div class='share-to-whatsapp-wrapper'><div class='share-on-whsp'>PARTAGER SUR : <\/div><a data-text='PAR MAMADOU OUMAR NDIAYE - L\u2019\u00e9tat doit d\u00e9fendre le projet agricole de la Sedima contre les provocateurs' data-link='https:\/\/www.nettali.com\/2021\/05\/04\/par-mamadou-oumar-ndiaye-letat-doit-defendre-le-projet-agricole-de-la-sedima-contre-les-provocateurs\/' class='whatsapp-button whatsapp-share'>WhatsApp<\/a><div class='clear '><\/div><\/div>","protected":false},"excerpt":{"rendered":"<p>CONTRIBUTION - Il a fallu qu\u2019un homme d\u2019affaires s\u00e9n\u00e9galais veuille venir exploiter des terres dans cette zone \u2014 qui lui ont \u00e9t\u00e9 c\u00e9d\u00e9es de bonne gr\u00e2ce par les habitants de Djilakh \u2014 pour que des gens venus d\u2019ailleurs se d\u00e9cha\u00eenent et veuillent l\u2019emp\u00eacher de travailler. Ce pays qui nous est si cher, le S\u00e9n\u00e9gal, a [&hellip;]<\/p>\n","protected":false},"author":11,"featured_media":9112,"comment_status":"open","ping_status":"open","sticky":false,"template":"","format":"standard","meta":{"_et_pb_use_builder":"","_et_pb_old_content":""},"categories":[23,34933],"tags":[],"yoast_head":"<!-- This site is optimized with the Yoast SEO Premium plugin v17.8 (Yoast SEO v17.8) - https:\/\/yoast.com\/wordpress\/plugins\/seo\/ -->\n<title>PAR MAMADOU OUMAR NDIAYE - L\u2019\u00e9tat doit d\u00e9fendre le projet agricole de la Sedima contre les provocateurs | Nettali.com<\/title>\n<meta name=\"robots\" content=\"index, follow, max-snippet:-1, max-image-preview:large, max-video-preview:-1\" \/>\n<link rel=\"canonical\" href=\"https:\/\/www.nettali.com\/2021\/05\/04\/par-mamadou-oumar-ndiaye-letat-doit-defendre-le-projet-agricole-de-la-sedima-contre-les-provocateurs\/\" \/>\n<meta property=\"og:locale\" content=\"fr_FR\" \/>\n<meta property=\"og:type\" content=\"article\" \/>\n<meta property=\"og:title\" content=\"PAR MAMADOU OUMAR NDIAYE - L\u2019\u00e9tat doit d\u00e9fendre le projet agricole de la Sedima contre les provocateurs\" \/>\n<meta property=\"og:description\" content=\"CONTRIBUTION - Il a fallu qu\u2019un homme d\u2019affaires s\u00e9n\u00e9galais veuille venir exploiter des terres dans cette zone \u2014 qui lui ont \u00e9t\u00e9 c\u00e9d\u00e9es de bonne gr\u00e2ce par les habitants de Djilakh \u2014 pour que des gens venus d\u2019ailleurs se d\u00e9cha\u00eenent et veuillent l\u2019emp\u00eacher de travailler. Ce pays qui nous est si cher, le S\u00e9n\u00e9gal, a [&hellip;]\" \/>\n<meta property=\"og:url\" content=\"https:\/\/www.nettali.com\/2021\/05\/04\/par-mamadou-oumar-ndiaye-letat-doit-defendre-le-projet-agricole-de-la-sedima-contre-les-provocateurs\/\" \/>\n<meta property=\"og:site_name\" content=\"Nettali.com\" \/>\n<meta property=\"article:publisher\" content=\"https:\/\/www.facebook.com\/nettalicom\" \/>\n<meta property=\"article:published_time\" content=\"2021-05-04T20:35:24+00:00\" \/>\n<meta property=\"og:image\" content=\"https:\/\/www.nettali.com\/wp-content\/uploads\/2019\/05\/Mamadou-Oumar-Ndiaye-.jpg\" \/>\n\t<meta property=\"og:image:width\" content=\"652\" \/>\n\t<meta property=\"og:image:height\" content=\"366\" \/>\n<meta name=\"twitter:card\" content=\"summary_large_image\" \/>\n<meta name=\"twitter:label1\" content=\"\u00c9crit par\" \/>\n\t<meta name=\"twitter:data1\" content=\"Thierno Diop\" \/>\n\t<meta name=\"twitter:label2\" content=\"Dur\u00e9e de lecture estim\u00e9e\" \/>\n\t<meta name=\"twitter:data2\" content=\"11 minutes\" \/>\n<script type=\"application\/ld+json\" class=\"yoast-schema-graph\">{\"@context\":\"https:\/\/schema.org\",\"@graph\":[{\"@type\":\"WebSite\",\"@id\":\"https:\/\/www.nettali.com\/#website\",\"url\":\"https:\/\/www.nettali.com\/\",\"name\":\"Nettali.com\",\"description\":\"Le rendez-vous critique du Net\",\"potentialAction\":[{\"@type\":\"SearchAction\",\"target\":{\"@type\":\"EntryPoint\",\"urlTemplate\":\"https:\/\/www.nettali.com\/?s={search_term_string}\"},\"query-input\":\"required name=search_term_string\"}],\"inLanguage\":\"fr-FR\"},{\"@type\":\"ImageObject\",\"@id\":\"https:\/\/www.nettali.com\/2021\/05\/04\/par-mamadou-oumar-ndiaye-letat-doit-defendre-le-projet-agricole-de-la-sedima-contre-les-provocateurs\/#primaryimage\",\"inLanguage\":\"fr-FR\",\"url\":\"https:\/\/www.nettali.com\/wp-content\/uploads\/2019\/05\/Mamadou-Oumar-Ndiaye-.jpg\",\"contentUrl\":\"https:\/\/www.nettali.com\/wp-content\/uploads\/2019\/05\/Mamadou-Oumar-Ndiaye-.jpg\",\"width\":652,\"height\":366},{\"@type\":\"WebPage\",\"@id\":\"https:\/\/www.nettali.com\/2021\/05\/04\/par-mamadou-oumar-ndiaye-letat-doit-defendre-le-projet-agricole-de-la-sedima-contre-les-provocateurs\/#webpage\",\"url\":\"https:\/\/www.nettali.com\/2021\/05\/04\/par-mamadou-oumar-ndiaye-letat-doit-defendre-le-projet-agricole-de-la-sedima-contre-les-provocateurs\/\",\"name\":\"PAR MAMADOU OUMAR NDIAYE - L\\u2019\\u00e9tat doit d\\u00e9fendre le projet agricole de la Sedima contre les provocateurs | Nettali.com\",\"isPartOf\":{\"@id\":\"https:\/\/www.nettali.com\/#website\"},\"primaryImageOfPage\":{\"@id\":\"https:\/\/www.nettali.com\/2021\/05\/04\/par-mamadou-oumar-ndiaye-letat-doit-defendre-le-projet-agricole-de-la-sedima-contre-les-provocateurs\/#primaryimage\"},\"datePublished\":\"2021-05-04T20:35:24+00:00\",\"dateModified\":\"2021-05-04T20:35:24+00:00\",\"author\":{\"@id\":\"https:\/\/www.nettali.com\/#\/schema\/person\/8a06c6bd7b19304cf4bf985862900b5b\"},\"breadcrumb\":{\"@id\":\"https:\/\/www.nettali.com\/2021\/05\/04\/par-mamadou-oumar-ndiaye-letat-doit-defendre-le-projet-agricole-de-la-sedima-contre-les-provocateurs\/#breadcrumb\"},\"inLanguage\":\"fr-FR\",\"potentialAction\":[{\"@type\":\"ReadAction\",\"target\":[\"https:\/\/www.nettali.com\/2021\/05\/04\/par-mamadou-oumar-ndiaye-letat-doit-defendre-le-projet-agricole-de-la-sedima-contre-les-provocateurs\/\"]}]},{\"@type\":\"BreadcrumbList\",\"@id\":\"https:\/\/www.nettali.com\/2021\/05\/04\/par-mamadou-oumar-ndiaye-letat-doit-defendre-le-projet-agricole-de-la-sedima-contre-les-provocateurs\/#breadcrumb\",\"itemListElement\":[{\"@type\":\"ListItem\",\"position\":1,\"name\":\"Accueil\",\"item\":\"https:\/\/www.nettali.com\/\"},{\"@type\":\"ListItem\",\"position\":2,\"name\":\"PAR MAMADOU OUMAR NDIAYE &#8211; L\\u2019\\u00e9tat doit d\\u00e9fendre le projet agricole de la Sedima contre les provocateurs\"}]},{\"@type\":\"Person\",\"@id\":\"https:\/\/www.nettali.com\/#\/schema\/person\/8a06c6bd7b19304cf4bf985862900b5b\",\"name\":\"Thierno Diop\",\"image\":{\"@type\":\"ImageObject\",\"@id\":\"https:\/\/www.nettali.com\/#personlogo\",\"inLanguage\":\"fr-FR\",\"url\":\"https:\/\/secure.gravatar.com\/avatar\/c8ca58550c94fd2ac856d27391a6c866?s=96&d=mm&r=g\",\"contentUrl\":\"https:\/\/secure.gravatar.com\/avatar\/c8ca58550c94fd2ac856d27391a6c866?s=96&d=mm&r=g\",\"caption\":\"Thierno Diop\"},\"sameAs\":[\"https:\/\/nettali.com\"]}]}<\/script>\n<!-- \/ Yoast SEO Premium plugin. -->","yoast_head_json":{"title":"PAR MAMADOU OUMAR NDIAYE - L\u2019\u00e9tat doit d\u00e9fendre le projet agricole de la Sedima contre les provocateurs | Nettali.com","robots":{"index":"index","follow":"follow","max-snippet":"max-snippet:-1","max-image-preview":"max-image-preview:large","max-video-preview":"max-video-preview:-1"},"canonical":"https:\/\/www.nettali.com\/2021\/05\/04\/par-mamadou-oumar-ndiaye-letat-doit-defendre-le-projet-agricole-de-la-sedima-contre-les-provocateurs\/","og_locale":"fr_FR","og_type":"article","og_title":"PAR MAMADOU OUMAR NDIAYE - L\u2019\u00e9tat doit d\u00e9fendre le projet agricole de la Sedima contre les provocateurs","og_description":"CONTRIBUTION - Il a fallu qu\u2019un homme d\u2019affaires s\u00e9n\u00e9galais veuille venir exploiter des terres dans cette zone \u2014 qui lui ont \u00e9t\u00e9 c\u00e9d\u00e9es de bonne gr\u00e2ce par les habitants de Djilakh \u2014 pour que des gens venus d\u2019ailleurs se d\u00e9cha\u00eenent et veuillent l\u2019emp\u00eacher de travailler. Ce pays qui nous est si cher, le S\u00e9n\u00e9gal, a [&hellip;]","og_url":"https:\/\/www.nettali.com\/2021\/05\/04\/par-mamadou-oumar-ndiaye-letat-doit-defendre-le-projet-agricole-de-la-sedima-contre-les-provocateurs\/","og_site_name":"Nettali.com","article_publisher":"https:\/\/www.facebook.com\/nettalicom","article_published_time":"2021-05-04T20:35:24+00:00","og_image":[{"width":652,"height":366,"url":"https:\/\/www.nettali.com\/wp-content\/uploads\/2019\/05\/Mamadou-Oumar-Ndiaye-.jpg","type":"image\/jpeg"}],"twitter_card":"summary_large_image","twitter_misc":{"\u00c9crit par":"Thierno Diop","Dur\u00e9e de lecture estim\u00e9e":"11 minutes"},"schema":{"@context":"https:\/\/schema.org","@graph":[{"@type":"WebSite","@id":"https:\/\/www.nettali.com\/#website","url":"https:\/\/www.nettali.com\/","name":"Nettali.com","description":"Le rendez-vous critique du Net","potentialAction":[{"@type":"SearchAction","target":{"@type":"EntryPoint","urlTemplate":"https:\/\/www.nettali.com\/?s={search_term_string}"},"query-input":"required name=search_term_string"}],"inLanguage":"fr-FR"},{"@type":"ImageObject","@id":"https:\/\/www.nettali.com\/2021\/05\/04\/par-mamadou-oumar-ndiaye-letat-doit-defendre-le-projet-agricole-de-la-sedima-contre-les-provocateurs\/#primaryimage","inLanguage":"fr-FR","url":"https:\/\/www.nettali.com\/wp-content\/uploads\/2019\/05\/Mamadou-Oumar-Ndiaye-.jpg","contentUrl":"https:\/\/www.nettali.com\/wp-content\/uploads\/2019\/05\/Mamadou-Oumar-Ndiaye-.jpg","width":652,"height":366},{"@type":"WebPage","@id":"https:\/\/www.nettali.com\/2021\/05\/04\/par-mamadou-oumar-ndiaye-letat-doit-defendre-le-projet-agricole-de-la-sedima-contre-les-provocateurs\/#webpage","url":"https:\/\/www.nettali.com\/2021\/05\/04\/par-mamadou-oumar-ndiaye-letat-doit-defendre-le-projet-agricole-de-la-sedima-contre-les-provocateurs\/","name":"PAR MAMADOU OUMAR NDIAYE - L\u2019\u00e9tat doit d\u00e9fendre le projet agricole de la Sedima contre les provocateurs | Nettali.com","isPartOf":{"@id":"https:\/\/www.nettali.com\/#website"},"primaryImageOfPage":{"@id":"https:\/\/www.nettali.com\/2021\/05\/04\/par-mamadou-oumar-ndiaye-letat-doit-defendre-le-projet-agricole-de-la-sedima-contre-les-provocateurs\/#primaryimage"},"datePublished":"2021-05-04T20:35:24+00:00","dateModified":"2021-05-04T20:35:24+00:00","author":{"@id":"https:\/\/www.nettali.com\/#\/schema\/person\/8a06c6bd7b19304cf4bf985862900b5b"},"breadcrumb":{"@id":"https:\/\/www.nettali.com\/2021\/05\/04\/par-mamadou-oumar-ndiaye-letat-doit-defendre-le-projet-agricole-de-la-sedima-contre-les-provocateurs\/#breadcrumb"},"inLanguage":"fr-FR","potentialAction":[{"@type":"ReadAction","target":["https:\/\/www.nettali.com\/2021\/05\/04\/par-mamadou-oumar-ndiaye-letat-doit-defendre-le-projet-agricole-de-la-sedima-contre-les-provocateurs\/"]}]},{"@type":"BreadcrumbList","@id":"https:\/\/www.nettali.com\/2021\/05\/04\/par-mamadou-oumar-ndiaye-letat-doit-defendre-le-projet-agricole-de-la-sedima-contre-les-provocateurs\/#breadcrumb","itemListElement":[{"@type":"ListItem","position":1,"name":"Accueil","item":"https:\/\/www.nettali.com\/"},{"@type":"ListItem","position":2,"name":"PAR MAMADOU OUMAR NDIAYE &#8211; L\u2019\u00e9tat doit d\u00e9fendre le projet agricole de la Sedima contre les provocateurs"}]},{"@type":"Person","@id":"https:\/\/www.nettali.com\/#\/schema\/person\/8a06c6bd7b19304cf4bf985862900b5b","name":"Thierno Diop","image":{"@type":"ImageObject","@id":"https:\/\/www.nettali.com\/#personlogo","inLanguage":"fr-FR","url":"https:\/\/secure.gravatar.com\/avatar\/c8ca58550c94fd2ac856d27391a6c866?s=96&d=mm&r=g","contentUrl":"https:\/\/secure.gravatar.com\/avatar\/c8ca58550c94fd2ac856d27391a6c866?s=96&d=mm&r=g","caption":"Thierno Diop"},"sameAs":["https:\/\/nettali.com"]}]}},"_links":{"self":[{"href":"https:\/\/www.nettali.com\/rest\/wp\/v2\/posts\/63290"}],"collection":[{"href":"https:\/\/www.nettali.com\/rest\/wp\/v2\/posts"}],"about":[{"href":"https:\/\/www.nettali.com\/rest\/wp\/v2\/types\/post"}],"author":[{"embeddable":true,"href":"https:\/\/www.nettali.com\/rest\/wp\/v2\/users\/11"}],"replies":[{"embeddable":true,"href":"https:\/\/www.nettali.com\/rest\/wp\/v2\/comments?post=63290"}],"version-history":[{"count":1,"href":"https:\/\/www.nettali.com\/rest\/wp\/v2\/posts\/63290\/revisions"}],"predecessor-version":[{"id":63291,"href":"https:\/\/www.nettali.com\/rest\/wp\/v2\/posts\/63290\/revisions\/63291"}],"wp:featuredmedia":[{"embeddable":true,"href":"https:\/\/www.nettali.com\/rest\/wp\/v2\/media\/9112"}],"wp:attachment":[{"href":"https:\/\/www.nettali.com\/rest\/wp\/v2\/media?parent=63290"}],"wp:term":[{"taxonomy":"category","embeddable":true,"href":"https:\/\/www.nettali.com\/rest\/wp\/v2\/categories?post=63290"},{"taxonomy":"post_tag","embeddable":true,"href":"https:\/\/www.nettali.com\/rest\/wp\/v2\/tags?post=63290"}],"curies":[{"name":"wp","href":"https:\/\/api.w.org\/{rel}","templated":true}]}}