{"id":63233,"date":"2021-05-04T01:43:27","date_gmt":"2021-05-04T01:43:27","guid":{"rendered":"https:\/\/www.nettali.com\/?p=63233"},"modified":"2021-05-04T19:16:02","modified_gmt":"2021-05-04T19:16:02","slug":"ndengler-plusieurs-blesses-dans-des-affrontements-entre-villageois-et-employes-de-babacar-ngom","status":"publish","type":"post","link":"https:\/\/www.nettali.com\/2021\/05\/04\/ndengler-plusieurs-blesses-dans-des-affrontements-entre-villageois-et-employes-de-babacar-ngom\/","title":{"rendered":"NDENGLER - \"Plusieurs bless\u00e9s\" dans des affrontements entre villageois et employ\u00e9s de Babacar Ngom"},"content":{"rendered":"<p><strong>NETTALI.COM - Ce n\u2019est pas le calme \u00e0 Ndengeler. Les habitants de ce village situ\u00e9 dans la commune de Ndiaganiao et les agents de s\u00e9curit\u00e9 du patron de Sedima se sont affront\u00e9s ce lundi. Et, plusieurs bless\u00e9s ont \u00e9t\u00e9 d\u00e9nombr\u00e9s.<\/strong><\/p>\n<p>Apr\u00e8s une accalmie de quelques mois, les d\u00e9mons de la division ressurgissent \u00e0 Ndengeler. Ce village a \u00e9t\u00e9 encore \u00e9t\u00e9 le th\u00e9\u00e2tre de violents affrontements entre les populations autochtones et les agents de s\u00e9curit\u00e9 de Babacar Ngom. Des affrontements qui n\u2019ont pas \u00e9t\u00e9 sans cons\u00e9quences. Ils ont occasionn\u00e9 plusieurs bless\u00e9s dont certains dans un \u00e9tat grave. C'est du moins ce que soutient Bassirou Diomaye Faye de Pastef\u00a0 et habitant de la zone. Qu\u2019est-ce qui a pu faire rena\u00eetre le conflit de ses cendres ?<\/p>\n<p>Selon des sources, des paysans se sont rendus, ce lundi, aux champs pour effectuer le travail de d\u00e9sherbage. Ils se sont heurt\u00e9s \u00e0 la haie de s\u00e9curit\u00e9 dress\u00e9e par les agents d\u00e9ploy\u00e9s par Babacar Ngom. Les deux parties se regardent en chiens de fa\u00efence. Les minutes s\u2019\u00e9gr\u00e8nent, les nerfs deviennent de plus en plus tendus. Vite, les choses d\u00e9g\u00e9n\u00e8rent. Les deux parties en viennent aux mains. \"<em>Voil\u00e0 ce que donnent de fausses solutions \u00e0 un vrai probl\u00e8me que le gouvernement a cr\u00e9\u00e9 et qu'il laisse pourrir en attendant qu'une trag\u00e9die survienne pour jouer le m\u00e9decin apr\u00e8s la mort. Il est encore possible d'\u00e9viter un drame\",<\/em> a \u00e9crit Bassirou Diomaye Faye sur sa page facebook. Il demande \u00e0 l\u2019Etat d\u2019intervenir pour une r\u00e9solution d\u00e9finitive du conflit.<\/p>\n<p>Toutefois, du c\u00f4t\u00e9 de la Sedima, on explique qu'il s'agit plut\u00f4t d'affrontements entre quelques villageois de Ndengeler et des jeunes de Djilakh travaillant dans les champs de Babacar Ngom. La gendarmerie a d\u00e9ploy\u00e9 deux pelotons pour calmer les esprits.<\/p>\n<p>Les villageois de Ndingler accusent le patron du Groupe Sedima de vouloir faire main basse sur presque 75 hectares de leurs terres pour y d\u00e9velopper son projet d\u2019agrobusiness.<\/p>\n<div class='share-to-whatsapp-wrapper'><div class='share-on-whsp'>PARTAGER SUR : <\/div><a data-text='NDENGLER - \"Plusieurs bless\u00e9s\" dans des affrontements entre villageois et employ\u00e9s de Babacar Ngom' data-link='https:\/\/www.nettali.com\/2021\/05\/04\/ndengler-plusieurs-blesses-dans-des-affrontements-entre-villageois-et-employes-de-babacar-ngom\/' class='whatsapp-button whatsapp-share'>WhatsApp<\/a><div class='clear '><\/div><\/div>","protected":false},"excerpt":{"rendered":"<p>NETTALI.COM - Ce n\u2019est pas le calme \u00e0 Ndengeler. Les habitants de ce village situ\u00e9 dans la commune de Ndiaganiao et les agents de s\u00e9curit\u00e9 du patron de Sedima se sont affront\u00e9s ce lundi. Et, plusieurs bless\u00e9s ont \u00e9t\u00e9 d\u00e9nombr\u00e9s. Apr\u00e8s une accalmie de quelques mois, les d\u00e9mons de la division ressurgissent \u00e0 Ndengeler. Ce [&hellip;]<\/p>\n","protected":false},"author":6,"featured_media":63244,"comment_status":"open","ping_status":"open","sticky":false,"template":"","format":"standard","meta":{"_et_pb_use_builder":"","_et_pb_old_content":""},"categories":[3],"tags":[],"yoast_head":"<!-- This site is optimized with the Yoast SEO Premium plugin v17.8 (Yoast SEO v17.8) - https:\/\/yoast.com\/wordpress\/plugins\/seo\/ -->\n<title>NDENGLER - &quot;Plusieurs bless\u00e9s&quot; dans des affrontements entre villageois et employ\u00e9s de Babacar Ngom | Nettali.com<\/title>\n<meta name=\"robots\" content=\"index, follow, max-snippet:-1, max-image-preview:large, max-video-preview:-1\" \/>\n<link rel=\"canonical\" href=\"https:\/\/www.nettali.com\/2021\/05\/04\/ndengler-plusieurs-blesses-dans-des-affrontements-entre-villageois-et-employes-de-babacar-ngom\/\" \/>\n<meta property=\"og:locale\" content=\"fr_FR\" \/>\n<meta property=\"og:type\" content=\"article\" \/>\n<meta property=\"og:title\" content=\"NDENGLER - &quot;Plusieurs bless\u00e9s&quot; dans des affrontements entre villageois et employ\u00e9s de Babacar Ngom\" \/>\n<meta property=\"og:description\" content=\"NETTALI.COM - Ce n\u2019est pas le calme \u00e0 Ndengeler. Les habitants de ce village situ\u00e9 dans la commune de Ndiaganiao et les agents de s\u00e9curit\u00e9 du patron de Sedima se sont affront\u00e9s ce lundi. Et, plusieurs bless\u00e9s ont \u00e9t\u00e9 d\u00e9nombr\u00e9s. Apr\u00e8s une accalmie de quelques mois, les d\u00e9mons de la division ressurgissent \u00e0 Ndengeler. Ce [&hellip;]\" \/>\n<meta property=\"og:url\" content=\"https:\/\/www.nettali.com\/2021\/05\/04\/ndengler-plusieurs-blesses-dans-des-affrontements-entre-villageois-et-employes-de-babacar-ngom\/\" \/>\n<meta property=\"og:site_name\" content=\"Nettali.com\" \/>\n<meta property=\"article:publisher\" content=\"https:\/\/www.facebook.com\/nettalicom\" \/>\n<meta property=\"article:published_time\" content=\"2021-05-04T01:43:27+00:00\" \/>\n<meta property=\"article:modified_time\" content=\"2021-05-04T19:16:02+00:00\" \/>\n<meta property=\"og:image\" content=\"https:\/\/www.nettali.com\/wp-content\/uploads\/2021\/05\/ALY.jpeg\" \/>\n\t<meta property=\"og:image:width\" content=\"678\" \/>\n\t<meta property=\"og:image:height\" content=\"381\" \/>\n<meta name=\"twitter:card\" content=\"summary_large_image\" \/>\n<meta name=\"twitter:label1\" content=\"\u00c9crit par\" \/>\n\t<meta name=\"twitter:data1\" content=\"Fatou\" \/>\n\t<meta name=\"twitter:label2\" content=\"Dur\u00e9e de lecture estim\u00e9e\" \/>\n\t<meta name=\"twitter:data2\" content=\"2 minutes\" \/>\n<script type=\"application\/ld+json\" class=\"yoast-schema-graph\">{\"@context\":\"https:\/\/schema.org\",\"@graph\":[{\"@type\":\"WebSite\",\"@id\":\"https:\/\/www.nettali.com\/#website\",\"url\":\"https:\/\/www.nettali.com\/\",\"name\":\"Nettali.com\",\"description\":\"Le rendez-vous critique du Net\",\"potentialAction\":[{\"@type\":\"SearchAction\",\"target\":{\"@type\":\"EntryPoint\",\"urlTemplate\":\"https:\/\/www.nettali.com\/?s={search_term_string}\"},\"query-input\":\"required name=search_term_string\"}],\"inLanguage\":\"fr-FR\"},{\"@type\":\"ImageObject\",\"@id\":\"https:\/\/www.nettali.com\/2021\/05\/04\/ndengler-plusieurs-blesses-dans-des-affrontements-entre-villageois-et-employes-de-babacar-ngom\/#primaryimage\",\"inLanguage\":\"fr-FR\",\"url\":\"https:\/\/www.nettali.com\/wp-content\/uploads\/2021\/05\/ALY.jpeg\",\"contentUrl\":\"https:\/\/www.nettali.com\/wp-content\/uploads\/2021\/05\/ALY.jpeg\",\"width\":678,\"height\":381},{\"@type\":\"WebPage\",\"@id\":\"https:\/\/www.nettali.com\/2021\/05\/04\/ndengler-plusieurs-blesses-dans-des-affrontements-entre-villageois-et-employes-de-babacar-ngom\/#webpage\",\"url\":\"https:\/\/www.nettali.com\/2021\/05\/04\/ndengler-plusieurs-blesses-dans-des-affrontements-entre-villageois-et-employes-de-babacar-ngom\/\",\"name\":\"NDENGLER - \\\"Plusieurs bless\\u00e9s\\\" dans des affrontements entre villageois et employ\\u00e9s de Babacar Ngom | Nettali.com\",\"isPartOf\":{\"@id\":\"https:\/\/www.nettali.com\/#website\"},\"primaryImageOfPage\":{\"@id\":\"https:\/\/www.nettali.com\/2021\/05\/04\/ndengler-plusieurs-blesses-dans-des-affrontements-entre-villageois-et-employes-de-babacar-ngom\/#primaryimage\"},\"datePublished\":\"2021-05-04T01:43:27+00:00\",\"dateModified\":\"2021-05-04T19:16:02+00:00\",\"author\":{\"@id\":\"https:\/\/www.nettali.com\/#\/schema\/person\/418274a86bdf87caff7a3ef476bd0bbf\"},\"breadcrumb\":{\"@id\":\"https:\/\/www.nettali.com\/2021\/05\/04\/ndengler-plusieurs-blesses-dans-des-affrontements-entre-villageois-et-employes-de-babacar-ngom\/#breadcrumb\"},\"inLanguage\":\"fr-FR\",\"potentialAction\":[{\"@type\":\"ReadAction\",\"target\":[\"https:\/\/www.nettali.com\/2021\/05\/04\/ndengler-plusieurs-blesses-dans-des-affrontements-entre-villageois-et-employes-de-babacar-ngom\/\"]}]},{\"@type\":\"BreadcrumbList\",\"@id\":\"https:\/\/www.nettali.com\/2021\/05\/04\/ndengler-plusieurs-blesses-dans-des-affrontements-entre-villageois-et-employes-de-babacar-ngom\/#breadcrumb\",\"itemListElement\":[{\"@type\":\"ListItem\",\"position\":1,\"name\":\"Accueil\",\"item\":\"https:\/\/www.nettali.com\/\"},{\"@type\":\"ListItem\",\"position\":2,\"name\":\"NDENGLER &#8211; \\u00ab\\u00a0Plusieurs bless\\u00e9s\\u00a0\\u00bb dans des affrontements entre villageois et employ\\u00e9s de Babacar Ngom\"}]},{\"@type\":\"Person\",\"@id\":\"https:\/\/www.nettali.com\/#\/schema\/person\/418274a86bdf87caff7a3ef476bd0bbf\",\"name\":\"Fatou\",\"image\":{\"@type\":\"ImageObject\",\"@id\":\"https:\/\/www.nettali.com\/#personlogo\",\"inLanguage\":\"fr-FR\",\"url\":\"https:\/\/secure.gravatar.com\/avatar\/5a9442a2bee7b4dcf167cab035858e9a?s=96&d=mm&r=g\",\"contentUrl\":\"https:\/\/secure.gravatar.com\/avatar\/5a9442a2bee7b4dcf167cab035858e9a?s=96&d=mm&r=g\",\"caption\":\"Fatou\"},\"sameAs\":[\"https:\/\/www.nettali.com\"]}]}<\/script>\n<!-- \/ Yoast SEO Premium plugin. -->","yoast_head_json":{"title":"NDENGLER - \"Plusieurs bless\u00e9s\" dans des affrontements entre villageois et employ\u00e9s de Babacar Ngom | Nettali.com","robots":{"index":"index","follow":"follow","max-snippet":"max-snippet:-1","max-image-preview":"max-image-preview:large","max-video-preview":"max-video-preview:-1"},"canonical":"https:\/\/www.nettali.com\/2021\/05\/04\/ndengler-plusieurs-blesses-dans-des-affrontements-entre-villageois-et-employes-de-babacar-ngom\/","og_locale":"fr_FR","og_type":"article","og_title":"NDENGLER - \"Plusieurs bless\u00e9s\" dans des affrontements entre villageois et employ\u00e9s de Babacar Ngom","og_description":"NETTALI.COM - Ce n\u2019est pas le calme \u00e0 Ndengeler. Les habitants de ce village situ\u00e9 dans la commune de Ndiaganiao et les agents de s\u00e9curit\u00e9 du patron de Sedima se sont affront\u00e9s ce lundi. Et, plusieurs bless\u00e9s ont \u00e9t\u00e9 d\u00e9nombr\u00e9s. Apr\u00e8s une accalmie de quelques mois, les d\u00e9mons de la division ressurgissent \u00e0 Ndengeler. Ce [&hellip;]","og_url":"https:\/\/www.nettali.com\/2021\/05\/04\/ndengler-plusieurs-blesses-dans-des-affrontements-entre-villageois-et-employes-de-babacar-ngom\/","og_site_name":"Nettali.com","article_publisher":"https:\/\/www.facebook.com\/nettalicom","article_published_time":"2021-05-04T01:43:27+00:00","article_modified_time":"2021-05-04T19:16:02+00:00","og_image":[{"width":678,"height":381,"url":"https:\/\/www.nettali.com\/wp-content\/uploads\/2021\/05\/ALY.jpeg","type":"image\/jpeg"}],"twitter_card":"summary_large_image","twitter_misc":{"\u00c9crit par":"Fatou","Dur\u00e9e de lecture estim\u00e9e":"2 minutes"},"schema":{"@context":"https:\/\/schema.org","@graph":[{"@type":"WebSite","@id":"https:\/\/www.nettali.com\/#website","url":"https:\/\/www.nettali.com\/","name":"Nettali.com","description":"Le rendez-vous critique du Net","potentialAction":[{"@type":"SearchAction","target":{"@type":"EntryPoint","urlTemplate":"https:\/\/www.nettali.com\/?s={search_term_string}"},"query-input":"required name=search_term_string"}],"inLanguage":"fr-FR"},{"@type":"ImageObject","@id":"https:\/\/www.nettali.com\/2021\/05\/04\/ndengler-plusieurs-blesses-dans-des-affrontements-entre-villageois-et-employes-de-babacar-ngom\/#primaryimage","inLanguage":"fr-FR","url":"https:\/\/www.nettali.com\/wp-content\/uploads\/2021\/05\/ALY.jpeg","contentUrl":"https:\/\/www.nettali.com\/wp-content\/uploads\/2021\/05\/ALY.jpeg","width":678,"height":381},{"@type":"WebPage","@id":"https:\/\/www.nettali.com\/2021\/05\/04\/ndengler-plusieurs-blesses-dans-des-affrontements-entre-villageois-et-employes-de-babacar-ngom\/#webpage","url":"https:\/\/www.nettali.com\/2021\/05\/04\/ndengler-plusieurs-blesses-dans-des-affrontements-entre-villageois-et-employes-de-babacar-ngom\/","name":"NDENGLER - \"Plusieurs bless\u00e9s\" dans des affrontements entre villageois et employ\u00e9s de Babacar Ngom | Nettali.com","isPartOf":{"@id":"https:\/\/www.nettali.com\/#website"},"primaryImageOfPage":{"@id":"https:\/\/www.nettali.com\/2021\/05\/04\/ndengler-plusieurs-blesses-dans-des-affrontements-entre-villageois-et-employes-de-babacar-ngom\/#primaryimage"},"datePublished":"2021-05-04T01:43:27+00:00","dateModified":"2021-05-04T19:16:02+00:00","author":{"@id":"https:\/\/www.nettali.com\/#\/schema\/person\/418274a86bdf87caff7a3ef476bd0bbf"},"breadcrumb":{"@id":"https:\/\/www.nettali.com\/2021\/05\/04\/ndengler-plusieurs-blesses-dans-des-affrontements-entre-villageois-et-employes-de-babacar-ngom\/#breadcrumb"},"inLanguage":"fr-FR","potentialAction":[{"@type":"ReadAction","target":["https:\/\/www.nettali.com\/2021\/05\/04\/ndengler-plusieurs-blesses-dans-des-affrontements-entre-villageois-et-employes-de-babacar-ngom\/"]}]},{"@type":"BreadcrumbList","@id":"https:\/\/www.nettali.com\/2021\/05\/04\/ndengler-plusieurs-blesses-dans-des-affrontements-entre-villageois-et-employes-de-babacar-ngom\/#breadcrumb","itemListElement":[{"@type":"ListItem","position":1,"name":"Accueil","item":"https:\/\/www.nettali.com\/"},{"@type":"ListItem","position":2,"name":"NDENGLER &#8211; \u00ab\u00a0Plusieurs bless\u00e9s\u00a0\u00bb dans des affrontements entre villageois et employ\u00e9s de Babacar Ngom"}]},{"@type":"Person","@id":"https:\/\/www.nettali.com\/#\/schema\/person\/418274a86bdf87caff7a3ef476bd0bbf","name":"Fatou","image":{"@type":"ImageObject","@id":"https:\/\/www.nettali.com\/#personlogo","inLanguage":"fr-FR","url":"https:\/\/secure.gravatar.com\/avatar\/5a9442a2bee7b4dcf167cab035858e9a?s=96&d=mm&r=g","contentUrl":"https:\/\/secure.gravatar.com\/avatar\/5a9442a2bee7b4dcf167cab035858e9a?s=96&d=mm&r=g","caption":"Fatou"},"sameAs":["https:\/\/www.nettali.com"]}]}},"_links":{"self":[{"href":"https:\/\/www.nettali.com\/rest\/wp\/v2\/posts\/63233"}],"collection":[{"href":"https:\/\/www.nettali.com\/rest\/wp\/v2\/posts"}],"about":[{"href":"https:\/\/www.nettali.com\/rest\/wp\/v2\/types\/post"}],"author":[{"embeddable":true,"href":"https:\/\/www.nettali.com\/rest\/wp\/v2\/users\/6"}],"replies":[{"embeddable":true,"href":"https:\/\/www.nettali.com\/rest\/wp\/v2\/comments?post=63233"}],"version-history":[{"count":3,"href":"https:\/\/www.nettali.com\/rest\/wp\/v2\/posts\/63233\/revisions"}],"predecessor-version":[{"id":63245,"href":"https:\/\/www.nettali.com\/rest\/wp\/v2\/posts\/63233\/revisions\/63245"}],"wp:featuredmedia":[{"embeddable":true,"href":"https:\/\/www.nettali.com\/rest\/wp\/v2\/media\/63244"}],"wp:attachment":[{"href":"https:\/\/www.nettali.com\/rest\/wp\/v2\/media?parent=63233"}],"wp:term":[{"taxonomy":"category","embeddable":true,"href":"https:\/\/www.nettali.com\/rest\/wp\/v2\/categories?post=63233"},{"taxonomy":"post_tag","embeddable":true,"href":"https:\/\/www.nettali.com\/rest\/wp\/v2\/tags?post=63233"}],"curies":[{"name":"wp","href":"https:\/\/api.w.org\/{rel}","templated":true}]}}