{"id":63229,"date":"2021-05-04T01:31:42","date_gmt":"2021-05-04T01:31:42","guid":{"rendered":"https:\/\/www.nettali.com\/?p=63229"},"modified":"2021-05-04T01:31:42","modified_gmt":"2021-05-04T01:31:42","slug":"marche-avortee-des-soldats-mutiles-de-guerre-plusieurs-manifestants-arretes","status":"publish","type":"post","link":"https:\/\/www.nettali.com\/2021\/05\/04\/marche-avortee-des-soldats-mutiles-de-guerre-plusieurs-manifestants-arretes\/","title":{"rendered":"MARCHE AVORTEE DES SOLDATS MUTILES DE GUERRE - Plusieurs manifestants arr\u00eat\u00e9s"},"content":{"rendered":"<p><strong>NETTALI.COM - Plusieurs soldats mutil\u00e9s de guerre qui voulaient marcher ce lundi jusqu\u2019au palais de la R\u00e9publique, ont \u00e9t\u00e9 stopp\u00e9s net par les forces de l\u2019ordre, \u00e0 hauteur du si\u00e8ge de la Soci\u00e9t\u00e9 g\u00e9n\u00e9rale, sise sur l\u2019ex avenue Roume. Plusieurs d\u2019entre eux ont \u00e9t\u00e9 arr\u00eat\u00e9s.<\/strong><\/p>\n<p>Des anciens soldats mutil\u00e9s de guerre ont manifest\u00e9 ce lundi matin \u00e0 la Place de l\u2019Ob\u00e9lisque. Ces militaires invalides r\u00e9clament, entre autres, la revalorisation de leur pension, leur r\u00e9insertion sociale, la gratuit\u00e9 du transport et des v\u00e9hicules pour les militaires invalides.<\/p>\n<p>\"<em>On a \u00e9t\u00e9 bloqu\u00e9 il y a 1 heure 30mn. Pour le moment, on est en train de parler avec le Pr\u00e9fet, le sous-pr\u00e9fet et le gouverneur du Palais<\/em>\", a fait savoir le porte-parole du regroupement des anciens militaires mutil\u00e9s de guerre et grands bless\u00e9s de guerre du S\u00e9n\u00e9gal, Ameth Sy.<\/p>\n<div class='share-to-whatsapp-wrapper'><div class='share-on-whsp'>PARTAGER SUR : <\/div><a data-text='MARCHE AVORTEE DES SOLDATS MUTILES DE GUERRE - Plusieurs manifestants arr\u00eat\u00e9s' data-link='https:\/\/www.nettali.com\/2021\/05\/04\/marche-avortee-des-soldats-mutiles-de-guerre-plusieurs-manifestants-arretes\/' class='whatsapp-button whatsapp-share'>WhatsApp<\/a><div class='clear '><\/div><\/div>","protected":false},"excerpt":{"rendered":"<p>NETTALI.COM - Plusieurs soldats mutil\u00e9s de guerre qui voulaient marcher ce lundi jusqu\u2019au palais de la R\u00e9publique, ont \u00e9t\u00e9 stopp\u00e9s net par les forces de l\u2019ordre, \u00e0 hauteur du si\u00e8ge de la Soci\u00e9t\u00e9 g\u00e9n\u00e9rale, sise sur l\u2019ex avenue Roume. Plusieurs d\u2019entre eux ont \u00e9t\u00e9 arr\u00eat\u00e9s. Des anciens soldats mutil\u00e9s de guerre ont manifest\u00e9 ce lundi [&hellip;]<\/p>\n","protected":false},"author":5,"featured_media":63222,"comment_status":"open","ping_status":"open","sticky":false,"template":"","format":"standard","meta":{"_et_pb_use_builder":"","_et_pb_old_content":""},"categories":[3],"tags":[],"yoast_head":"<!-- This site is optimized with the Yoast SEO Premium plugin v17.8 (Yoast SEO v17.8) - https:\/\/yoast.com\/wordpress\/plugins\/seo\/ -->\n<title>MARCHE AVORTEE DES SOLDATS MUTILES DE GUERRE - Plusieurs manifestants arr\u00eat\u00e9s | Nettali.com<\/title>\n<meta name=\"robots\" content=\"index, follow, max-snippet:-1, max-image-preview:large, max-video-preview:-1\" \/>\n<link rel=\"canonical\" href=\"https:\/\/www.nettali.com\/2021\/05\/04\/marche-avortee-des-soldats-mutiles-de-guerre-plusieurs-manifestants-arretes\/\" \/>\n<meta property=\"og:locale\" content=\"fr_FR\" \/>\n<meta property=\"og:type\" content=\"article\" \/>\n<meta property=\"og:title\" content=\"MARCHE AVORTEE DES SOLDATS MUTILES DE GUERRE - Plusieurs manifestants arr\u00eat\u00e9s\" \/>\n<meta property=\"og:description\" content=\"NETTALI.COM - Plusieurs soldats mutil\u00e9s de guerre qui voulaient marcher ce lundi jusqu\u2019au palais de la R\u00e9publique, ont \u00e9t\u00e9 stopp\u00e9s net par les forces de l\u2019ordre, \u00e0 hauteur du si\u00e8ge de la Soci\u00e9t\u00e9 g\u00e9n\u00e9rale, sise sur l\u2019ex avenue Roume. Plusieurs d\u2019entre eux ont \u00e9t\u00e9 arr\u00eat\u00e9s. Des anciens soldats mutil\u00e9s de guerre ont manifest\u00e9 ce lundi [&hellip;]\" \/>\n<meta property=\"og:url\" content=\"https:\/\/www.nettali.com\/2021\/05\/04\/marche-avortee-des-soldats-mutiles-de-guerre-plusieurs-manifestants-arretes\/\" \/>\n<meta property=\"og:site_name\" content=\"Nettali.com\" \/>\n<meta property=\"article:publisher\" content=\"https:\/\/www.facebook.com\/nettalicom\" \/>\n<meta property=\"article:published_time\" content=\"2021-05-04T01:31:42+00:00\" \/>\n<meta property=\"og:image\" content=\"https:\/\/www.nettali.com\/wp-content\/uploads\/2021\/05\/Touba-Un-v\u00e9hicule-de-Police-qui-transportait-des-d\u00e9tenus-d\u00e9rape-et-fait-1-mort.jpg\" \/>\n\t<meta property=\"og:image:width\" content=\"664\" \/>\n\t<meta property=\"og:image:height\" content=\"372\" \/>\n<meta name=\"twitter:card\" content=\"summary_large_image\" \/>\n<meta name=\"twitter:label1\" content=\"\u00c9crit par\" \/>\n\t<meta name=\"twitter:data1\" content=\"Ibrahima\" \/>\n\t<meta name=\"twitter:label2\" content=\"Dur\u00e9e de lecture estim\u00e9e\" \/>\n\t<meta name=\"twitter:data2\" content=\"1 minute\" \/>\n<script type=\"application\/ld+json\" class=\"yoast-schema-graph\">{\"@context\":\"https:\/\/schema.org\",\"@graph\":[{\"@type\":\"WebSite\",\"@id\":\"https:\/\/www.nettali.com\/#website\",\"url\":\"https:\/\/www.nettali.com\/\",\"name\":\"Nettali.com\",\"description\":\"Le rendez-vous critique du Net\",\"potentialAction\":[{\"@type\":\"SearchAction\",\"target\":{\"@type\":\"EntryPoint\",\"urlTemplate\":\"https:\/\/www.nettali.com\/?s={search_term_string}\"},\"query-input\":\"required name=search_term_string\"}],\"inLanguage\":\"fr-FR\"},{\"@type\":\"ImageObject\",\"@id\":\"https:\/\/www.nettali.com\/2021\/05\/04\/marche-avortee-des-soldats-mutiles-de-guerre-plusieurs-manifestants-arretes\/#primaryimage\",\"inLanguage\":\"fr-FR\",\"url\":\"https:\/\/www.nettali.com\/wp-content\/uploads\/2021\/05\/Touba-Un-v\\u00e9hicule-de-Police-qui-transportait-des-d\\u00e9tenus-d\\u00e9rape-et-fait-1-mort.jpg\",\"contentUrl\":\"https:\/\/www.nettali.com\/wp-content\/uploads\/2021\/05\/Touba-Un-v\\u00e9hicule-de-Police-qui-transportait-des-d\\u00e9tenus-d\\u00e9rape-et-fait-1-mort.jpg\",\"width\":664,\"height\":372},{\"@type\":\"WebPage\",\"@id\":\"https:\/\/www.nettali.com\/2021\/05\/04\/marche-avortee-des-soldats-mutiles-de-guerre-plusieurs-manifestants-arretes\/#webpage\",\"url\":\"https:\/\/www.nettali.com\/2021\/05\/04\/marche-avortee-des-soldats-mutiles-de-guerre-plusieurs-manifestants-arretes\/\",\"name\":\"MARCHE AVORTEE DES SOLDATS MUTILES DE GUERRE - Plusieurs manifestants arr\\u00eat\\u00e9s | Nettali.com\",\"isPartOf\":{\"@id\":\"https:\/\/www.nettali.com\/#website\"},\"primaryImageOfPage\":{\"@id\":\"https:\/\/www.nettali.com\/2021\/05\/04\/marche-avortee-des-soldats-mutiles-de-guerre-plusieurs-manifestants-arretes\/#primaryimage\"},\"datePublished\":\"2021-05-04T01:31:42+00:00\",\"dateModified\":\"2021-05-04T01:31:42+00:00\",\"author\":{\"@id\":\"https:\/\/www.nettali.com\/#\/schema\/person\/bb147657c2986240405a608162b9bb23\"},\"breadcrumb\":{\"@id\":\"https:\/\/www.nettali.com\/2021\/05\/04\/marche-avortee-des-soldats-mutiles-de-guerre-plusieurs-manifestants-arretes\/#breadcrumb\"},\"inLanguage\":\"fr-FR\",\"potentialAction\":[{\"@type\":\"ReadAction\",\"target\":[\"https:\/\/www.nettali.com\/2021\/05\/04\/marche-avortee-des-soldats-mutiles-de-guerre-plusieurs-manifestants-arretes\/\"]}]},{\"@type\":\"BreadcrumbList\",\"@id\":\"https:\/\/www.nettali.com\/2021\/05\/04\/marche-avortee-des-soldats-mutiles-de-guerre-plusieurs-manifestants-arretes\/#breadcrumb\",\"itemListElement\":[{\"@type\":\"ListItem\",\"position\":1,\"name\":\"Accueil\",\"item\":\"https:\/\/www.nettali.com\/\"},{\"@type\":\"ListItem\",\"position\":2,\"name\":\"MARCHE AVORTEE DES SOLDATS MUTILES DE GUERRE &#8211; Plusieurs manifestants arr\\u00eat\\u00e9s\"}]},{\"@type\":\"Person\",\"@id\":\"https:\/\/www.nettali.com\/#\/schema\/person\/bb147657c2986240405a608162b9bb23\",\"name\":\"Ibrahima\",\"image\":{\"@type\":\"ImageObject\",\"@id\":\"https:\/\/www.nettali.com\/#personlogo\",\"inLanguage\":\"fr-FR\",\"url\":\"https:\/\/secure.gravatar.com\/avatar\/26a8a81f09f0dd7624c9d5c36c9ba3a2?s=96&d=mm&r=g\",\"contentUrl\":\"https:\/\/secure.gravatar.com\/avatar\/26a8a81f09f0dd7624c9d5c36c9ba3a2?s=96&d=mm&r=g\",\"caption\":\"Ibrahima\"},\"sameAs\":[\"https:\/\/www.nettali.com\"]}]}<\/script>\n<!-- \/ Yoast SEO Premium plugin. -->","yoast_head_json":{"title":"MARCHE AVORTEE DES SOLDATS MUTILES DE GUERRE - Plusieurs manifestants arr\u00eat\u00e9s | Nettali.com","robots":{"index":"index","follow":"follow","max-snippet":"max-snippet:-1","max-image-preview":"max-image-preview:large","max-video-preview":"max-video-preview:-1"},"canonical":"https:\/\/www.nettali.com\/2021\/05\/04\/marche-avortee-des-soldats-mutiles-de-guerre-plusieurs-manifestants-arretes\/","og_locale":"fr_FR","og_type":"article","og_title":"MARCHE AVORTEE DES SOLDATS MUTILES DE GUERRE - Plusieurs manifestants arr\u00eat\u00e9s","og_description":"NETTALI.COM - Plusieurs soldats mutil\u00e9s de guerre qui voulaient marcher ce lundi jusqu\u2019au palais de la R\u00e9publique, ont \u00e9t\u00e9 stopp\u00e9s net par les forces de l\u2019ordre, \u00e0 hauteur du si\u00e8ge de la Soci\u00e9t\u00e9 g\u00e9n\u00e9rale, sise sur l\u2019ex avenue Roume. Plusieurs d\u2019entre eux ont \u00e9t\u00e9 arr\u00eat\u00e9s. Des anciens soldats mutil\u00e9s de guerre ont manifest\u00e9 ce lundi [&hellip;]","og_url":"https:\/\/www.nettali.com\/2021\/05\/04\/marche-avortee-des-soldats-mutiles-de-guerre-plusieurs-manifestants-arretes\/","og_site_name":"Nettali.com","article_publisher":"https:\/\/www.facebook.com\/nettalicom","article_published_time":"2021-05-04T01:31:42+00:00","og_image":[{"width":664,"height":372,"url":"https:\/\/www.nettali.com\/wp-content\/uploads\/2021\/05\/Touba-Un-v\u00e9hicule-de-Police-qui-transportait-des-d\u00e9tenus-d\u00e9rape-et-fait-1-mort.jpg","type":"image\/jpeg"}],"twitter_card":"summary_large_image","twitter_misc":{"\u00c9crit par":"Ibrahima","Dur\u00e9e de lecture estim\u00e9e":"1 minute"},"schema":{"@context":"https:\/\/schema.org","@graph":[{"@type":"WebSite","@id":"https:\/\/www.nettali.com\/#website","url":"https:\/\/www.nettali.com\/","name":"Nettali.com","description":"Le rendez-vous critique du Net","potentialAction":[{"@type":"SearchAction","target":{"@type":"EntryPoint","urlTemplate":"https:\/\/www.nettali.com\/?s={search_term_string}"},"query-input":"required name=search_term_string"}],"inLanguage":"fr-FR"},{"@type":"ImageObject","@id":"https:\/\/www.nettali.com\/2021\/05\/04\/marche-avortee-des-soldats-mutiles-de-guerre-plusieurs-manifestants-arretes\/#primaryimage","inLanguage":"fr-FR","url":"https:\/\/www.nettali.com\/wp-content\/uploads\/2021\/05\/Touba-Un-v\u00e9hicule-de-Police-qui-transportait-des-d\u00e9tenus-d\u00e9rape-et-fait-1-mort.jpg","contentUrl":"https:\/\/www.nettali.com\/wp-content\/uploads\/2021\/05\/Touba-Un-v\u00e9hicule-de-Police-qui-transportait-des-d\u00e9tenus-d\u00e9rape-et-fait-1-mort.jpg","width":664,"height":372},{"@type":"WebPage","@id":"https:\/\/www.nettali.com\/2021\/05\/04\/marche-avortee-des-soldats-mutiles-de-guerre-plusieurs-manifestants-arretes\/#webpage","url":"https:\/\/www.nettali.com\/2021\/05\/04\/marche-avortee-des-soldats-mutiles-de-guerre-plusieurs-manifestants-arretes\/","name":"MARCHE AVORTEE DES SOLDATS MUTILES DE GUERRE - Plusieurs manifestants arr\u00eat\u00e9s | Nettali.com","isPartOf":{"@id":"https:\/\/www.nettali.com\/#website"},"primaryImageOfPage":{"@id":"https:\/\/www.nettali.com\/2021\/05\/04\/marche-avortee-des-soldats-mutiles-de-guerre-plusieurs-manifestants-arretes\/#primaryimage"},"datePublished":"2021-05-04T01:31:42+00:00","dateModified":"2021-05-04T01:31:42+00:00","author":{"@id":"https:\/\/www.nettali.com\/#\/schema\/person\/bb147657c2986240405a608162b9bb23"},"breadcrumb":{"@id":"https:\/\/www.nettali.com\/2021\/05\/04\/marche-avortee-des-soldats-mutiles-de-guerre-plusieurs-manifestants-arretes\/#breadcrumb"},"inLanguage":"fr-FR","potentialAction":[{"@type":"ReadAction","target":["https:\/\/www.nettali.com\/2021\/05\/04\/marche-avortee-des-soldats-mutiles-de-guerre-plusieurs-manifestants-arretes\/"]}]},{"@type":"BreadcrumbList","@id":"https:\/\/www.nettali.com\/2021\/05\/04\/marche-avortee-des-soldats-mutiles-de-guerre-plusieurs-manifestants-arretes\/#breadcrumb","itemListElement":[{"@type":"ListItem","position":1,"name":"Accueil","item":"https:\/\/www.nettali.com\/"},{"@type":"ListItem","position":2,"name":"MARCHE AVORTEE DES SOLDATS MUTILES DE GUERRE &#8211; Plusieurs manifestants arr\u00eat\u00e9s"}]},{"@type":"Person","@id":"https:\/\/www.nettali.com\/#\/schema\/person\/bb147657c2986240405a608162b9bb23","name":"Ibrahima","image":{"@type":"ImageObject","@id":"https:\/\/www.nettali.com\/#personlogo","inLanguage":"fr-FR","url":"https:\/\/secure.gravatar.com\/avatar\/26a8a81f09f0dd7624c9d5c36c9ba3a2?s=96&d=mm&r=g","contentUrl":"https:\/\/secure.gravatar.com\/avatar\/26a8a81f09f0dd7624c9d5c36c9ba3a2?s=96&d=mm&r=g","caption":"Ibrahima"},"sameAs":["https:\/\/www.nettali.com"]}]}},"_links":{"self":[{"href":"https:\/\/www.nettali.com\/rest\/wp\/v2\/posts\/63229"}],"collection":[{"href":"https:\/\/www.nettali.com\/rest\/wp\/v2\/posts"}],"about":[{"href":"https:\/\/www.nettali.com\/rest\/wp\/v2\/types\/post"}],"author":[{"embeddable":true,"href":"https:\/\/www.nettali.com\/rest\/wp\/v2\/users\/5"}],"replies":[{"embeddable":true,"href":"https:\/\/www.nettali.com\/rest\/wp\/v2\/comments?post=63229"}],"version-history":[{"count":3,"href":"https:\/\/www.nettali.com\/rest\/wp\/v2\/posts\/63229\/revisions"}],"predecessor-version":[{"id":63241,"href":"https:\/\/www.nettali.com\/rest\/wp\/v2\/posts\/63229\/revisions\/63241"}],"wp:featuredmedia":[{"embeddable":true,"href":"https:\/\/www.nettali.com\/rest\/wp\/v2\/media\/63222"}],"wp:attachment":[{"href":"https:\/\/www.nettali.com\/rest\/wp\/v2\/media?parent=63229"}],"wp:term":[{"taxonomy":"category","embeddable":true,"href":"https:\/\/www.nettali.com\/rest\/wp\/v2\/categories?post=63229"},{"taxonomy":"post_tag","embeddable":true,"href":"https:\/\/www.nettali.com\/rest\/wp\/v2\/tags?post=63229"}],"curies":[{"name":"wp","href":"https:\/\/api.w.org\/{rel}","templated":true}]}}