{"id":63221,"date":"2021-05-03T20:13:59","date_gmt":"2021-05-03T20:13:59","guid":{"rendered":"https:\/\/www.nettali.com\/?p=63221"},"modified":"2021-05-03T20:13:59","modified_gmt":"2021-05-03T20:13:59","slug":"c1-saison-terminee-pour-gana-gueye","status":"publish","type":"post","link":"https:\/\/www.nettali.com\/2021\/05\/03\/c1-saison-terminee-pour-gana-gueye\/","title":{"rendered":"C1 - Saison termin\u00e9e pour Gana Gu\u00e8ye"},"content":{"rendered":"<p><strong>NETTALI.COM - Exclu lors de la demi-finale aller de C1 face \u00e0 Manchester City, Idrissa Gueye a \u00e9cop\u00e9 de deux matches de suspension. En cas de qualification en finale du PSG, le milieu de terrain s\u00e9n\u00e9galais, qui s'\u00e9tait rendu coupable d'une vilaine faute sur sur \u0130lkay G\u00fcndogan, serait donc absent.<\/strong><\/p>\n<p>A la veille de la demi-finale retour face \u00e0 Manchester City, le PSG a appris une bien mauvaise nouvelle en vue d'une \u00e9ventuelle finale de Ligue des champions. Si le club de la capitale n'est pas vraiment en bonne posture (1-2) avant le match de mercredi soir, Idrissa Gueye, lui, sait d'ores et d\u00e9j\u00e0 que sa campagne de C1 est\u00a0 termin\u00e9e.<\/p>\n<p>Exclu \u00e0 l'aller pour une faute sur \u0130lkay G\u00fcndo\u011fan, le milieu de terrain a \u00e9cop\u00e9 de deux matches de suspension.<\/p>\n<div class='share-to-whatsapp-wrapper'><div class='share-on-whsp'>PARTAGER SUR : <\/div><a data-text='C1 - Saison termin\u00e9e pour Gana Gu\u00e8ye' data-link='https:\/\/www.nettali.com\/2021\/05\/03\/c1-saison-terminee-pour-gana-gueye\/' class='whatsapp-button whatsapp-share'>WhatsApp<\/a><div class='clear '><\/div><\/div>","protected":false},"excerpt":{"rendered":"<p>NETTALI.COM - Exclu lors de la demi-finale aller de C1 face \u00e0 Manchester City, Idrissa Gueye a \u00e9cop\u00e9 de deux matches de suspension. En cas de qualification en finale du PSG, le milieu de terrain s\u00e9n\u00e9galais, qui s'\u00e9tait rendu coupable d'une vilaine faute sur sur \u0130lkay G\u00fcndogan, serait donc absent. A la veille de la [&hellip;]<\/p>\n","protected":false},"author":5,"featured_media":63223,"comment_status":"open","ping_status":"open","sticky":false,"template":"","format":"standard","meta":{"_et_pb_use_builder":"","_et_pb_old_content":""},"categories":[6],"tags":[],"yoast_head":"<!-- This site is optimized with the Yoast SEO Premium plugin v17.8 (Yoast SEO v17.8) - https:\/\/yoast.com\/wordpress\/plugins\/seo\/ -->\n<title>C1 - Saison termin\u00e9e pour Gana Gu\u00e8ye | Nettali.com<\/title>\n<meta name=\"robots\" content=\"index, follow, max-snippet:-1, max-image-preview:large, max-video-preview:-1\" \/>\n<link rel=\"canonical\" href=\"https:\/\/www.nettali.com\/2021\/05\/03\/c1-saison-terminee-pour-gana-gueye\/\" \/>\n<meta property=\"og:locale\" content=\"fr_FR\" \/>\n<meta property=\"og:type\" content=\"article\" \/>\n<meta property=\"og:title\" content=\"C1 - Saison termin\u00e9e pour Gana Gu\u00e8ye\" \/>\n<meta property=\"og:description\" content=\"NETTALI.COM - Exclu lors de la demi-finale aller de C1 face \u00e0 Manchester City, Idrissa Gueye a \u00e9cop\u00e9 de deux matches de suspension. En cas de qualification en finale du PSG, le milieu de terrain s\u00e9n\u00e9galais, qui s&#039;\u00e9tait rendu coupable d&#039;une vilaine faute sur sur \u0130lkay G\u00fcndogan, serait donc absent. A la veille de la [&hellip;]\" \/>\n<meta property=\"og:url\" content=\"https:\/\/www.nettali.com\/2021\/05\/03\/c1-saison-terminee-pour-gana-gueye\/\" \/>\n<meta property=\"og:site_name\" content=\"Nettali.com\" \/>\n<meta property=\"article:publisher\" content=\"https:\/\/www.facebook.com\/nettalicom\" \/>\n<meta property=\"article:published_time\" content=\"2021-05-03T20:13:59+00:00\" \/>\n<meta property=\"og:image\" content=\"https:\/\/www.nettali.com\/wp-content\/uploads\/2021\/05\/Idrissa-Gueye-Rouge-1016347.jpg\" \/>\n\t<meta property=\"og:image:width\" content=\"2048\" \/>\n\t<meta property=\"og:image:height\" content=\"1152\" \/>\n<meta name=\"twitter:card\" content=\"summary_large_image\" \/>\n<meta name=\"twitter:label1\" content=\"\u00c9crit par\" \/>\n\t<meta name=\"twitter:data1\" content=\"Ibrahima\" \/>\n\t<meta name=\"twitter:label2\" content=\"Dur\u00e9e de lecture estim\u00e9e\" \/>\n\t<meta name=\"twitter:data2\" content=\"1 minute\" \/>\n<script type=\"application\/ld+json\" class=\"yoast-schema-graph\">{\"@context\":\"https:\/\/schema.org\",\"@graph\":[{\"@type\":\"WebSite\",\"@id\":\"https:\/\/www.nettali.com\/#website\",\"url\":\"https:\/\/www.nettali.com\/\",\"name\":\"Nettali.com\",\"description\":\"Le rendez-vous critique du Net\",\"potentialAction\":[{\"@type\":\"SearchAction\",\"target\":{\"@type\":\"EntryPoint\",\"urlTemplate\":\"https:\/\/www.nettali.com\/?s={search_term_string}\"},\"query-input\":\"required name=search_term_string\"}],\"inLanguage\":\"fr-FR\"},{\"@type\":\"ImageObject\",\"@id\":\"https:\/\/www.nettali.com\/2021\/05\/03\/c1-saison-terminee-pour-gana-gueye\/#primaryimage\",\"inLanguage\":\"fr-FR\",\"url\":\"https:\/\/www.nettali.com\/wp-content\/uploads\/2021\/05\/Idrissa-Gueye-Rouge-1016347.jpg\",\"contentUrl\":\"https:\/\/www.nettali.com\/wp-content\/uploads\/2021\/05\/Idrissa-Gueye-Rouge-1016347.jpg\",\"width\":2048,\"height\":1152},{\"@type\":\"WebPage\",\"@id\":\"https:\/\/www.nettali.com\/2021\/05\/03\/c1-saison-terminee-pour-gana-gueye\/#webpage\",\"url\":\"https:\/\/www.nettali.com\/2021\/05\/03\/c1-saison-terminee-pour-gana-gueye\/\",\"name\":\"C1 - Saison termin\\u00e9e pour Gana Gu\\u00e8ye | Nettali.com\",\"isPartOf\":{\"@id\":\"https:\/\/www.nettali.com\/#website\"},\"primaryImageOfPage\":{\"@id\":\"https:\/\/www.nettali.com\/2021\/05\/03\/c1-saison-terminee-pour-gana-gueye\/#primaryimage\"},\"datePublished\":\"2021-05-03T20:13:59+00:00\",\"dateModified\":\"2021-05-03T20:13:59+00:00\",\"author\":{\"@id\":\"https:\/\/www.nettali.com\/#\/schema\/person\/bb147657c2986240405a608162b9bb23\"},\"breadcrumb\":{\"@id\":\"https:\/\/www.nettali.com\/2021\/05\/03\/c1-saison-terminee-pour-gana-gueye\/#breadcrumb\"},\"inLanguage\":\"fr-FR\",\"potentialAction\":[{\"@type\":\"ReadAction\",\"target\":[\"https:\/\/www.nettali.com\/2021\/05\/03\/c1-saison-terminee-pour-gana-gueye\/\"]}]},{\"@type\":\"BreadcrumbList\",\"@id\":\"https:\/\/www.nettali.com\/2021\/05\/03\/c1-saison-terminee-pour-gana-gueye\/#breadcrumb\",\"itemListElement\":[{\"@type\":\"ListItem\",\"position\":1,\"name\":\"Accueil\",\"item\":\"https:\/\/www.nettali.com\/\"},{\"@type\":\"ListItem\",\"position\":2,\"name\":\"C1 &#8211; Saison termin\\u00e9e pour Gana Gu\\u00e8ye\"}]},{\"@type\":\"Person\",\"@id\":\"https:\/\/www.nettali.com\/#\/schema\/person\/bb147657c2986240405a608162b9bb23\",\"name\":\"Ibrahima\",\"image\":{\"@type\":\"ImageObject\",\"@id\":\"https:\/\/www.nettali.com\/#personlogo\",\"inLanguage\":\"fr-FR\",\"url\":\"https:\/\/secure.gravatar.com\/avatar\/26a8a81f09f0dd7624c9d5c36c9ba3a2?s=96&d=mm&r=g\",\"contentUrl\":\"https:\/\/secure.gravatar.com\/avatar\/26a8a81f09f0dd7624c9d5c36c9ba3a2?s=96&d=mm&r=g\",\"caption\":\"Ibrahima\"},\"sameAs\":[\"https:\/\/www.nettali.com\"]}]}<\/script>\n<!-- \/ Yoast SEO Premium plugin. -->","yoast_head_json":{"title":"C1 - Saison termin\u00e9e pour Gana Gu\u00e8ye | Nettali.com","robots":{"index":"index","follow":"follow","max-snippet":"max-snippet:-1","max-image-preview":"max-image-preview:large","max-video-preview":"max-video-preview:-1"},"canonical":"https:\/\/www.nettali.com\/2021\/05\/03\/c1-saison-terminee-pour-gana-gueye\/","og_locale":"fr_FR","og_type":"article","og_title":"C1 - Saison termin\u00e9e pour Gana Gu\u00e8ye","og_description":"NETTALI.COM - Exclu lors de la demi-finale aller de C1 face \u00e0 Manchester City, Idrissa Gueye a \u00e9cop\u00e9 de deux matches de suspension. En cas de qualification en finale du PSG, le milieu de terrain s\u00e9n\u00e9galais, qui s'\u00e9tait rendu coupable d'une vilaine faute sur sur \u0130lkay G\u00fcndogan, serait donc absent. A la veille de la [&hellip;]","og_url":"https:\/\/www.nettali.com\/2021\/05\/03\/c1-saison-terminee-pour-gana-gueye\/","og_site_name":"Nettali.com","article_publisher":"https:\/\/www.facebook.com\/nettalicom","article_published_time":"2021-05-03T20:13:59+00:00","og_image":[{"width":2048,"height":1152,"url":"https:\/\/www.nettali.com\/wp-content\/uploads\/2021\/05\/Idrissa-Gueye-Rouge-1016347.jpg","type":"image\/jpeg"}],"twitter_card":"summary_large_image","twitter_misc":{"\u00c9crit par":"Ibrahima","Dur\u00e9e de lecture estim\u00e9e":"1 minute"},"schema":{"@context":"https:\/\/schema.org","@graph":[{"@type":"WebSite","@id":"https:\/\/www.nettali.com\/#website","url":"https:\/\/www.nettali.com\/","name":"Nettali.com","description":"Le rendez-vous critique du Net","potentialAction":[{"@type":"SearchAction","target":{"@type":"EntryPoint","urlTemplate":"https:\/\/www.nettali.com\/?s={search_term_string}"},"query-input":"required name=search_term_string"}],"inLanguage":"fr-FR"},{"@type":"ImageObject","@id":"https:\/\/www.nettali.com\/2021\/05\/03\/c1-saison-terminee-pour-gana-gueye\/#primaryimage","inLanguage":"fr-FR","url":"https:\/\/www.nettali.com\/wp-content\/uploads\/2021\/05\/Idrissa-Gueye-Rouge-1016347.jpg","contentUrl":"https:\/\/www.nettali.com\/wp-content\/uploads\/2021\/05\/Idrissa-Gueye-Rouge-1016347.jpg","width":2048,"height":1152},{"@type":"WebPage","@id":"https:\/\/www.nettali.com\/2021\/05\/03\/c1-saison-terminee-pour-gana-gueye\/#webpage","url":"https:\/\/www.nettali.com\/2021\/05\/03\/c1-saison-terminee-pour-gana-gueye\/","name":"C1 - Saison termin\u00e9e pour Gana Gu\u00e8ye | Nettali.com","isPartOf":{"@id":"https:\/\/www.nettali.com\/#website"},"primaryImageOfPage":{"@id":"https:\/\/www.nettali.com\/2021\/05\/03\/c1-saison-terminee-pour-gana-gueye\/#primaryimage"},"datePublished":"2021-05-03T20:13:59+00:00","dateModified":"2021-05-03T20:13:59+00:00","author":{"@id":"https:\/\/www.nettali.com\/#\/schema\/person\/bb147657c2986240405a608162b9bb23"},"breadcrumb":{"@id":"https:\/\/www.nettali.com\/2021\/05\/03\/c1-saison-terminee-pour-gana-gueye\/#breadcrumb"},"inLanguage":"fr-FR","potentialAction":[{"@type":"ReadAction","target":["https:\/\/www.nettali.com\/2021\/05\/03\/c1-saison-terminee-pour-gana-gueye\/"]}]},{"@type":"BreadcrumbList","@id":"https:\/\/www.nettali.com\/2021\/05\/03\/c1-saison-terminee-pour-gana-gueye\/#breadcrumb","itemListElement":[{"@type":"ListItem","position":1,"name":"Accueil","item":"https:\/\/www.nettali.com\/"},{"@type":"ListItem","position":2,"name":"C1 &#8211; Saison termin\u00e9e pour Gana Gu\u00e8ye"}]},{"@type":"Person","@id":"https:\/\/www.nettali.com\/#\/schema\/person\/bb147657c2986240405a608162b9bb23","name":"Ibrahima","image":{"@type":"ImageObject","@id":"https:\/\/www.nettali.com\/#personlogo","inLanguage":"fr-FR","url":"https:\/\/secure.gravatar.com\/avatar\/26a8a81f09f0dd7624c9d5c36c9ba3a2?s=96&d=mm&r=g","contentUrl":"https:\/\/secure.gravatar.com\/avatar\/26a8a81f09f0dd7624c9d5c36c9ba3a2?s=96&d=mm&r=g","caption":"Ibrahima"},"sameAs":["https:\/\/www.nettali.com"]}]}},"_links":{"self":[{"href":"https:\/\/www.nettali.com\/rest\/wp\/v2\/posts\/63221"}],"collection":[{"href":"https:\/\/www.nettali.com\/rest\/wp\/v2\/posts"}],"about":[{"href":"https:\/\/www.nettali.com\/rest\/wp\/v2\/types\/post"}],"author":[{"embeddable":true,"href":"https:\/\/www.nettali.com\/rest\/wp\/v2\/users\/5"}],"replies":[{"embeddable":true,"href":"https:\/\/www.nettali.com\/rest\/wp\/v2\/comments?post=63221"}],"version-history":[{"count":3,"href":"https:\/\/www.nettali.com\/rest\/wp\/v2\/posts\/63221\/revisions"}],"predecessor-version":[{"id":63226,"href":"https:\/\/www.nettali.com\/rest\/wp\/v2\/posts\/63221\/revisions\/63226"}],"wp:featuredmedia":[{"embeddable":true,"href":"https:\/\/www.nettali.com\/rest\/wp\/v2\/media\/63223"}],"wp:attachment":[{"href":"https:\/\/www.nettali.com\/rest\/wp\/v2\/media?parent=63221"}],"wp:term":[{"taxonomy":"category","embeddable":true,"href":"https:\/\/www.nettali.com\/rest\/wp\/v2\/categories?post=63221"},{"taxonomy":"post_tag","embeddable":true,"href":"https:\/\/www.nettali.com\/rest\/wp\/v2\/tags?post=63221"}],"curies":[{"name":"wp","href":"https:\/\/api.w.org\/{rel}","templated":true}]}}