{"id":63219,"date":"2021-05-03T18:21:12","date_gmt":"2021-05-03T18:21:12","guid":{"rendered":"https:\/\/www.nettali.com\/?p=63219"},"modified":"2021-05-04T02:05:07","modified_gmt":"2021-05-04T02:05:07","slug":"reforme-fcfa-la-france-va-restituer-5-milliards-deuros-de-reserves-a-la-bceao","status":"publish","type":"post","link":"https:\/\/www.nettali.com\/2021\/05\/03\/reforme-fcfa-la-france-va-restituer-5-milliards-deuros-de-reserves-a-la-bceao\/","title":{"rendered":"REFORME FCFA - La France va restituer 5 milliards d\u2019euros de r\u00e9serves \u00e0 la BCEAO"},"content":{"rendered":"<h3>NETTALI.COM - La France va restituer cinq milliards d\u2019euros \u00e0 la Banque centrale des \u00c9tats de l\u2019Afrique de l\u2019Ouest (BCEAO) dans le cadre de la mise en \u0153uvre de la r\u00e9forme du franc CFA.<\/h3>\n<p>Paris a entam\u00e9 le processus de transfert de 5 milliards d\u2019euros vers les comptes de la Banque centrale des \u00c9tats de l\u2019Afrique de l\u2019Ouest (BCEAO). Cette d\u00e9cision des autorit\u00e9s fran\u00e7aises intervient dans le cadre de la reforme du Franc FCA entam\u00e9e 2019 entre la France et les pays ouest-africains.<\/p>\n<p>Selon Jeune Afrique, ces fonds dont le processus de transfert a d\u00e9but\u00e9\u00a0sont les r\u00e9serves de change domicili\u00e9es dans les livres de la Banque de France pour couvrir les exportations des pays de l\u2019Union \u00e9conomique et mon\u00e9taire ouest-africaine (Uemoa).<\/p>\n<p>Alors que des points d\u2019ombres subsistent encore sur cette reforme, le ministre fran\u00e7ais de l\u2019\u00c9conomie et des Finances, Bruno Le Maire, en visite \u00e0 Abidjan du 29 au 30 avril a rassur\u00e9 le pr\u00e9sident ivoirien Alassane Dramane Ouattara sur l\u2019ex\u00e9cution dans toute leur globalit\u00e9 des accords de r\u00e9forme du franc CFA approuv\u00e9s en d\u00e9cembre 2019.<\/p>\n<p>Malgr\u00e9 un d\u00e9calage de calendrier, les pays de la Communaut\u00e9 \u00e9conomique des \u00c9tats de l\u2019Afrique de l\u2019Ouest (Cedeao) sont engag\u00e9s \u00e0 poursuivre le processus de la reforme de monnaie qui transformera le Franc FCA en \u00e9co, informe une source \u00e0 Abidjan.<\/p>\n<p>Pour y arriver, il faut r\u00e9ussir \u00e0 convaincre Muhammadu Buhari du Nigeria, Nana Akufo Addo du Ghana et Alpha Cond\u00e9 de la Guin\u00e9e<\/p>\n<div class='share-to-whatsapp-wrapper'><div class='share-on-whsp'>PARTAGER SUR : <\/div><a data-text='REFORME FCFA - La France va restituer 5 milliards d\u2019euros de r\u00e9serves \u00e0 la BCEAO' data-link='https:\/\/www.nettali.com\/2021\/05\/03\/reforme-fcfa-la-france-va-restituer-5-milliards-deuros-de-reserves-a-la-bceao\/' class='whatsapp-button whatsapp-share'>WhatsApp<\/a><div class='clear '><\/div><\/div>","protected":false},"excerpt":{"rendered":"<p>NETTALI.COM - La France va restituer cinq milliards d\u2019euros \u00e0 la Banque centrale des \u00c9tats de l\u2019Afrique de l\u2019Ouest (BCEAO) dans le cadre de la mise en \u0153uvre de la r\u00e9forme du franc CFA. Paris a entam\u00e9 le processus de transfert de 5 milliards d\u2019euros vers les comptes de la Banque centrale des \u00c9tats de [&hellip;]<\/p>\n","protected":false},"author":11,"featured_media":6513,"comment_status":"open","ping_status":"open","sticky":false,"template":"","format":"standard","meta":{"_et_pb_use_builder":"","_et_pb_old_content":""},"categories":[4],"tags":[],"yoast_head":"<!-- This site is optimized with the Yoast SEO Premium plugin v17.8 (Yoast SEO v17.8) - https:\/\/yoast.com\/wordpress\/plugins\/seo\/ -->\n<title>REFORME FCFA - La France va restituer 5 milliards d\u2019euros de r\u00e9serves \u00e0 la BCEAO | Nettali.com<\/title>\n<meta name=\"robots\" content=\"index, follow, max-snippet:-1, max-image-preview:large, max-video-preview:-1\" \/>\n<link rel=\"canonical\" href=\"https:\/\/www.nettali.com\/2021\/05\/03\/reforme-fcfa-la-france-va-restituer-5-milliards-deuros-de-reserves-a-la-bceao\/\" \/>\n<meta property=\"og:locale\" content=\"fr_FR\" \/>\n<meta property=\"og:type\" content=\"article\" \/>\n<meta property=\"og:title\" content=\"REFORME FCFA - La France va restituer 5 milliards d\u2019euros de r\u00e9serves \u00e0 la BCEAO\" \/>\n<meta property=\"og:description\" content=\"NETTALI.COM - La France va restituer cinq milliards d\u2019euros \u00e0 la Banque centrale des \u00c9tats de l\u2019Afrique de l\u2019Ouest (BCEAO) dans le cadre de la mise en \u0153uvre de la r\u00e9forme du franc CFA. Paris a entam\u00e9 le processus de transfert de 5 milliards d\u2019euros vers les comptes de la Banque centrale des \u00c9tats de [&hellip;]\" \/>\n<meta property=\"og:url\" content=\"https:\/\/www.nettali.com\/2021\/05\/03\/reforme-fcfa-la-france-va-restituer-5-milliards-deuros-de-reserves-a-la-bceao\/\" \/>\n<meta property=\"og:site_name\" content=\"Nettali.com\" \/>\n<meta property=\"article:publisher\" content=\"https:\/\/www.facebook.com\/nettalicom\" \/>\n<meta property=\"article:published_time\" content=\"2021-05-03T18:21:12+00:00\" \/>\n<meta property=\"article:modified_time\" content=\"2021-05-04T02:05:07+00:00\" \/>\n<meta property=\"og:image\" content=\"https:\/\/www.nettali.com\/wp-content\/uploads\/2019\/04\/Macky-Macron.jpg\" \/>\n\t<meta property=\"og:image:width\" content=\"696\" \/>\n\t<meta property=\"og:image:height\" content=\"393\" \/>\n<meta name=\"twitter:card\" content=\"summary_large_image\" \/>\n<meta name=\"twitter:label1\" content=\"\u00c9crit par\" \/>\n\t<meta name=\"twitter:data1\" content=\"Thierno Diop\" \/>\n\t<meta name=\"twitter:label2\" content=\"Dur\u00e9e de lecture estim\u00e9e\" \/>\n\t<meta name=\"twitter:data2\" content=\"1 minute\" \/>\n<script type=\"application\/ld+json\" class=\"yoast-schema-graph\">{\"@context\":\"https:\/\/schema.org\",\"@graph\":[{\"@type\":\"WebSite\",\"@id\":\"https:\/\/www.nettali.com\/#website\",\"url\":\"https:\/\/www.nettali.com\/\",\"name\":\"Nettali.com\",\"description\":\"Le rendez-vous critique du Net\",\"potentialAction\":[{\"@type\":\"SearchAction\",\"target\":{\"@type\":\"EntryPoint\",\"urlTemplate\":\"https:\/\/www.nettali.com\/?s={search_term_string}\"},\"query-input\":\"required name=search_term_string\"}],\"inLanguage\":\"fr-FR\"},{\"@type\":\"ImageObject\",\"@id\":\"https:\/\/www.nettali.com\/2021\/05\/03\/reforme-fcfa-la-france-va-restituer-5-milliards-deuros-de-reserves-a-la-bceao\/#primaryimage\",\"inLanguage\":\"fr-FR\",\"url\":\"https:\/\/www.nettali.com\/wp-content\/uploads\/2019\/04\/Macky-Macron.jpg\",\"contentUrl\":\"https:\/\/www.nettali.com\/wp-content\/uploads\/2019\/04\/Macky-Macron.jpg\",\"width\":696,\"height\":393},{\"@type\":\"WebPage\",\"@id\":\"https:\/\/www.nettali.com\/2021\/05\/03\/reforme-fcfa-la-france-va-restituer-5-milliards-deuros-de-reserves-a-la-bceao\/#webpage\",\"url\":\"https:\/\/www.nettali.com\/2021\/05\/03\/reforme-fcfa-la-france-va-restituer-5-milliards-deuros-de-reserves-a-la-bceao\/\",\"name\":\"REFORME FCFA - La France va restituer 5 milliards d\\u2019euros de r\\u00e9serves \\u00e0 la BCEAO | Nettali.com\",\"isPartOf\":{\"@id\":\"https:\/\/www.nettali.com\/#website\"},\"primaryImageOfPage\":{\"@id\":\"https:\/\/www.nettali.com\/2021\/05\/03\/reforme-fcfa-la-france-va-restituer-5-milliards-deuros-de-reserves-a-la-bceao\/#primaryimage\"},\"datePublished\":\"2021-05-03T18:21:12+00:00\",\"dateModified\":\"2021-05-04T02:05:07+00:00\",\"author\":{\"@id\":\"https:\/\/www.nettali.com\/#\/schema\/person\/8a06c6bd7b19304cf4bf985862900b5b\"},\"breadcrumb\":{\"@id\":\"https:\/\/www.nettali.com\/2021\/05\/03\/reforme-fcfa-la-france-va-restituer-5-milliards-deuros-de-reserves-a-la-bceao\/#breadcrumb\"},\"inLanguage\":\"fr-FR\",\"potentialAction\":[{\"@type\":\"ReadAction\",\"target\":[\"https:\/\/www.nettali.com\/2021\/05\/03\/reforme-fcfa-la-france-va-restituer-5-milliards-deuros-de-reserves-a-la-bceao\/\"]}]},{\"@type\":\"BreadcrumbList\",\"@id\":\"https:\/\/www.nettali.com\/2021\/05\/03\/reforme-fcfa-la-france-va-restituer-5-milliards-deuros-de-reserves-a-la-bceao\/#breadcrumb\",\"itemListElement\":[{\"@type\":\"ListItem\",\"position\":1,\"name\":\"Accueil\",\"item\":\"https:\/\/www.nettali.com\/\"},{\"@type\":\"ListItem\",\"position\":2,\"name\":\"REFORME FCFA &#8211; La France va restituer 5 milliards d\\u2019euros de r\\u00e9serves \\u00e0 la BCEAO\"}]},{\"@type\":\"Person\",\"@id\":\"https:\/\/www.nettali.com\/#\/schema\/person\/8a06c6bd7b19304cf4bf985862900b5b\",\"name\":\"Thierno Diop\",\"image\":{\"@type\":\"ImageObject\",\"@id\":\"https:\/\/www.nettali.com\/#personlogo\",\"inLanguage\":\"fr-FR\",\"url\":\"https:\/\/secure.gravatar.com\/avatar\/c8ca58550c94fd2ac856d27391a6c866?s=96&d=mm&r=g\",\"contentUrl\":\"https:\/\/secure.gravatar.com\/avatar\/c8ca58550c94fd2ac856d27391a6c866?s=96&d=mm&r=g\",\"caption\":\"Thierno Diop\"},\"sameAs\":[\"https:\/\/nettali.com\"]}]}<\/script>\n<!-- \/ Yoast SEO Premium plugin. -->","yoast_head_json":{"title":"REFORME FCFA - La France va restituer 5 milliards d\u2019euros de r\u00e9serves \u00e0 la BCEAO | Nettali.com","robots":{"index":"index","follow":"follow","max-snippet":"max-snippet:-1","max-image-preview":"max-image-preview:large","max-video-preview":"max-video-preview:-1"},"canonical":"https:\/\/www.nettali.com\/2021\/05\/03\/reforme-fcfa-la-france-va-restituer-5-milliards-deuros-de-reserves-a-la-bceao\/","og_locale":"fr_FR","og_type":"article","og_title":"REFORME FCFA - La France va restituer 5 milliards d\u2019euros de r\u00e9serves \u00e0 la BCEAO","og_description":"NETTALI.COM - La France va restituer cinq milliards d\u2019euros \u00e0 la Banque centrale des \u00c9tats de l\u2019Afrique de l\u2019Ouest (BCEAO) dans le cadre de la mise en \u0153uvre de la r\u00e9forme du franc CFA. Paris a entam\u00e9 le processus de transfert de 5 milliards d\u2019euros vers les comptes de la Banque centrale des \u00c9tats de [&hellip;]","og_url":"https:\/\/www.nettali.com\/2021\/05\/03\/reforme-fcfa-la-france-va-restituer-5-milliards-deuros-de-reserves-a-la-bceao\/","og_site_name":"Nettali.com","article_publisher":"https:\/\/www.facebook.com\/nettalicom","article_published_time":"2021-05-03T18:21:12+00:00","article_modified_time":"2021-05-04T02:05:07+00:00","og_image":[{"width":696,"height":393,"url":"https:\/\/www.nettali.com\/wp-content\/uploads\/2019\/04\/Macky-Macron.jpg","type":"image\/jpeg"}],"twitter_card":"summary_large_image","twitter_misc":{"\u00c9crit par":"Thierno Diop","Dur\u00e9e de lecture estim\u00e9e":"1 minute"},"schema":{"@context":"https:\/\/schema.org","@graph":[{"@type":"WebSite","@id":"https:\/\/www.nettali.com\/#website","url":"https:\/\/www.nettali.com\/","name":"Nettali.com","description":"Le rendez-vous critique du Net","potentialAction":[{"@type":"SearchAction","target":{"@type":"EntryPoint","urlTemplate":"https:\/\/www.nettali.com\/?s={search_term_string}"},"query-input":"required name=search_term_string"}],"inLanguage":"fr-FR"},{"@type":"ImageObject","@id":"https:\/\/www.nettali.com\/2021\/05\/03\/reforme-fcfa-la-france-va-restituer-5-milliards-deuros-de-reserves-a-la-bceao\/#primaryimage","inLanguage":"fr-FR","url":"https:\/\/www.nettali.com\/wp-content\/uploads\/2019\/04\/Macky-Macron.jpg","contentUrl":"https:\/\/www.nettali.com\/wp-content\/uploads\/2019\/04\/Macky-Macron.jpg","width":696,"height":393},{"@type":"WebPage","@id":"https:\/\/www.nettali.com\/2021\/05\/03\/reforme-fcfa-la-france-va-restituer-5-milliards-deuros-de-reserves-a-la-bceao\/#webpage","url":"https:\/\/www.nettali.com\/2021\/05\/03\/reforme-fcfa-la-france-va-restituer-5-milliards-deuros-de-reserves-a-la-bceao\/","name":"REFORME FCFA - La France va restituer 5 milliards d\u2019euros de r\u00e9serves \u00e0 la BCEAO | Nettali.com","isPartOf":{"@id":"https:\/\/www.nettali.com\/#website"},"primaryImageOfPage":{"@id":"https:\/\/www.nettali.com\/2021\/05\/03\/reforme-fcfa-la-france-va-restituer-5-milliards-deuros-de-reserves-a-la-bceao\/#primaryimage"},"datePublished":"2021-05-03T18:21:12+00:00","dateModified":"2021-05-04T02:05:07+00:00","author":{"@id":"https:\/\/www.nettali.com\/#\/schema\/person\/8a06c6bd7b19304cf4bf985862900b5b"},"breadcrumb":{"@id":"https:\/\/www.nettali.com\/2021\/05\/03\/reforme-fcfa-la-france-va-restituer-5-milliards-deuros-de-reserves-a-la-bceao\/#breadcrumb"},"inLanguage":"fr-FR","potentialAction":[{"@type":"ReadAction","target":["https:\/\/www.nettali.com\/2021\/05\/03\/reforme-fcfa-la-france-va-restituer-5-milliards-deuros-de-reserves-a-la-bceao\/"]}]},{"@type":"BreadcrumbList","@id":"https:\/\/www.nettali.com\/2021\/05\/03\/reforme-fcfa-la-france-va-restituer-5-milliards-deuros-de-reserves-a-la-bceao\/#breadcrumb","itemListElement":[{"@type":"ListItem","position":1,"name":"Accueil","item":"https:\/\/www.nettali.com\/"},{"@type":"ListItem","position":2,"name":"REFORME FCFA &#8211; La France va restituer 5 milliards d\u2019euros de r\u00e9serves \u00e0 la BCEAO"}]},{"@type":"Person","@id":"https:\/\/www.nettali.com\/#\/schema\/person\/8a06c6bd7b19304cf4bf985862900b5b","name":"Thierno Diop","image":{"@type":"ImageObject","@id":"https:\/\/www.nettali.com\/#personlogo","inLanguage":"fr-FR","url":"https:\/\/secure.gravatar.com\/avatar\/c8ca58550c94fd2ac856d27391a6c866?s=96&d=mm&r=g","contentUrl":"https:\/\/secure.gravatar.com\/avatar\/c8ca58550c94fd2ac856d27391a6c866?s=96&d=mm&r=g","caption":"Thierno Diop"},"sameAs":["https:\/\/nettali.com"]}]}},"_links":{"self":[{"href":"https:\/\/www.nettali.com\/rest\/wp\/v2\/posts\/63219"}],"collection":[{"href":"https:\/\/www.nettali.com\/rest\/wp\/v2\/posts"}],"about":[{"href":"https:\/\/www.nettali.com\/rest\/wp\/v2\/types\/post"}],"author":[{"embeddable":true,"href":"https:\/\/www.nettali.com\/rest\/wp\/v2\/users\/11"}],"replies":[{"embeddable":true,"href":"https:\/\/www.nettali.com\/rest\/wp\/v2\/comments?post=63219"}],"version-history":[{"count":1,"href":"https:\/\/www.nettali.com\/rest\/wp\/v2\/posts\/63219\/revisions"}],"predecessor-version":[{"id":63220,"href":"https:\/\/www.nettali.com\/rest\/wp\/v2\/posts\/63219\/revisions\/63220"}],"wp:featuredmedia":[{"embeddable":true,"href":"https:\/\/www.nettali.com\/rest\/wp\/v2\/media\/6513"}],"wp:attachment":[{"href":"https:\/\/www.nettali.com\/rest\/wp\/v2\/media?parent=63219"}],"wp:term":[{"taxonomy":"category","embeddable":true,"href":"https:\/\/www.nettali.com\/rest\/wp\/v2\/categories?post=63219"},{"taxonomy":"post_tag","embeddable":true,"href":"https:\/\/www.nettali.com\/rest\/wp\/v2\/tags?post=63219"}],"curies":[{"name":"wp","href":"https:\/\/api.w.org\/{rel}","templated":true}]}}