{"id":63104,"date":"2021-05-02T14:06:08","date_gmt":"2021-05-02T14:06:08","guid":{"rendered":"https:\/\/www.nettali.com\/?p=63104"},"modified":"2021-05-02T14:06:08","modified_gmt":"2021-05-02T14:06:08","slug":"recrutement-de-65-mille-agents-ceux-qui-doivent-etre-prioritaires","status":"publish","type":"post","link":"https:\/\/www.nettali.com\/2021\/05\/02\/recrutement-de-65-mille-agents-ceux-qui-doivent-etre-prioritaires\/","title":{"rendered":"RECRUTEMENT DE 65 MILLE AGENTS - \"Ceux qui doivent \u00eatre prioritaires !\""},"content":{"rendered":"<p><strong>NETTALI.COM - Le secr\u00e9taire g\u00e9n\u00e9ral de la CNTS\/FC salue la d\u00e9cision de l\u2019Etat de recruter 65.000 agents. Toutefois, Cheikh Diop l\u2019invite \u00e0 privil\u00e9gier ceux qui \u00e9taient l\u00e0 et qui attendent, notamment ceux qui sont dans certains secteurs sans \u00eatre r\u00e9gularis\u00e9s.<\/strong><\/p>\n<p>Le recrutement de 65 agents annonc\u00e9 par le l\u2019Etat \u00ab <em>est tr\u00e8s appr\u00e9ci\u00e9<\/em> \u00bb, selon Cheikh Diop. Le secr\u00e9taire g\u00e9n\u00e9ral de la CNTS\/FC qui s\u2019exprimait \u00e0 l\u2019\u00e9mission \u00abJury du dimanche \u00bb souligne que c\u2019est une r\u00e9ponse \u00e0 une attente, mais malheureusement, se d\u00e9sole-t-il, \" <em>il n\u2019y a pas eu d\u2019\u00e9quilibre dans l\u2019\u00e9laboration de politiques publiques<\/em> \".<\/p>\n<p>A ses yeux, le Chef de l\u2019Etat \"<em>a plus mis l\u2019accent sur les politiques publiques d\u2019int\u00e9grit\u00e9 sociale, territoriale et la mise en place des infrastructures<\/em> \". C\u2019est pourquoi, le syndicaliste pense qu\u2019il faut l\u2019\u00e9quilibrer avec le recrutement des jeunes, avec la consolidation de l\u2019emploi existant. \" <em>Il y a eu beaucoup de violations qui ne consolident pas l\u2019emploi existant. Donc, il y a un \u00e9quilibre \u00e0 op\u00e9rer dans les politiques publiques en mettant l\u2019accent sur l\u2019emploi des jeunes. Malheureusement, il l\u2019a d\u00e9j\u00e0 commenc\u00e9 dans des conditions difficiles, mais avec des propositions qui rassurent si elles sont correctement appliqu\u00e9es avec transparence<\/em> \", constate M. Diop.<br \/>\nDans la m\u00eame veine, il estime que \"<em>le recrutement doit prioriser ceux qui \u00e9taient l\u00e0 et qui attendent<\/em> \". \" <em>Si on doit recruter des enseignants, il faut penser \u00e0 ceux qui sont l\u00e0, form\u00e9s. Ils doivent \u00eatre prioritaires. Nous constatons qu\u2019au niveau de la sant\u00e9, comme partout ailleurs, il y a beaucoup d\u2019abus dans les relations professionnelles. On recrute beaucoup d\u2019agents sous forme de contrats de prestation. Or, un contrat de prestation n\u2019existe pas dans les relatons de travail. Nous pensons que cela est injuste. Il faut bien les r\u00e9gulariser<\/em> \", pr\u00e9conise le responsable syndical.<\/p>\n<p>Toutefois, Cheikh Diop a salu\u00e9 \" <em>les \u00e9normes efforts en terme d\u2019investissements sanitaires<\/em> \" en d\u00e9clarant que \" <em>c\u2019est le premier gouvernement qui a eu, sur son budget propre, \u00e0 construire des h\u00f4pitaux de haut niveau dans les r\u00e9gions<\/em> \". Le seul b\u00e9mol, \" <em>il y a malheureusement un manque criard de personnel<\/em> \".<\/p>\n<p style=\"text-align: center;\"><strong>Scepticisme aux conclusions du Conseil pr\u00e9sidentiel sur les jeunes<\/strong><\/p>\n<p>Par ailleurs, le Secr\u00e9taire g\u00e9n\u00e9ral de la CNTS\/FC est revenu sur le Conseil pr\u00e9sidentiel pour l\u2019emploi et la r\u00e9insertion professionnelle des jeunes. A son avis, il y a une \u00e9valuation \u00e0 faire de toutes les structures qui \u00e9taient l\u00e0 et qui avaient comme objectif d\u2019ins\u00e9rer des jeunes, de cr\u00e9er des emplois. Car, d\u00e9plore le syndicaliste, \" <em>on est en train de vouloir fusionner les structures qui s\u2019occupent de l\u2019emploi, de l\u2019auto-emploi, de la Der et autres sans les avoir \u00e9valu\u00e9es<\/em> \". Et de poursuivre : \" <em>je pense que le programme nouveau qui est mis sur la table va tenir compte de l\u2019\u00e9valuation de toutes ces structures et de tous ces programmes qui \u00e9taient l\u00e0 pour se retourner r\u00e9solument vers les objectifs que le Conseil pr\u00e9sidentiel s\u2019est fix\u00e9. Si on y va sans \u00e9valuation, je pense qu\u2019on peut r\u00e9p\u00e9ter les m\u00eames erreurs<\/em> \".<\/p>\n<p>Toujours sceptique, Cheikh Diop de poursuivre : \" <em>je pense qu\u2019aujourd\u2019hui, il faut absolument qu\u2019on \u00e9value les actions que l\u2019on pose en direction de l\u2019emploi des jeunes, en direction de l\u2019emploi. Pour consolider l\u2019emploi, toutes ces ambitions ne peuvent pas s\u2019accommoder \u00e0 des violations des libert\u00e9s dans presque tous les secteurs<\/em> \".<\/p>\n<p>Revenant sur l'incendie du puits de gaz de Ngadiaga, il d\u00e9plore le licenciement des travailleurs qui ont pourtant particip\u00e9 \u00e0 circonscrire le sinistre.<\/p>\n<p>\"<em>On a fait convoquer des \u00e9trangers. Ils ont fait plus de trois sans \u00e9teindre le feu. Ils sont venus et ont demand\u00e9 aux nationaux de se mettre de c\u00f4t\u00e9. Les nationaux leur ont demand\u00e9 de laisser faire. 15 jours, ils ont \u00e9teint le feu et apr\u00e8s ils ont \u00e9t\u00e9 tous envoy\u00e9s au ch\u00f4mage technique avec 3 mois d\u2019arri\u00e9r\u00e9s de salaire. C\u2019est inacceptable. On ne peut pas pr\u00e9texter de difficult\u00e9s de tr\u00e9sorerie parce qu\u2019il y a l\u2019incendie pour faire \u00e7a. C\u2019est faux de faire penser que c\u2019est l\u2019incendie qui a mis cette soci\u00e9t\u00e9 \u00e0 genou. Cette soci\u00e9t\u00e9 produit 17 \u00e0 18 mille m\u00e8tres cubes de gaz par jour et toute la production est \u00e9coul\u00e9e. Il faut la pr\u00e9servation et la consolidation de l\u2019emploi existant. C\u2019est cela qui fait une \u00e9conomie forte\", dit-il.<\/em><\/p>\n<p><em>\"On ne peut pas avoir toutes ces ambitions et laisser les employeurs faire ce qu\u2019ils veulent de notre l\u00e9gislation, les violations font l\u00e9gion dans le monde du travail. Il y a lieu de mettre de l\u2019ordre dans les violations des droits des travailleurs pour aller vers l\u2019\u00e9mergence. La flexibilit\u00e9 ob\u00e9it \u00e0 des conditions sans lesquelles il y aura une machine de ch\u00f4mage. Le premier crit\u00e8re de la flexibilit\u00e9, c\u2019est l\u2019int\u00e9grit\u00e9 de la protection sociale. Il faut une protection sociale int\u00e9grale qui tient compte de l\u2019\u00e9conomie informelle\", fait remarquer le syndicaliste<\/em>.<\/p>\n<div class='share-to-whatsapp-wrapper'><div class='share-on-whsp'>PARTAGER SUR : <\/div><a data-text='RECRUTEMENT DE 65 MILLE AGENTS - \"Ceux qui doivent \u00eatre prioritaires !\"' data-link='https:\/\/www.nettali.com\/2021\/05\/02\/recrutement-de-65-mille-agents-ceux-qui-doivent-etre-prioritaires\/' class='whatsapp-button whatsapp-share'>WhatsApp<\/a><div class='clear '><\/div><\/div>","protected":false},"excerpt":{"rendered":"<p>NETTALI.COM - Le secr\u00e9taire g\u00e9n\u00e9ral de la CNTS\/FC salue la d\u00e9cision de l\u2019Etat de recruter 65.000 agents. Toutefois, Cheikh Diop l\u2019invite \u00e0 privil\u00e9gier ceux qui \u00e9taient l\u00e0 et qui attendent, notamment ceux qui sont dans certains secteurs sans \u00eatre r\u00e9gularis\u00e9s. Le recrutement de 65 agents annonc\u00e9 par le l\u2019Etat \u00ab est tr\u00e8s appr\u00e9ci\u00e9 \u00bb, selon [&hellip;]<\/p>\n","protected":false},"author":5,"featured_media":63095,"comment_status":"open","ping_status":"open","sticky":false,"template":"","format":"standard","meta":{"_et_pb_use_builder":"","_et_pb_old_content":""},"categories":[3],"tags":[],"yoast_head":"<!-- This site is optimized with the Yoast SEO Premium plugin v17.8 (Yoast SEO v17.8) - https:\/\/yoast.com\/wordpress\/plugins\/seo\/ -->\n<title>RECRUTEMENT DE 65 MILLE AGENTS - &quot;Ceux qui doivent \u00eatre prioritaires !&quot; | Nettali.com<\/title>\n<meta name=\"robots\" content=\"index, follow, max-snippet:-1, max-image-preview:large, max-video-preview:-1\" \/>\n<link rel=\"canonical\" href=\"https:\/\/www.nettali.com\/2021\/05\/02\/recrutement-de-65-mille-agents-ceux-qui-doivent-etre-prioritaires\/\" \/>\n<meta property=\"og:locale\" content=\"fr_FR\" \/>\n<meta property=\"og:type\" content=\"article\" \/>\n<meta property=\"og:title\" content=\"RECRUTEMENT DE 65 MILLE AGENTS - &quot;Ceux qui doivent \u00eatre prioritaires !&quot;\" \/>\n<meta property=\"og:description\" content=\"NETTALI.COM - Le secr\u00e9taire g\u00e9n\u00e9ral de la CNTS\/FC salue la d\u00e9cision de l\u2019Etat de recruter 65.000 agents. Toutefois, Cheikh Diop l\u2019invite \u00e0 privil\u00e9gier ceux qui \u00e9taient l\u00e0 et qui attendent, notamment ceux qui sont dans certains secteurs sans \u00eatre r\u00e9gularis\u00e9s. Le recrutement de 65 agents annonc\u00e9 par le l\u2019Etat \u00ab est tr\u00e8s appr\u00e9ci\u00e9 \u00bb, selon [&hellip;]\" \/>\n<meta property=\"og:url\" content=\"https:\/\/www.nettali.com\/2021\/05\/02\/recrutement-de-65-mille-agents-ceux-qui-doivent-etre-prioritaires\/\" \/>\n<meta property=\"og:site_name\" content=\"Nettali.com\" \/>\n<meta property=\"article:publisher\" content=\"https:\/\/www.facebook.com\/nettalicom\" \/>\n<meta property=\"article:published_time\" content=\"2021-05-02T14:06:08+00:00\" \/>\n<meta property=\"og:image\" content=\"https:\/\/www.nettali.com\/wp-content\/uploads\/2021\/05\/t\u00e9l\u00e9chargement-1.jpeg\" \/>\n\t<meta property=\"og:image:width\" content=\"284\" \/>\n\t<meta property=\"og:image:height\" content=\"177\" \/>\n<meta name=\"twitter:card\" content=\"summary_large_image\" \/>\n<meta name=\"twitter:label1\" content=\"\u00c9crit par\" \/>\n\t<meta name=\"twitter:data1\" content=\"Ibrahima\" \/>\n\t<meta name=\"twitter:label2\" content=\"Dur\u00e9e de lecture estim\u00e9e\" \/>\n\t<meta name=\"twitter:data2\" content=\"4 minutes\" \/>\n<script type=\"application\/ld+json\" class=\"yoast-schema-graph\">{\"@context\":\"https:\/\/schema.org\",\"@graph\":[{\"@type\":\"WebSite\",\"@id\":\"https:\/\/www.nettali.com\/#website\",\"url\":\"https:\/\/www.nettali.com\/\",\"name\":\"Nettali.com\",\"description\":\"Le rendez-vous critique du Net\",\"potentialAction\":[{\"@type\":\"SearchAction\",\"target\":{\"@type\":\"EntryPoint\",\"urlTemplate\":\"https:\/\/www.nettali.com\/?s={search_term_string}\"},\"query-input\":\"required name=search_term_string\"}],\"inLanguage\":\"fr-FR\"},{\"@type\":\"ImageObject\",\"@id\":\"https:\/\/www.nettali.com\/2021\/05\/02\/recrutement-de-65-mille-agents-ceux-qui-doivent-etre-prioritaires\/#primaryimage\",\"inLanguage\":\"fr-FR\",\"url\":\"https:\/\/www.nettali.com\/wp-content\/uploads\/2021\/05\/t\\u00e9l\\u00e9chargement-1.jpeg\",\"contentUrl\":\"https:\/\/www.nettali.com\/wp-content\/uploads\/2021\/05\/t\\u00e9l\\u00e9chargement-1.jpeg\",\"width\":284,\"height\":177},{\"@type\":\"WebPage\",\"@id\":\"https:\/\/www.nettali.com\/2021\/05\/02\/recrutement-de-65-mille-agents-ceux-qui-doivent-etre-prioritaires\/#webpage\",\"url\":\"https:\/\/www.nettali.com\/2021\/05\/02\/recrutement-de-65-mille-agents-ceux-qui-doivent-etre-prioritaires\/\",\"name\":\"RECRUTEMENT DE 65 MILLE AGENTS - \\\"Ceux qui doivent \\u00eatre prioritaires !\\\" | Nettali.com\",\"isPartOf\":{\"@id\":\"https:\/\/www.nettali.com\/#website\"},\"primaryImageOfPage\":{\"@id\":\"https:\/\/www.nettali.com\/2021\/05\/02\/recrutement-de-65-mille-agents-ceux-qui-doivent-etre-prioritaires\/#primaryimage\"},\"datePublished\":\"2021-05-02T14:06:08+00:00\",\"dateModified\":\"2021-05-02T14:06:08+00:00\",\"author\":{\"@id\":\"https:\/\/www.nettali.com\/#\/schema\/person\/bb147657c2986240405a608162b9bb23\"},\"breadcrumb\":{\"@id\":\"https:\/\/www.nettali.com\/2021\/05\/02\/recrutement-de-65-mille-agents-ceux-qui-doivent-etre-prioritaires\/#breadcrumb\"},\"inLanguage\":\"fr-FR\",\"potentialAction\":[{\"@type\":\"ReadAction\",\"target\":[\"https:\/\/www.nettali.com\/2021\/05\/02\/recrutement-de-65-mille-agents-ceux-qui-doivent-etre-prioritaires\/\"]}]},{\"@type\":\"BreadcrumbList\",\"@id\":\"https:\/\/www.nettali.com\/2021\/05\/02\/recrutement-de-65-mille-agents-ceux-qui-doivent-etre-prioritaires\/#breadcrumb\",\"itemListElement\":[{\"@type\":\"ListItem\",\"position\":1,\"name\":\"Accueil\",\"item\":\"https:\/\/www.nettali.com\/\"},{\"@type\":\"ListItem\",\"position\":2,\"name\":\"RECRUTEMENT DE 65 MILLE AGENTS &#8211; \\u00ab\\u00a0Ceux qui doivent \\u00eatre prioritaires !\\u00a0\\u00bb\"}]},{\"@type\":\"Person\",\"@id\":\"https:\/\/www.nettali.com\/#\/schema\/person\/bb147657c2986240405a608162b9bb23\",\"name\":\"Ibrahima\",\"image\":{\"@type\":\"ImageObject\",\"@id\":\"https:\/\/www.nettali.com\/#personlogo\",\"inLanguage\":\"fr-FR\",\"url\":\"https:\/\/secure.gravatar.com\/avatar\/26a8a81f09f0dd7624c9d5c36c9ba3a2?s=96&d=mm&r=g\",\"contentUrl\":\"https:\/\/secure.gravatar.com\/avatar\/26a8a81f09f0dd7624c9d5c36c9ba3a2?s=96&d=mm&r=g\",\"caption\":\"Ibrahima\"},\"sameAs\":[\"https:\/\/www.nettali.com\"]}]}<\/script>\n<!-- \/ Yoast SEO Premium plugin. -->","yoast_head_json":{"title":"RECRUTEMENT DE 65 MILLE AGENTS - \"Ceux qui doivent \u00eatre prioritaires !\" | Nettali.com","robots":{"index":"index","follow":"follow","max-snippet":"max-snippet:-1","max-image-preview":"max-image-preview:large","max-video-preview":"max-video-preview:-1"},"canonical":"https:\/\/www.nettali.com\/2021\/05\/02\/recrutement-de-65-mille-agents-ceux-qui-doivent-etre-prioritaires\/","og_locale":"fr_FR","og_type":"article","og_title":"RECRUTEMENT DE 65 MILLE AGENTS - \"Ceux qui doivent \u00eatre prioritaires !\"","og_description":"NETTALI.COM - Le secr\u00e9taire g\u00e9n\u00e9ral de la CNTS\/FC salue la d\u00e9cision de l\u2019Etat de recruter 65.000 agents. Toutefois, Cheikh Diop l\u2019invite \u00e0 privil\u00e9gier ceux qui \u00e9taient l\u00e0 et qui attendent, notamment ceux qui sont dans certains secteurs sans \u00eatre r\u00e9gularis\u00e9s. Le recrutement de 65 agents annonc\u00e9 par le l\u2019Etat \u00ab est tr\u00e8s appr\u00e9ci\u00e9 \u00bb, selon [&hellip;]","og_url":"https:\/\/www.nettali.com\/2021\/05\/02\/recrutement-de-65-mille-agents-ceux-qui-doivent-etre-prioritaires\/","og_site_name":"Nettali.com","article_publisher":"https:\/\/www.facebook.com\/nettalicom","article_published_time":"2021-05-02T14:06:08+00:00","og_image":[{"width":284,"height":177,"url":"https:\/\/www.nettali.com\/wp-content\/uploads\/2021\/05\/t\u00e9l\u00e9chargement-1.jpeg","type":"image\/jpeg"}],"twitter_card":"summary_large_image","twitter_misc":{"\u00c9crit par":"Ibrahima","Dur\u00e9e de lecture estim\u00e9e":"4 minutes"},"schema":{"@context":"https:\/\/schema.org","@graph":[{"@type":"WebSite","@id":"https:\/\/www.nettali.com\/#website","url":"https:\/\/www.nettali.com\/","name":"Nettali.com","description":"Le rendez-vous critique du Net","potentialAction":[{"@type":"SearchAction","target":{"@type":"EntryPoint","urlTemplate":"https:\/\/www.nettali.com\/?s={search_term_string}"},"query-input":"required name=search_term_string"}],"inLanguage":"fr-FR"},{"@type":"ImageObject","@id":"https:\/\/www.nettali.com\/2021\/05\/02\/recrutement-de-65-mille-agents-ceux-qui-doivent-etre-prioritaires\/#primaryimage","inLanguage":"fr-FR","url":"https:\/\/www.nettali.com\/wp-content\/uploads\/2021\/05\/t\u00e9l\u00e9chargement-1.jpeg","contentUrl":"https:\/\/www.nettali.com\/wp-content\/uploads\/2021\/05\/t\u00e9l\u00e9chargement-1.jpeg","width":284,"height":177},{"@type":"WebPage","@id":"https:\/\/www.nettali.com\/2021\/05\/02\/recrutement-de-65-mille-agents-ceux-qui-doivent-etre-prioritaires\/#webpage","url":"https:\/\/www.nettali.com\/2021\/05\/02\/recrutement-de-65-mille-agents-ceux-qui-doivent-etre-prioritaires\/","name":"RECRUTEMENT DE 65 MILLE AGENTS - \"Ceux qui doivent \u00eatre prioritaires !\" | Nettali.com","isPartOf":{"@id":"https:\/\/www.nettali.com\/#website"},"primaryImageOfPage":{"@id":"https:\/\/www.nettali.com\/2021\/05\/02\/recrutement-de-65-mille-agents-ceux-qui-doivent-etre-prioritaires\/#primaryimage"},"datePublished":"2021-05-02T14:06:08+00:00","dateModified":"2021-05-02T14:06:08+00:00","author":{"@id":"https:\/\/www.nettali.com\/#\/schema\/person\/bb147657c2986240405a608162b9bb23"},"breadcrumb":{"@id":"https:\/\/www.nettali.com\/2021\/05\/02\/recrutement-de-65-mille-agents-ceux-qui-doivent-etre-prioritaires\/#breadcrumb"},"inLanguage":"fr-FR","potentialAction":[{"@type":"ReadAction","target":["https:\/\/www.nettali.com\/2021\/05\/02\/recrutement-de-65-mille-agents-ceux-qui-doivent-etre-prioritaires\/"]}]},{"@type":"BreadcrumbList","@id":"https:\/\/www.nettali.com\/2021\/05\/02\/recrutement-de-65-mille-agents-ceux-qui-doivent-etre-prioritaires\/#breadcrumb","itemListElement":[{"@type":"ListItem","position":1,"name":"Accueil","item":"https:\/\/www.nettali.com\/"},{"@type":"ListItem","position":2,"name":"RECRUTEMENT DE 65 MILLE AGENTS &#8211; \u00ab\u00a0Ceux qui doivent \u00eatre prioritaires !\u00a0\u00bb"}]},{"@type":"Person","@id":"https:\/\/www.nettali.com\/#\/schema\/person\/bb147657c2986240405a608162b9bb23","name":"Ibrahima","image":{"@type":"ImageObject","@id":"https:\/\/www.nettali.com\/#personlogo","inLanguage":"fr-FR","url":"https:\/\/secure.gravatar.com\/avatar\/26a8a81f09f0dd7624c9d5c36c9ba3a2?s=96&d=mm&r=g","contentUrl":"https:\/\/secure.gravatar.com\/avatar\/26a8a81f09f0dd7624c9d5c36c9ba3a2?s=96&d=mm&r=g","caption":"Ibrahima"},"sameAs":["https:\/\/www.nettali.com"]}]}},"_links":{"self":[{"href":"https:\/\/www.nettali.com\/rest\/wp\/v2\/posts\/63104"}],"collection":[{"href":"https:\/\/www.nettali.com\/rest\/wp\/v2\/posts"}],"about":[{"href":"https:\/\/www.nettali.com\/rest\/wp\/v2\/types\/post"}],"author":[{"embeddable":true,"href":"https:\/\/www.nettali.com\/rest\/wp\/v2\/users\/5"}],"replies":[{"embeddable":true,"href":"https:\/\/www.nettali.com\/rest\/wp\/v2\/comments?post=63104"}],"version-history":[{"count":3,"href":"https:\/\/www.nettali.com\/rest\/wp\/v2\/posts\/63104\/revisions"}],"predecessor-version":[{"id":63121,"href":"https:\/\/www.nettali.com\/rest\/wp\/v2\/posts\/63104\/revisions\/63121"}],"wp:featuredmedia":[{"embeddable":true,"href":"https:\/\/www.nettali.com\/rest\/wp\/v2\/media\/63095"}],"wp:attachment":[{"href":"https:\/\/www.nettali.com\/rest\/wp\/v2\/media?parent=63104"}],"wp:term":[{"taxonomy":"category","embeddable":true,"href":"https:\/\/www.nettali.com\/rest\/wp\/v2\/categories?post=63104"},{"taxonomy":"post_tag","embeddable":true,"href":"https:\/\/www.nettali.com\/rest\/wp\/v2\/tags?post=63104"}],"curies":[{"name":"wp","href":"https:\/\/api.w.org\/{rel}","templated":true}]}}