{"id":63051,"date":"2021-05-01T16:46:43","date_gmt":"2021-05-01T16:46:43","guid":{"rendered":"https:\/\/www.nettali.com\/?p=63051"},"modified":"2021-05-02T14:09:10","modified_gmt":"2021-05-02T14:09:10","slug":"macky-sall-lexploitation-du-ter-va-demarrer-avant-la-fin-de-lannee-2021","status":"publish","type":"post","link":"https:\/\/www.nettali.com\/2021\/05\/01\/macky-sall-lexploitation-du-ter-va-demarrer-avant-la-fin-de-lannee-2021\/","title":{"rendered":"MACKY SALL - \"L\u2019exploitation du TER va d\u00e9marrer avant la fin de l\u2019ann\u00e9e 2021\""},"content":{"rendered":"<p><strong>NETTALI.COM - Recevant les cahiers de dol\u00e9ances des centrales syndicales ce 1er mai \u00e0 salle des banquets du palais de la R\u00e9publique, le Chef de l\u2019Etat a annonc\u00e9 le d\u00e9marrage effectif du train express r\u00e9gional dans les prochains mois.<\/strong><\/p>\n<p>\"<em>L\u2019exploitation commerciale du Train Express R\u00e9gional (TER) va d\u00e9marrer avant la fin de l\u2019ann\u00e9e 2021<\/em>\", a rassur\u00e9 le pr\u00e9sident de la R\u00e9publique qui n\u2019a pas manqu\u00e9 d\u2019expliquer les raisons pour lesquelles la livraison de ces travaux a connu du retard. Selon lui, cela est d\u00fb aux autres travaux connexes qui ont \u00e9t\u00e9 entam\u00e9s et il fallait tous les r\u00e9aliser. \"<em>18 ponts et passerelles ont \u00e9t\u00e9 construits entre Dakar et Diamniadio. En sus des gares de Keur Mbaye Fall et de Diamniadio qui doivent imp\u00e9rativement \u00eatre finalis\u00e9es avant la mise en circulation du TER. Ce sont ces travaux qui ont retard\u00e9 le d\u00e9marrage\"<\/em>, a justifi\u00e9 le pr\u00e9sident de la r\u00e9publique.<\/p>\n<p>Par ailleurs, le pr\u00e9sident de la R\u00e9publique s\u2019est oppos\u00e9 \u00e0 la requ\u00eate formul\u00e9e par les syndicalistes relative au rallongement de l\u2019\u00e2ge de la retraite de 60 \u00e0 65. \"<em>Je ne suis pas favorable \u00e0 cette dol\u00e9ance. Les travailleurs, surtout ceux de la fonction publique, doivent savoir partir \u00e0 temps. On ne peut pas continuer \u00e0 g\u00e9rer des seniors alors qu\u2019il y a des jeunes qui frappent \u00e0 la porte\"<\/em>, a soutenu le pr\u00e9sident de la R\u00e9publique.<\/p>\n<p>Poursuivant, il ajoute que \"l<em>e S\u00e9n\u00e9gal a une population jeune en \u00e2ge de travailler, par cons\u00e9quent, les vieux doivent leur c\u00e9der la place. On ne peut pas toujours b\u00e9n\u00e9ficier des avantages de la fonction publique et vouloir les garder \u00e0 vie\"<\/em>.<\/p>\n<div class='share-to-whatsapp-wrapper'><div class='share-on-whsp'>PARTAGER SUR : <\/div><a data-text='MACKY SALL - \"L\u2019exploitation du TER va d\u00e9marrer avant la fin de l\u2019ann\u00e9e 2021\"' data-link='https:\/\/www.nettali.com\/2021\/05\/01\/macky-sall-lexploitation-du-ter-va-demarrer-avant-la-fin-de-lannee-2021\/' class='whatsapp-button whatsapp-share'>WhatsApp<\/a><div class='clear '><\/div><\/div>","protected":false},"excerpt":{"rendered":"<p>NETTALI.COM - Recevant les cahiers de dol\u00e9ances des centrales syndicales ce 1er mai \u00e0 salle des banquets du palais de la R\u00e9publique, le Chef de l\u2019Etat a annonc\u00e9 le d\u00e9marrage effectif du train express r\u00e9gional dans les prochains mois. \"L\u2019exploitation commerciale du Train Express R\u00e9gional (TER) va d\u00e9marrer avant la fin de l\u2019ann\u00e9e 2021\", a [&hellip;]<\/p>\n","protected":false},"author":6,"featured_media":47240,"comment_status":"open","ping_status":"open","sticky":false,"template":"","format":"standard","meta":{"_et_pb_use_builder":"","_et_pb_old_content":""},"categories":[3878,3],"tags":[],"yoast_head":"<!-- This site is optimized with the Yoast SEO Premium plugin v17.8 (Yoast SEO v17.8) - https:\/\/yoast.com\/wordpress\/plugins\/seo\/ -->\n<title>MACKY SALL - &quot;L\u2019exploitation du TER va d\u00e9marrer avant la fin de l\u2019ann\u00e9e 2021&quot; | Nettali.com<\/title>\n<meta name=\"robots\" content=\"index, follow, max-snippet:-1, max-image-preview:large, max-video-preview:-1\" \/>\n<link rel=\"canonical\" href=\"https:\/\/www.nettali.com\/2021\/05\/01\/macky-sall-lexploitation-du-ter-va-demarrer-avant-la-fin-de-lannee-2021\/\" \/>\n<meta property=\"og:locale\" content=\"fr_FR\" \/>\n<meta property=\"og:type\" content=\"article\" \/>\n<meta property=\"og:title\" content=\"MACKY SALL - &quot;L\u2019exploitation du TER va d\u00e9marrer avant la fin de l\u2019ann\u00e9e 2021&quot;\" \/>\n<meta property=\"og:description\" content=\"NETTALI.COM - Recevant les cahiers de dol\u00e9ances des centrales syndicales ce 1er mai \u00e0 salle des banquets du palais de la R\u00e9publique, le Chef de l\u2019Etat a annonc\u00e9 le d\u00e9marrage effectif du train express r\u00e9gional dans les prochains mois. &quot;L\u2019exploitation commerciale du Train Express R\u00e9gional (TER) va d\u00e9marrer avant la fin de l\u2019ann\u00e9e 2021&quot;, a [&hellip;]\" \/>\n<meta property=\"og:url\" content=\"https:\/\/www.nettali.com\/2021\/05\/01\/macky-sall-lexploitation-du-ter-va-demarrer-avant-la-fin-de-lannee-2021\/\" \/>\n<meta property=\"og:site_name\" content=\"Nettali.com\" \/>\n<meta property=\"article:publisher\" content=\"https:\/\/www.facebook.com\/nettalicom\" \/>\n<meta property=\"article:published_time\" content=\"2021-05-01T16:46:43+00:00\" \/>\n<meta property=\"article:modified_time\" content=\"2021-05-02T14:09:10+00:00\" \/>\n<meta property=\"og:image\" content=\"https:\/\/www.nettali.com\/wp-content\/uploads\/2020\/09\/Macky-Ter.jpg\" \/>\n\t<meta property=\"og:image:width\" content=\"1280\" \/>\n\t<meta property=\"og:image:height\" content=\"728\" \/>\n<meta name=\"twitter:card\" content=\"summary_large_image\" \/>\n<meta name=\"twitter:label1\" content=\"\u00c9crit par\" \/>\n\t<meta name=\"twitter:data1\" content=\"Fatou\" \/>\n\t<meta name=\"twitter:label2\" content=\"Dur\u00e9e de lecture estim\u00e9e\" \/>\n\t<meta name=\"twitter:data2\" content=\"1 minute\" \/>\n<script type=\"application\/ld+json\" class=\"yoast-schema-graph\">{\"@context\":\"https:\/\/schema.org\",\"@graph\":[{\"@type\":\"WebSite\",\"@id\":\"https:\/\/www.nettali.com\/#website\",\"url\":\"https:\/\/www.nettali.com\/\",\"name\":\"Nettali.com\",\"description\":\"Le rendez-vous critique du Net\",\"potentialAction\":[{\"@type\":\"SearchAction\",\"target\":{\"@type\":\"EntryPoint\",\"urlTemplate\":\"https:\/\/www.nettali.com\/?s={search_term_string}\"},\"query-input\":\"required name=search_term_string\"}],\"inLanguage\":\"fr-FR\"},{\"@type\":\"ImageObject\",\"@id\":\"https:\/\/www.nettali.com\/2021\/05\/01\/macky-sall-lexploitation-du-ter-va-demarrer-avant-la-fin-de-lannee-2021\/#primaryimage\",\"inLanguage\":\"fr-FR\",\"url\":\"https:\/\/www.nettali.com\/wp-content\/uploads\/2020\/09\/Macky-Ter.jpg\",\"contentUrl\":\"https:\/\/www.nettali.com\/wp-content\/uploads\/2020\/09\/Macky-Ter.jpg\",\"width\":1280,\"height\":728},{\"@type\":\"WebPage\",\"@id\":\"https:\/\/www.nettali.com\/2021\/05\/01\/macky-sall-lexploitation-du-ter-va-demarrer-avant-la-fin-de-lannee-2021\/#webpage\",\"url\":\"https:\/\/www.nettali.com\/2021\/05\/01\/macky-sall-lexploitation-du-ter-va-demarrer-avant-la-fin-de-lannee-2021\/\",\"name\":\"MACKY SALL - \\\"L\\u2019exploitation du TER va d\\u00e9marrer avant la fin de l\\u2019ann\\u00e9e 2021\\\" | Nettali.com\",\"isPartOf\":{\"@id\":\"https:\/\/www.nettali.com\/#website\"},\"primaryImageOfPage\":{\"@id\":\"https:\/\/www.nettali.com\/2021\/05\/01\/macky-sall-lexploitation-du-ter-va-demarrer-avant-la-fin-de-lannee-2021\/#primaryimage\"},\"datePublished\":\"2021-05-01T16:46:43+00:00\",\"dateModified\":\"2021-05-02T14:09:10+00:00\",\"author\":{\"@id\":\"https:\/\/www.nettali.com\/#\/schema\/person\/418274a86bdf87caff7a3ef476bd0bbf\"},\"breadcrumb\":{\"@id\":\"https:\/\/www.nettali.com\/2021\/05\/01\/macky-sall-lexploitation-du-ter-va-demarrer-avant-la-fin-de-lannee-2021\/#breadcrumb\"},\"inLanguage\":\"fr-FR\",\"potentialAction\":[{\"@type\":\"ReadAction\",\"target\":[\"https:\/\/www.nettali.com\/2021\/05\/01\/macky-sall-lexploitation-du-ter-va-demarrer-avant-la-fin-de-lannee-2021\/\"]}]},{\"@type\":\"BreadcrumbList\",\"@id\":\"https:\/\/www.nettali.com\/2021\/05\/01\/macky-sall-lexploitation-du-ter-va-demarrer-avant-la-fin-de-lannee-2021\/#breadcrumb\",\"itemListElement\":[{\"@type\":\"ListItem\",\"position\":1,\"name\":\"Accueil\",\"item\":\"https:\/\/www.nettali.com\/\"},{\"@type\":\"ListItem\",\"position\":2,\"name\":\"MACKY SALL &#8211; \\u00ab\\u00a0L\\u2019exploitation du TER va d\\u00e9marrer avant la fin de l\\u2019ann\\u00e9e 2021\\u00a0\\u00bb\"}]},{\"@type\":\"Person\",\"@id\":\"https:\/\/www.nettali.com\/#\/schema\/person\/418274a86bdf87caff7a3ef476bd0bbf\",\"name\":\"Fatou\",\"image\":{\"@type\":\"ImageObject\",\"@id\":\"https:\/\/www.nettali.com\/#personlogo\",\"inLanguage\":\"fr-FR\",\"url\":\"https:\/\/secure.gravatar.com\/avatar\/5a9442a2bee7b4dcf167cab035858e9a?s=96&d=mm&r=g\",\"contentUrl\":\"https:\/\/secure.gravatar.com\/avatar\/5a9442a2bee7b4dcf167cab035858e9a?s=96&d=mm&r=g\",\"caption\":\"Fatou\"},\"sameAs\":[\"https:\/\/www.nettali.com\"]}]}<\/script>\n<!-- \/ Yoast SEO Premium plugin. -->","yoast_head_json":{"title":"MACKY SALL - \"L\u2019exploitation du TER va d\u00e9marrer avant la fin de l\u2019ann\u00e9e 2021\" | Nettali.com","robots":{"index":"index","follow":"follow","max-snippet":"max-snippet:-1","max-image-preview":"max-image-preview:large","max-video-preview":"max-video-preview:-1"},"canonical":"https:\/\/www.nettali.com\/2021\/05\/01\/macky-sall-lexploitation-du-ter-va-demarrer-avant-la-fin-de-lannee-2021\/","og_locale":"fr_FR","og_type":"article","og_title":"MACKY SALL - \"L\u2019exploitation du TER va d\u00e9marrer avant la fin de l\u2019ann\u00e9e 2021\"","og_description":"NETTALI.COM - Recevant les cahiers de dol\u00e9ances des centrales syndicales ce 1er mai \u00e0 salle des banquets du palais de la R\u00e9publique, le Chef de l\u2019Etat a annonc\u00e9 le d\u00e9marrage effectif du train express r\u00e9gional dans les prochains mois. \"L\u2019exploitation commerciale du Train Express R\u00e9gional (TER) va d\u00e9marrer avant la fin de l\u2019ann\u00e9e 2021\", a [&hellip;]","og_url":"https:\/\/www.nettali.com\/2021\/05\/01\/macky-sall-lexploitation-du-ter-va-demarrer-avant-la-fin-de-lannee-2021\/","og_site_name":"Nettali.com","article_publisher":"https:\/\/www.facebook.com\/nettalicom","article_published_time":"2021-05-01T16:46:43+00:00","article_modified_time":"2021-05-02T14:09:10+00:00","og_image":[{"width":1280,"height":728,"url":"https:\/\/www.nettali.com\/wp-content\/uploads\/2020\/09\/Macky-Ter.jpg","type":"image\/jpeg"}],"twitter_card":"summary_large_image","twitter_misc":{"\u00c9crit par":"Fatou","Dur\u00e9e de lecture estim\u00e9e":"1 minute"},"schema":{"@context":"https:\/\/schema.org","@graph":[{"@type":"WebSite","@id":"https:\/\/www.nettali.com\/#website","url":"https:\/\/www.nettali.com\/","name":"Nettali.com","description":"Le rendez-vous critique du Net","potentialAction":[{"@type":"SearchAction","target":{"@type":"EntryPoint","urlTemplate":"https:\/\/www.nettali.com\/?s={search_term_string}"},"query-input":"required name=search_term_string"}],"inLanguage":"fr-FR"},{"@type":"ImageObject","@id":"https:\/\/www.nettali.com\/2021\/05\/01\/macky-sall-lexploitation-du-ter-va-demarrer-avant-la-fin-de-lannee-2021\/#primaryimage","inLanguage":"fr-FR","url":"https:\/\/www.nettali.com\/wp-content\/uploads\/2020\/09\/Macky-Ter.jpg","contentUrl":"https:\/\/www.nettali.com\/wp-content\/uploads\/2020\/09\/Macky-Ter.jpg","width":1280,"height":728},{"@type":"WebPage","@id":"https:\/\/www.nettali.com\/2021\/05\/01\/macky-sall-lexploitation-du-ter-va-demarrer-avant-la-fin-de-lannee-2021\/#webpage","url":"https:\/\/www.nettali.com\/2021\/05\/01\/macky-sall-lexploitation-du-ter-va-demarrer-avant-la-fin-de-lannee-2021\/","name":"MACKY SALL - \"L\u2019exploitation du TER va d\u00e9marrer avant la fin de l\u2019ann\u00e9e 2021\" | Nettali.com","isPartOf":{"@id":"https:\/\/www.nettali.com\/#website"},"primaryImageOfPage":{"@id":"https:\/\/www.nettali.com\/2021\/05\/01\/macky-sall-lexploitation-du-ter-va-demarrer-avant-la-fin-de-lannee-2021\/#primaryimage"},"datePublished":"2021-05-01T16:46:43+00:00","dateModified":"2021-05-02T14:09:10+00:00","author":{"@id":"https:\/\/www.nettali.com\/#\/schema\/person\/418274a86bdf87caff7a3ef476bd0bbf"},"breadcrumb":{"@id":"https:\/\/www.nettali.com\/2021\/05\/01\/macky-sall-lexploitation-du-ter-va-demarrer-avant-la-fin-de-lannee-2021\/#breadcrumb"},"inLanguage":"fr-FR","potentialAction":[{"@type":"ReadAction","target":["https:\/\/www.nettali.com\/2021\/05\/01\/macky-sall-lexploitation-du-ter-va-demarrer-avant-la-fin-de-lannee-2021\/"]}]},{"@type":"BreadcrumbList","@id":"https:\/\/www.nettali.com\/2021\/05\/01\/macky-sall-lexploitation-du-ter-va-demarrer-avant-la-fin-de-lannee-2021\/#breadcrumb","itemListElement":[{"@type":"ListItem","position":1,"name":"Accueil","item":"https:\/\/www.nettali.com\/"},{"@type":"ListItem","position":2,"name":"MACKY SALL &#8211; \u00ab\u00a0L\u2019exploitation du TER va d\u00e9marrer avant la fin de l\u2019ann\u00e9e 2021\u00a0\u00bb"}]},{"@type":"Person","@id":"https:\/\/www.nettali.com\/#\/schema\/person\/418274a86bdf87caff7a3ef476bd0bbf","name":"Fatou","image":{"@type":"ImageObject","@id":"https:\/\/www.nettali.com\/#personlogo","inLanguage":"fr-FR","url":"https:\/\/secure.gravatar.com\/avatar\/5a9442a2bee7b4dcf167cab035858e9a?s=96&d=mm&r=g","contentUrl":"https:\/\/secure.gravatar.com\/avatar\/5a9442a2bee7b4dcf167cab035858e9a?s=96&d=mm&r=g","caption":"Fatou"},"sameAs":["https:\/\/www.nettali.com"]}]}},"_links":{"self":[{"href":"https:\/\/www.nettali.com\/rest\/wp\/v2\/posts\/63051"}],"collection":[{"href":"https:\/\/www.nettali.com\/rest\/wp\/v2\/posts"}],"about":[{"href":"https:\/\/www.nettali.com\/rest\/wp\/v2\/types\/post"}],"author":[{"embeddable":true,"href":"https:\/\/www.nettali.com\/rest\/wp\/v2\/users\/6"}],"replies":[{"embeddable":true,"href":"https:\/\/www.nettali.com\/rest\/wp\/v2\/comments?post=63051"}],"version-history":[{"count":5,"href":"https:\/\/www.nettali.com\/rest\/wp\/v2\/posts\/63051\/revisions"}],"predecessor-version":[{"id":63061,"href":"https:\/\/www.nettali.com\/rest\/wp\/v2\/posts\/63051\/revisions\/63061"}],"wp:featuredmedia":[{"embeddable":true,"href":"https:\/\/www.nettali.com\/rest\/wp\/v2\/media\/47240"}],"wp:attachment":[{"href":"https:\/\/www.nettali.com\/rest\/wp\/v2\/media?parent=63051"}],"wp:term":[{"taxonomy":"category","embeddable":true,"href":"https:\/\/www.nettali.com\/rest\/wp\/v2\/categories?post=63051"},{"taxonomy":"post_tag","embeddable":true,"href":"https:\/\/www.nettali.com\/rest\/wp\/v2\/tags?post=63051"}],"curies":[{"name":"wp","href":"https:\/\/api.w.org\/{rel}","templated":true}]}}