{"id":62847,"date":"2021-04-28T16:07:00","date_gmt":"2021-04-28T16:07:00","guid":{"rendered":"https:\/\/www.nettali.com\/?p=62847"},"modified":"2021-04-28T19:05:23","modified_gmt":"2021-04-28T19:05:23","slug":"ecole-police-de-thies-la-mort-de-leleve-sous-officier-josselin-soukouma-nankal-seme-le-doute","status":"publish","type":"post","link":"https:\/\/www.nettali.com\/2021\/04\/28\/ecole-police-de-thies-la-mort-de-leleve-sous-officier-josselin-soukouma-nankal-seme-le-doute\/","title":{"rendered":"ECOLE POLICE DE THIES - La mort d'un '\u00e9l\u00e8ve sous-officier s\u00e9me le doute"},"content":{"rendered":"<p><strong>NETTALI.COM - A Kolda, on pleure la disparition de l'\u00e9l\u00e8ve sous-officier, Josselin Soukouma Nankal en formation \u00e0 l'annexe de l'Ecole de Police de Thi\u00e8s. Le jeune homme est d\u00e9c\u00e9d\u00e9 le mercredi 21 avril dernier \u00e0 moins de deux jours de la formation, renseigne le journal L\u2019AS.<\/strong><\/p>\n<p>La liste d'\u00e9l\u00e8ves sous-officiers de Police d\u00e9c\u00e9d\u00e9s en formation s'allonge. Alors que les circonstances de la mort de l'un des leurs, Papa Kader Jonshon ne sont pas encore \u00e9lucid\u00e9es, en voil\u00e0 une autre qui va encore d\u00e9frayer la chronique.<\/p>\n<p>A l'annonce du d\u00e9c\u00e8s de Josselin Soukouma Nankal, la famille a d\u00e9cid\u00e9 de saisir dans un premier temps le ministre de l'Int\u00e9rieur Antoine F\u00e9lix Diome avant de porter l'affaire devant la justice. La famille Nankal de Kolda doute du r\u00e9sultat de l'autopsie, r\u00e9v\u00e8lent nos confr\u00e8res.<\/p>\n<p>La m\u00e8re du d\u00e9funt Anne Marie Mending, est toujours sous le choc.<br \/>\n\" <em>Mon fils ne souffrait pas de maladie. Il a r\u00e9ussi au concours de Police. Il m'a appel\u00e9 au t\u00e9l\u00e9phone le lundi 19 avril vers 22h pour me demander de prier pour lui, parce qu'il quitte Dakar \u00e0 5h du matin pour rejoindre le centre de formation \u00e0 Thi\u00e8s. Le mercredi, on m'appelle pour me dire que mon fils est malade et qu'il a \u00e9t\u00e9 \u00e9vacu\u00e9 \u00e0 l'h\u00f4pital Aristide Le Dantec<\/em>\u00a0\", t\u00e9moigne Mme Nankal, dans les colonnes du journal.<\/p>\n<p>Aussit\u00f4t, elle a pris un v\u00e9hicule pour rejoindre Dakar pour \u00eatre au chevet de son fils. C'est en cours de route que sa famille l'informe du d\u00e9c\u00e8s de Josselin Soukouma Nankal.<br \/>\nA l'en croire, c'est la direction de l'Ecole de Police qui a avis\u00e9 la famille. La dame rebrousse chemin, parce que les autorit\u00e9s polici\u00e8res ont d\u00e9cid\u00e9 de rapatrier le corps de l'\u00e9l\u00e8ve sous-officier le vendredi 23 avril. La d\u00e9pouille de Josselin Soukouma Nankal est arriv\u00e9e le m\u00eame jour comme pr\u00e9vu \u00e0 Kolda .<\/p>\n<p><strong>L'autopsie indique une mort par embolie pulmonaire<\/strong><\/p>\n<p>Les autorit\u00e9s polici\u00e8res qui ont ramen\u00e9 la d\u00e9pouille ont remis au p\u00e8re du d\u00e9funt les r\u00e9sultats de l'autopsie.<br \/>\n\" <em>Sur le document, il est \u00e9crit que Josselin est d\u00e9c\u00e9d\u00e9 par embolie pulmonaire. Mais on ne dit pas ce qui a engendr\u00e9 cette embolie pulmonaire. Qu'est-ce qui a provoqu\u00e9 cette embolie pulmonaire<\/em> ? \", s'interroge Alain Bamba Nankal.<\/p>\n<p>Ce dernier est convaincu que l'embolie pulmonaire est provoqu\u00e9e par les man\u0153uvres lors de l'acheminement des nouvelles recrues au centre de formation de Thi\u00e8s.<br \/>\n\" <em>J'ai vu le sac de Josselin. C'est comme s'il \u00e9tait dans un d\u00e9sert. Le sac \u00e9tait d\u00e9labr\u00e9 et rouge de poussi\u00e8re. Cela veut dire que la man\u0153uvre \u00e9tait rude<\/em> \", se d\u00e9sole le p\u00e8re de la victime qui ne croit toujours \u00e0 la disparation de son fils.<\/p>\n<p>La famille Nankal qui s'est r\u00e9unie pour appr\u00e9cier la situation a d\u00e9cid\u00e9 finalement de donner une suite judiciaire \u00e0 l'affaire apr\u00e8s la r\u00e9ponse du ministre de l'Int\u00e9rieur.<br \/>\n\" <em>Nous allons commettre un avocat pour d\u00e9poser une plainte pour que le dossier soit tir\u00e9 au clair<\/em>.\u00a0\"<\/p>\n<p><strong>La m\u00e8re de la victime : \" Un encadreur de Josselin m\u2019a appel\u00e9e pour me dire... \"<\/strong><\/p>\n<p>Ce qui a confort\u00e9 la famille Nankal \u00e0 saisir la justice, c'est le coup de fil d'un des encadreurs de Josselin Nankal.<br \/>\n\" <em>Avant-hier (dimanche, Ndlr), un encadreur de Josselin m'a appel\u00e9 pour pr\u00e9senter ses condol\u00e9ances et m'a signifi\u00e9 que c'est lui qui a amen\u00e9 les \u00e9l\u00e8ves sous-officiers \u00e0 Thi\u00e8s. Et en cours de route, Josselin lui a dit qu'il ne tient plus et qu'il conna\u00eet le stylo, mais pas ces man\u0153uvres<\/em>\u00a0\", confesse Anne Marie Mending qui continue de pleurer son fils qui \u00e9tait son espoir.<\/p>\n<p>Josselin n'a jamais redoubl\u00e9 \u00e0 l'\u00e9cole. Il a soutenu son m\u00e9moire de Master de Droit au mois de novembre dernier \u00e0 l'universit\u00e9 de Bambey. Il avait une bourse \u00e9trang\u00e8re, mais faute d'argent, il n'a pas pu aller \u00e9tudier en France. Josselin Nankal devait f\u00eater son 26e anniversaire demain (Il est n\u00e9 le 28 avril 1995, Ndlr). \" <em>Lors de notre conversation t\u00e9l\u00e9phonique, il m'a dit<\/em> : \"<em>Note toutes les d\u00e9penses que tu as faites durant mon cursus, je vais te rembourser<\/em>\", raconte Mme Nankal d\u00e9pass\u00e9e par la mort brutale de son fils.<\/p>\n<div class='share-to-whatsapp-wrapper'><div class='share-on-whsp'>PARTAGER SUR : <\/div><a data-text='ECOLE POLICE DE THIES - La mort d'un '\u00e9l\u00e8ve sous-officier s\u00e9me le doute' data-link='https:\/\/www.nettali.com\/2021\/04\/28\/ecole-police-de-thies-la-mort-de-leleve-sous-officier-josselin-soukouma-nankal-seme-le-doute\/' class='whatsapp-button whatsapp-share'>WhatsApp<\/a><div class='clear '><\/div><\/div>","protected":false},"excerpt":{"rendered":"<p>NETTALI.COM - A Kolda, on pleure la disparition de l'\u00e9l\u00e8ve sous-officier, Josselin Soukouma Nankal en formation \u00e0 l'annexe de l'Ecole de Police de Thi\u00e8s. Le jeune homme est d\u00e9c\u00e9d\u00e9 le mercredi 21 avril dernier \u00e0 moins de deux jours de la formation, renseigne le journal L\u2019AS. La liste d'\u00e9l\u00e8ves sous-officiers de Police d\u00e9c\u00e9d\u00e9s en formation [&hellip;]<\/p>\n","protected":false},"author":5,"featured_media":62848,"comment_status":"open","ping_status":"open","sticky":false,"template":"","format":"standard","meta":{"_et_pb_use_builder":"","_et_pb_old_content":""},"categories":[3],"tags":[],"yoast_head":"<!-- This site is optimized with the Yoast SEO Premium plugin v17.8 (Yoast SEO v17.8) - https:\/\/yoast.com\/wordpress\/plugins\/seo\/ -->\n<title>ECOLE POLICE DE THIES - La mort d&#039;un &#039;\u00e9l\u00e8ve sous-officier s\u00e9me le doute | Nettali.com<\/title>\n<meta name=\"robots\" content=\"index, follow, max-snippet:-1, max-image-preview:large, max-video-preview:-1\" \/>\n<link rel=\"canonical\" href=\"https:\/\/www.nettali.com\/2021\/04\/28\/ecole-police-de-thies-la-mort-de-leleve-sous-officier-josselin-soukouma-nankal-seme-le-doute\/\" \/>\n<meta property=\"og:locale\" content=\"fr_FR\" \/>\n<meta property=\"og:type\" content=\"article\" \/>\n<meta property=\"og:title\" content=\"ECOLE POLICE DE THIES - La mort d&#039;un &#039;\u00e9l\u00e8ve sous-officier s\u00e9me le doute\" \/>\n<meta property=\"og:description\" content=\"NETTALI.COM - A Kolda, on pleure la disparition de l&#039;\u00e9l\u00e8ve sous-officier, Josselin Soukouma Nankal en formation \u00e0 l&#039;annexe de l&#039;Ecole de Police de Thi\u00e8s. Le jeune homme est d\u00e9c\u00e9d\u00e9 le mercredi 21 avril dernier \u00e0 moins de deux jours de la formation, renseigne le journal L\u2019AS. La liste d&#039;\u00e9l\u00e8ves sous-officiers de Police d\u00e9c\u00e9d\u00e9s en formation [&hellip;]\" \/>\n<meta property=\"og:url\" content=\"https:\/\/www.nettali.com\/2021\/04\/28\/ecole-police-de-thies-la-mort-de-leleve-sous-officier-josselin-soukouma-nankal-seme-le-doute\/\" \/>\n<meta property=\"og:site_name\" content=\"Nettali.com\" \/>\n<meta property=\"article:publisher\" content=\"https:\/\/www.facebook.com\/nettalicom\" \/>\n<meta property=\"article:published_time\" content=\"2021-04-28T16:07:00+00:00\" \/>\n<meta property=\"article:modified_time\" content=\"2021-04-28T19:05:23+00:00\" \/>\n<meta property=\"og:image\" content=\"https:\/\/www.nettali.com\/wp-content\/uploads\/2021\/04\/38071687_10158136394357228_7094362924390547456_n.jpg\" \/>\n\t<meta property=\"og:image:width\" content=\"768\" \/>\n\t<meta property=\"og:image:height\" content=\"542\" \/>\n<meta name=\"twitter:card\" content=\"summary_large_image\" \/>\n<meta name=\"twitter:label1\" content=\"\u00c9crit par\" \/>\n\t<meta name=\"twitter:data1\" content=\"Ibrahima\" \/>\n\t<meta name=\"twitter:label2\" content=\"Dur\u00e9e de lecture estim\u00e9e\" \/>\n\t<meta name=\"twitter:data2\" content=\"4 minutes\" \/>\n<script type=\"application\/ld+json\" class=\"yoast-schema-graph\">{\"@context\":\"https:\/\/schema.org\",\"@graph\":[{\"@type\":\"WebSite\",\"@id\":\"https:\/\/www.nettali.com\/#website\",\"url\":\"https:\/\/www.nettali.com\/\",\"name\":\"Nettali.com\",\"description\":\"Le rendez-vous critique du Net\",\"potentialAction\":[{\"@type\":\"SearchAction\",\"target\":{\"@type\":\"EntryPoint\",\"urlTemplate\":\"https:\/\/www.nettali.com\/?s={search_term_string}\"},\"query-input\":\"required name=search_term_string\"}],\"inLanguage\":\"fr-FR\"},{\"@type\":\"ImageObject\",\"@id\":\"https:\/\/www.nettali.com\/2021\/04\/28\/ecole-police-de-thies-la-mort-de-leleve-sous-officier-josselin-soukouma-nankal-seme-le-doute\/#primaryimage\",\"inLanguage\":\"fr-FR\",\"url\":\"https:\/\/www.nettali.com\/wp-content\/uploads\/2021\/04\/38071687_10158136394357228_7094362924390547456_n.jpg\",\"contentUrl\":\"https:\/\/www.nettali.com\/wp-content\/uploads\/2021\/04\/38071687_10158136394357228_7094362924390547456_n.jpg\",\"width\":768,\"height\":542},{\"@type\":\"WebPage\",\"@id\":\"https:\/\/www.nettali.com\/2021\/04\/28\/ecole-police-de-thies-la-mort-de-leleve-sous-officier-josselin-soukouma-nankal-seme-le-doute\/#webpage\",\"url\":\"https:\/\/www.nettali.com\/2021\/04\/28\/ecole-police-de-thies-la-mort-de-leleve-sous-officier-josselin-soukouma-nankal-seme-le-doute\/\",\"name\":\"ECOLE POLICE DE THIES - La mort d'un '\\u00e9l\\u00e8ve sous-officier s\\u00e9me le doute | Nettali.com\",\"isPartOf\":{\"@id\":\"https:\/\/www.nettali.com\/#website\"},\"primaryImageOfPage\":{\"@id\":\"https:\/\/www.nettali.com\/2021\/04\/28\/ecole-police-de-thies-la-mort-de-leleve-sous-officier-josselin-soukouma-nankal-seme-le-doute\/#primaryimage\"},\"datePublished\":\"2021-04-28T16:07:00+00:00\",\"dateModified\":\"2021-04-28T19:05:23+00:00\",\"author\":{\"@id\":\"https:\/\/www.nettali.com\/#\/schema\/person\/bb147657c2986240405a608162b9bb23\"},\"breadcrumb\":{\"@id\":\"https:\/\/www.nettali.com\/2021\/04\/28\/ecole-police-de-thies-la-mort-de-leleve-sous-officier-josselin-soukouma-nankal-seme-le-doute\/#breadcrumb\"},\"inLanguage\":\"fr-FR\",\"potentialAction\":[{\"@type\":\"ReadAction\",\"target\":[\"https:\/\/www.nettali.com\/2021\/04\/28\/ecole-police-de-thies-la-mort-de-leleve-sous-officier-josselin-soukouma-nankal-seme-le-doute\/\"]}]},{\"@type\":\"BreadcrumbList\",\"@id\":\"https:\/\/www.nettali.com\/2021\/04\/28\/ecole-police-de-thies-la-mort-de-leleve-sous-officier-josselin-soukouma-nankal-seme-le-doute\/#breadcrumb\",\"itemListElement\":[{\"@type\":\"ListItem\",\"position\":1,\"name\":\"Accueil\",\"item\":\"https:\/\/www.nettali.com\/\"},{\"@type\":\"ListItem\",\"position\":2,\"name\":\"ECOLE POLICE DE THIES &#8211; La mort d&#8217;un &#8216;\\u00e9l\\u00e8ve sous-officier s\\u00e9me le doute\"}]},{\"@type\":\"Person\",\"@id\":\"https:\/\/www.nettali.com\/#\/schema\/person\/bb147657c2986240405a608162b9bb23\",\"name\":\"Ibrahima\",\"image\":{\"@type\":\"ImageObject\",\"@id\":\"https:\/\/www.nettali.com\/#personlogo\",\"inLanguage\":\"fr-FR\",\"url\":\"https:\/\/secure.gravatar.com\/avatar\/26a8a81f09f0dd7624c9d5c36c9ba3a2?s=96&d=mm&r=g\",\"contentUrl\":\"https:\/\/secure.gravatar.com\/avatar\/26a8a81f09f0dd7624c9d5c36c9ba3a2?s=96&d=mm&r=g\",\"caption\":\"Ibrahima\"},\"sameAs\":[\"https:\/\/www.nettali.com\"]}]}<\/script>\n<!-- \/ Yoast SEO Premium plugin. -->","yoast_head_json":{"title":"ECOLE POLICE DE THIES - La mort d'un '\u00e9l\u00e8ve sous-officier s\u00e9me le doute | Nettali.com","robots":{"index":"index","follow":"follow","max-snippet":"max-snippet:-1","max-image-preview":"max-image-preview:large","max-video-preview":"max-video-preview:-1"},"canonical":"https:\/\/www.nettali.com\/2021\/04\/28\/ecole-police-de-thies-la-mort-de-leleve-sous-officier-josselin-soukouma-nankal-seme-le-doute\/","og_locale":"fr_FR","og_type":"article","og_title":"ECOLE POLICE DE THIES - La mort d'un '\u00e9l\u00e8ve sous-officier s\u00e9me le doute","og_description":"NETTALI.COM - A Kolda, on pleure la disparition de l'\u00e9l\u00e8ve sous-officier, Josselin Soukouma Nankal en formation \u00e0 l'annexe de l'Ecole de Police de Thi\u00e8s. Le jeune homme est d\u00e9c\u00e9d\u00e9 le mercredi 21 avril dernier \u00e0 moins de deux jours de la formation, renseigne le journal L\u2019AS. La liste d'\u00e9l\u00e8ves sous-officiers de Police d\u00e9c\u00e9d\u00e9s en formation [&hellip;]","og_url":"https:\/\/www.nettali.com\/2021\/04\/28\/ecole-police-de-thies-la-mort-de-leleve-sous-officier-josselin-soukouma-nankal-seme-le-doute\/","og_site_name":"Nettali.com","article_publisher":"https:\/\/www.facebook.com\/nettalicom","article_published_time":"2021-04-28T16:07:00+00:00","article_modified_time":"2021-04-28T19:05:23+00:00","og_image":[{"width":768,"height":542,"url":"https:\/\/www.nettali.com\/wp-content\/uploads\/2021\/04\/38071687_10158136394357228_7094362924390547456_n.jpg","type":"image\/jpeg"}],"twitter_card":"summary_large_image","twitter_misc":{"\u00c9crit par":"Ibrahima","Dur\u00e9e de lecture estim\u00e9e":"4 minutes"},"schema":{"@context":"https:\/\/schema.org","@graph":[{"@type":"WebSite","@id":"https:\/\/www.nettali.com\/#website","url":"https:\/\/www.nettali.com\/","name":"Nettali.com","description":"Le rendez-vous critique du Net","potentialAction":[{"@type":"SearchAction","target":{"@type":"EntryPoint","urlTemplate":"https:\/\/www.nettali.com\/?s={search_term_string}"},"query-input":"required name=search_term_string"}],"inLanguage":"fr-FR"},{"@type":"ImageObject","@id":"https:\/\/www.nettali.com\/2021\/04\/28\/ecole-police-de-thies-la-mort-de-leleve-sous-officier-josselin-soukouma-nankal-seme-le-doute\/#primaryimage","inLanguage":"fr-FR","url":"https:\/\/www.nettali.com\/wp-content\/uploads\/2021\/04\/38071687_10158136394357228_7094362924390547456_n.jpg","contentUrl":"https:\/\/www.nettali.com\/wp-content\/uploads\/2021\/04\/38071687_10158136394357228_7094362924390547456_n.jpg","width":768,"height":542},{"@type":"WebPage","@id":"https:\/\/www.nettali.com\/2021\/04\/28\/ecole-police-de-thies-la-mort-de-leleve-sous-officier-josselin-soukouma-nankal-seme-le-doute\/#webpage","url":"https:\/\/www.nettali.com\/2021\/04\/28\/ecole-police-de-thies-la-mort-de-leleve-sous-officier-josselin-soukouma-nankal-seme-le-doute\/","name":"ECOLE POLICE DE THIES - La mort d'un '\u00e9l\u00e8ve sous-officier s\u00e9me le doute | Nettali.com","isPartOf":{"@id":"https:\/\/www.nettali.com\/#website"},"primaryImageOfPage":{"@id":"https:\/\/www.nettali.com\/2021\/04\/28\/ecole-police-de-thies-la-mort-de-leleve-sous-officier-josselin-soukouma-nankal-seme-le-doute\/#primaryimage"},"datePublished":"2021-04-28T16:07:00+00:00","dateModified":"2021-04-28T19:05:23+00:00","author":{"@id":"https:\/\/www.nettali.com\/#\/schema\/person\/bb147657c2986240405a608162b9bb23"},"breadcrumb":{"@id":"https:\/\/www.nettali.com\/2021\/04\/28\/ecole-police-de-thies-la-mort-de-leleve-sous-officier-josselin-soukouma-nankal-seme-le-doute\/#breadcrumb"},"inLanguage":"fr-FR","potentialAction":[{"@type":"ReadAction","target":["https:\/\/www.nettali.com\/2021\/04\/28\/ecole-police-de-thies-la-mort-de-leleve-sous-officier-josselin-soukouma-nankal-seme-le-doute\/"]}]},{"@type":"BreadcrumbList","@id":"https:\/\/www.nettali.com\/2021\/04\/28\/ecole-police-de-thies-la-mort-de-leleve-sous-officier-josselin-soukouma-nankal-seme-le-doute\/#breadcrumb","itemListElement":[{"@type":"ListItem","position":1,"name":"Accueil","item":"https:\/\/www.nettali.com\/"},{"@type":"ListItem","position":2,"name":"ECOLE POLICE DE THIES &#8211; La mort d&#8217;un &#8216;\u00e9l\u00e8ve sous-officier s\u00e9me le doute"}]},{"@type":"Person","@id":"https:\/\/www.nettali.com\/#\/schema\/person\/bb147657c2986240405a608162b9bb23","name":"Ibrahima","image":{"@type":"ImageObject","@id":"https:\/\/www.nettali.com\/#personlogo","inLanguage":"fr-FR","url":"https:\/\/secure.gravatar.com\/avatar\/26a8a81f09f0dd7624c9d5c36c9ba3a2?s=96&d=mm&r=g","contentUrl":"https:\/\/secure.gravatar.com\/avatar\/26a8a81f09f0dd7624c9d5c36c9ba3a2?s=96&d=mm&r=g","caption":"Ibrahima"},"sameAs":["https:\/\/www.nettali.com"]}]}},"_links":{"self":[{"href":"https:\/\/www.nettali.com\/rest\/wp\/v2\/posts\/62847"}],"collection":[{"href":"https:\/\/www.nettali.com\/rest\/wp\/v2\/posts"}],"about":[{"href":"https:\/\/www.nettali.com\/rest\/wp\/v2\/types\/post"}],"author":[{"embeddable":true,"href":"https:\/\/www.nettali.com\/rest\/wp\/v2\/users\/5"}],"replies":[{"embeddable":true,"href":"https:\/\/www.nettali.com\/rest\/wp\/v2\/comments?post=62847"}],"version-history":[{"count":5,"href":"https:\/\/www.nettali.com\/rest\/wp\/v2\/posts\/62847\/revisions"}],"predecessor-version":[{"id":62868,"href":"https:\/\/www.nettali.com\/rest\/wp\/v2\/posts\/62847\/revisions\/62868"}],"wp:featuredmedia":[{"embeddable":true,"href":"https:\/\/www.nettali.com\/rest\/wp\/v2\/media\/62848"}],"wp:attachment":[{"href":"https:\/\/www.nettali.com\/rest\/wp\/v2\/media?parent=62847"}],"wp:term":[{"taxonomy":"category","embeddable":true,"href":"https:\/\/www.nettali.com\/rest\/wp\/v2\/categories?post=62847"},{"taxonomy":"post_tag","embeddable":true,"href":"https:\/\/www.nettali.com\/rest\/wp\/v2\/tags?post=62847"}],"curies":[{"name":"wp","href":"https:\/\/api.w.org\/{rel}","templated":true}]}}