{"id":62751,"date":"2021-04-27T00:23:05","date_gmt":"2021-04-27T00:23:05","guid":{"rendered":"https:\/\/www.nettali.com\/?p=62751"},"modified":"2021-04-27T00:23:05","modified_gmt":"2021-04-27T00:23:05","slug":"championnats-dafrique-de-taekwondo-le-senegal-face-au-defi-de-lorganisation","status":"publish","type":"post","link":"https:\/\/www.nettali.com\/2021\/04\/27\/championnats-dafrique-de-taekwondo-le-senegal-face-au-defi-de-lorganisation\/","title":{"rendered":"CHAMPIONNATS D'AFRIQUE DE TAEKWONDO - Le S\u00e9n\u00e9gal face au d\u00e9fi de l'organisation"},"content":{"rendered":"<p><strong>NETTALI.COM - Pays h\u00f4te de la 12\u00e8me \u00e9dition des championnats d'Afrique, le S\u00e9n\u00e9gal va accueillir la cr\u00e8me du Taekwondo du 5 au 6 mai prochain. En conf\u00e9rence de presse ce lundi, la f\u00e9d\u00e9ration s\u00e9n\u00e9galaise de ladite discipline<\/strong><strong> a fait le point sur la pr\u00e9paration et se dit pr\u00eate \u00e0 r\u00e9ussir le pari de l'organisation.<\/strong><\/p>\n<p>Initialement pr\u00e9vus les 22 et 23 Mai 2021, les championnats d\u2019Afrique de Taekwondo auront lieu un peu plus tard au S\u00e9n\u00e9gal, \u00e0 savoir les 5 et 6 juin prochain.<\/p>\n<p>\" <em>Sur le plan organisationnel, on est fin pr\u00eat. L\u2019ev\u00e9nemnt se d\u00e9roulera \u00e0 Dakar Ar\u00e8na (Diamniadio). Vu que le\u00a0 championnat d\u2019Afrique se passe sous les dimensions internationales, nous avons mis sur pied tous les moyens pour r\u00e9ussir cette \u00e9dition. Les autorit\u00e9s sportives ont tout fait. N\u00e9anmoins on tend la main aux sponsors et les personnes de bonne volont\u00e9 \u00e0 appuyer la f\u00e9d\u00e9ration et soutenir l\u2019\u00e9quipe<\/em>\", a d\u00e9clar\u00e9 le pr\u00e9sident de la F\u00e9d\u00e9ration s\u00e9n\u00e9galaise de Taekwondo, Balla Di\u00e8ye.<\/p>\n<p>Pour cette comp\u00e9tition qui va accueillir 54 pays avec plus de 500 athl\u00e8tes, le S\u00e9n\u00e9gal ne manque pas d'ambitions.<\/p>\n<p>\" <em>Le premier objectif fix\u00e9 est de relever\u00a0le d\u00e9fi de l\u2019organisation et la participation du S\u00e9n\u00e9gal. C\u2019est aussi l\u2019occasion de montrer que le S\u00e9n\u00e9gal est un pays de sport. C\u2019est aussi le moment de montrer \u00e0 la f\u00e9d\u00e9ration mondiale que le S\u00e9n\u00e9gal est capable d\u2019organiser ces joutes<\/em>\", dit-il.<\/p>\n<p>A en croire le pr\u00e9sident de la F\u00e9d\u00e9ration s\u00e9n\u00e9galaise de Taekwondo, l'enjeu de cette comp\u00e9tition est immense.<\/p>\n<p>\" <em>L\u2019enjeu pour ces athl\u00e8tes s\u00e9n\u00e9galais comme pour\u00a0 les autres c\u2019est de pouvoir d\u00e9crocher leur qualification aux prochains jeux olympiques pr\u00e9vus \u00e0 Tokyo. Et pour ceux-ci, il faudra gagner les 40 points<\/em>\", pr\u00e9cise l'ancien champion d'Afrique.<\/p>\n<p>Apr\u00e8s 2000, Dakar sera la capitale du Taekwondo mais cette 12\u00e8me \u00e9dition arrive dans un contexte particulier marqu\u00e9 par la pand\u00e9mie.<\/p>\n<p>\" <em>Ah oui ! Vu que c\u2019est un \u00e9v\u00e8nement de dimension internationale et qui se d\u00e9roulera dans un moment de crise sanitaire, mais la f\u00e9d\u00e9ration mondiale a d\u00e9j\u00e0 pris note. Elle nous a envoy\u00e9 un protocole qu\u2019on doit respecter. Tous les pays qui vont venir, vont venir avec leurs tests PCR et ils seront enferm\u00e9s \u00e0 Saly. Pour dire que nous avons pris les devants<\/em> \", a fait savoir le pr\u00e9sident des taekwondoistes du S\u00e9n\u00e9gal.<\/p>\n<p>Interpell\u00e9 sur l'\u00e9tat d'esprit des 16 athl\u00e8tes s\u00e9n\u00e9galais (8 filles et 8 gar\u00e7ons dont Moustapha Kama), Khadim Sow, membre de la direction technique rassure.<\/p>\n<p>\" <em>Les taekwondoistes sont actuellement en regroupement \u00e0 l\u2019Ar\u00e8ne nationale. Ils sont bien nourris. Depuis octobre on est en regroupement. Les s\u00e9ances d\u2019entra\u00eenement se passent normalement. On d\u00e9butait t\u00f4t le matin mais avec le mois de Ramadan, on pr\u00e9f\u00e8re commencer \u00e0 4h du matin et arr\u00eater avant la lev\u00e9e du soleil. La deuxi\u00e8me horaire c\u2019est apr\u00e8s le \"ndogou\" rupture du je\u00fbne<\/em>\", r\u00e9v\u00e8le Khadim Sow.<\/p>\n<div class='share-to-whatsapp-wrapper'><div class='share-on-whsp'>PARTAGER SUR : <\/div><a data-text='CHAMPIONNATS D'AFRIQUE DE TAEKWONDO - Le S\u00e9n\u00e9gal face au d\u00e9fi de l'organisation' data-link='https:\/\/www.nettali.com\/2021\/04\/27\/championnats-dafrique-de-taekwondo-le-senegal-face-au-defi-de-lorganisation\/' class='whatsapp-button whatsapp-share'>WhatsApp<\/a><div class='clear '><\/div><\/div>","protected":false},"excerpt":{"rendered":"<p>NETTALI.COM - Pays h\u00f4te de la 12\u00e8me \u00e9dition des championnats d'Afrique, le S\u00e9n\u00e9gal va accueillir la cr\u00e8me du Taekwondo du 5 au 6 mai prochain. En conf\u00e9rence de presse ce lundi, la f\u00e9d\u00e9ration s\u00e9n\u00e9galaise de ladite discipline a fait le point sur la pr\u00e9paration et se dit pr\u00eate \u00e0 r\u00e9ussir le pari de l'organisation. Initialement [&hellip;]<\/p>\n","protected":false},"author":5,"featured_media":62752,"comment_status":"open","ping_status":"open","sticky":false,"template":"","format":"standard","meta":{"_et_pb_use_builder":"","_et_pb_old_content":""},"categories":[6],"tags":[],"yoast_head":"<!-- This site is optimized with the Yoast SEO Premium plugin v17.8 (Yoast SEO v17.8) - https:\/\/yoast.com\/wordpress\/plugins\/seo\/ -->\n<title>CHAMPIONNATS D&#039;AFRIQUE DE TAEKWONDO - Le S\u00e9n\u00e9gal face au d\u00e9fi de l&#039;organisation | Nettali.com<\/title>\n<meta name=\"robots\" content=\"index, follow, max-snippet:-1, max-image-preview:large, max-video-preview:-1\" \/>\n<link rel=\"canonical\" href=\"https:\/\/www.nettali.com\/2021\/04\/27\/championnats-dafrique-de-taekwondo-le-senegal-face-au-defi-de-lorganisation\/\" \/>\n<meta property=\"og:locale\" content=\"fr_FR\" \/>\n<meta property=\"og:type\" content=\"article\" \/>\n<meta property=\"og:title\" content=\"CHAMPIONNATS D&#039;AFRIQUE DE TAEKWONDO - Le S\u00e9n\u00e9gal face au d\u00e9fi de l&#039;organisation\" \/>\n<meta property=\"og:description\" content=\"NETTALI.COM - Pays h\u00f4te de la 12\u00e8me \u00e9dition des championnats d&#039;Afrique, le S\u00e9n\u00e9gal va accueillir la cr\u00e8me du Taekwondo du 5 au 6 mai prochain. En conf\u00e9rence de presse ce lundi, la f\u00e9d\u00e9ration s\u00e9n\u00e9galaise de ladite discipline a fait le point sur la pr\u00e9paration et se dit pr\u00eate \u00e0 r\u00e9ussir le pari de l&#039;organisation. Initialement [&hellip;]\" \/>\n<meta property=\"og:url\" content=\"https:\/\/www.nettali.com\/2021\/04\/27\/championnats-dafrique-de-taekwondo-le-senegal-face-au-defi-de-lorganisation\/\" \/>\n<meta property=\"og:site_name\" content=\"Nettali.com\" \/>\n<meta property=\"article:publisher\" content=\"https:\/\/www.facebook.com\/nettalicom\" \/>\n<meta property=\"article:published_time\" content=\"2021-04-27T00:23:05+00:00\" \/>\n<meta property=\"og:image\" content=\"https:\/\/www.nettali.com\/wp-content\/uploads\/2021\/04\/art-martial-taekwondo-championnat-de-france-espoirs-criteriu_4621964.jpeg\" \/>\n\t<meta property=\"og:image:width\" content=\"1200\" \/>\n\t<meta property=\"og:image:height\" content=\"800\" \/>\n<meta name=\"twitter:card\" content=\"summary_large_image\" \/>\n<meta name=\"twitter:label1\" content=\"\u00c9crit par\" \/>\n\t<meta name=\"twitter:data1\" content=\"Ibrahima\" \/>\n\t<meta name=\"twitter:label2\" content=\"Dur\u00e9e de lecture estim\u00e9e\" \/>\n\t<meta name=\"twitter:data2\" content=\"3 minutes\" \/>\n<script type=\"application\/ld+json\" class=\"yoast-schema-graph\">{\"@context\":\"https:\/\/schema.org\",\"@graph\":[{\"@type\":\"WebSite\",\"@id\":\"https:\/\/www.nettali.com\/#website\",\"url\":\"https:\/\/www.nettali.com\/\",\"name\":\"Nettali.com\",\"description\":\"Le rendez-vous critique du Net\",\"potentialAction\":[{\"@type\":\"SearchAction\",\"target\":{\"@type\":\"EntryPoint\",\"urlTemplate\":\"https:\/\/www.nettali.com\/?s={search_term_string}\"},\"query-input\":\"required name=search_term_string\"}],\"inLanguage\":\"fr-FR\"},{\"@type\":\"ImageObject\",\"@id\":\"https:\/\/www.nettali.com\/2021\/04\/27\/championnats-dafrique-de-taekwondo-le-senegal-face-au-defi-de-lorganisation\/#primaryimage\",\"inLanguage\":\"fr-FR\",\"url\":\"https:\/\/www.nettali.com\/wp-content\/uploads\/2021\/04\/art-martial-taekwondo-championnat-de-france-espoirs-criteriu_4621964.jpeg\",\"contentUrl\":\"https:\/\/www.nettali.com\/wp-content\/uploads\/2021\/04\/art-martial-taekwondo-championnat-de-france-espoirs-criteriu_4621964.jpeg\",\"width\":1200,\"height\":800},{\"@type\":\"WebPage\",\"@id\":\"https:\/\/www.nettali.com\/2021\/04\/27\/championnats-dafrique-de-taekwondo-le-senegal-face-au-defi-de-lorganisation\/#webpage\",\"url\":\"https:\/\/www.nettali.com\/2021\/04\/27\/championnats-dafrique-de-taekwondo-le-senegal-face-au-defi-de-lorganisation\/\",\"name\":\"CHAMPIONNATS D'AFRIQUE DE TAEKWONDO - Le S\\u00e9n\\u00e9gal face au d\\u00e9fi de l'organisation | Nettali.com\",\"isPartOf\":{\"@id\":\"https:\/\/www.nettali.com\/#website\"},\"primaryImageOfPage\":{\"@id\":\"https:\/\/www.nettali.com\/2021\/04\/27\/championnats-dafrique-de-taekwondo-le-senegal-face-au-defi-de-lorganisation\/#primaryimage\"},\"datePublished\":\"2021-04-27T00:23:05+00:00\",\"dateModified\":\"2021-04-27T00:23:05+00:00\",\"author\":{\"@id\":\"https:\/\/www.nettali.com\/#\/schema\/person\/bb147657c2986240405a608162b9bb23\"},\"breadcrumb\":{\"@id\":\"https:\/\/www.nettali.com\/2021\/04\/27\/championnats-dafrique-de-taekwondo-le-senegal-face-au-defi-de-lorganisation\/#breadcrumb\"},\"inLanguage\":\"fr-FR\",\"potentialAction\":[{\"@type\":\"ReadAction\",\"target\":[\"https:\/\/www.nettali.com\/2021\/04\/27\/championnats-dafrique-de-taekwondo-le-senegal-face-au-defi-de-lorganisation\/\"]}]},{\"@type\":\"BreadcrumbList\",\"@id\":\"https:\/\/www.nettali.com\/2021\/04\/27\/championnats-dafrique-de-taekwondo-le-senegal-face-au-defi-de-lorganisation\/#breadcrumb\",\"itemListElement\":[{\"@type\":\"ListItem\",\"position\":1,\"name\":\"Accueil\",\"item\":\"https:\/\/www.nettali.com\/\"},{\"@type\":\"ListItem\",\"position\":2,\"name\":\"CHAMPIONNATS D&rsquo;AFRIQUE DE TAEKWONDO &#8211; Le S\\u00e9n\\u00e9gal face au d\\u00e9fi de l&rsquo;organisation\"}]},{\"@type\":\"Person\",\"@id\":\"https:\/\/www.nettali.com\/#\/schema\/person\/bb147657c2986240405a608162b9bb23\",\"name\":\"Ibrahima\",\"image\":{\"@type\":\"ImageObject\",\"@id\":\"https:\/\/www.nettali.com\/#personlogo\",\"inLanguage\":\"fr-FR\",\"url\":\"https:\/\/secure.gravatar.com\/avatar\/26a8a81f09f0dd7624c9d5c36c9ba3a2?s=96&d=mm&r=g\",\"contentUrl\":\"https:\/\/secure.gravatar.com\/avatar\/26a8a81f09f0dd7624c9d5c36c9ba3a2?s=96&d=mm&r=g\",\"caption\":\"Ibrahima\"},\"sameAs\":[\"https:\/\/www.nettali.com\"]}]}<\/script>\n<!-- \/ Yoast SEO Premium plugin. -->","yoast_head_json":{"title":"CHAMPIONNATS D'AFRIQUE DE TAEKWONDO - Le S\u00e9n\u00e9gal face au d\u00e9fi de l'organisation | Nettali.com","robots":{"index":"index","follow":"follow","max-snippet":"max-snippet:-1","max-image-preview":"max-image-preview:large","max-video-preview":"max-video-preview:-1"},"canonical":"https:\/\/www.nettali.com\/2021\/04\/27\/championnats-dafrique-de-taekwondo-le-senegal-face-au-defi-de-lorganisation\/","og_locale":"fr_FR","og_type":"article","og_title":"CHAMPIONNATS D'AFRIQUE DE TAEKWONDO - Le S\u00e9n\u00e9gal face au d\u00e9fi de l'organisation","og_description":"NETTALI.COM - Pays h\u00f4te de la 12\u00e8me \u00e9dition des championnats d'Afrique, le S\u00e9n\u00e9gal va accueillir la cr\u00e8me du Taekwondo du 5 au 6 mai prochain. En conf\u00e9rence de presse ce lundi, la f\u00e9d\u00e9ration s\u00e9n\u00e9galaise de ladite discipline a fait le point sur la pr\u00e9paration et se dit pr\u00eate \u00e0 r\u00e9ussir le pari de l'organisation. Initialement [&hellip;]","og_url":"https:\/\/www.nettali.com\/2021\/04\/27\/championnats-dafrique-de-taekwondo-le-senegal-face-au-defi-de-lorganisation\/","og_site_name":"Nettali.com","article_publisher":"https:\/\/www.facebook.com\/nettalicom","article_published_time":"2021-04-27T00:23:05+00:00","og_image":[{"width":1200,"height":800,"url":"https:\/\/www.nettali.com\/wp-content\/uploads\/2021\/04\/art-martial-taekwondo-championnat-de-france-espoirs-criteriu_4621964.jpeg","type":"image\/jpeg"}],"twitter_card":"summary_large_image","twitter_misc":{"\u00c9crit par":"Ibrahima","Dur\u00e9e de lecture estim\u00e9e":"3 minutes"},"schema":{"@context":"https:\/\/schema.org","@graph":[{"@type":"WebSite","@id":"https:\/\/www.nettali.com\/#website","url":"https:\/\/www.nettali.com\/","name":"Nettali.com","description":"Le rendez-vous critique du Net","potentialAction":[{"@type":"SearchAction","target":{"@type":"EntryPoint","urlTemplate":"https:\/\/www.nettali.com\/?s={search_term_string}"},"query-input":"required name=search_term_string"}],"inLanguage":"fr-FR"},{"@type":"ImageObject","@id":"https:\/\/www.nettali.com\/2021\/04\/27\/championnats-dafrique-de-taekwondo-le-senegal-face-au-defi-de-lorganisation\/#primaryimage","inLanguage":"fr-FR","url":"https:\/\/www.nettali.com\/wp-content\/uploads\/2021\/04\/art-martial-taekwondo-championnat-de-france-espoirs-criteriu_4621964.jpeg","contentUrl":"https:\/\/www.nettali.com\/wp-content\/uploads\/2021\/04\/art-martial-taekwondo-championnat-de-france-espoirs-criteriu_4621964.jpeg","width":1200,"height":800},{"@type":"WebPage","@id":"https:\/\/www.nettali.com\/2021\/04\/27\/championnats-dafrique-de-taekwondo-le-senegal-face-au-defi-de-lorganisation\/#webpage","url":"https:\/\/www.nettali.com\/2021\/04\/27\/championnats-dafrique-de-taekwondo-le-senegal-face-au-defi-de-lorganisation\/","name":"CHAMPIONNATS D'AFRIQUE DE TAEKWONDO - Le S\u00e9n\u00e9gal face au d\u00e9fi de l'organisation | Nettali.com","isPartOf":{"@id":"https:\/\/www.nettali.com\/#website"},"primaryImageOfPage":{"@id":"https:\/\/www.nettali.com\/2021\/04\/27\/championnats-dafrique-de-taekwondo-le-senegal-face-au-defi-de-lorganisation\/#primaryimage"},"datePublished":"2021-04-27T00:23:05+00:00","dateModified":"2021-04-27T00:23:05+00:00","author":{"@id":"https:\/\/www.nettali.com\/#\/schema\/person\/bb147657c2986240405a608162b9bb23"},"breadcrumb":{"@id":"https:\/\/www.nettali.com\/2021\/04\/27\/championnats-dafrique-de-taekwondo-le-senegal-face-au-defi-de-lorganisation\/#breadcrumb"},"inLanguage":"fr-FR","potentialAction":[{"@type":"ReadAction","target":["https:\/\/www.nettali.com\/2021\/04\/27\/championnats-dafrique-de-taekwondo-le-senegal-face-au-defi-de-lorganisation\/"]}]},{"@type":"BreadcrumbList","@id":"https:\/\/www.nettali.com\/2021\/04\/27\/championnats-dafrique-de-taekwondo-le-senegal-face-au-defi-de-lorganisation\/#breadcrumb","itemListElement":[{"@type":"ListItem","position":1,"name":"Accueil","item":"https:\/\/www.nettali.com\/"},{"@type":"ListItem","position":2,"name":"CHAMPIONNATS D&rsquo;AFRIQUE DE TAEKWONDO &#8211; Le S\u00e9n\u00e9gal face au d\u00e9fi de l&rsquo;organisation"}]},{"@type":"Person","@id":"https:\/\/www.nettali.com\/#\/schema\/person\/bb147657c2986240405a608162b9bb23","name":"Ibrahima","image":{"@type":"ImageObject","@id":"https:\/\/www.nettali.com\/#personlogo","inLanguage":"fr-FR","url":"https:\/\/secure.gravatar.com\/avatar\/26a8a81f09f0dd7624c9d5c36c9ba3a2?s=96&d=mm&r=g","contentUrl":"https:\/\/secure.gravatar.com\/avatar\/26a8a81f09f0dd7624c9d5c36c9ba3a2?s=96&d=mm&r=g","caption":"Ibrahima"},"sameAs":["https:\/\/www.nettali.com"]}]}},"_links":{"self":[{"href":"https:\/\/www.nettali.com\/rest\/wp\/v2\/posts\/62751"}],"collection":[{"href":"https:\/\/www.nettali.com\/rest\/wp\/v2\/posts"}],"about":[{"href":"https:\/\/www.nettali.com\/rest\/wp\/v2\/types\/post"}],"author":[{"embeddable":true,"href":"https:\/\/www.nettali.com\/rest\/wp\/v2\/users\/5"}],"replies":[{"embeddable":true,"href":"https:\/\/www.nettali.com\/rest\/wp\/v2\/comments?post=62751"}],"version-history":[{"count":4,"href":"https:\/\/www.nettali.com\/rest\/wp\/v2\/posts\/62751\/revisions"}],"predecessor-version":[{"id":62756,"href":"https:\/\/www.nettali.com\/rest\/wp\/v2\/posts\/62751\/revisions\/62756"}],"wp:featuredmedia":[{"embeddable":true,"href":"https:\/\/www.nettali.com\/rest\/wp\/v2\/media\/62752"}],"wp:attachment":[{"href":"https:\/\/www.nettali.com\/rest\/wp\/v2\/media?parent=62751"}],"wp:term":[{"taxonomy":"category","embeddable":true,"href":"https:\/\/www.nettali.com\/rest\/wp\/v2\/categories?post=62751"},{"taxonomy":"post_tag","embeddable":true,"href":"https:\/\/www.nettali.com\/rest\/wp\/v2\/tags?post=62751"}],"curies":[{"name":"wp","href":"https:\/\/api.w.org\/{rel}","templated":true}]}}