{"id":62645,"date":"2021-04-25T12:51:24","date_gmt":"2021-04-25T12:51:24","guid":{"rendered":"https:\/\/www.nettali.com\/?p=62645"},"modified":"2021-04-25T12:51:24","modified_gmt":"2021-04-25T12:51:24","slug":"emploi-des-jeunes-les-solutions-de-alioune-tine","status":"publish","type":"post","link":"https:\/\/www.nettali.com\/2021\/04\/25\/emploi-des-jeunes-les-solutions-de-alioune-tine\/","title":{"rendered":"EMPLOI DES JEUNES -  Les solutions de Alioune Tine"},"content":{"rendered":"<p><strong>NETTALI.COM- Invit\u00e9 de l'\u00e9mission Jury du dimanche, Alioune Tine est revenu sur le conseil pr\u00e9sidentiel sur l'emploi et la r\u00e9insertion professionnelle des jeunes. Le fondateur d\u2019Africa Jom Center salue l'initiative puisqu'il y avait, selon son entendement, une rupture entre la jeunesse et le chef de l\u2019Etat. Alioune Tine n'a pas aussi manqu\u00e9 de pr\u00e9coniser des solutions quant \u00e0 la probl\u00e9matique.<\/strong><\/p>\n<p>\" <em>Je pense que l\u2019initiative est bonne. Il y avait une v\u00e9ritable rupture entre le pouvoir et la jeunesse<\/em>\", a d\u00e9clar\u00e9 d'embl\u00e9e Alioune Tine avant de camper le d\u00e9cor. \" <em>Je pense qu'au mois de juin dernier, avec les pirogues qui partaient pour l\u2019Europe, il y a eu des centaines de morts sur les plages, les jeunes avaient demand\u00e9 au pouvoir de d\u00e9cr\u00e9ter une journ\u00e9e de deuil. Le pouvoir ne l\u2019avait pas fait et les jeunes, eux-m\u00eames, avaient d\u00e9cr\u00e9t\u00e9 cette journ\u00e9e de deuil. Ensuite, on a vu les manifestations du mois de mars o\u00f9 les jeunes avaient \u00e9t\u00e9 tr\u00e8s massivement impliqu\u00e9s<\/em>\", rappelle-t-il en soulignant qu'avec cet \u00e9tat de fait, \"<em>la rupture entre les autorit\u00e9s \u00e9tatiques et la jeunesse \u00e9tait nette\". <\/em>Par cons\u00e9quent, il trouve qu'avec la rencontre,<em> \"le pr\u00e9sident de la R\u00e9publique a fait de la m\u00e9tacommunication, une communication de rectification.<\/em> \"<\/p>\n<p>Donc, analyse Alioune Tine, \" <em>c\u2019\u00e9tait un rituel de reconnaissance mutuelle. Ils se sont assis et ils se sont expliqu\u00e9s. Je pense que pour une premi\u00e8re \u00e9tape, c\u2019\u00e9tait n\u00e9cessaire. C\u2019est physique, c\u2019est subjectif. Nous sommes presque 17 millions de S\u00e9n\u00e9galais et 60% ce sont des jeunes de moins de 25 ans, sans avenir, sans perspective. Certains pr\u00e9f\u00e8rent l\u2019\u00e9migration suicidaire que de vivre l\u2019enfer. Nous ne pouvons pas avoir des Etats et des soci\u00e9t\u00e9s qui fonctionnement en marginalisant, en excluant les jeunes. Ce n\u2019est pas possible<\/em>\".<\/p>\n<p>En outre par rapport aux solutions propos\u00e9es lors du conseil pr\u00e9sidentiel, le fondateur d\u2019Africa Jom affiche un certain optimisme. \" <em>Il est \u00e9vident qu\u2019entre les promesses et leur application concr\u00e8te, il y a une distance. D\u2019habitude, ce qui peut cr\u00e9er de l\u2019emploi ici, c\u2019est le secteur priv\u00e9. Malheureusement, le secteur priv\u00e9 est tr\u00e8s sinistr\u00e9. Donc, c\u2019est une r\u00e9flexion globale \u00e0 la fois sur le secteur priv\u00e9 et sur les r\u00e9ponses. Donc, ce d\u00e9bat sur la question de l\u2019emploi est un d\u00e9bat qui doit impliquer aussi le secteur priv\u00e9, l\u2019Etat et la jeunesse<\/em>\", exprime-t-il.<\/p>\n<p><strong>Les solutions de Alioune Tine pour l'emploi des jeunes<\/strong><\/p>\n<p>Quid de ses solutions \u00e0 lui ? L'invit\u00e9 de JDD analyse d'abord les chiffres du gouvernement avec un certain doute. \"<em> 493 mille emplois ont \u00e9t\u00e9 r\u00e9alis\u00e9s selon les chiffres du gouvernement entre 2012 et 2019, mais on se rend compte que c\u2019est loin d\u2019\u00eatre suffisant. La preuve on annonce encore 443 mille emplois qu\u2019il faudra cr\u00e9er, au moins 200 mille demandeurs d\u2019emplois sont enregistr\u00e9s chaque ann\u00e9e selon les statistiques officielles<\/em>\" dit-il.<\/p>\n<p>Par cons\u00e9quent M. Tine estime qu'il \" <em>faut ensemble travailler, avoir des initiatives et avoir un d\u00e9bat le plus large possible\". Concr\u00e8tement, il propose la r\u00e9forme de l\u2019\u00e9ducation et le d\u00e9veloppement de la formation professionnelle \" pour que les gens soient autonomes et cr\u00e9ent leur emploi<\/em>\". Il faut \u00e9galement, argue-t-il, \" <em>anticiper avec les nouvelles technologies. Il faudrait voir ce qu\u2019on peut faire dans le domaine de l\u2019\u00e9conomie durable<\/em>\".\u00a0 Et d\u2019ajouter pour le d\u00e9plorer : \" <em>Nous avons toutes les conditions pour avoir la qualit\u00e9 de la vie, mais on nous pollue la vie. On ne profite pas de nos ressources. La plupart des gens qui vont en Europe, ce sont des gens qui ne peuvent plus vivre de la p\u00eache. Les accords de p\u00eache, on doit les revoir et en m\u00eame, voir la mani\u00e8re dont certains pays ou entrepreneurs \u00e9trangers utilisent les S\u00e9n\u00e9galais. Mais le d\u00e9bat politique n\u2019aborde jamais ces questions qui sont les questions du futur<\/em>\".<\/p>\n<p>Poursuivant, Alioune Tine, fait remarquer que \"<em> tout le probl\u00e8me que nous avons-nous autres Africains, c\u2019est la capacit\u00e9 d\u2019avoir la main sur notre \u00e9conomie. C\u2019est-\u00e0-dire de ne pas se faire dicter ce qu\u2019ils doivent faire par rapport aux bailleurs de fonds<\/em>\". Ainsi, pour l\u2019\u00e9viter, sugg\u00e8re-t-il, \"<em>il faut \u00eatre uni<\/em>\".<\/p>\n<p>De m\u00eame indique-t-il, \" <em>r\u00e9fl\u00e9chir sur cette crise et trouver les marges de man\u0153uvres qui vous permettent de mettre l\u2019argent l\u00e0 o\u00f9 il faut. Il faut aller au-del\u00e0 des slogans. Nous avons de tr\u00e8s bonnes r\u00e9solutions, nous avons un tr\u00e8s bon discours mais, \u00e7a ne va pas au-del\u00e0. Cela demande une tr\u00e8s grande r\u00e9forme de notre administration. Nous ne faisons que copier les institutions fran\u00e7aises. Nous, non seulement c\u2019est la scl\u00e9rose, mais c\u2019est aussi la corruption. Il faut avoir le courage d\u2019appeler les choses par leur nom. La corruption est un v\u00e9ritable cancer. Ce n\u2019est pas le S\u00e9n\u00e9gal seulement. Quand dans les arm\u00e9es du Sahel vous voyez des d\u00e9tournements de fonds pendant des moments de guerre, vous vous dites, c\u2019est grave<\/em>\".<\/p>\n<div class='share-to-whatsapp-wrapper'><div class='share-on-whsp'>PARTAGER SUR : <\/div><a data-text='EMPLOI DES JEUNES -  Les solutions de Alioune Tine' data-link='https:\/\/www.nettali.com\/2021\/04\/25\/emploi-des-jeunes-les-solutions-de-alioune-tine\/' class='whatsapp-button whatsapp-share'>WhatsApp<\/a><div class='clear '><\/div><\/div>","protected":false},"excerpt":{"rendered":"<p>NETTALI.COM- Invit\u00e9 de l'\u00e9mission Jury du dimanche, Alioune Tine est revenu sur le conseil pr\u00e9sidentiel sur l'emploi et la r\u00e9insertion professionnelle des jeunes. Le fondateur d\u2019Africa Jom Center salue l'initiative puisqu'il y avait, selon son entendement, une rupture entre la jeunesse et le chef de l\u2019Etat. Alioune Tine n'a pas aussi manqu\u00e9 de pr\u00e9coniser des [&hellip;]<\/p>\n","protected":false},"author":6,"featured_media":9630,"comment_status":"open","ping_status":"open","sticky":false,"template":"","format":"standard","meta":{"_et_pb_use_builder":"","_et_pb_old_content":""},"categories":[3],"tags":[],"yoast_head":"<!-- This site is optimized with the Yoast SEO Premium plugin v17.8 (Yoast SEO v17.8) - https:\/\/yoast.com\/wordpress\/plugins\/seo\/ -->\n<title>EMPLOI DES JEUNES - Les solutions de Alioune Tine | Nettali.com<\/title>\n<meta name=\"robots\" content=\"index, follow, max-snippet:-1, max-image-preview:large, max-video-preview:-1\" \/>\n<link rel=\"canonical\" href=\"https:\/\/www.nettali.com\/2021\/04\/25\/emploi-des-jeunes-les-solutions-de-alioune-tine\/\" \/>\n<meta property=\"og:locale\" content=\"fr_FR\" \/>\n<meta property=\"og:type\" content=\"article\" \/>\n<meta property=\"og:title\" content=\"EMPLOI DES JEUNES - Les solutions de Alioune Tine\" \/>\n<meta property=\"og:description\" content=\"NETTALI.COM- Invit\u00e9 de l&#039;\u00e9mission Jury du dimanche, Alioune Tine est revenu sur le conseil pr\u00e9sidentiel sur l&#039;emploi et la r\u00e9insertion professionnelle des jeunes. Le fondateur d\u2019Africa Jom Center salue l&#039;initiative puisqu&#039;il y avait, selon son entendement, une rupture entre la jeunesse et le chef de l\u2019Etat. Alioune Tine n&#039;a pas aussi manqu\u00e9 de pr\u00e9coniser des [&hellip;]\" \/>\n<meta property=\"og:url\" content=\"https:\/\/www.nettali.com\/2021\/04\/25\/emploi-des-jeunes-les-solutions-de-alioune-tine\/\" \/>\n<meta property=\"og:site_name\" content=\"Nettali.com\" \/>\n<meta property=\"article:publisher\" content=\"https:\/\/www.facebook.com\/nettalicom\" \/>\n<meta property=\"article:published_time\" content=\"2021-04-25T12:51:24+00:00\" \/>\n<meta property=\"og:image\" content=\"https:\/\/www.nettali.com\/wp-content\/uploads\/2019\/05\/Alioune-TINE.jpg\" \/>\n\t<meta property=\"og:image:width\" content=\"650\" \/>\n\t<meta property=\"og:image:height\" content=\"623\" \/>\n<meta name=\"twitter:card\" content=\"summary_large_image\" \/>\n<meta name=\"twitter:label1\" content=\"\u00c9crit par\" \/>\n\t<meta name=\"twitter:data1\" content=\"Fatou\" \/>\n\t<meta name=\"twitter:label2\" content=\"Dur\u00e9e de lecture estim\u00e9e\" \/>\n\t<meta name=\"twitter:data2\" content=\"4 minutes\" \/>\n<script type=\"application\/ld+json\" class=\"yoast-schema-graph\">{\"@context\":\"https:\/\/schema.org\",\"@graph\":[{\"@type\":\"WebSite\",\"@id\":\"https:\/\/www.nettali.com\/#website\",\"url\":\"https:\/\/www.nettali.com\/\",\"name\":\"Nettali.com\",\"description\":\"Le rendez-vous critique du Net\",\"potentialAction\":[{\"@type\":\"SearchAction\",\"target\":{\"@type\":\"EntryPoint\",\"urlTemplate\":\"https:\/\/www.nettali.com\/?s={search_term_string}\"},\"query-input\":\"required name=search_term_string\"}],\"inLanguage\":\"fr-FR\"},{\"@type\":\"ImageObject\",\"@id\":\"https:\/\/www.nettali.com\/2021\/04\/25\/emploi-des-jeunes-les-solutions-de-alioune-tine\/#primaryimage\",\"inLanguage\":\"fr-FR\",\"url\":\"https:\/\/www.nettali.com\/wp-content\/uploads\/2019\/05\/Alioune-TINE.jpg\",\"contentUrl\":\"https:\/\/www.nettali.com\/wp-content\/uploads\/2019\/05\/Alioune-TINE.jpg\",\"width\":650,\"height\":623},{\"@type\":\"WebPage\",\"@id\":\"https:\/\/www.nettali.com\/2021\/04\/25\/emploi-des-jeunes-les-solutions-de-alioune-tine\/#webpage\",\"url\":\"https:\/\/www.nettali.com\/2021\/04\/25\/emploi-des-jeunes-les-solutions-de-alioune-tine\/\",\"name\":\"EMPLOI DES JEUNES - Les solutions de Alioune Tine | Nettali.com\",\"isPartOf\":{\"@id\":\"https:\/\/www.nettali.com\/#website\"},\"primaryImageOfPage\":{\"@id\":\"https:\/\/www.nettali.com\/2021\/04\/25\/emploi-des-jeunes-les-solutions-de-alioune-tine\/#primaryimage\"},\"datePublished\":\"2021-04-25T12:51:24+00:00\",\"dateModified\":\"2021-04-25T12:51:24+00:00\",\"author\":{\"@id\":\"https:\/\/www.nettali.com\/#\/schema\/person\/418274a86bdf87caff7a3ef476bd0bbf\"},\"breadcrumb\":{\"@id\":\"https:\/\/www.nettali.com\/2021\/04\/25\/emploi-des-jeunes-les-solutions-de-alioune-tine\/#breadcrumb\"},\"inLanguage\":\"fr-FR\",\"potentialAction\":[{\"@type\":\"ReadAction\",\"target\":[\"https:\/\/www.nettali.com\/2021\/04\/25\/emploi-des-jeunes-les-solutions-de-alioune-tine\/\"]}]},{\"@type\":\"BreadcrumbList\",\"@id\":\"https:\/\/www.nettali.com\/2021\/04\/25\/emploi-des-jeunes-les-solutions-de-alioune-tine\/#breadcrumb\",\"itemListElement\":[{\"@type\":\"ListItem\",\"position\":1,\"name\":\"Accueil\",\"item\":\"https:\/\/www.nettali.com\/\"},{\"@type\":\"ListItem\",\"position\":2,\"name\":\"EMPLOI DES JEUNES &#8211; Les solutions de Alioune Tine\"}]},{\"@type\":\"Person\",\"@id\":\"https:\/\/www.nettali.com\/#\/schema\/person\/418274a86bdf87caff7a3ef476bd0bbf\",\"name\":\"Fatou\",\"image\":{\"@type\":\"ImageObject\",\"@id\":\"https:\/\/www.nettali.com\/#personlogo\",\"inLanguage\":\"fr-FR\",\"url\":\"https:\/\/secure.gravatar.com\/avatar\/5a9442a2bee7b4dcf167cab035858e9a?s=96&d=mm&r=g\",\"contentUrl\":\"https:\/\/secure.gravatar.com\/avatar\/5a9442a2bee7b4dcf167cab035858e9a?s=96&d=mm&r=g\",\"caption\":\"Fatou\"},\"sameAs\":[\"https:\/\/www.nettali.com\"]}]}<\/script>\n<!-- \/ Yoast SEO Premium plugin. -->","yoast_head_json":{"title":"EMPLOI DES JEUNES - Les solutions de Alioune Tine | Nettali.com","robots":{"index":"index","follow":"follow","max-snippet":"max-snippet:-1","max-image-preview":"max-image-preview:large","max-video-preview":"max-video-preview:-1"},"canonical":"https:\/\/www.nettali.com\/2021\/04\/25\/emploi-des-jeunes-les-solutions-de-alioune-tine\/","og_locale":"fr_FR","og_type":"article","og_title":"EMPLOI DES JEUNES - Les solutions de Alioune Tine","og_description":"NETTALI.COM- Invit\u00e9 de l'\u00e9mission Jury du dimanche, Alioune Tine est revenu sur le conseil pr\u00e9sidentiel sur l'emploi et la r\u00e9insertion professionnelle des jeunes. Le fondateur d\u2019Africa Jom Center salue l'initiative puisqu'il y avait, selon son entendement, une rupture entre la jeunesse et le chef de l\u2019Etat. Alioune Tine n'a pas aussi manqu\u00e9 de pr\u00e9coniser des [&hellip;]","og_url":"https:\/\/www.nettali.com\/2021\/04\/25\/emploi-des-jeunes-les-solutions-de-alioune-tine\/","og_site_name":"Nettali.com","article_publisher":"https:\/\/www.facebook.com\/nettalicom","article_published_time":"2021-04-25T12:51:24+00:00","og_image":[{"width":650,"height":623,"url":"https:\/\/www.nettali.com\/wp-content\/uploads\/2019\/05\/Alioune-TINE.jpg","type":"image\/jpeg"}],"twitter_card":"summary_large_image","twitter_misc":{"\u00c9crit par":"Fatou","Dur\u00e9e de lecture estim\u00e9e":"4 minutes"},"schema":{"@context":"https:\/\/schema.org","@graph":[{"@type":"WebSite","@id":"https:\/\/www.nettali.com\/#website","url":"https:\/\/www.nettali.com\/","name":"Nettali.com","description":"Le rendez-vous critique du Net","potentialAction":[{"@type":"SearchAction","target":{"@type":"EntryPoint","urlTemplate":"https:\/\/www.nettali.com\/?s={search_term_string}"},"query-input":"required name=search_term_string"}],"inLanguage":"fr-FR"},{"@type":"ImageObject","@id":"https:\/\/www.nettali.com\/2021\/04\/25\/emploi-des-jeunes-les-solutions-de-alioune-tine\/#primaryimage","inLanguage":"fr-FR","url":"https:\/\/www.nettali.com\/wp-content\/uploads\/2019\/05\/Alioune-TINE.jpg","contentUrl":"https:\/\/www.nettali.com\/wp-content\/uploads\/2019\/05\/Alioune-TINE.jpg","width":650,"height":623},{"@type":"WebPage","@id":"https:\/\/www.nettali.com\/2021\/04\/25\/emploi-des-jeunes-les-solutions-de-alioune-tine\/#webpage","url":"https:\/\/www.nettali.com\/2021\/04\/25\/emploi-des-jeunes-les-solutions-de-alioune-tine\/","name":"EMPLOI DES JEUNES - Les solutions de Alioune Tine | Nettali.com","isPartOf":{"@id":"https:\/\/www.nettali.com\/#website"},"primaryImageOfPage":{"@id":"https:\/\/www.nettali.com\/2021\/04\/25\/emploi-des-jeunes-les-solutions-de-alioune-tine\/#primaryimage"},"datePublished":"2021-04-25T12:51:24+00:00","dateModified":"2021-04-25T12:51:24+00:00","author":{"@id":"https:\/\/www.nettali.com\/#\/schema\/person\/418274a86bdf87caff7a3ef476bd0bbf"},"breadcrumb":{"@id":"https:\/\/www.nettali.com\/2021\/04\/25\/emploi-des-jeunes-les-solutions-de-alioune-tine\/#breadcrumb"},"inLanguage":"fr-FR","potentialAction":[{"@type":"ReadAction","target":["https:\/\/www.nettali.com\/2021\/04\/25\/emploi-des-jeunes-les-solutions-de-alioune-tine\/"]}]},{"@type":"BreadcrumbList","@id":"https:\/\/www.nettali.com\/2021\/04\/25\/emploi-des-jeunes-les-solutions-de-alioune-tine\/#breadcrumb","itemListElement":[{"@type":"ListItem","position":1,"name":"Accueil","item":"https:\/\/www.nettali.com\/"},{"@type":"ListItem","position":2,"name":"EMPLOI DES JEUNES &#8211; Les solutions de Alioune Tine"}]},{"@type":"Person","@id":"https:\/\/www.nettali.com\/#\/schema\/person\/418274a86bdf87caff7a3ef476bd0bbf","name":"Fatou","image":{"@type":"ImageObject","@id":"https:\/\/www.nettali.com\/#personlogo","inLanguage":"fr-FR","url":"https:\/\/secure.gravatar.com\/avatar\/5a9442a2bee7b4dcf167cab035858e9a?s=96&d=mm&r=g","contentUrl":"https:\/\/secure.gravatar.com\/avatar\/5a9442a2bee7b4dcf167cab035858e9a?s=96&d=mm&r=g","caption":"Fatou"},"sameAs":["https:\/\/www.nettali.com"]}]}},"_links":{"self":[{"href":"https:\/\/www.nettali.com\/rest\/wp\/v2\/posts\/62645"}],"collection":[{"href":"https:\/\/www.nettali.com\/rest\/wp\/v2\/posts"}],"about":[{"href":"https:\/\/www.nettali.com\/rest\/wp\/v2\/types\/post"}],"author":[{"embeddable":true,"href":"https:\/\/www.nettali.com\/rest\/wp\/v2\/users\/6"}],"replies":[{"embeddable":true,"href":"https:\/\/www.nettali.com\/rest\/wp\/v2\/comments?post=62645"}],"version-history":[{"count":3,"href":"https:\/\/www.nettali.com\/rest\/wp\/v2\/posts\/62645\/revisions"}],"predecessor-version":[{"id":62648,"href":"https:\/\/www.nettali.com\/rest\/wp\/v2\/posts\/62645\/revisions\/62648"}],"wp:featuredmedia":[{"embeddable":true,"href":"https:\/\/www.nettali.com\/rest\/wp\/v2\/media\/9630"}],"wp:attachment":[{"href":"https:\/\/www.nettali.com\/rest\/wp\/v2\/media?parent=62645"}],"wp:term":[{"taxonomy":"category","embeddable":true,"href":"https:\/\/www.nettali.com\/rest\/wp\/v2\/categories?post=62645"},{"taxonomy":"post_tag","embeddable":true,"href":"https:\/\/www.nettali.com\/rest\/wp\/v2\/tags?post=62645"}],"curies":[{"name":"wp","href":"https:\/\/api.w.org\/{rel}","templated":true}]}}