{"id":62616,"date":"2021-04-24T23:41:51","date_gmt":"2021-04-24T23:41:51","guid":{"rendered":"https:\/\/www.nettali.com\/?p=62616"},"modified":"2021-04-25T13:19:19","modified_gmt":"2021-04-25T13:19:19","slug":"cite-touba-renaissance-les-populations-declarent-la-guerre-a-mbackiyou-faye","status":"publish","type":"post","link":"https:\/\/www.nettali.com\/2021\/04\/24\/cite-touba-renaissance-les-populations-declarent-la-guerre-a-mbackiyou-faye\/","title":{"rendered":"CITE TOUBA RENAISSANCE - Les populations d\u00e9clarent la guerre \u00e0 Mbackiyou Faye"},"content":{"rendered":"<p><strong>NETTALI.COM - Les propri\u00e9taires et r\u00e9sidents de la Cit\u00e9 Touba Renaissance sise \u00e0 Ouakam ne d\u00e9col\u00e8rent pas et en veulent toujours \u00e0 Mbackiyou Faye. En sit-in ce samedi matin, Ibra Diakhat\u00e9 et compagnie d\u00e9noncent le non-respect des engagements du promoteur. Ils exigent la viabilisation de leur cit\u00e9 ainsi que la restitution de leurs espaces publics.<\/strong><\/p>\n<p>Ce n'est pas demain la veille et la hache de guerre entre Mbackiyou Faye et les habitants de la Cit\u00e9 Touba Renaissance est loin d'\u00eatre enterr\u00e9e. En effet, le bitumage de la voirie, l'assainissement et la restitution des espaces publics les opposent toujours.<\/p>\n<p><strong>Le respect de la parole donn\u00e9e !<\/strong><\/p>\n<p>\" <em>Ce sit-in est un cri du coeur, un ras-le-bol g\u00e9n\u00e9ralis\u00e9. Depuis tr\u00e8s longtemps nous poursuivons notre promoteur, Mbackiyou Faye pour qu'il respecte les engagements contractuels qui nous lient. Nous avons tous achet\u00e9 des maisons ici et dans les contrats de base, il y a trois aspects fondamentaux, qui \u00e0 ce jour, ne sont pas encore respect\u00e9s\", <\/em>a d\u00e9clar\u00e9 le pr\u00e9sident de l\u2019Association des propri\u00e9taires et r\u00e9sidents de la Cit\u00e9 Touba Renaissance, Ibra Diakhat\u00e9.<\/p>\n<p><img loading=\"lazy\" class=\"alignnone size-medium wp-image-62620\" src=\"https:\/\/www.nettali.com\/wp-content\/uploads\/2021\/04\/IMG-20210424-WA0357-300x169.jpg\" alt=\"\" width=\"300\" height=\"169\" srcset=\"https:\/\/www.nettali.com\/wp-content\/uploads\/2021\/04\/IMG-20210424-WA0357-300x169.jpg 300w, https:\/\/www.nettali.com\/wp-content\/uploads\/2021\/04\/IMG-20210424-WA0357-768x432.jpg 768w, https:\/\/www.nettali.com\/wp-content\/uploads\/2021\/04\/IMG-20210424-WA0357-1024x576.jpg 1024w, https:\/\/www.nettali.com\/wp-content\/uploads\/2021\/04\/IMG-20210424-WA0357.jpg 1080w\" sizes=\"(max-width: 300px) 100vw, 300px\" \/><\/p>\n<p><em>\" Le premier aspect c'est la voirie. Il \u00e9tait convenu que cette cit\u00e9 soit bitum\u00e9e mais vous voyez ce qu'il en a fait. Et c'est par d\u00e9cision de justice qu'il a \u00e9t\u00e9 contraint de r\u00e9aliser le peu de voirie que nous avons. Une voirie qui ne l'est que de nom. Je pense que quelque part c'est nous manquer fondamentalement de respect. Il a manqu\u00e9 \u00e0 ses engagements. Un haut responsable de ce pays qui prend des engagements doit les respecter \u00e0 la lettre\", <\/em>fait<em>-<\/em>il savoir.<\/p>\n<p><em>\" Alors tous nos courriers \u00e9tant rest\u00e9s sans r\u00e9ponse, nous avons d\u00fb ester en justice. Notre premi\u00e8re victoire a consist\u00e9 au bitumage de ces routes. Malheureusement, il a confi\u00e9 le travail \u00e0 deux amateurs qui se sont d\u00e9brouill\u00e9s avec les maigres moyens dont ils disposaient. On ne sait pas ce qu'il y a comme deal derri\u00e8re. Nous avons exig\u00e9 d'avoir les cahiers de charge qui soutendent ces travaux, nous ne les avons jamais eus. En effectuant ces travaux qui sont tout sauf des routes, ils ont creus\u00e9 partout dans la cit\u00e9 au point qu'il est difficile pour nous d'acc\u00e9der \u00e0 nos garages. Ce que nous exigeons sur ce volet est qu'il nous refasse ces routes, qu'il les normalise ainsi que les trottoirs afin que les gens puissent rejoindre ais\u00e9ment leurs garages individuels\",<\/em> poursuit-il.<\/p>\n<p><img loading=\"lazy\" class=\"alignnone size-medium wp-image-62617\" src=\"https:\/\/www.nettali.com\/wp-content\/uploads\/2021\/04\/IMG-20210424-WA0360-300x169.jpg\" alt=\"\" width=\"300\" height=\"169\" srcset=\"https:\/\/www.nettali.com\/wp-content\/uploads\/2021\/04\/IMG-20210424-WA0360-300x169.jpg 300w, https:\/\/www.nettali.com\/wp-content\/uploads\/2021\/04\/IMG-20210424-WA0360-768x432.jpg 768w, https:\/\/www.nettali.com\/wp-content\/uploads\/2021\/04\/IMG-20210424-WA0360-1024x576.jpg 1024w, https:\/\/www.nettali.com\/wp-content\/uploads\/2021\/04\/IMG-20210424-WA0360.jpg 1080w\" sizes=\"(max-width: 300px) 100vw, 300px\" \/><\/p>\n<p><strong>L'insalubrit\u00e9 de la Cit\u00e9, un danger de sant\u00e9 publique<\/strong><\/p>\n<p>L'autre point non moins important aux yeux des r\u00e9sidents de cette cit\u00e9 demeure l'assainissement. Un aspect qui indispose ces r\u00e9sidents au plus haut degr\u00e9.<\/p>\n<p>\" <em>Aujourd'hui, cette cit\u00e9 a grandi de mani\u00e8re exponentielle. Nous pensons que le r\u00e9seau d'\u00e9vacuation des eaux us\u00e9es qui d\u00e9bordent en permanence n'est pas adapt\u00e9, n'est pas suffisamment dimensionn\u00e9. Toute l'ann\u00e9e, nous avons des inondations dans la cit\u00e9 sans compter la saison des pluies. En permanence, cette cit\u00e9 est envahie de mouches et de moustiques. Ce qui constitue un \u00e9norme danger de sant\u00e9 public.<\/em><\/p>\n<p><em>Nous exigeons qu'il nous fasse un audit de ce r\u00e9seau, qu'il l'adapte \u00e0 la population de la cit\u00e9 et apr\u00e8s r\u00e9ception que tout \u00e7a puisse \u00eatre d\u00e9vers\u00e9 dans le patrimoine de l'Onas pour que ce dernier puisse s'occuper de l'entretien. <\/em><em>A chaque fois que ces \u00e9gouts d\u00e9bordent, c'est nous qui nous organisons pour essayer de colmater et ce n'est pas vivable du tout. <\/em><em>Mbackiyou Faye nous a vendu une cit\u00e9 viabilis\u00e9e. Qu'il\u00a0 respecte ses engagements ! \" P<\/em>este Ibra Diakhat\u00e9.<\/p>\n<p><img loading=\"lazy\" class=\"alignnone size-medium wp-image-62621\" src=\"https:\/\/www.nettali.com\/wp-content\/uploads\/2021\/04\/IMG-20210424-WA0356-300x169.jpg\" alt=\"\" width=\"300\" height=\"169\" srcset=\"https:\/\/www.nettali.com\/wp-content\/uploads\/2021\/04\/IMG-20210424-WA0356-300x169.jpg 300w, https:\/\/www.nettali.com\/wp-content\/uploads\/2021\/04\/IMG-20210424-WA0356-768x432.jpg 768w, https:\/\/www.nettali.com\/wp-content\/uploads\/2021\/04\/IMG-20210424-WA0356-1024x576.jpg 1024w, https:\/\/www.nettali.com\/wp-content\/uploads\/2021\/04\/IMG-20210424-WA0356.jpg 1080w\" sizes=\"(max-width: 300px) 100vw, 300px\" \/><\/p>\n<p><em>\" <strong>Qu'il nous c\u00e8de le carr\u00e9 central<\/strong>\"<\/em><\/p>\n<p>Enfin, la derni\u00e8re revendication des camarades de Ibra Diakhat\u00e9 n'est autre que la restitution des espaces publics. Un point d\u00fbment act\u00e9 dans les contrats d'achat.<\/p>\n<p><em>\" Le troisi\u00e8me aspect sur lequel nous tenons fortement c'est que dans les diff\u00e9rents plans de morcellement qui ont soutendu nos contrats d'achat, il \u00e9tait mentionn\u00e9 que des espaces publics seraient mis \u00e0 la disposition des populations pour l'am\u00e9nagement d'infrastructures publiques. \u00c7a c'est pas un choix, c'est le principe de l'urbanisme qui l'impose. Par la suite, il a morcel\u00e9 ces espaces publics et les a vendus. Aujourd'hui, il a vendu un terrain o\u00f9 devait \u00eatre \u00e9rig\u00e9 un lieu de culte ou un jardin pour les enfants. Sur ce terrain un immeuble R+4 est \u00e9rig\u00e9. Nous exigeons que monsieur Faye nous c\u00e8de le \"carr\u00e9 central\", l'espace o\u00f9 nous sommes actuellement pour que nous puissions r\u00e9aliser ces infrastructures sociales qui sont pr\u00e9vues dans les plans initiaux d'urbanisme. <\/em><em>Quoi qu'il en co\u00fbte nous irons jusqu'au bout pour obtenir gain de cause. Nous ne lui demandons pas de cadeau encore moins une aum\u00f4ne. Nous voulons tout simplement qu'il respecte sa parole et ses engagements\", <\/em>a exhort\u00e9 le pr\u00e9sident de l'association.<\/p>\n<p><img loading=\"lazy\" class=\"alignnone size-medium wp-image-62619\" src=\"https:\/\/www.nettali.com\/wp-content\/uploads\/2021\/04\/IMG-20210424-WA0358-300x169.jpg\" alt=\"\" width=\"300\" height=\"169\" srcset=\"https:\/\/www.nettali.com\/wp-content\/uploads\/2021\/04\/IMG-20210424-WA0358-300x169.jpg 300w, https:\/\/www.nettali.com\/wp-content\/uploads\/2021\/04\/IMG-20210424-WA0358-768x432.jpg 768w, https:\/\/www.nettali.com\/wp-content\/uploads\/2021\/04\/IMG-20210424-WA0358-1024x576.jpg 1024w, https:\/\/www.nettali.com\/wp-content\/uploads\/2021\/04\/IMG-20210424-WA0358.jpg 1080w\" sizes=\"(max-width: 300px) 100vw, 300px\" \/><\/p>\n<p><em>\" <strong>Nous sommes fatigu\u00e9s<\/strong>\"<\/em><\/p>\n<p>Engag\u00e9s dans ce bras de fer qui commence \u00e0 tirer en longueur, les propri\u00e9taires et r\u00e9sidents de la Cit\u00e9 Touba Renaissance ne comptent pas l\u00e2cher prise. Par ailleurs, ils invitent les voix autoris\u00e9es \u00e0 faire entendre raison \u00e0 Mbackiyou Faye.<\/p>\n<p><em>\" En d\u00e9cembre 2019, sur ordonnance du juge, il a proc\u00e9d\u00e9 au bitumage des routes. Maintenant nous avons un deuxi\u00e8me dossier sur les astreintes qu'il doit nous reverser et sur les autres points qui sont en cours de traitement. <\/em><em>S'il est incapable de faire les travaux convenablement qu'il nous donne notre argent et nous allons prendre nos\u00a0 responsabilit\u00e9s et r\u00e9aliser ces travaux dans les plus brefs d\u00e9lais. Ce combat est en cours depuis 2015. Nous sommes vraiment fatigu\u00e9s de demander \u00e0 ce que notre d\u00fb soit rendu. Il est temps que ceux qui peuvent influer pour que ce monsieur respecte ses engagements le fassent. Nous ne sommes pr\u00eats \u00e0 reculer et nous ne reculerons pas\", <\/em>alertent-ils<em>.<\/em><\/p>\n<p><img loading=\"lazy\" class=\"alignnone size-medium wp-image-62618\" src=\"https:\/\/www.nettali.com\/wp-content\/uploads\/2021\/04\/IMG-20210424-WA0359-300x169.jpg\" alt=\"\" width=\"300\" height=\"169\" srcset=\"https:\/\/www.nettali.com\/wp-content\/uploads\/2021\/04\/IMG-20210424-WA0359-300x169.jpg 300w, https:\/\/www.nettali.com\/wp-content\/uploads\/2021\/04\/IMG-20210424-WA0359-768x432.jpg 768w, https:\/\/www.nettali.com\/wp-content\/uploads\/2021\/04\/IMG-20210424-WA0359-1024x576.jpg 1024w, https:\/\/www.nettali.com\/wp-content\/uploads\/2021\/04\/IMG-20210424-WA0359.jpg 1080w\" sizes=\"(max-width: 300px) 100vw, 300px\" \/><\/p>\n<div class='share-to-whatsapp-wrapper'><div class='share-on-whsp'>PARTAGER SUR : <\/div><a data-text='CITE TOUBA RENAISSANCE - Les populations d\u00e9clarent la guerre \u00e0 Mbackiyou Faye' data-link='https:\/\/www.nettali.com\/2021\/04\/24\/cite-touba-renaissance-les-populations-declarent-la-guerre-a-mbackiyou-faye\/' class='whatsapp-button whatsapp-share'>WhatsApp<\/a><div class='clear '><\/div><\/div>","protected":false},"excerpt":{"rendered":"<p>NETTALI.COM - Les propri\u00e9taires et r\u00e9sidents de la Cit\u00e9 Touba Renaissance sise \u00e0 Ouakam ne d\u00e9col\u00e8rent pas et en veulent toujours \u00e0 Mbackiyou Faye. En sit-in ce samedi matin, Ibra Diakhat\u00e9 et compagnie d\u00e9noncent le non-respect des engagements du promoteur. Ils exigent la viabilisation de leur cit\u00e9 ainsi que la restitution de leurs espaces publics. [&hellip;]<\/p>\n","protected":false},"author":5,"featured_media":62622,"comment_status":"open","ping_status":"open","sticky":false,"template":"","format":"standard","meta":{"_et_pb_use_builder":"","_et_pb_old_content":""},"categories":[3],"tags":[],"yoast_head":"<!-- This site is optimized with the Yoast SEO Premium plugin v17.8 (Yoast SEO v17.8) - https:\/\/yoast.com\/wordpress\/plugins\/seo\/ -->\n<title>CITE TOUBA RENAISSANCE - Les populations d\u00e9clarent la guerre \u00e0 Mbackiyou Faye | Nettali.com<\/title>\n<meta name=\"robots\" content=\"index, follow, max-snippet:-1, max-image-preview:large, max-video-preview:-1\" \/>\n<link rel=\"canonical\" href=\"https:\/\/www.nettali.com\/2021\/04\/24\/cite-touba-renaissance-les-populations-declarent-la-guerre-a-mbackiyou-faye\/\" \/>\n<meta property=\"og:locale\" content=\"fr_FR\" \/>\n<meta property=\"og:type\" content=\"article\" \/>\n<meta property=\"og:title\" content=\"CITE TOUBA RENAISSANCE - Les populations d\u00e9clarent la guerre \u00e0 Mbackiyou Faye\" \/>\n<meta property=\"og:description\" content=\"NETTALI.COM - Les propri\u00e9taires et r\u00e9sidents de la Cit\u00e9 Touba Renaissance sise \u00e0 Ouakam ne d\u00e9col\u00e8rent pas et en veulent toujours \u00e0 Mbackiyou Faye. En sit-in ce samedi matin, Ibra Diakhat\u00e9 et compagnie d\u00e9noncent le non-respect des engagements du promoteur. Ils exigent la viabilisation de leur cit\u00e9 ainsi que la restitution de leurs espaces publics. [&hellip;]\" \/>\n<meta property=\"og:url\" content=\"https:\/\/www.nettali.com\/2021\/04\/24\/cite-touba-renaissance-les-populations-declarent-la-guerre-a-mbackiyou-faye\/\" \/>\n<meta property=\"og:site_name\" content=\"Nettali.com\" \/>\n<meta property=\"article:publisher\" content=\"https:\/\/www.facebook.com\/nettalicom\" \/>\n<meta property=\"article:published_time\" content=\"2021-04-24T23:41:51+00:00\" \/>\n<meta property=\"article:modified_time\" content=\"2021-04-25T13:19:19+00:00\" \/>\n<meta property=\"og:image\" content=\"https:\/\/www.nettali.com\/wp-content\/uploads\/2021\/04\/IMG-20210424-WA0354.jpg\" \/>\n\t<meta property=\"og:image:width\" content=\"1080\" \/>\n\t<meta property=\"og:image:height\" content=\"607\" \/>\n<meta name=\"twitter:card\" content=\"summary_large_image\" \/>\n<meta name=\"twitter:label1\" content=\"\u00c9crit par\" \/>\n\t<meta name=\"twitter:data1\" content=\"Ibrahima\" \/>\n\t<meta name=\"twitter:label2\" content=\"Dur\u00e9e de lecture estim\u00e9e\" \/>\n\t<meta name=\"twitter:data2\" content=\"5 minutes\" \/>\n<script type=\"application\/ld+json\" class=\"yoast-schema-graph\">{\"@context\":\"https:\/\/schema.org\",\"@graph\":[{\"@type\":\"WebSite\",\"@id\":\"https:\/\/www.nettali.com\/#website\",\"url\":\"https:\/\/www.nettali.com\/\",\"name\":\"Nettali.com\",\"description\":\"Le rendez-vous critique du Net\",\"potentialAction\":[{\"@type\":\"SearchAction\",\"target\":{\"@type\":\"EntryPoint\",\"urlTemplate\":\"https:\/\/www.nettali.com\/?s={search_term_string}\"},\"query-input\":\"required name=search_term_string\"}],\"inLanguage\":\"fr-FR\"},{\"@type\":\"ImageObject\",\"@id\":\"https:\/\/www.nettali.com\/2021\/04\/24\/cite-touba-renaissance-les-populations-declarent-la-guerre-a-mbackiyou-faye\/#primaryimage\",\"inLanguage\":\"fr-FR\",\"url\":\"https:\/\/www.nettali.com\/wp-content\/uploads\/2021\/04\/IMG-20210424-WA0354.jpg\",\"contentUrl\":\"https:\/\/www.nettali.com\/wp-content\/uploads\/2021\/04\/IMG-20210424-WA0354.jpg\",\"width\":1080,\"height\":607},{\"@type\":\"WebPage\",\"@id\":\"https:\/\/www.nettali.com\/2021\/04\/24\/cite-touba-renaissance-les-populations-declarent-la-guerre-a-mbackiyou-faye\/#webpage\",\"url\":\"https:\/\/www.nettali.com\/2021\/04\/24\/cite-touba-renaissance-les-populations-declarent-la-guerre-a-mbackiyou-faye\/\",\"name\":\"CITE TOUBA RENAISSANCE - Les populations d\\u00e9clarent la guerre \\u00e0 Mbackiyou Faye | Nettali.com\",\"isPartOf\":{\"@id\":\"https:\/\/www.nettali.com\/#website\"},\"primaryImageOfPage\":{\"@id\":\"https:\/\/www.nettali.com\/2021\/04\/24\/cite-touba-renaissance-les-populations-declarent-la-guerre-a-mbackiyou-faye\/#primaryimage\"},\"datePublished\":\"2021-04-24T23:41:51+00:00\",\"dateModified\":\"2021-04-25T13:19:19+00:00\",\"author\":{\"@id\":\"https:\/\/www.nettali.com\/#\/schema\/person\/bb147657c2986240405a608162b9bb23\"},\"breadcrumb\":{\"@id\":\"https:\/\/www.nettali.com\/2021\/04\/24\/cite-touba-renaissance-les-populations-declarent-la-guerre-a-mbackiyou-faye\/#breadcrumb\"},\"inLanguage\":\"fr-FR\",\"potentialAction\":[{\"@type\":\"ReadAction\",\"target\":[\"https:\/\/www.nettali.com\/2021\/04\/24\/cite-touba-renaissance-les-populations-declarent-la-guerre-a-mbackiyou-faye\/\"]}]},{\"@type\":\"BreadcrumbList\",\"@id\":\"https:\/\/www.nettali.com\/2021\/04\/24\/cite-touba-renaissance-les-populations-declarent-la-guerre-a-mbackiyou-faye\/#breadcrumb\",\"itemListElement\":[{\"@type\":\"ListItem\",\"position\":1,\"name\":\"Accueil\",\"item\":\"https:\/\/www.nettali.com\/\"},{\"@type\":\"ListItem\",\"position\":2,\"name\":\"CITE TOUBA RENAISSANCE &#8211; Les populations d\\u00e9clarent la guerre \\u00e0 Mbackiyou Faye\"}]},{\"@type\":\"Person\",\"@id\":\"https:\/\/www.nettali.com\/#\/schema\/person\/bb147657c2986240405a608162b9bb23\",\"name\":\"Ibrahima\",\"image\":{\"@type\":\"ImageObject\",\"@id\":\"https:\/\/www.nettali.com\/#personlogo\",\"inLanguage\":\"fr-FR\",\"url\":\"https:\/\/secure.gravatar.com\/avatar\/26a8a81f09f0dd7624c9d5c36c9ba3a2?s=96&d=mm&r=g\",\"contentUrl\":\"https:\/\/secure.gravatar.com\/avatar\/26a8a81f09f0dd7624c9d5c36c9ba3a2?s=96&d=mm&r=g\",\"caption\":\"Ibrahima\"},\"sameAs\":[\"https:\/\/www.nettali.com\"]}]}<\/script>\n<!-- \/ Yoast SEO Premium plugin. -->","yoast_head_json":{"title":"CITE TOUBA RENAISSANCE - Les populations d\u00e9clarent la guerre \u00e0 Mbackiyou Faye | Nettali.com","robots":{"index":"index","follow":"follow","max-snippet":"max-snippet:-1","max-image-preview":"max-image-preview:large","max-video-preview":"max-video-preview:-1"},"canonical":"https:\/\/www.nettali.com\/2021\/04\/24\/cite-touba-renaissance-les-populations-declarent-la-guerre-a-mbackiyou-faye\/","og_locale":"fr_FR","og_type":"article","og_title":"CITE TOUBA RENAISSANCE - Les populations d\u00e9clarent la guerre \u00e0 Mbackiyou Faye","og_description":"NETTALI.COM - Les propri\u00e9taires et r\u00e9sidents de la Cit\u00e9 Touba Renaissance sise \u00e0 Ouakam ne d\u00e9col\u00e8rent pas et en veulent toujours \u00e0 Mbackiyou Faye. En sit-in ce samedi matin, Ibra Diakhat\u00e9 et compagnie d\u00e9noncent le non-respect des engagements du promoteur. Ils exigent la viabilisation de leur cit\u00e9 ainsi que la restitution de leurs espaces publics. [&hellip;]","og_url":"https:\/\/www.nettali.com\/2021\/04\/24\/cite-touba-renaissance-les-populations-declarent-la-guerre-a-mbackiyou-faye\/","og_site_name":"Nettali.com","article_publisher":"https:\/\/www.facebook.com\/nettalicom","article_published_time":"2021-04-24T23:41:51+00:00","article_modified_time":"2021-04-25T13:19:19+00:00","og_image":[{"width":1080,"height":607,"url":"https:\/\/www.nettali.com\/wp-content\/uploads\/2021\/04\/IMG-20210424-WA0354.jpg","type":"image\/jpeg"}],"twitter_card":"summary_large_image","twitter_misc":{"\u00c9crit par":"Ibrahima","Dur\u00e9e de lecture estim\u00e9e":"5 minutes"},"schema":{"@context":"https:\/\/schema.org","@graph":[{"@type":"WebSite","@id":"https:\/\/www.nettali.com\/#website","url":"https:\/\/www.nettali.com\/","name":"Nettali.com","description":"Le rendez-vous critique du Net","potentialAction":[{"@type":"SearchAction","target":{"@type":"EntryPoint","urlTemplate":"https:\/\/www.nettali.com\/?s={search_term_string}"},"query-input":"required name=search_term_string"}],"inLanguage":"fr-FR"},{"@type":"ImageObject","@id":"https:\/\/www.nettali.com\/2021\/04\/24\/cite-touba-renaissance-les-populations-declarent-la-guerre-a-mbackiyou-faye\/#primaryimage","inLanguage":"fr-FR","url":"https:\/\/www.nettali.com\/wp-content\/uploads\/2021\/04\/IMG-20210424-WA0354.jpg","contentUrl":"https:\/\/www.nettali.com\/wp-content\/uploads\/2021\/04\/IMG-20210424-WA0354.jpg","width":1080,"height":607},{"@type":"WebPage","@id":"https:\/\/www.nettali.com\/2021\/04\/24\/cite-touba-renaissance-les-populations-declarent-la-guerre-a-mbackiyou-faye\/#webpage","url":"https:\/\/www.nettali.com\/2021\/04\/24\/cite-touba-renaissance-les-populations-declarent-la-guerre-a-mbackiyou-faye\/","name":"CITE TOUBA RENAISSANCE - Les populations d\u00e9clarent la guerre \u00e0 Mbackiyou Faye | Nettali.com","isPartOf":{"@id":"https:\/\/www.nettali.com\/#website"},"primaryImageOfPage":{"@id":"https:\/\/www.nettali.com\/2021\/04\/24\/cite-touba-renaissance-les-populations-declarent-la-guerre-a-mbackiyou-faye\/#primaryimage"},"datePublished":"2021-04-24T23:41:51+00:00","dateModified":"2021-04-25T13:19:19+00:00","author":{"@id":"https:\/\/www.nettali.com\/#\/schema\/person\/bb147657c2986240405a608162b9bb23"},"breadcrumb":{"@id":"https:\/\/www.nettali.com\/2021\/04\/24\/cite-touba-renaissance-les-populations-declarent-la-guerre-a-mbackiyou-faye\/#breadcrumb"},"inLanguage":"fr-FR","potentialAction":[{"@type":"ReadAction","target":["https:\/\/www.nettali.com\/2021\/04\/24\/cite-touba-renaissance-les-populations-declarent-la-guerre-a-mbackiyou-faye\/"]}]},{"@type":"BreadcrumbList","@id":"https:\/\/www.nettali.com\/2021\/04\/24\/cite-touba-renaissance-les-populations-declarent-la-guerre-a-mbackiyou-faye\/#breadcrumb","itemListElement":[{"@type":"ListItem","position":1,"name":"Accueil","item":"https:\/\/www.nettali.com\/"},{"@type":"ListItem","position":2,"name":"CITE TOUBA RENAISSANCE &#8211; Les populations d\u00e9clarent la guerre \u00e0 Mbackiyou Faye"}]},{"@type":"Person","@id":"https:\/\/www.nettali.com\/#\/schema\/person\/bb147657c2986240405a608162b9bb23","name":"Ibrahima","image":{"@type":"ImageObject","@id":"https:\/\/www.nettali.com\/#personlogo","inLanguage":"fr-FR","url":"https:\/\/secure.gravatar.com\/avatar\/26a8a81f09f0dd7624c9d5c36c9ba3a2?s=96&d=mm&r=g","contentUrl":"https:\/\/secure.gravatar.com\/avatar\/26a8a81f09f0dd7624c9d5c36c9ba3a2?s=96&d=mm&r=g","caption":"Ibrahima"},"sameAs":["https:\/\/www.nettali.com"]}]}},"_links":{"self":[{"href":"https:\/\/www.nettali.com\/rest\/wp\/v2\/posts\/62616"}],"collection":[{"href":"https:\/\/www.nettali.com\/rest\/wp\/v2\/posts"}],"about":[{"href":"https:\/\/www.nettali.com\/rest\/wp\/v2\/types\/post"}],"author":[{"embeddable":true,"href":"https:\/\/www.nettali.com\/rest\/wp\/v2\/users\/5"}],"replies":[{"embeddable":true,"href":"https:\/\/www.nettali.com\/rest\/wp\/v2\/comments?post=62616"}],"version-history":[{"count":6,"href":"https:\/\/www.nettali.com\/rest\/wp\/v2\/posts\/62616\/revisions"}],"predecessor-version":[{"id":62630,"href":"https:\/\/www.nettali.com\/rest\/wp\/v2\/posts\/62616\/revisions\/62630"}],"wp:featuredmedia":[{"embeddable":true,"href":"https:\/\/www.nettali.com\/rest\/wp\/v2\/media\/62622"}],"wp:attachment":[{"href":"https:\/\/www.nettali.com\/rest\/wp\/v2\/media?parent=62616"}],"wp:term":[{"taxonomy":"category","embeddable":true,"href":"https:\/\/www.nettali.com\/rest\/wp\/v2\/categories?post=62616"},{"taxonomy":"post_tag","embeddable":true,"href":"https:\/\/www.nettali.com\/rest\/wp\/v2\/tags?post=62616"}],"curies":[{"name":"wp","href":"https:\/\/api.w.org\/{rel}","templated":true}]}}