{"id":62543,"date":"2021-04-23T18:45:52","date_gmt":"2021-04-23T18:45:52","guid":{"rendered":"https:\/\/www.nettali.com\/?p=62543"},"modified":"2021-04-23T18:45:52","modified_gmt":"2021-04-23T18:45:52","slug":"tchad-sidiki-kaba-et-aissata-tall-sall-aux-obseques-de-deby","status":"publish","type":"post","link":"https:\/\/www.nettali.com\/2021\/04\/23\/tchad-sidiki-kaba-et-aissata-tall-sall-aux-obseques-de-deby\/","title":{"rendered":"TCHAD - Sidiki Kaba et A\u00efssata Tall Sall aux obs\u00e8ques de Deby"},"content":{"rendered":"<p><strong>NETTALI.COM\u00a0 - Macky Sall n'a pas fait le d\u00e9placement au Tchad pour les obs\u00e8ques d'Idriss Deby Itno. Le chef de l\u2019Etat s\u00e9n\u00e9galais s'est fait repr\u00e9senter par les ministres Sidiki Kaba et A\u00efssata Tall Sall.\u00a0<\/strong><\/p>\n<p>Tu\u00e9 en d\u00e9but de semaine, Idriss Deby Itno a re\u00e7u les honneurs de la nation tchadienne ce vendredi. C'\u00e9tait au cours de fun\u00e9railles nationales auxquelles ont assist\u00e9 de nombreux chefs d'Etat africains. M\u00eame le pr\u00e9sident fran\u00e7ais Emmanuel Macron a fait le d\u00e9placement pour rendre hommage \u00e0 cet \"ami de la France\".<\/p>\n<p>Le Pr\u00e9sident Macky Sall, lui, n'a pas fait le d\u00e9placement. Le chef de l\u2019Etat s\u00e9n\u00e9galais s'est fait repr\u00e9senter par une d\u00e9l\u00e9gation conduite par Sidiki Kaba, ministre des Forces arm\u00e9es, et A\u00efssata Tall Sall, ministre des Affaires \u00e9trang\u00e8res. Les deux ministres (voir photo) ont ainsi pr\u00e9sent\u00e9 les condol\u00e9ances du chef de l'Etat \u00e0 Mahamat Idriss Deby Itno, fils du d\u00e9funt pr\u00e9sident et nouvel homme fort du Tchad. Pourtant, sa prise de pouvoir est d\u00e9nonc\u00e9 comme un coup d'Etat par l'opposition et la soci\u00e9t\u00e9 civile tchadienne.<\/p>\n<div class='share-to-whatsapp-wrapper'><div class='share-on-whsp'>PARTAGER SUR : <\/div><a data-text='TCHAD - Sidiki Kaba et A\u00efssata Tall Sall aux obs\u00e8ques de Deby' data-link='https:\/\/www.nettali.com\/2021\/04\/23\/tchad-sidiki-kaba-et-aissata-tall-sall-aux-obseques-de-deby\/' class='whatsapp-button whatsapp-share'>WhatsApp<\/a><div class='clear '><\/div><\/div>","protected":false},"excerpt":{"rendered":"<p>NETTALI.COM\u00a0 - Macky Sall n'a pas fait le d\u00e9placement au Tchad pour les obs\u00e8ques d'Idriss Deby Itno. Le chef de l\u2019Etat s\u00e9n\u00e9galais s'est fait repr\u00e9senter par les ministres Sidiki Kaba et A\u00efssata Tall Sall.\u00a0 Tu\u00e9 en d\u00e9but de semaine, Idriss Deby Itno a re\u00e7u les honneurs de la nation tchadienne ce vendredi. C'\u00e9tait au cours [&hellip;]<\/p>\n","protected":false},"author":3,"featured_media":62546,"comment_status":"open","ping_status":"open","sticky":false,"template":"","format":"standard","meta":{"_et_pb_use_builder":"","_et_pb_old_content":""},"categories":[2],"tags":[],"yoast_head":"<!-- This site is optimized with the Yoast SEO Premium plugin v17.8 (Yoast SEO v17.8) - https:\/\/yoast.com\/wordpress\/plugins\/seo\/ -->\n<title>TCHAD - Sidiki Kaba et A\u00efssata Tall Sall aux obs\u00e8ques de Deby | Nettali.com<\/title>\n<meta name=\"robots\" content=\"index, follow, max-snippet:-1, max-image-preview:large, max-video-preview:-1\" \/>\n<link rel=\"canonical\" href=\"https:\/\/www.nettali.com\/2021\/04\/23\/tchad-sidiki-kaba-et-aissata-tall-sall-aux-obseques-de-deby\/\" \/>\n<meta property=\"og:locale\" content=\"fr_FR\" \/>\n<meta property=\"og:type\" content=\"article\" \/>\n<meta property=\"og:title\" content=\"TCHAD - Sidiki Kaba et A\u00efssata Tall Sall aux obs\u00e8ques de Deby\" \/>\n<meta property=\"og:description\" content=\"NETTALI.COM\u00a0 - Macky Sall n&#039;a pas fait le d\u00e9placement au Tchad pour les obs\u00e8ques d&#039;Idriss Deby Itno. Le chef de l\u2019Etat s\u00e9n\u00e9galais s&#039;est fait repr\u00e9senter par les ministres Sidiki Kaba et A\u00efssata Tall Sall.\u00a0 Tu\u00e9 en d\u00e9but de semaine, Idriss Deby Itno a re\u00e7u les honneurs de la nation tchadienne ce vendredi. C&#039;\u00e9tait au cours [&hellip;]\" \/>\n<meta property=\"og:url\" content=\"https:\/\/www.nettali.com\/2021\/04\/23\/tchad-sidiki-kaba-et-aissata-tall-sall-aux-obseques-de-deby\/\" \/>\n<meta property=\"og:site_name\" content=\"Nettali.com\" \/>\n<meta property=\"article:publisher\" content=\"https:\/\/www.facebook.com\/nettalicom\" \/>\n<meta property=\"article:published_time\" content=\"2021-04-23T18:45:52+00:00\" \/>\n<meta property=\"og:image\" content=\"https:\/\/www.nettali.com\/wp-content\/uploads\/2021\/04\/FB_IMG_1619202556624.jpg\" \/>\n\t<meta property=\"og:image:width\" content=\"720\" \/>\n\t<meta property=\"og:image:height\" content=\"473\" \/>\n<meta name=\"twitter:card\" content=\"summary_large_image\" \/>\n<meta name=\"twitter:label1\" content=\"\u00c9crit par\" \/>\n\t<meta name=\"twitter:data1\" content=\"Moustapha\" \/>\n\t<meta name=\"twitter:label2\" content=\"Dur\u00e9e de lecture estim\u00e9e\" \/>\n\t<meta name=\"twitter:data2\" content=\"1 minute\" \/>\n<script type=\"application\/ld+json\" class=\"yoast-schema-graph\">{\"@context\":\"https:\/\/schema.org\",\"@graph\":[{\"@type\":\"WebSite\",\"@id\":\"https:\/\/www.nettali.com\/#website\",\"url\":\"https:\/\/www.nettali.com\/\",\"name\":\"Nettali.com\",\"description\":\"Le rendez-vous critique du Net\",\"potentialAction\":[{\"@type\":\"SearchAction\",\"target\":{\"@type\":\"EntryPoint\",\"urlTemplate\":\"https:\/\/www.nettali.com\/?s={search_term_string}\"},\"query-input\":\"required name=search_term_string\"}],\"inLanguage\":\"fr-FR\"},{\"@type\":\"ImageObject\",\"@id\":\"https:\/\/www.nettali.com\/2021\/04\/23\/tchad-sidiki-kaba-et-aissata-tall-sall-aux-obseques-de-deby\/#primaryimage\",\"inLanguage\":\"fr-FR\",\"url\":\"https:\/\/www.nettali.com\/wp-content\/uploads\/2021\/04\/FB_IMG_1619202556624.jpg\",\"contentUrl\":\"https:\/\/www.nettali.com\/wp-content\/uploads\/2021\/04\/FB_IMG_1619202556624.jpg\",\"width\":720,\"height\":473},{\"@type\":\"WebPage\",\"@id\":\"https:\/\/www.nettali.com\/2021\/04\/23\/tchad-sidiki-kaba-et-aissata-tall-sall-aux-obseques-de-deby\/#webpage\",\"url\":\"https:\/\/www.nettali.com\/2021\/04\/23\/tchad-sidiki-kaba-et-aissata-tall-sall-aux-obseques-de-deby\/\",\"name\":\"TCHAD - Sidiki Kaba et A\\u00efssata Tall Sall aux obs\\u00e8ques de Deby | Nettali.com\",\"isPartOf\":{\"@id\":\"https:\/\/www.nettali.com\/#website\"},\"primaryImageOfPage\":{\"@id\":\"https:\/\/www.nettali.com\/2021\/04\/23\/tchad-sidiki-kaba-et-aissata-tall-sall-aux-obseques-de-deby\/#primaryimage\"},\"datePublished\":\"2021-04-23T18:45:52+00:00\",\"dateModified\":\"2021-04-23T18:45:52+00:00\",\"author\":{\"@id\":\"https:\/\/www.nettali.com\/#\/schema\/person\/7962a12a6e0267f88f0ffa544c36469a\"},\"breadcrumb\":{\"@id\":\"https:\/\/www.nettali.com\/2021\/04\/23\/tchad-sidiki-kaba-et-aissata-tall-sall-aux-obseques-de-deby\/#breadcrumb\"},\"inLanguage\":\"fr-FR\",\"potentialAction\":[{\"@type\":\"ReadAction\",\"target\":[\"https:\/\/www.nettali.com\/2021\/04\/23\/tchad-sidiki-kaba-et-aissata-tall-sall-aux-obseques-de-deby\/\"]}]},{\"@type\":\"BreadcrumbList\",\"@id\":\"https:\/\/www.nettali.com\/2021\/04\/23\/tchad-sidiki-kaba-et-aissata-tall-sall-aux-obseques-de-deby\/#breadcrumb\",\"itemListElement\":[{\"@type\":\"ListItem\",\"position\":1,\"name\":\"Accueil\",\"item\":\"https:\/\/www.nettali.com\/\"},{\"@type\":\"ListItem\",\"position\":2,\"name\":\"TCHAD &#8211; Sidiki Kaba et A\\u00efssata Tall Sall aux obs\\u00e8ques de Deby\"}]},{\"@type\":\"Person\",\"@id\":\"https:\/\/www.nettali.com\/#\/schema\/person\/7962a12a6e0267f88f0ffa544c36469a\",\"name\":\"Moustapha\",\"image\":{\"@type\":\"ImageObject\",\"@id\":\"https:\/\/www.nettali.com\/#personlogo\",\"inLanguage\":\"fr-FR\",\"url\":\"https:\/\/secure.gravatar.com\/avatar\/10fdf6a071cccdcf374e3dbe45159590?s=96&d=mm&r=g\",\"contentUrl\":\"https:\/\/secure.gravatar.com\/avatar\/10fdf6a071cccdcf374e3dbe45159590?s=96&d=mm&r=g\",\"caption\":\"Moustapha\"},\"sameAs\":[\"https:\/\/www.nettali.com\"]}]}<\/script>\n<!-- \/ Yoast SEO Premium plugin. -->","yoast_head_json":{"title":"TCHAD - Sidiki Kaba et A\u00efssata Tall Sall aux obs\u00e8ques de Deby | Nettali.com","robots":{"index":"index","follow":"follow","max-snippet":"max-snippet:-1","max-image-preview":"max-image-preview:large","max-video-preview":"max-video-preview:-1"},"canonical":"https:\/\/www.nettali.com\/2021\/04\/23\/tchad-sidiki-kaba-et-aissata-tall-sall-aux-obseques-de-deby\/","og_locale":"fr_FR","og_type":"article","og_title":"TCHAD - Sidiki Kaba et A\u00efssata Tall Sall aux obs\u00e8ques de Deby","og_description":"NETTALI.COM\u00a0 - Macky Sall n'a pas fait le d\u00e9placement au Tchad pour les obs\u00e8ques d'Idriss Deby Itno. Le chef de l\u2019Etat s\u00e9n\u00e9galais s'est fait repr\u00e9senter par les ministres Sidiki Kaba et A\u00efssata Tall Sall.\u00a0 Tu\u00e9 en d\u00e9but de semaine, Idriss Deby Itno a re\u00e7u les honneurs de la nation tchadienne ce vendredi. C'\u00e9tait au cours [&hellip;]","og_url":"https:\/\/www.nettali.com\/2021\/04\/23\/tchad-sidiki-kaba-et-aissata-tall-sall-aux-obseques-de-deby\/","og_site_name":"Nettali.com","article_publisher":"https:\/\/www.facebook.com\/nettalicom","article_published_time":"2021-04-23T18:45:52+00:00","og_image":[{"width":720,"height":473,"url":"https:\/\/www.nettali.com\/wp-content\/uploads\/2021\/04\/FB_IMG_1619202556624.jpg","type":"image\/jpeg"}],"twitter_card":"summary_large_image","twitter_misc":{"\u00c9crit par":"Moustapha","Dur\u00e9e de lecture estim\u00e9e":"1 minute"},"schema":{"@context":"https:\/\/schema.org","@graph":[{"@type":"WebSite","@id":"https:\/\/www.nettali.com\/#website","url":"https:\/\/www.nettali.com\/","name":"Nettali.com","description":"Le rendez-vous critique du Net","potentialAction":[{"@type":"SearchAction","target":{"@type":"EntryPoint","urlTemplate":"https:\/\/www.nettali.com\/?s={search_term_string}"},"query-input":"required name=search_term_string"}],"inLanguage":"fr-FR"},{"@type":"ImageObject","@id":"https:\/\/www.nettali.com\/2021\/04\/23\/tchad-sidiki-kaba-et-aissata-tall-sall-aux-obseques-de-deby\/#primaryimage","inLanguage":"fr-FR","url":"https:\/\/www.nettali.com\/wp-content\/uploads\/2021\/04\/FB_IMG_1619202556624.jpg","contentUrl":"https:\/\/www.nettali.com\/wp-content\/uploads\/2021\/04\/FB_IMG_1619202556624.jpg","width":720,"height":473},{"@type":"WebPage","@id":"https:\/\/www.nettali.com\/2021\/04\/23\/tchad-sidiki-kaba-et-aissata-tall-sall-aux-obseques-de-deby\/#webpage","url":"https:\/\/www.nettali.com\/2021\/04\/23\/tchad-sidiki-kaba-et-aissata-tall-sall-aux-obseques-de-deby\/","name":"TCHAD - Sidiki Kaba et A\u00efssata Tall Sall aux obs\u00e8ques de Deby | Nettali.com","isPartOf":{"@id":"https:\/\/www.nettali.com\/#website"},"primaryImageOfPage":{"@id":"https:\/\/www.nettali.com\/2021\/04\/23\/tchad-sidiki-kaba-et-aissata-tall-sall-aux-obseques-de-deby\/#primaryimage"},"datePublished":"2021-04-23T18:45:52+00:00","dateModified":"2021-04-23T18:45:52+00:00","author":{"@id":"https:\/\/www.nettali.com\/#\/schema\/person\/7962a12a6e0267f88f0ffa544c36469a"},"breadcrumb":{"@id":"https:\/\/www.nettali.com\/2021\/04\/23\/tchad-sidiki-kaba-et-aissata-tall-sall-aux-obseques-de-deby\/#breadcrumb"},"inLanguage":"fr-FR","potentialAction":[{"@type":"ReadAction","target":["https:\/\/www.nettali.com\/2021\/04\/23\/tchad-sidiki-kaba-et-aissata-tall-sall-aux-obseques-de-deby\/"]}]},{"@type":"BreadcrumbList","@id":"https:\/\/www.nettali.com\/2021\/04\/23\/tchad-sidiki-kaba-et-aissata-tall-sall-aux-obseques-de-deby\/#breadcrumb","itemListElement":[{"@type":"ListItem","position":1,"name":"Accueil","item":"https:\/\/www.nettali.com\/"},{"@type":"ListItem","position":2,"name":"TCHAD &#8211; Sidiki Kaba et A\u00efssata Tall Sall aux obs\u00e8ques de Deby"}]},{"@type":"Person","@id":"https:\/\/www.nettali.com\/#\/schema\/person\/7962a12a6e0267f88f0ffa544c36469a","name":"Moustapha","image":{"@type":"ImageObject","@id":"https:\/\/www.nettali.com\/#personlogo","inLanguage":"fr-FR","url":"https:\/\/secure.gravatar.com\/avatar\/10fdf6a071cccdcf374e3dbe45159590?s=96&d=mm&r=g","contentUrl":"https:\/\/secure.gravatar.com\/avatar\/10fdf6a071cccdcf374e3dbe45159590?s=96&d=mm&r=g","caption":"Moustapha"},"sameAs":["https:\/\/www.nettali.com"]}]}},"_links":{"self":[{"href":"https:\/\/www.nettali.com\/rest\/wp\/v2\/posts\/62543"}],"collection":[{"href":"https:\/\/www.nettali.com\/rest\/wp\/v2\/posts"}],"about":[{"href":"https:\/\/www.nettali.com\/rest\/wp\/v2\/types\/post"}],"author":[{"embeddable":true,"href":"https:\/\/www.nettali.com\/rest\/wp\/v2\/users\/3"}],"replies":[{"embeddable":true,"href":"https:\/\/www.nettali.com\/rest\/wp\/v2\/comments?post=62543"}],"version-history":[{"count":1,"href":"https:\/\/www.nettali.com\/rest\/wp\/v2\/posts\/62543\/revisions"}],"predecessor-version":[{"id":62544,"href":"https:\/\/www.nettali.com\/rest\/wp\/v2\/posts\/62543\/revisions\/62544"}],"wp:featuredmedia":[{"embeddable":true,"href":"https:\/\/www.nettali.com\/rest\/wp\/v2\/media\/62546"}],"wp:attachment":[{"href":"https:\/\/www.nettali.com\/rest\/wp\/v2\/media?parent=62543"}],"wp:term":[{"taxonomy":"category","embeddable":true,"href":"https:\/\/www.nettali.com\/rest\/wp\/v2\/categories?post=62543"},{"taxonomy":"post_tag","embeddable":true,"href":"https:\/\/www.nettali.com\/rest\/wp\/v2\/tags?post=62543"}],"curies":[{"name":"wp","href":"https:\/\/api.w.org\/{rel}","templated":true}]}}