{"id":62538,"date":"2021-04-23T18:06:31","date_gmt":"2021-04-23T18:06:31","guid":{"rendered":"https:\/\/www.nettali.com\/?p=62538"},"modified":"2021-04-23T18:06:31","modified_gmt":"2021-04-23T18:06:31","slug":"euro-ryan-giggs-poursuivi-pour-violences-ne-dirigera-par-le-pays-de-galles","status":"publish","type":"post","link":"https:\/\/www.nettali.com\/2021\/04\/23\/euro-ryan-giggs-poursuivi-pour-violences-ne-dirigera-par-le-pays-de-galles\/","title":{"rendered":"EURO - Ryan Giggs, poursuivi pour violences, ne dirigera par le pays de Galles"},"content":{"rendered":"<p>NETTALI.COM - Le s\u00e9lectionneur du pays de Galles, Ryan Giggs, poursuivi pour des faits de violences sur deux femmes, ne dirigera pas l'\u00e9quipe galloise pendant le prochain Euro de football, a annonc\u00e9 sa F\u00e9d\u00e9ration (FAW) vendredi.<\/p>\n<p>\"\u00c0 la lumi\u00e8re de cette d\u00e9cision, la FAW peut confirmer que Robert Page assumera le r\u00f4le de manager de l'\u00e9quipe nationale masculine pour le tournoi EURO 2020 de cet \u00e9t\u00e9 et sera assist\u00e9 par Albert Stuivenberg\", a-t-elle d\u00e9clar\u00e9 dans un communiqu\u00e9.<\/p>\n<p>Un porte-parole du service britannique des poursuites judiciaires a pr\u00e9cis\u00e9 que l'ancien ailier de Manchester United compara\u00eetrait devant le tribunal de premi\u00e8re instance de Manchester et Salford le 28 avril.<\/p>\n<p>\"Nous avons autoris\u00e9 la police du Grand Manchester \u00e0 accuser Ryan Giggs d'avoir eu un comportement contr\u00f4lant ou coercitif et d'avoir commis une agression ayant entra\u00een\u00e9 des l\u00e9sions corporelles\", a indiqu\u00e9 le communiqu\u00e9 du minist\u00e8re public.<\/p>\n<p>\"Une accusation d'agression par coups concernant une deuxi\u00e8me femme a \u00e9galement \u00e9t\u00e9 autoris\u00e9e\", a-t-il ajout\u00e9.<\/p>\n<p>Les deux accusations d'agression sont li\u00e9es \u00e0 un incident survenu le 1er novembre 2020 au domicile de Giggs \u00e0 Worsley, pr\u00e8s de Salford, l'une des deux victimes pr\u00e9sum\u00e9es \u00e9tant sa compagne \u00e0 l'\u00e9poque des faits.<\/p>\n<p>Arr\u00eat\u00e9 le soir de l'incident, l'homme de 47 ans a \u00e9t\u00e9 lib\u00e9r\u00e9 sous caution et reste sous contr\u00f4le judiciaire.<\/p>\n<p>\"Je plaiderai non coupable devant le tribunal et j'ai h\u00e2te de laver l'honneur de mon nom\", a r\u00e9agi l'entra\u00eeneur dans un communiqu\u00e9. \"J'ai un respect total pour la proc\u00e9dure judiciaire et je comprends la gravit\u00e9 des all\u00e9gations\", a-t-il ajout\u00e9.<\/p>\n<p>Ryan Giggs a \u00e9t\u00e9 nomm\u00e9 s\u00e9lectionneur du pays de Galles en 2018, apr\u00e8s une brillante carri\u00e8re de joueur au cours de laquelle il a remport\u00e9 13 titres de champion d'Angleterre et deux Ligue des champions. Il a \u00e9galement \u00e9t\u00e9 s\u00e9lectionn\u00e9 64 fois dans l'\u00e9quipe du pays de Galles.<\/p>\n<p>\"Je voudrais souhaiter \u00e0 Robert Page, \u00e0 l'\u00e9quipe d'entra\u00eeneurs, aux joueurs et aux supporters beaucoup de succ\u00e8s lors des Euros cet \u00e9t\u00e9\", a d\u00e9clar\u00e9 Ryan Giggs.<\/p>\n<p>\"Une r\u00e9union du conseil d'administration de la FAW sera convoqu\u00e9e pour discuter de ces derni\u00e8res \u00e9volutions et de leur impact sur la f\u00e9d\u00e9ration et l'\u00e9quipe nationale\", a indiqu\u00e9 la FAW.<\/p>\n<p>Le pays de Galles d\u00e9butera sa campagne de l'Euro avec un match contre la Suisse \u00e0 Bakou, le 12 juin. L'Euro-2020 a \u00e9t\u00e9 report\u00e9 \u00e0 2021 (11 juin-11 juillet) en raison de la crise sanitaire.<\/p>\n<p>&nbsp;<\/p>\n<p>&nbsp;<\/p>\n<div class='share-to-whatsapp-wrapper'><div class='share-on-whsp'>PARTAGER SUR : <\/div><a data-text='EURO - Ryan Giggs, poursuivi pour violences, ne dirigera par le pays de Galles' data-link='https:\/\/www.nettali.com\/2021\/04\/23\/euro-ryan-giggs-poursuivi-pour-violences-ne-dirigera-par-le-pays-de-galles\/' class='whatsapp-button whatsapp-share'>WhatsApp<\/a><div class='clear '><\/div><\/div>","protected":false},"excerpt":{"rendered":"<p>NETTALI.COM - Le s\u00e9lectionneur du pays de Galles, Ryan Giggs, poursuivi pour des faits de violences sur deux femmes, ne dirigera pas l'\u00e9quipe galloise pendant le prochain Euro de football, a annonc\u00e9 sa F\u00e9d\u00e9ration (FAW) vendredi. \"\u00c0 la lumi\u00e8re de cette d\u00e9cision, la FAW peut confirmer que Robert Page assumera le r\u00f4le de manager de [&hellip;]<\/p>\n","protected":false},"author":11,"featured_media":62539,"comment_status":"open","ping_status":"open","sticky":false,"template":"","format":"standard","meta":{"_et_pb_use_builder":"","_et_pb_old_content":""},"categories":[6],"tags":[],"yoast_head":"<!-- This site is optimized with the Yoast SEO Premium plugin v17.8 (Yoast SEO v17.8) - https:\/\/yoast.com\/wordpress\/plugins\/seo\/ -->\n<title>EURO - Ryan Giggs, poursuivi pour violences, ne dirigera par le pays de Galles | Nettali.com<\/title>\n<meta name=\"robots\" content=\"index, follow, max-snippet:-1, max-image-preview:large, max-video-preview:-1\" \/>\n<link rel=\"canonical\" href=\"https:\/\/www.nettali.com\/2021\/04\/23\/euro-ryan-giggs-poursuivi-pour-violences-ne-dirigera-par-le-pays-de-galles\/\" \/>\n<meta property=\"og:locale\" content=\"fr_FR\" \/>\n<meta property=\"og:type\" content=\"article\" \/>\n<meta property=\"og:title\" content=\"EURO - Ryan Giggs, poursuivi pour violences, ne dirigera par le pays de Galles\" \/>\n<meta property=\"og:description\" content=\"NETTALI.COM - Le s\u00e9lectionneur du pays de Galles, Ryan Giggs, poursuivi pour des faits de violences sur deux femmes, ne dirigera pas l&#039;\u00e9quipe galloise pendant le prochain Euro de football, a annonc\u00e9 sa F\u00e9d\u00e9ration (FAW) vendredi. &quot;\u00c0 la lumi\u00e8re de cette d\u00e9cision, la FAW peut confirmer que Robert Page assumera le r\u00f4le de manager de [&hellip;]\" \/>\n<meta property=\"og:url\" content=\"https:\/\/www.nettali.com\/2021\/04\/23\/euro-ryan-giggs-poursuivi-pour-violences-ne-dirigera-par-le-pays-de-galles\/\" \/>\n<meta property=\"og:site_name\" content=\"Nettali.com\" \/>\n<meta property=\"article:publisher\" content=\"https:\/\/www.facebook.com\/nettalicom\" \/>\n<meta property=\"article:published_time\" content=\"2021-04-23T18:06:31+00:00\" \/>\n<meta property=\"og:image\" content=\"https:\/\/www.nettali.com\/wp-content\/uploads\/2021\/04\/giggs.jpg\" \/>\n\t<meta property=\"og:image:width\" content=\"1000\" \/>\n\t<meta property=\"og:image:height\" content=\"750\" \/>\n<meta name=\"twitter:card\" content=\"summary_large_image\" \/>\n<meta name=\"twitter:label1\" content=\"\u00c9crit par\" \/>\n\t<meta name=\"twitter:data1\" content=\"Thierno Diop\" \/>\n\t<meta name=\"twitter:label2\" content=\"Dur\u00e9e de lecture estim\u00e9e\" \/>\n\t<meta name=\"twitter:data2\" content=\"2 minutes\" \/>\n<script type=\"application\/ld+json\" class=\"yoast-schema-graph\">{\"@context\":\"https:\/\/schema.org\",\"@graph\":[{\"@type\":\"WebSite\",\"@id\":\"https:\/\/www.nettali.com\/#website\",\"url\":\"https:\/\/www.nettali.com\/\",\"name\":\"Nettali.com\",\"description\":\"Le rendez-vous critique du Net\",\"potentialAction\":[{\"@type\":\"SearchAction\",\"target\":{\"@type\":\"EntryPoint\",\"urlTemplate\":\"https:\/\/www.nettali.com\/?s={search_term_string}\"},\"query-input\":\"required name=search_term_string\"}],\"inLanguage\":\"fr-FR\"},{\"@type\":\"ImageObject\",\"@id\":\"https:\/\/www.nettali.com\/2021\/04\/23\/euro-ryan-giggs-poursuivi-pour-violences-ne-dirigera-par-le-pays-de-galles\/#primaryimage\",\"inLanguage\":\"fr-FR\",\"url\":\"https:\/\/www.nettali.com\/wp-content\/uploads\/2021\/04\/giggs.jpg\",\"contentUrl\":\"https:\/\/www.nettali.com\/wp-content\/uploads\/2021\/04\/giggs.jpg\",\"width\":1000,\"height\":750},{\"@type\":\"WebPage\",\"@id\":\"https:\/\/www.nettali.com\/2021\/04\/23\/euro-ryan-giggs-poursuivi-pour-violences-ne-dirigera-par-le-pays-de-galles\/#webpage\",\"url\":\"https:\/\/www.nettali.com\/2021\/04\/23\/euro-ryan-giggs-poursuivi-pour-violences-ne-dirigera-par-le-pays-de-galles\/\",\"name\":\"EURO - Ryan Giggs, poursuivi pour violences, ne dirigera par le pays de Galles | Nettali.com\",\"isPartOf\":{\"@id\":\"https:\/\/www.nettali.com\/#website\"},\"primaryImageOfPage\":{\"@id\":\"https:\/\/www.nettali.com\/2021\/04\/23\/euro-ryan-giggs-poursuivi-pour-violences-ne-dirigera-par-le-pays-de-galles\/#primaryimage\"},\"datePublished\":\"2021-04-23T18:06:31+00:00\",\"dateModified\":\"2021-04-23T18:06:31+00:00\",\"author\":{\"@id\":\"https:\/\/www.nettali.com\/#\/schema\/person\/8a06c6bd7b19304cf4bf985862900b5b\"},\"breadcrumb\":{\"@id\":\"https:\/\/www.nettali.com\/2021\/04\/23\/euro-ryan-giggs-poursuivi-pour-violences-ne-dirigera-par-le-pays-de-galles\/#breadcrumb\"},\"inLanguage\":\"fr-FR\",\"potentialAction\":[{\"@type\":\"ReadAction\",\"target\":[\"https:\/\/www.nettali.com\/2021\/04\/23\/euro-ryan-giggs-poursuivi-pour-violences-ne-dirigera-par-le-pays-de-galles\/\"]}]},{\"@type\":\"BreadcrumbList\",\"@id\":\"https:\/\/www.nettali.com\/2021\/04\/23\/euro-ryan-giggs-poursuivi-pour-violences-ne-dirigera-par-le-pays-de-galles\/#breadcrumb\",\"itemListElement\":[{\"@type\":\"ListItem\",\"position\":1,\"name\":\"Accueil\",\"item\":\"https:\/\/www.nettali.com\/\"},{\"@type\":\"ListItem\",\"position\":2,\"name\":\"EURO &#8211; Ryan Giggs, poursuivi pour violences, ne dirigera par le pays de Galles\"}]},{\"@type\":\"Person\",\"@id\":\"https:\/\/www.nettali.com\/#\/schema\/person\/8a06c6bd7b19304cf4bf985862900b5b\",\"name\":\"Thierno Diop\",\"image\":{\"@type\":\"ImageObject\",\"@id\":\"https:\/\/www.nettali.com\/#personlogo\",\"inLanguage\":\"fr-FR\",\"url\":\"https:\/\/secure.gravatar.com\/avatar\/c8ca58550c94fd2ac856d27391a6c866?s=96&d=mm&r=g\",\"contentUrl\":\"https:\/\/secure.gravatar.com\/avatar\/c8ca58550c94fd2ac856d27391a6c866?s=96&d=mm&r=g\",\"caption\":\"Thierno Diop\"},\"sameAs\":[\"https:\/\/nettali.com\"]}]}<\/script>\n<!-- \/ Yoast SEO Premium plugin. -->","yoast_head_json":{"title":"EURO - Ryan Giggs, poursuivi pour violences, ne dirigera par le pays de Galles | Nettali.com","robots":{"index":"index","follow":"follow","max-snippet":"max-snippet:-1","max-image-preview":"max-image-preview:large","max-video-preview":"max-video-preview:-1"},"canonical":"https:\/\/www.nettali.com\/2021\/04\/23\/euro-ryan-giggs-poursuivi-pour-violences-ne-dirigera-par-le-pays-de-galles\/","og_locale":"fr_FR","og_type":"article","og_title":"EURO - Ryan Giggs, poursuivi pour violences, ne dirigera par le pays de Galles","og_description":"NETTALI.COM - Le s\u00e9lectionneur du pays de Galles, Ryan Giggs, poursuivi pour des faits de violences sur deux femmes, ne dirigera pas l'\u00e9quipe galloise pendant le prochain Euro de football, a annonc\u00e9 sa F\u00e9d\u00e9ration (FAW) vendredi. \"\u00c0 la lumi\u00e8re de cette d\u00e9cision, la FAW peut confirmer que Robert Page assumera le r\u00f4le de manager de [&hellip;]","og_url":"https:\/\/www.nettali.com\/2021\/04\/23\/euro-ryan-giggs-poursuivi-pour-violences-ne-dirigera-par-le-pays-de-galles\/","og_site_name":"Nettali.com","article_publisher":"https:\/\/www.facebook.com\/nettalicom","article_published_time":"2021-04-23T18:06:31+00:00","og_image":[{"width":1000,"height":750,"url":"https:\/\/www.nettali.com\/wp-content\/uploads\/2021\/04\/giggs.jpg","type":"image\/jpeg"}],"twitter_card":"summary_large_image","twitter_misc":{"\u00c9crit par":"Thierno Diop","Dur\u00e9e de lecture estim\u00e9e":"2 minutes"},"schema":{"@context":"https:\/\/schema.org","@graph":[{"@type":"WebSite","@id":"https:\/\/www.nettali.com\/#website","url":"https:\/\/www.nettali.com\/","name":"Nettali.com","description":"Le rendez-vous critique du Net","potentialAction":[{"@type":"SearchAction","target":{"@type":"EntryPoint","urlTemplate":"https:\/\/www.nettali.com\/?s={search_term_string}"},"query-input":"required name=search_term_string"}],"inLanguage":"fr-FR"},{"@type":"ImageObject","@id":"https:\/\/www.nettali.com\/2021\/04\/23\/euro-ryan-giggs-poursuivi-pour-violences-ne-dirigera-par-le-pays-de-galles\/#primaryimage","inLanguage":"fr-FR","url":"https:\/\/www.nettali.com\/wp-content\/uploads\/2021\/04\/giggs.jpg","contentUrl":"https:\/\/www.nettali.com\/wp-content\/uploads\/2021\/04\/giggs.jpg","width":1000,"height":750},{"@type":"WebPage","@id":"https:\/\/www.nettali.com\/2021\/04\/23\/euro-ryan-giggs-poursuivi-pour-violences-ne-dirigera-par-le-pays-de-galles\/#webpage","url":"https:\/\/www.nettali.com\/2021\/04\/23\/euro-ryan-giggs-poursuivi-pour-violences-ne-dirigera-par-le-pays-de-galles\/","name":"EURO - Ryan Giggs, poursuivi pour violences, ne dirigera par le pays de Galles | Nettali.com","isPartOf":{"@id":"https:\/\/www.nettali.com\/#website"},"primaryImageOfPage":{"@id":"https:\/\/www.nettali.com\/2021\/04\/23\/euro-ryan-giggs-poursuivi-pour-violences-ne-dirigera-par-le-pays-de-galles\/#primaryimage"},"datePublished":"2021-04-23T18:06:31+00:00","dateModified":"2021-04-23T18:06:31+00:00","author":{"@id":"https:\/\/www.nettali.com\/#\/schema\/person\/8a06c6bd7b19304cf4bf985862900b5b"},"breadcrumb":{"@id":"https:\/\/www.nettali.com\/2021\/04\/23\/euro-ryan-giggs-poursuivi-pour-violences-ne-dirigera-par-le-pays-de-galles\/#breadcrumb"},"inLanguage":"fr-FR","potentialAction":[{"@type":"ReadAction","target":["https:\/\/www.nettali.com\/2021\/04\/23\/euro-ryan-giggs-poursuivi-pour-violences-ne-dirigera-par-le-pays-de-galles\/"]}]},{"@type":"BreadcrumbList","@id":"https:\/\/www.nettali.com\/2021\/04\/23\/euro-ryan-giggs-poursuivi-pour-violences-ne-dirigera-par-le-pays-de-galles\/#breadcrumb","itemListElement":[{"@type":"ListItem","position":1,"name":"Accueil","item":"https:\/\/www.nettali.com\/"},{"@type":"ListItem","position":2,"name":"EURO &#8211; Ryan Giggs, poursuivi pour violences, ne dirigera par le pays de Galles"}]},{"@type":"Person","@id":"https:\/\/www.nettali.com\/#\/schema\/person\/8a06c6bd7b19304cf4bf985862900b5b","name":"Thierno Diop","image":{"@type":"ImageObject","@id":"https:\/\/www.nettali.com\/#personlogo","inLanguage":"fr-FR","url":"https:\/\/secure.gravatar.com\/avatar\/c8ca58550c94fd2ac856d27391a6c866?s=96&d=mm&r=g","contentUrl":"https:\/\/secure.gravatar.com\/avatar\/c8ca58550c94fd2ac856d27391a6c866?s=96&d=mm&r=g","caption":"Thierno Diop"},"sameAs":["https:\/\/nettali.com"]}]}},"_links":{"self":[{"href":"https:\/\/www.nettali.com\/rest\/wp\/v2\/posts\/62538"}],"collection":[{"href":"https:\/\/www.nettali.com\/rest\/wp\/v2\/posts"}],"about":[{"href":"https:\/\/www.nettali.com\/rest\/wp\/v2\/types\/post"}],"author":[{"embeddable":true,"href":"https:\/\/www.nettali.com\/rest\/wp\/v2\/users\/11"}],"replies":[{"embeddable":true,"href":"https:\/\/www.nettali.com\/rest\/wp\/v2\/comments?post=62538"}],"version-history":[{"count":1,"href":"https:\/\/www.nettali.com\/rest\/wp\/v2\/posts\/62538\/revisions"}],"predecessor-version":[{"id":62540,"href":"https:\/\/www.nettali.com\/rest\/wp\/v2\/posts\/62538\/revisions\/62540"}],"wp:featuredmedia":[{"embeddable":true,"href":"https:\/\/www.nettali.com\/rest\/wp\/v2\/media\/62539"}],"wp:attachment":[{"href":"https:\/\/www.nettali.com\/rest\/wp\/v2\/media?parent=62538"}],"wp:term":[{"taxonomy":"category","embeddable":true,"href":"https:\/\/www.nettali.com\/rest\/wp\/v2\/categories?post=62538"},{"taxonomy":"post_tag","embeddable":true,"href":"https:\/\/www.nettali.com\/rest\/wp\/v2\/tags?post=62538"}],"curies":[{"name":"wp","href":"https:\/\/api.w.org\/{rel}","templated":true}]}}