{"id":62531,"date":"2021-04-23T17:51:10","date_gmt":"2021-04-23T17:51:10","guid":{"rendered":"https:\/\/www.nettali.com\/?p=62531"},"modified":"2021-04-23T19:03:27","modified_gmt":"2021-04-23T19:03:27","slug":"universite-iba-der-thiam-de-thies-trois-etudiants-arretes-pour-marche-non-autorisee","status":"publish","type":"post","link":"https:\/\/www.nettali.com\/2021\/04\/23\/universite-iba-der-thiam-de-thies-trois-etudiants-arretes-pour-marche-non-autorisee\/","title":{"rendered":"UNIVERSITE DE THIES - Trois \u00e9tudiants arr\u00eat\u00e9s pour marche non-autoris\u00e9e"},"content":{"rendered":"<p><strong>NETTALI.COM-Des \u00e9tudiants de l\u2019Universit\u00e9 Iba Der Thiam de Thi\u00e8s ont \u00e9t\u00e9 interpell\u00e9s, ce vendredi, \u00e0 Diamniadio<\/strong>.<\/p>\n<p>Ils sont au nombre de trois dont le pr\u00e9sident de la Conf\u00e9rence des pr\u00e9sidents d\u2019amicales, El Hadji Abdou Aziz SY Ndiaye. Ce dernier et ses camarades ont march\u00e9 jusqu\u2019au si\u00e8ge du minist\u00e8re de de l\u2019Enseignement sup\u00e9rieur, de l\u2019Innovation et de la Recherche, sis \u00e0 Diamniadio pour r\u00e9clamer, entre autres, l\u2019ach\u00e8vement des chantiers de l\u2019universit\u00e9. \u00ab <em>On avait pr\u00e9vu une marche de Thi\u00e8s \u00e0 Diamniadio afin d\u2019obtenir gain de cause. Certains ont pris le d\u00e9part \u00e0 04 heures du matin, d\u2019autres \u00e0 06 heures. Arriv\u00e9s sur place, les forces de l\u2019ordre nous ont demand\u00e9 de d\u00e9guerpir. On leur a demand\u00e9 de nous donner au moins cinq minutes pour faire passer notre message mais ils ont refus\u00e9, et ils ont arr\u00eat\u00e9 trois de nos camarades<\/em> \u00bb, a d\u00e9clar\u00e9 leur porte-parole Mamadou Gueye.<\/p>\n<p>Poursuivant, il ajoute : \u00ab <em>M\u00eame si notre marche n\u2019\u00e9tait pas autoris\u00e9e, c\u2019est le seul moyen que nous avions pour obtenir gain de cause. Nous voulions pr\u00e9server le statut de l\u2019\u00e9tudiant thiessois en \u00e9vitant de verser dans la violence. C\u2019est pour cela qu\u2019on a pr\u00e9f\u00e9r\u00e9 marcher de Thi\u00e8s \u00e0 Diamniadio pour que les chantiers soient livr\u00e9s et que les \u00e9tudiants b\u00e9n\u00e9ficient de meilleures conditions<\/em> \u00bb.<\/p>\n<div class='share-to-whatsapp-wrapper'><div class='share-on-whsp'>PARTAGER SUR : <\/div><a data-text='UNIVERSITE DE THIES - Trois \u00e9tudiants arr\u00eat\u00e9s pour marche non-autoris\u00e9e' data-link='https:\/\/www.nettali.com\/2021\/04\/23\/universite-iba-der-thiam-de-thies-trois-etudiants-arretes-pour-marche-non-autorisee\/' class='whatsapp-button whatsapp-share'>WhatsApp<\/a><div class='clear '><\/div><\/div>","protected":false},"excerpt":{"rendered":"<p>NETTALI.COM-Des \u00e9tudiants de l\u2019Universit\u00e9 Iba Der Thiam de Thi\u00e8s ont \u00e9t\u00e9 interpell\u00e9s, ce vendredi, \u00e0 Diamniadio. Ils sont au nombre de trois dont le pr\u00e9sident de la Conf\u00e9rence des pr\u00e9sidents d\u2019amicales, El Hadji Abdou Aziz SY Ndiaye. Ce dernier et ses camarades ont march\u00e9 jusqu\u2019au si\u00e8ge du minist\u00e8re de de l\u2019Enseignement sup\u00e9rieur, de l\u2019Innovation et [&hellip;]<\/p>\n","protected":false},"author":6,"featured_media":62534,"comment_status":"open","ping_status":"open","sticky":false,"template":"","format":"standard","meta":{"_et_pb_use_builder":"","_et_pb_old_content":""},"categories":[3],"tags":[],"yoast_head":"<!-- This site is optimized with the Yoast SEO Premium plugin v17.8 (Yoast SEO v17.8) - https:\/\/yoast.com\/wordpress\/plugins\/seo\/ -->\n<title>UNIVERSITE DE THIES - Trois \u00e9tudiants arr\u00eat\u00e9s pour marche non-autoris\u00e9e | Nettali.com<\/title>\n<meta name=\"robots\" content=\"index, follow, max-snippet:-1, max-image-preview:large, max-video-preview:-1\" \/>\n<link rel=\"canonical\" href=\"https:\/\/www.nettali.com\/2021\/04\/23\/universite-iba-der-thiam-de-thies-trois-etudiants-arretes-pour-marche-non-autorisee\/\" \/>\n<meta property=\"og:locale\" content=\"fr_FR\" \/>\n<meta property=\"og:type\" content=\"article\" \/>\n<meta property=\"og:title\" content=\"UNIVERSITE DE THIES - Trois \u00e9tudiants arr\u00eat\u00e9s pour marche non-autoris\u00e9e\" \/>\n<meta property=\"og:description\" content=\"NETTALI.COM-Des \u00e9tudiants de l\u2019Universit\u00e9 Iba Der Thiam de Thi\u00e8s ont \u00e9t\u00e9 interpell\u00e9s, ce vendredi, \u00e0 Diamniadio. Ils sont au nombre de trois dont le pr\u00e9sident de la Conf\u00e9rence des pr\u00e9sidents d\u2019amicales, El Hadji Abdou Aziz SY Ndiaye. Ce dernier et ses camarades ont march\u00e9 jusqu\u2019au si\u00e8ge du minist\u00e8re de de l\u2019Enseignement sup\u00e9rieur, de l\u2019Innovation et [&hellip;]\" \/>\n<meta property=\"og:url\" content=\"https:\/\/www.nettali.com\/2021\/04\/23\/universite-iba-der-thiam-de-thies-trois-etudiants-arretes-pour-marche-non-autorisee\/\" \/>\n<meta property=\"og:site_name\" content=\"Nettali.com\" \/>\n<meta property=\"article:publisher\" content=\"https:\/\/www.facebook.com\/nettalicom\" \/>\n<meta property=\"article:published_time\" content=\"2021-04-23T17:51:10+00:00\" \/>\n<meta property=\"article:modified_time\" content=\"2021-04-23T19:03:27+00:00\" \/>\n<meta property=\"og:image\" content=\"https:\/\/www.nettali.com\/wp-content\/uploads\/2021\/04\/universit\u00e9-thies.jpg\" \/>\n\t<meta property=\"og:image:width\" content=\"700\" \/>\n\t<meta property=\"og:image:height\" content=\"463\" \/>\n<meta name=\"twitter:card\" content=\"summary_large_image\" \/>\n<meta name=\"twitter:label1\" content=\"\u00c9crit par\" \/>\n\t<meta name=\"twitter:data1\" content=\"Fatou\" \/>\n\t<meta name=\"twitter:label2\" content=\"Dur\u00e9e de lecture estim\u00e9e\" \/>\n\t<meta name=\"twitter:data2\" content=\"1 minute\" \/>\n<script type=\"application\/ld+json\" class=\"yoast-schema-graph\">{\"@context\":\"https:\/\/schema.org\",\"@graph\":[{\"@type\":\"WebSite\",\"@id\":\"https:\/\/www.nettali.com\/#website\",\"url\":\"https:\/\/www.nettali.com\/\",\"name\":\"Nettali.com\",\"description\":\"Le rendez-vous critique du Net\",\"potentialAction\":[{\"@type\":\"SearchAction\",\"target\":{\"@type\":\"EntryPoint\",\"urlTemplate\":\"https:\/\/www.nettali.com\/?s={search_term_string}\"},\"query-input\":\"required name=search_term_string\"}],\"inLanguage\":\"fr-FR\"},{\"@type\":\"ImageObject\",\"@id\":\"https:\/\/www.nettali.com\/2021\/04\/23\/universite-iba-der-thiam-de-thies-trois-etudiants-arretes-pour-marche-non-autorisee\/#primaryimage\",\"inLanguage\":\"fr-FR\",\"url\":\"https:\/\/www.nettali.com\/wp-content\/uploads\/2021\/04\/universit\\u00e9-thies.jpg\",\"contentUrl\":\"https:\/\/www.nettali.com\/wp-content\/uploads\/2021\/04\/universit\\u00e9-thies.jpg\",\"width\":700,\"height\":463},{\"@type\":\"WebPage\",\"@id\":\"https:\/\/www.nettali.com\/2021\/04\/23\/universite-iba-der-thiam-de-thies-trois-etudiants-arretes-pour-marche-non-autorisee\/#webpage\",\"url\":\"https:\/\/www.nettali.com\/2021\/04\/23\/universite-iba-der-thiam-de-thies-trois-etudiants-arretes-pour-marche-non-autorisee\/\",\"name\":\"UNIVERSITE DE THIES - Trois \\u00e9tudiants arr\\u00eat\\u00e9s pour marche non-autoris\\u00e9e | Nettali.com\",\"isPartOf\":{\"@id\":\"https:\/\/www.nettali.com\/#website\"},\"primaryImageOfPage\":{\"@id\":\"https:\/\/www.nettali.com\/2021\/04\/23\/universite-iba-der-thiam-de-thies-trois-etudiants-arretes-pour-marche-non-autorisee\/#primaryimage\"},\"datePublished\":\"2021-04-23T17:51:10+00:00\",\"dateModified\":\"2021-04-23T19:03:27+00:00\",\"author\":{\"@id\":\"https:\/\/www.nettali.com\/#\/schema\/person\/418274a86bdf87caff7a3ef476bd0bbf\"},\"breadcrumb\":{\"@id\":\"https:\/\/www.nettali.com\/2021\/04\/23\/universite-iba-der-thiam-de-thies-trois-etudiants-arretes-pour-marche-non-autorisee\/#breadcrumb\"},\"inLanguage\":\"fr-FR\",\"potentialAction\":[{\"@type\":\"ReadAction\",\"target\":[\"https:\/\/www.nettali.com\/2021\/04\/23\/universite-iba-der-thiam-de-thies-trois-etudiants-arretes-pour-marche-non-autorisee\/\"]}]},{\"@type\":\"BreadcrumbList\",\"@id\":\"https:\/\/www.nettali.com\/2021\/04\/23\/universite-iba-der-thiam-de-thies-trois-etudiants-arretes-pour-marche-non-autorisee\/#breadcrumb\",\"itemListElement\":[{\"@type\":\"ListItem\",\"position\":1,\"name\":\"Accueil\",\"item\":\"https:\/\/www.nettali.com\/\"},{\"@type\":\"ListItem\",\"position\":2,\"name\":\"UNIVERSITE DE THIES &#8211; Trois \\u00e9tudiants arr\\u00eat\\u00e9s pour marche non-autoris\\u00e9e\"}]},{\"@type\":\"Person\",\"@id\":\"https:\/\/www.nettali.com\/#\/schema\/person\/418274a86bdf87caff7a3ef476bd0bbf\",\"name\":\"Fatou\",\"image\":{\"@type\":\"ImageObject\",\"@id\":\"https:\/\/www.nettali.com\/#personlogo\",\"inLanguage\":\"fr-FR\",\"url\":\"https:\/\/secure.gravatar.com\/avatar\/5a9442a2bee7b4dcf167cab035858e9a?s=96&d=mm&r=g\",\"contentUrl\":\"https:\/\/secure.gravatar.com\/avatar\/5a9442a2bee7b4dcf167cab035858e9a?s=96&d=mm&r=g\",\"caption\":\"Fatou\"},\"sameAs\":[\"https:\/\/www.nettali.com\"]}]}<\/script>\n<!-- \/ Yoast SEO Premium plugin. -->","yoast_head_json":{"title":"UNIVERSITE DE THIES - Trois \u00e9tudiants arr\u00eat\u00e9s pour marche non-autoris\u00e9e | Nettali.com","robots":{"index":"index","follow":"follow","max-snippet":"max-snippet:-1","max-image-preview":"max-image-preview:large","max-video-preview":"max-video-preview:-1"},"canonical":"https:\/\/www.nettali.com\/2021\/04\/23\/universite-iba-der-thiam-de-thies-trois-etudiants-arretes-pour-marche-non-autorisee\/","og_locale":"fr_FR","og_type":"article","og_title":"UNIVERSITE DE THIES - Trois \u00e9tudiants arr\u00eat\u00e9s pour marche non-autoris\u00e9e","og_description":"NETTALI.COM-Des \u00e9tudiants de l\u2019Universit\u00e9 Iba Der Thiam de Thi\u00e8s ont \u00e9t\u00e9 interpell\u00e9s, ce vendredi, \u00e0 Diamniadio. Ils sont au nombre de trois dont le pr\u00e9sident de la Conf\u00e9rence des pr\u00e9sidents d\u2019amicales, El Hadji Abdou Aziz SY Ndiaye. Ce dernier et ses camarades ont march\u00e9 jusqu\u2019au si\u00e8ge du minist\u00e8re de de l\u2019Enseignement sup\u00e9rieur, de l\u2019Innovation et [&hellip;]","og_url":"https:\/\/www.nettali.com\/2021\/04\/23\/universite-iba-der-thiam-de-thies-trois-etudiants-arretes-pour-marche-non-autorisee\/","og_site_name":"Nettali.com","article_publisher":"https:\/\/www.facebook.com\/nettalicom","article_published_time":"2021-04-23T17:51:10+00:00","article_modified_time":"2021-04-23T19:03:27+00:00","og_image":[{"width":700,"height":463,"url":"https:\/\/www.nettali.com\/wp-content\/uploads\/2021\/04\/universit\u00e9-thies.jpg","type":"image\/jpeg"}],"twitter_card":"summary_large_image","twitter_misc":{"\u00c9crit par":"Fatou","Dur\u00e9e de lecture estim\u00e9e":"1 minute"},"schema":{"@context":"https:\/\/schema.org","@graph":[{"@type":"WebSite","@id":"https:\/\/www.nettali.com\/#website","url":"https:\/\/www.nettali.com\/","name":"Nettali.com","description":"Le rendez-vous critique du Net","potentialAction":[{"@type":"SearchAction","target":{"@type":"EntryPoint","urlTemplate":"https:\/\/www.nettali.com\/?s={search_term_string}"},"query-input":"required name=search_term_string"}],"inLanguage":"fr-FR"},{"@type":"ImageObject","@id":"https:\/\/www.nettali.com\/2021\/04\/23\/universite-iba-der-thiam-de-thies-trois-etudiants-arretes-pour-marche-non-autorisee\/#primaryimage","inLanguage":"fr-FR","url":"https:\/\/www.nettali.com\/wp-content\/uploads\/2021\/04\/universit\u00e9-thies.jpg","contentUrl":"https:\/\/www.nettali.com\/wp-content\/uploads\/2021\/04\/universit\u00e9-thies.jpg","width":700,"height":463},{"@type":"WebPage","@id":"https:\/\/www.nettali.com\/2021\/04\/23\/universite-iba-der-thiam-de-thies-trois-etudiants-arretes-pour-marche-non-autorisee\/#webpage","url":"https:\/\/www.nettali.com\/2021\/04\/23\/universite-iba-der-thiam-de-thies-trois-etudiants-arretes-pour-marche-non-autorisee\/","name":"UNIVERSITE DE THIES - Trois \u00e9tudiants arr\u00eat\u00e9s pour marche non-autoris\u00e9e | Nettali.com","isPartOf":{"@id":"https:\/\/www.nettali.com\/#website"},"primaryImageOfPage":{"@id":"https:\/\/www.nettali.com\/2021\/04\/23\/universite-iba-der-thiam-de-thies-trois-etudiants-arretes-pour-marche-non-autorisee\/#primaryimage"},"datePublished":"2021-04-23T17:51:10+00:00","dateModified":"2021-04-23T19:03:27+00:00","author":{"@id":"https:\/\/www.nettali.com\/#\/schema\/person\/418274a86bdf87caff7a3ef476bd0bbf"},"breadcrumb":{"@id":"https:\/\/www.nettali.com\/2021\/04\/23\/universite-iba-der-thiam-de-thies-trois-etudiants-arretes-pour-marche-non-autorisee\/#breadcrumb"},"inLanguage":"fr-FR","potentialAction":[{"@type":"ReadAction","target":["https:\/\/www.nettali.com\/2021\/04\/23\/universite-iba-der-thiam-de-thies-trois-etudiants-arretes-pour-marche-non-autorisee\/"]}]},{"@type":"BreadcrumbList","@id":"https:\/\/www.nettali.com\/2021\/04\/23\/universite-iba-der-thiam-de-thies-trois-etudiants-arretes-pour-marche-non-autorisee\/#breadcrumb","itemListElement":[{"@type":"ListItem","position":1,"name":"Accueil","item":"https:\/\/www.nettali.com\/"},{"@type":"ListItem","position":2,"name":"UNIVERSITE DE THIES &#8211; Trois \u00e9tudiants arr\u00eat\u00e9s pour marche non-autoris\u00e9e"}]},{"@type":"Person","@id":"https:\/\/www.nettali.com\/#\/schema\/person\/418274a86bdf87caff7a3ef476bd0bbf","name":"Fatou","image":{"@type":"ImageObject","@id":"https:\/\/www.nettali.com\/#personlogo","inLanguage":"fr-FR","url":"https:\/\/secure.gravatar.com\/avatar\/5a9442a2bee7b4dcf167cab035858e9a?s=96&d=mm&r=g","contentUrl":"https:\/\/secure.gravatar.com\/avatar\/5a9442a2bee7b4dcf167cab035858e9a?s=96&d=mm&r=g","caption":"Fatou"},"sameAs":["https:\/\/www.nettali.com"]}]}},"_links":{"self":[{"href":"https:\/\/www.nettali.com\/rest\/wp\/v2\/posts\/62531"}],"collection":[{"href":"https:\/\/www.nettali.com\/rest\/wp\/v2\/posts"}],"about":[{"href":"https:\/\/www.nettali.com\/rest\/wp\/v2\/types\/post"}],"author":[{"embeddable":true,"href":"https:\/\/www.nettali.com\/rest\/wp\/v2\/users\/6"}],"replies":[{"embeddable":true,"href":"https:\/\/www.nettali.com\/rest\/wp\/v2\/comments?post=62531"}],"version-history":[{"count":2,"href":"https:\/\/www.nettali.com\/rest\/wp\/v2\/posts\/62531\/revisions"}],"predecessor-version":[{"id":62550,"href":"https:\/\/www.nettali.com\/rest\/wp\/v2\/posts\/62531\/revisions\/62550"}],"wp:featuredmedia":[{"embeddable":true,"href":"https:\/\/www.nettali.com\/rest\/wp\/v2\/media\/62534"}],"wp:attachment":[{"href":"https:\/\/www.nettali.com\/rest\/wp\/v2\/media?parent=62531"}],"wp:term":[{"taxonomy":"category","embeddable":true,"href":"https:\/\/www.nettali.com\/rest\/wp\/v2\/categories?post=62531"},{"taxonomy":"post_tag","embeddable":true,"href":"https:\/\/www.nettali.com\/rest\/wp\/v2\/tags?post=62531"}],"curies":[{"name":"wp","href":"https:\/\/api.w.org\/{rel}","templated":true}]}}