{"id":62459,"date":"2021-04-22T14:21:49","date_gmt":"2021-04-22T14:21:49","guid":{"rendered":"https:\/\/www.nettali.com\/?p=62459"},"modified":"2021-04-22T23:58:18","modified_gmt":"2021-04-22T23:58:18","slug":"lamine-diack-va-t-il-rentrer-au-senegal-avant-la-fin-du-ramadan","status":"publish","type":"post","link":"https:\/\/www.nettali.com\/2021\/04\/22\/lamine-diack-va-t-il-rentrer-au-senegal-avant-la-fin-du-ramadan\/","title":{"rendered":"\"Relations tendues entre p\u00e8re et fils\""},"content":{"rendered":"<p class=\"lead\" style=\"line-height: 25.5pt; background: white; margin: 0cm 0cm 22.5pt 0cm;\"><span style=\"font-size: 16px;\"><b><span style=\"font-family: 'Verdana','sans-serif'; color: #1d1d1b;\">NETTALI.COM - Lamine Diack entretiendrait des relations polaires avec son fils, Papa Massata, si l'on en croit\u00a0 le tr\u00e8s bien introduit journal, Jeune Afrique.\u00a0 J.A n'exclut pas que l'ex-patron de l'Athl\u00e9tisme mondial, qui reste sous le coup d\u2019une deuxi\u00e8me proc\u00e9dure devant la justice fran\u00e7aise, refuse de rencontrer son fils si jamais il rentrait \u00e0 Dakar avant la fin du ramadan, apr\u00e8s que le Jaraf s'est engag\u00e9 \u00e0 lib\u00e9rer une partie de son patrimoine pour r\u00e9gler la caution, fix\u00e9e par la justice \u00e0 500 000 euros (328 millions de FCFA).<\/span><\/b><\/span><\/p>\n<p style=\"line-height: 25.5pt; background: white; box-sizing: border-box; font-variant-ligatures: normal; font-variant-caps: normal; orphans: 2; text-align: start; widows: 2; -webkit-text-stroke-width: 0px; text-decoration-thickness: initial; text-decoration-style: initial; text-decoration-color: initial; word-spacing: 0px; margin: 0cm 0cm 22.5pt 0cm;\"><span style=\"font-family: Verdana, sans-serif; color: #1d1d1b; font-size: 16px;\">\u00ab\u00a0O\u00f9 Lamine Diack d\u00e9gustera-t-il son\u00a0<em style=\"box-sizing: border-box;\"><span style=\"font-family: 'Verdana','sans-serif';\">lakh<\/span><\/em>\u00a0traditionnel (bouillie de mil) pour c\u00e9l\u00e9brer la fin du ramadan ?\u00a0\u00bb, se demande ironiquement le journal. \u00ab\u00a0Chez son fils Seydou, en banlieue parisienne, ou au S\u00e9n\u00e9gal, aupr\u00e8s de ses petits-enfants ?\u00a0\u00bb, s\u2019interroge encore le site de hebdomadaire parisien.\u00a0<\/span><\/p>\n<p style=\"line-height: 25.5pt; background: white; margin: 0cm 0cm 22.5pt 0cm;\"><span style=\"font-size: 16px;\"><span style=\"font-family: 'Verdana','sans-serif'; color: #1d1d1b;\">Selon Jeune Afrique, <\/span><span style=\"font-family: 'Verdana','sans-serif';\"><a href=\"https:\/\/www.jeuneafrique.com\/1003592\/politique\/corruption-lamine-diack-une-icone-dechue-dans-lattente-du-verdict\/\"><span style=\"color: windowtext;\">l\u2019ancien pr\u00e9sident de la F\u00e9d\u00e9ration internationale d\u2019athl\u00e9tisme<\/span><\/a>, <span style=\"color: #1d1d1b;\">\u00ab\u00a0qui a pass\u00e9 cinq ans et demi sous le coup d\u2019un contr\u00f4le judiciaire assorti d\u2019une interdiction de quitter le territoire fran\u00e7ais, pourrait bien \u00eatre de retour au S\u00e9n\u00e9gal pour la Korit\u00e9, la f\u00eate musulmane qui marque la fin du ramadan\u00a0\u00bb.<\/span><\/span><\/span><\/p>\n<p style=\"line-height: 25.5pt; background: white; box-sizing: border-box; font-variant-ligatures: normal; font-variant-caps: normal; orphans: 2; text-align: start; widows: 2; -webkit-text-stroke-width: 0px; text-decoration-thickness: initial; text-decoration-style: initial; text-decoration-color: initial; word-spacing: 0px; margin: 0cm 0cm 22.5pt 0cm;\"><span style=\"font-family: Verdana, sans-serif; color: #1d1d1b; font-size: 16px;\">\u00a0Promesse en a \u00e9t\u00e9 faite par les dirigeants du Jaraaf, club de football dakarois. R\u00e9unis en assembl\u00e9e g\u00e9n\u00e9rale extraordinaire le 17 avril, ils ont d\u00e9cid\u00e9 de permettre au club de lib\u00e9rer une partie de son patrimoine pour r\u00e9gler la caution de Lamine Diack, fix\u00e9e par la justice \u00e0 500 000 euros (328 millions de FCFA). \u00ab L\u2019id\u00e9e \u00e9tait dans les tuyaux depuis un certain temps, explique son secr\u00e9taire g\u00e9n\u00e9ral, L\u00e9onard Diagne. Mais nous avons d\u00e9cid\u00e9 de convoquer notre assembl\u00e9e pour faire les choses dans les formes, et que la d\u00e9cision puisse \u00eatre approuv\u00e9e par l\u2019ensemble du club. \u00bb<\/span><\/p>\n<p style=\"line-height: 25.5pt; background: white; box-sizing: border-box; font-variant-ligatures: normal; font-variant-caps: normal; orphans: 2; text-align: start; widows: 2; -webkit-text-stroke-width: 0px; text-decoration-thickness: initial; text-decoration-style: initial; text-decoration-color: initial; word-spacing: 0px; margin: 0cm 0cm 22.5pt 0cm;\"><span style=\"font-family: Verdana, sans-serif; color: #1d1d1b; font-size: 16px;\">Le dirigeant l\u2019assure : la caution sera vers\u00e9e \u00ab incessamment \u00bb \u00e0 la justice fran\u00e7aise. \u00ab Il \u00e9tait important pour nous que Lamine Diack puisse passer la Korit\u00e9 en famille. Nous savons l\u2019affection qu\u2019il porte \u00e0 ses petits-enfants et que son retour a toujours \u00e9t\u00e9 l\u2019une de ses pr\u00e9occupations principales. \u00bb<\/span><\/p>\n<p><span style=\"font-size: 16px;\"><strong>\u00a0 \u00a0 \u00a0 \u00a0 \u00a0 \u00a0 \u00a0 \u00a0 \u00a0 \u00a0 \u00a0 \u00a0 \u00a0 \u00a0 \u00a0 \u00a0 \u00a0 \u00a0 \u00a0 \u00a0 \u00a0 \u00a0 \u00a0 \u00a0 \u00a0 \u00a0 \u00a0 \u00a0 \u00a0 \u00a0 \u00a0 \u00a0 \u00a0 \u00a0 \u00a0 \u00a0 \u00a0 \u00a0 \u00a0Relations tendues entre p\u00e8re et fils<\/strong><\/span><\/p>\n<p style=\"line-height: 25.5pt; background: white; margin: 0cm 0cm 22.5pt 0cm;\"><span style=\"font-size: 16px; font-family: Verdana, sans-serif; color: #1d1d1b;\">Si Lamine Diack revenait au S\u00e9n\u00e9gal, son s\u00e9jour pourrait toutefois \u00eatre de courte dur\u00e9e. L\u2019ex-patron de l\u2019IAAF a certes fait appel de sa premi\u00e8re condamnation, mais il est sous le coup d\u2019une deuxi\u00e8me proc\u00e9dure, concernant l\u2019attribution des Jeux olympiques de Rio-2016 et de Tokyo-2020. Dans cette affaire, l\u2019instruction est \u00ab sur le point de se terminer \u00bb, selon son conseil William Bourdon, qui \u00e9voque un d\u00e9lai de \u00ab quelques mois \u00bb.<\/span><\/p>\n<p class=\"lead\" style=\"line-height: 25.5pt; background: white; margin: 0cm 0cm 22.5pt 0cm;\"><span style=\"font-size: 16px; font-family: Verdana, sans-serif; color: #1d1d1b; background: white;\">Ses avocats assurent aussi qu\u2019en cas de convocation par la justice, l\u2019ancien patron de l\u2019athl\u00e9tisme mondial y r\u00e9pondra. Ce ne sera sans doute pas le cas de son fils Papa Massata Diack, \u00e9galement concern\u00e9 par l\u2019affaire des JO et condamn\u00e9 en septembre \u00e0 cinq ans de prison ferme et un million d\u2019euros d\u2019amende.<\/span><\/p>\n<p class=\"lead\" style=\"line-height: 25.5pt; background: white; margin: 0cm 0cm 22.5pt 0cm;\"><span style=\"font-size: 16px; font-family: Verdana, sans-serif; color: #1d1d1b; background: white;\">Ce dernier, toujours sous le coup d\u2019un mandat d\u2019arr\u00eat, n\u2019a jamais quitt\u00e9 le S\u00e9n\u00e9gal, Dakar refusant de l\u2019extrader. Pourraient-ils se voir si Lamine Diack rentrait \u00e0 Dakar ? Entre p\u00e8re et fils, les relations sont tendues depuis le d\u00e9but de cette saga judiciaire. \u00ab Le contr\u00f4le judiciaire qui leur interdisait de se voir ou de communiquer a \u00e9t\u00e9 lev\u00e9, r\u00e9pond Simon Ndiaye. Mais je ne sais pas s\u2019ils se verront. \u00bb<\/span><b><\/b><\/p>\n<div class='share-to-whatsapp-wrapper'><div class='share-on-whsp'>PARTAGER SUR : <\/div><a data-text='\"Relations tendues entre p\u00e8re et fils\"' data-link='https:\/\/www.nettali.com\/2021\/04\/22\/lamine-diack-va-t-il-rentrer-au-senegal-avant-la-fin-du-ramadan\/' class='whatsapp-button whatsapp-share'>WhatsApp<\/a><div class='clear '><\/div><\/div>","protected":false},"excerpt":{"rendered":"<p>NETTALI.COM - Lamine Diack entretiendrait des relations polaires avec son fils, Papa Massata, si l'on en croit\u00a0 le tr\u00e8s bien introduit journal, Jeune Afrique.\u00a0 J.A n'exclut pas que l'ex-patron de l'Athl\u00e9tisme mondial, qui reste sous le coup d\u2019une deuxi\u00e8me proc\u00e9dure devant la justice fran\u00e7aise, refuse de rencontrer son fils si jamais il rentrait \u00e0 Dakar [&hellip;]<\/p>\n","protected":false},"author":11,"featured_media":12162,"comment_status":"open","ping_status":"open","sticky":false,"template":"","format":"standard","meta":{"_et_pb_use_builder":"","_et_pb_old_content":""},"categories":[3878,6],"tags":[],"yoast_head":"<!-- This site is optimized with the Yoast SEO Premium plugin v17.8 (Yoast SEO v17.8) - https:\/\/yoast.com\/wordpress\/plugins\/seo\/ -->\n<title>&quot;Relations tendues entre p\u00e8re et fils&quot; | Nettali.com<\/title>\n<meta name=\"robots\" content=\"index, follow, max-snippet:-1, max-image-preview:large, max-video-preview:-1\" \/>\n<link rel=\"canonical\" href=\"https:\/\/www.nettali.com\/2021\/04\/22\/lamine-diack-va-t-il-rentrer-au-senegal-avant-la-fin-du-ramadan\/\" \/>\n<meta property=\"og:locale\" content=\"fr_FR\" \/>\n<meta property=\"og:type\" content=\"article\" \/>\n<meta property=\"og:title\" content=\"&quot;Relations tendues entre p\u00e8re et fils&quot;\" \/>\n<meta property=\"og:description\" content=\"NETTALI.COM - Lamine Diack entretiendrait des relations polaires avec son fils, Papa Massata, si l&#039;on en croit\u00a0 le tr\u00e8s bien introduit journal, Jeune Afrique.\u00a0 J.A n&#039;exclut pas que l&#039;ex-patron de l&#039;Athl\u00e9tisme mondial, qui reste sous le coup d\u2019une deuxi\u00e8me proc\u00e9dure devant la justice fran\u00e7aise, refuse de rencontrer son fils si jamais il rentrait \u00e0 Dakar [&hellip;]\" \/>\n<meta property=\"og:url\" content=\"https:\/\/www.nettali.com\/2021\/04\/22\/lamine-diack-va-t-il-rentrer-au-senegal-avant-la-fin-du-ramadan\/\" \/>\n<meta property=\"og:site_name\" content=\"Nettali.com\" \/>\n<meta property=\"article:publisher\" content=\"https:\/\/www.facebook.com\/nettalicom\" \/>\n<meta property=\"article:published_time\" content=\"2021-04-22T14:21:49+00:00\" \/>\n<meta property=\"article:modified_time\" content=\"2021-04-22T23:58:18+00:00\" \/>\n<meta property=\"og:image\" content=\"https:\/\/www.nettali.com\/wp-content\/uploads\/2019\/06\/lamine-diack-et-massata-diack.jpg\" \/>\n\t<meta property=\"og:image:width\" content=\"2076\" \/>\n\t<meta property=\"og:image:height\" content=\"1308\" \/>\n<meta name=\"twitter:card\" content=\"summary_large_image\" \/>\n<meta name=\"twitter:label1\" content=\"\u00c9crit par\" \/>\n\t<meta name=\"twitter:data1\" content=\"Thierno Diop\" \/>\n\t<meta name=\"twitter:label2\" content=\"Dur\u00e9e de lecture estim\u00e9e\" \/>\n\t<meta name=\"twitter:data2\" content=\"3 minutes\" \/>\n<script type=\"application\/ld+json\" class=\"yoast-schema-graph\">{\"@context\":\"https:\/\/schema.org\",\"@graph\":[{\"@type\":\"WebSite\",\"@id\":\"https:\/\/www.nettali.com\/#website\",\"url\":\"https:\/\/www.nettali.com\/\",\"name\":\"Nettali.com\",\"description\":\"Le rendez-vous critique du Net\",\"potentialAction\":[{\"@type\":\"SearchAction\",\"target\":{\"@type\":\"EntryPoint\",\"urlTemplate\":\"https:\/\/www.nettali.com\/?s={search_term_string}\"},\"query-input\":\"required name=search_term_string\"}],\"inLanguage\":\"fr-FR\"},{\"@type\":\"ImageObject\",\"@id\":\"https:\/\/www.nettali.com\/2021\/04\/22\/lamine-diack-va-t-il-rentrer-au-senegal-avant-la-fin-du-ramadan\/#primaryimage\",\"inLanguage\":\"fr-FR\",\"url\":\"https:\/\/www.nettali.com\/wp-content\/uploads\/2019\/06\/lamine-diack-et-massata-diack.jpg\",\"contentUrl\":\"https:\/\/www.nettali.com\/wp-content\/uploads\/2019\/06\/lamine-diack-et-massata-diack.jpg\",\"width\":2076,\"height\":1308},{\"@type\":\"WebPage\",\"@id\":\"https:\/\/www.nettali.com\/2021\/04\/22\/lamine-diack-va-t-il-rentrer-au-senegal-avant-la-fin-du-ramadan\/#webpage\",\"url\":\"https:\/\/www.nettali.com\/2021\/04\/22\/lamine-diack-va-t-il-rentrer-au-senegal-avant-la-fin-du-ramadan\/\",\"name\":\"\\\"Relations tendues entre p\\u00e8re et fils\\\" | Nettali.com\",\"isPartOf\":{\"@id\":\"https:\/\/www.nettali.com\/#website\"},\"primaryImageOfPage\":{\"@id\":\"https:\/\/www.nettali.com\/2021\/04\/22\/lamine-diack-va-t-il-rentrer-au-senegal-avant-la-fin-du-ramadan\/#primaryimage\"},\"datePublished\":\"2021-04-22T14:21:49+00:00\",\"dateModified\":\"2021-04-22T23:58:18+00:00\",\"author\":{\"@id\":\"https:\/\/www.nettali.com\/#\/schema\/person\/8a06c6bd7b19304cf4bf985862900b5b\"},\"breadcrumb\":{\"@id\":\"https:\/\/www.nettali.com\/2021\/04\/22\/lamine-diack-va-t-il-rentrer-au-senegal-avant-la-fin-du-ramadan\/#breadcrumb\"},\"inLanguage\":\"fr-FR\",\"potentialAction\":[{\"@type\":\"ReadAction\",\"target\":[\"https:\/\/www.nettali.com\/2021\/04\/22\/lamine-diack-va-t-il-rentrer-au-senegal-avant-la-fin-du-ramadan\/\"]}]},{\"@type\":\"BreadcrumbList\",\"@id\":\"https:\/\/www.nettali.com\/2021\/04\/22\/lamine-diack-va-t-il-rentrer-au-senegal-avant-la-fin-du-ramadan\/#breadcrumb\",\"itemListElement\":[{\"@type\":\"ListItem\",\"position\":1,\"name\":\"Accueil\",\"item\":\"https:\/\/www.nettali.com\/\"},{\"@type\":\"ListItem\",\"position\":2,\"name\":\"\\u00ab\\u00a0Relations tendues entre p\\u00e8re et fils\\u00a0\\u00bb\"}]},{\"@type\":\"Person\",\"@id\":\"https:\/\/www.nettali.com\/#\/schema\/person\/8a06c6bd7b19304cf4bf985862900b5b\",\"name\":\"Thierno Diop\",\"image\":{\"@type\":\"ImageObject\",\"@id\":\"https:\/\/www.nettali.com\/#personlogo\",\"inLanguage\":\"fr-FR\",\"url\":\"https:\/\/secure.gravatar.com\/avatar\/c8ca58550c94fd2ac856d27391a6c866?s=96&d=mm&r=g\",\"contentUrl\":\"https:\/\/secure.gravatar.com\/avatar\/c8ca58550c94fd2ac856d27391a6c866?s=96&d=mm&r=g\",\"caption\":\"Thierno Diop\"},\"sameAs\":[\"https:\/\/nettali.com\"]}]}<\/script>\n<!-- \/ Yoast SEO Premium plugin. -->","yoast_head_json":{"title":"\"Relations tendues entre p\u00e8re et fils\" | Nettali.com","robots":{"index":"index","follow":"follow","max-snippet":"max-snippet:-1","max-image-preview":"max-image-preview:large","max-video-preview":"max-video-preview:-1"},"canonical":"https:\/\/www.nettali.com\/2021\/04\/22\/lamine-diack-va-t-il-rentrer-au-senegal-avant-la-fin-du-ramadan\/","og_locale":"fr_FR","og_type":"article","og_title":"\"Relations tendues entre p\u00e8re et fils\"","og_description":"NETTALI.COM - Lamine Diack entretiendrait des relations polaires avec son fils, Papa Massata, si l'on en croit\u00a0 le tr\u00e8s bien introduit journal, Jeune Afrique.\u00a0 J.A n'exclut pas que l'ex-patron de l'Athl\u00e9tisme mondial, qui reste sous le coup d\u2019une deuxi\u00e8me proc\u00e9dure devant la justice fran\u00e7aise, refuse de rencontrer son fils si jamais il rentrait \u00e0 Dakar [&hellip;]","og_url":"https:\/\/www.nettali.com\/2021\/04\/22\/lamine-diack-va-t-il-rentrer-au-senegal-avant-la-fin-du-ramadan\/","og_site_name":"Nettali.com","article_publisher":"https:\/\/www.facebook.com\/nettalicom","article_published_time":"2021-04-22T14:21:49+00:00","article_modified_time":"2021-04-22T23:58:18+00:00","og_image":[{"width":2076,"height":1308,"url":"https:\/\/www.nettali.com\/wp-content\/uploads\/2019\/06\/lamine-diack-et-massata-diack.jpg","type":"image\/jpeg"}],"twitter_card":"summary_large_image","twitter_misc":{"\u00c9crit par":"Thierno Diop","Dur\u00e9e de lecture estim\u00e9e":"3 minutes"},"schema":{"@context":"https:\/\/schema.org","@graph":[{"@type":"WebSite","@id":"https:\/\/www.nettali.com\/#website","url":"https:\/\/www.nettali.com\/","name":"Nettali.com","description":"Le rendez-vous critique du Net","potentialAction":[{"@type":"SearchAction","target":{"@type":"EntryPoint","urlTemplate":"https:\/\/www.nettali.com\/?s={search_term_string}"},"query-input":"required name=search_term_string"}],"inLanguage":"fr-FR"},{"@type":"ImageObject","@id":"https:\/\/www.nettali.com\/2021\/04\/22\/lamine-diack-va-t-il-rentrer-au-senegal-avant-la-fin-du-ramadan\/#primaryimage","inLanguage":"fr-FR","url":"https:\/\/www.nettali.com\/wp-content\/uploads\/2019\/06\/lamine-diack-et-massata-diack.jpg","contentUrl":"https:\/\/www.nettali.com\/wp-content\/uploads\/2019\/06\/lamine-diack-et-massata-diack.jpg","width":2076,"height":1308},{"@type":"WebPage","@id":"https:\/\/www.nettali.com\/2021\/04\/22\/lamine-diack-va-t-il-rentrer-au-senegal-avant-la-fin-du-ramadan\/#webpage","url":"https:\/\/www.nettali.com\/2021\/04\/22\/lamine-diack-va-t-il-rentrer-au-senegal-avant-la-fin-du-ramadan\/","name":"\"Relations tendues entre p\u00e8re et fils\" | Nettali.com","isPartOf":{"@id":"https:\/\/www.nettali.com\/#website"},"primaryImageOfPage":{"@id":"https:\/\/www.nettali.com\/2021\/04\/22\/lamine-diack-va-t-il-rentrer-au-senegal-avant-la-fin-du-ramadan\/#primaryimage"},"datePublished":"2021-04-22T14:21:49+00:00","dateModified":"2021-04-22T23:58:18+00:00","author":{"@id":"https:\/\/www.nettali.com\/#\/schema\/person\/8a06c6bd7b19304cf4bf985862900b5b"},"breadcrumb":{"@id":"https:\/\/www.nettali.com\/2021\/04\/22\/lamine-diack-va-t-il-rentrer-au-senegal-avant-la-fin-du-ramadan\/#breadcrumb"},"inLanguage":"fr-FR","potentialAction":[{"@type":"ReadAction","target":["https:\/\/www.nettali.com\/2021\/04\/22\/lamine-diack-va-t-il-rentrer-au-senegal-avant-la-fin-du-ramadan\/"]}]},{"@type":"BreadcrumbList","@id":"https:\/\/www.nettali.com\/2021\/04\/22\/lamine-diack-va-t-il-rentrer-au-senegal-avant-la-fin-du-ramadan\/#breadcrumb","itemListElement":[{"@type":"ListItem","position":1,"name":"Accueil","item":"https:\/\/www.nettali.com\/"},{"@type":"ListItem","position":2,"name":"\u00ab\u00a0Relations tendues entre p\u00e8re et fils\u00a0\u00bb"}]},{"@type":"Person","@id":"https:\/\/www.nettali.com\/#\/schema\/person\/8a06c6bd7b19304cf4bf985862900b5b","name":"Thierno Diop","image":{"@type":"ImageObject","@id":"https:\/\/www.nettali.com\/#personlogo","inLanguage":"fr-FR","url":"https:\/\/secure.gravatar.com\/avatar\/c8ca58550c94fd2ac856d27391a6c866?s=96&d=mm&r=g","contentUrl":"https:\/\/secure.gravatar.com\/avatar\/c8ca58550c94fd2ac856d27391a6c866?s=96&d=mm&r=g","caption":"Thierno Diop"},"sameAs":["https:\/\/nettali.com"]}]}},"_links":{"self":[{"href":"https:\/\/www.nettali.com\/rest\/wp\/v2\/posts\/62459"}],"collection":[{"href":"https:\/\/www.nettali.com\/rest\/wp\/v2\/posts"}],"about":[{"href":"https:\/\/www.nettali.com\/rest\/wp\/v2\/types\/post"}],"author":[{"embeddable":true,"href":"https:\/\/www.nettali.com\/rest\/wp\/v2\/users\/11"}],"replies":[{"embeddable":true,"href":"https:\/\/www.nettali.com\/rest\/wp\/v2\/comments?post=62459"}],"version-history":[{"count":4,"href":"https:\/\/www.nettali.com\/rest\/wp\/v2\/posts\/62459\/revisions"}],"predecessor-version":[{"id":62463,"href":"https:\/\/www.nettali.com\/rest\/wp\/v2\/posts\/62459\/revisions\/62463"}],"wp:featuredmedia":[{"embeddable":true,"href":"https:\/\/www.nettali.com\/rest\/wp\/v2\/media\/12162"}],"wp:attachment":[{"href":"https:\/\/www.nettali.com\/rest\/wp\/v2\/media?parent=62459"}],"wp:term":[{"taxonomy":"category","embeddable":true,"href":"https:\/\/www.nettali.com\/rest\/wp\/v2\/categories?post=62459"},{"taxonomy":"post_tag","embeddable":true,"href":"https:\/\/www.nettali.com\/rest\/wp\/v2\/tags?post=62459"}],"curies":[{"name":"wp","href":"https:\/\/api.w.org\/{rel}","templated":true}]}}