{"id":62427,"date":"2021-04-22T06:27:59","date_gmt":"2021-04-22T06:27:59","guid":{"rendered":"https:\/\/www.nettali.com\/?p=62427"},"modified":"2021-04-22T13:38:41","modified_gmt":"2021-04-22T13:38:41","slug":"manifs-contre-macky-sonko-mouille-idy","status":"publish","type":"post","link":"https:\/\/www.nettali.com\/2021\/04\/22\/manifs-contre-macky-sonko-mouille-idy\/","title":{"rendered":"MANIFS CONTRE MACKY  - Sonko mouille Idy"},"content":{"rendered":"<p><strong>NETTALI.COM - Ousmane Sonko a repris la parole ce mercredi apr\u00e8s un long silence.\u00a0 Dans un entretien avec Jotna Tv, la cha\u00eene de son parti, le leader de Pastef est revenu sur la pr\u00e9sidentielle de 2019, rappelant que c'est Idrissa Seck qui l'a appel\u00e9 pour des manifestations contre Macky Sall.\u00a0<\/strong><\/p>\n<p>La <em>\"tortuosit\u00e9\"<\/em> d'Idrissa Seck. Ousmane Sonko en parle. Dans un long entretien avec Jotna Tv, le leader de Pastef-Les patriotes a \u00e9t\u00e9 interpell\u00e9 sur les p\u00e9rip\u00e9ties de la pr\u00e9sidentielle de 2019 avec la r\u00e9\u00e9lection de Macky Sall pour un second mandat. Il r\u00e9v\u00e8le qu'au lendemain de cette \u00e9lection, le leader du parti Rewmi l'a appel\u00e9 et a souhait\u00e9 le rencontrer. Et les deux hommes se sont retrouv\u00e9s chez l'architecte Pierre Goudiaby Atepa.<\/p>\n<p>\"<em>Quand nous nous sommes retrouv\u00e9s chez Pierre Goudiaby Atepa avec Boubacar Camara, qui avaient tous les deux soutenu ma candidature, Idrissa Seck m\u2019a dit qu\u2019il faut qu\u2019on manifeste car les r\u00e9sultats ne correspondaient pas \u00e0 la r\u00e9alit\u00e9<\/em>\", raconte Ousmane Sonko. A en croire ce dernier, il a alors indiqu\u00e9 \u00e0 Idrissa Seck qu'il ne le voit pas manifester tout comme personne ne l'a vu contester le d\u00e9roulement du scrutin. Et Sonko de poursuivre : \"<em>Quand certains de ces jeunes sont all\u00e9s manifester devant la Rts, ils ont \u00e9t\u00e9 arr\u00eat\u00e9s et malmen\u00e9s. Pendant ce temps, il<\/em> (Idrissa Seck, <strong>ndlr)<\/strong><em> a pris sa voiture pour partir \u00e0 Touba<\/em>\", indique SONKO.<\/p>\n<p>Mais Ousmane Sonko, Idrissa Seck, Issa Sall et Madick\u00e9 Niang, les quatre candidats oppos\u00e9s alors \u00e0 Macky Sall, vont se retrouver une nouvelle fois. \"<em>On a alors d\u00e9cid\u00e9 de ne pas reconna\u00eetre les r\u00e9sultats,\u00a0 de ne pas reconna\u00eetre non plus Macky Sall comme pr\u00e9sident de la R\u00e9publique<\/em>\", rappelle celui qui est arriv\u00e9 troisi\u00e8me \u00e0 la derni\u00e8re pr\u00e9sidentielle. Il ajoute : \"<em>Je suis le seul \u00e0 respecter la position que nous avions prise ensemble<\/em>.\" De l'avis d\u2019Ousmane Sonko, l'actuel locataire du palais de l'avenue L\u00e9opold S\u00e9dar Senghor a perdu toute l\u00e9gitimit\u00e9 de gouverner le S\u00e9n\u00e9gal.<\/p>\n<div class='share-to-whatsapp-wrapper'><div class='share-on-whsp'>PARTAGER SUR : <\/div><a data-text='MANIFS CONTRE MACKY  - Sonko mouille Idy' data-link='https:\/\/www.nettali.com\/2021\/04\/22\/manifs-contre-macky-sonko-mouille-idy\/' class='whatsapp-button whatsapp-share'>WhatsApp<\/a><div class='clear '><\/div><\/div>","protected":false},"excerpt":{"rendered":"<p>NETTALI.COM - Ousmane Sonko a repris la parole ce mercredi apr\u00e8s un long silence.\u00a0 Dans un entretien avec Jotna Tv, la cha\u00eene de son parti, le leader de Pastef est revenu sur la pr\u00e9sidentielle de 2019, rappelant que c'est Idrissa Seck qui l'a appel\u00e9 pour des manifestations contre Macky Sall.\u00a0 La \"tortuosit\u00e9\" d'Idrissa Seck. Ousmane [&hellip;]<\/p>\n","protected":false},"author":3,"featured_media":62429,"comment_status":"open","ping_status":"open","sticky":false,"template":"","format":"standard","meta":{"_et_pb_use_builder":"","_et_pb_old_content":""},"categories":[2],"tags":[],"yoast_head":"<!-- This site is optimized with the Yoast SEO Premium plugin v17.8 (Yoast SEO v17.8) - https:\/\/yoast.com\/wordpress\/plugins\/seo\/ -->\n<title>MANIFS CONTRE MACKY - Sonko mouille Idy | Nettali.com<\/title>\n<meta name=\"robots\" content=\"index, follow, max-snippet:-1, max-image-preview:large, max-video-preview:-1\" \/>\n<link rel=\"canonical\" href=\"https:\/\/www.nettali.com\/2021\/04\/22\/manifs-contre-macky-sonko-mouille-idy\/\" \/>\n<meta property=\"og:locale\" content=\"fr_FR\" \/>\n<meta property=\"og:type\" content=\"article\" \/>\n<meta property=\"og:title\" content=\"MANIFS CONTRE MACKY - Sonko mouille Idy\" \/>\n<meta property=\"og:description\" content=\"NETTALI.COM - Ousmane Sonko a repris la parole ce mercredi apr\u00e8s un long silence.\u00a0 Dans un entretien avec Jotna Tv, la cha\u00eene de son parti, le leader de Pastef est revenu sur la pr\u00e9sidentielle de 2019, rappelant que c&#039;est Idrissa Seck qui l&#039;a appel\u00e9 pour des manifestations contre Macky Sall.\u00a0 La &quot;tortuosit\u00e9&quot; d&#039;Idrissa Seck. Ousmane [&hellip;]\" \/>\n<meta property=\"og:url\" content=\"https:\/\/www.nettali.com\/2021\/04\/22\/manifs-contre-macky-sonko-mouille-idy\/\" \/>\n<meta property=\"og:site_name\" content=\"Nettali.com\" \/>\n<meta property=\"article:publisher\" content=\"https:\/\/www.facebook.com\/nettalicom\" \/>\n<meta property=\"article:published_time\" content=\"2021-04-22T06:27:59+00:00\" \/>\n<meta property=\"article:modified_time\" content=\"2021-04-22T13:38:41+00:00\" \/>\n<meta property=\"og:image\" content=\"https:\/\/www.nettali.com\/wp-content\/uploads\/2021\/04\/idy_sonko_1.jpg\" \/>\n\t<meta property=\"og:image:width\" content=\"736\" \/>\n\t<meta property=\"og:image:height\" content=\"408\" \/>\n<meta name=\"twitter:card\" content=\"summary_large_image\" \/>\n<meta name=\"twitter:label1\" content=\"\u00c9crit par\" \/>\n\t<meta name=\"twitter:data1\" content=\"Moustapha\" \/>\n\t<meta name=\"twitter:label2\" content=\"Dur\u00e9e de lecture estim\u00e9e\" \/>\n\t<meta name=\"twitter:data2\" content=\"2 minutes\" \/>\n<script type=\"application\/ld+json\" class=\"yoast-schema-graph\">{\"@context\":\"https:\/\/schema.org\",\"@graph\":[{\"@type\":\"WebSite\",\"@id\":\"https:\/\/www.nettali.com\/#website\",\"url\":\"https:\/\/www.nettali.com\/\",\"name\":\"Nettali.com\",\"description\":\"Le rendez-vous critique du Net\",\"potentialAction\":[{\"@type\":\"SearchAction\",\"target\":{\"@type\":\"EntryPoint\",\"urlTemplate\":\"https:\/\/www.nettali.com\/?s={search_term_string}\"},\"query-input\":\"required name=search_term_string\"}],\"inLanguage\":\"fr-FR\"},{\"@type\":\"ImageObject\",\"@id\":\"https:\/\/www.nettali.com\/2021\/04\/22\/manifs-contre-macky-sonko-mouille-idy\/#primaryimage\",\"inLanguage\":\"fr-FR\",\"url\":\"https:\/\/www.nettali.com\/wp-content\/uploads\/2021\/04\/idy_sonko_1.jpg\",\"contentUrl\":\"https:\/\/www.nettali.com\/wp-content\/uploads\/2021\/04\/idy_sonko_1.jpg\",\"width\":736,\"height\":408},{\"@type\":\"WebPage\",\"@id\":\"https:\/\/www.nettali.com\/2021\/04\/22\/manifs-contre-macky-sonko-mouille-idy\/#webpage\",\"url\":\"https:\/\/www.nettali.com\/2021\/04\/22\/manifs-contre-macky-sonko-mouille-idy\/\",\"name\":\"MANIFS CONTRE MACKY - Sonko mouille Idy | Nettali.com\",\"isPartOf\":{\"@id\":\"https:\/\/www.nettali.com\/#website\"},\"primaryImageOfPage\":{\"@id\":\"https:\/\/www.nettali.com\/2021\/04\/22\/manifs-contre-macky-sonko-mouille-idy\/#primaryimage\"},\"datePublished\":\"2021-04-22T06:27:59+00:00\",\"dateModified\":\"2021-04-22T13:38:41+00:00\",\"author\":{\"@id\":\"https:\/\/www.nettali.com\/#\/schema\/person\/7962a12a6e0267f88f0ffa544c36469a\"},\"breadcrumb\":{\"@id\":\"https:\/\/www.nettali.com\/2021\/04\/22\/manifs-contre-macky-sonko-mouille-idy\/#breadcrumb\"},\"inLanguage\":\"fr-FR\",\"potentialAction\":[{\"@type\":\"ReadAction\",\"target\":[\"https:\/\/www.nettali.com\/2021\/04\/22\/manifs-contre-macky-sonko-mouille-idy\/\"]}]},{\"@type\":\"BreadcrumbList\",\"@id\":\"https:\/\/www.nettali.com\/2021\/04\/22\/manifs-contre-macky-sonko-mouille-idy\/#breadcrumb\",\"itemListElement\":[{\"@type\":\"ListItem\",\"position\":1,\"name\":\"Accueil\",\"item\":\"https:\/\/www.nettali.com\/\"},{\"@type\":\"ListItem\",\"position\":2,\"name\":\"MANIFS CONTRE MACKY &#8211; Sonko mouille Idy\"}]},{\"@type\":\"Person\",\"@id\":\"https:\/\/www.nettali.com\/#\/schema\/person\/7962a12a6e0267f88f0ffa544c36469a\",\"name\":\"Moustapha\",\"image\":{\"@type\":\"ImageObject\",\"@id\":\"https:\/\/www.nettali.com\/#personlogo\",\"inLanguage\":\"fr-FR\",\"url\":\"https:\/\/secure.gravatar.com\/avatar\/10fdf6a071cccdcf374e3dbe45159590?s=96&d=mm&r=g\",\"contentUrl\":\"https:\/\/secure.gravatar.com\/avatar\/10fdf6a071cccdcf374e3dbe45159590?s=96&d=mm&r=g\",\"caption\":\"Moustapha\"},\"sameAs\":[\"https:\/\/www.nettali.com\"]}]}<\/script>\n<!-- \/ Yoast SEO Premium plugin. -->","yoast_head_json":{"title":"MANIFS CONTRE MACKY - Sonko mouille Idy | Nettali.com","robots":{"index":"index","follow":"follow","max-snippet":"max-snippet:-1","max-image-preview":"max-image-preview:large","max-video-preview":"max-video-preview:-1"},"canonical":"https:\/\/www.nettali.com\/2021\/04\/22\/manifs-contre-macky-sonko-mouille-idy\/","og_locale":"fr_FR","og_type":"article","og_title":"MANIFS CONTRE MACKY - Sonko mouille Idy","og_description":"NETTALI.COM - Ousmane Sonko a repris la parole ce mercredi apr\u00e8s un long silence.\u00a0 Dans un entretien avec Jotna Tv, la cha\u00eene de son parti, le leader de Pastef est revenu sur la pr\u00e9sidentielle de 2019, rappelant que c'est Idrissa Seck qui l'a appel\u00e9 pour des manifestations contre Macky Sall.\u00a0 La \"tortuosit\u00e9\" d'Idrissa Seck. Ousmane [&hellip;]","og_url":"https:\/\/www.nettali.com\/2021\/04\/22\/manifs-contre-macky-sonko-mouille-idy\/","og_site_name":"Nettali.com","article_publisher":"https:\/\/www.facebook.com\/nettalicom","article_published_time":"2021-04-22T06:27:59+00:00","article_modified_time":"2021-04-22T13:38:41+00:00","og_image":[{"width":736,"height":408,"url":"https:\/\/www.nettali.com\/wp-content\/uploads\/2021\/04\/idy_sonko_1.jpg","type":"image\/jpeg"}],"twitter_card":"summary_large_image","twitter_misc":{"\u00c9crit par":"Moustapha","Dur\u00e9e de lecture estim\u00e9e":"2 minutes"},"schema":{"@context":"https:\/\/schema.org","@graph":[{"@type":"WebSite","@id":"https:\/\/www.nettali.com\/#website","url":"https:\/\/www.nettali.com\/","name":"Nettali.com","description":"Le rendez-vous critique du Net","potentialAction":[{"@type":"SearchAction","target":{"@type":"EntryPoint","urlTemplate":"https:\/\/www.nettali.com\/?s={search_term_string}"},"query-input":"required name=search_term_string"}],"inLanguage":"fr-FR"},{"@type":"ImageObject","@id":"https:\/\/www.nettali.com\/2021\/04\/22\/manifs-contre-macky-sonko-mouille-idy\/#primaryimage","inLanguage":"fr-FR","url":"https:\/\/www.nettali.com\/wp-content\/uploads\/2021\/04\/idy_sonko_1.jpg","contentUrl":"https:\/\/www.nettali.com\/wp-content\/uploads\/2021\/04\/idy_sonko_1.jpg","width":736,"height":408},{"@type":"WebPage","@id":"https:\/\/www.nettali.com\/2021\/04\/22\/manifs-contre-macky-sonko-mouille-idy\/#webpage","url":"https:\/\/www.nettali.com\/2021\/04\/22\/manifs-contre-macky-sonko-mouille-idy\/","name":"MANIFS CONTRE MACKY - Sonko mouille Idy | Nettali.com","isPartOf":{"@id":"https:\/\/www.nettali.com\/#website"},"primaryImageOfPage":{"@id":"https:\/\/www.nettali.com\/2021\/04\/22\/manifs-contre-macky-sonko-mouille-idy\/#primaryimage"},"datePublished":"2021-04-22T06:27:59+00:00","dateModified":"2021-04-22T13:38:41+00:00","author":{"@id":"https:\/\/www.nettali.com\/#\/schema\/person\/7962a12a6e0267f88f0ffa544c36469a"},"breadcrumb":{"@id":"https:\/\/www.nettali.com\/2021\/04\/22\/manifs-contre-macky-sonko-mouille-idy\/#breadcrumb"},"inLanguage":"fr-FR","potentialAction":[{"@type":"ReadAction","target":["https:\/\/www.nettali.com\/2021\/04\/22\/manifs-contre-macky-sonko-mouille-idy\/"]}]},{"@type":"BreadcrumbList","@id":"https:\/\/www.nettali.com\/2021\/04\/22\/manifs-contre-macky-sonko-mouille-idy\/#breadcrumb","itemListElement":[{"@type":"ListItem","position":1,"name":"Accueil","item":"https:\/\/www.nettali.com\/"},{"@type":"ListItem","position":2,"name":"MANIFS CONTRE MACKY &#8211; Sonko mouille Idy"}]},{"@type":"Person","@id":"https:\/\/www.nettali.com\/#\/schema\/person\/7962a12a6e0267f88f0ffa544c36469a","name":"Moustapha","image":{"@type":"ImageObject","@id":"https:\/\/www.nettali.com\/#personlogo","inLanguage":"fr-FR","url":"https:\/\/secure.gravatar.com\/avatar\/10fdf6a071cccdcf374e3dbe45159590?s=96&d=mm&r=g","contentUrl":"https:\/\/secure.gravatar.com\/avatar\/10fdf6a071cccdcf374e3dbe45159590?s=96&d=mm&r=g","caption":"Moustapha"},"sameAs":["https:\/\/www.nettali.com"]}]}},"_links":{"self":[{"href":"https:\/\/www.nettali.com\/rest\/wp\/v2\/posts\/62427"}],"collection":[{"href":"https:\/\/www.nettali.com\/rest\/wp\/v2\/posts"}],"about":[{"href":"https:\/\/www.nettali.com\/rest\/wp\/v2\/types\/post"}],"author":[{"embeddable":true,"href":"https:\/\/www.nettali.com\/rest\/wp\/v2\/users\/3"}],"replies":[{"embeddable":true,"href":"https:\/\/www.nettali.com\/rest\/wp\/v2\/comments?post=62427"}],"version-history":[{"count":2,"href":"https:\/\/www.nettali.com\/rest\/wp\/v2\/posts\/62427\/revisions"}],"predecessor-version":[{"id":62430,"href":"https:\/\/www.nettali.com\/rest\/wp\/v2\/posts\/62427\/revisions\/62430"}],"wp:featuredmedia":[{"embeddable":true,"href":"https:\/\/www.nettali.com\/rest\/wp\/v2\/media\/62429"}],"wp:attachment":[{"href":"https:\/\/www.nettali.com\/rest\/wp\/v2\/media?parent=62427"}],"wp:term":[{"taxonomy":"category","embeddable":true,"href":"https:\/\/www.nettali.com\/rest\/wp\/v2\/categories?post=62427"},{"taxonomy":"post_tag","embeddable":true,"href":"https:\/\/www.nettali.com\/rest\/wp\/v2\/tags?post=62427"}],"curies":[{"name":"wp","href":"https:\/\/api.w.org\/{rel}","templated":true}]}}