{"id":62405,"date":"2021-04-21T22:26:06","date_gmt":"2021-04-21T22:26:06","guid":{"rendered":"https:\/\/www.nettali.com\/?p=62405"},"modified":"2021-04-22T06:31:21","modified_gmt":"2021-04-22T06:31:21","slug":"nominations-en-conseil-des-ministres-les-dg-de-lanacim-et-de-loffor-limoges","status":"publish","type":"post","link":"https:\/\/www.nettali.com\/2021\/04\/21\/nominations-en-conseil-des-ministres-les-dg-de-lanacim-et-de-loffor-limoges\/","title":{"rendered":"NOMINATIONS EN CONSEIL DES MINISTRES - Les DG de l'Anacim et de l'Offor limog\u00e9s"},"content":{"rendered":"<div dir=\"auto\">\n<div dir=\"auto\"><strong>NETTALI.COM- L'Agence nationale de l\u2019Aviation civile et de la M\u00e9t\u00e9orologie (ANACIM) et l\u2019Office des Forages Ruraux (OFOR) ont de nouveaux\u00a0 directeurs g\u00e9n\u00e9raux. La premi\u00e8re structure est maintenant dirig\u00e9e par Sidy Gu\u00e8ye qui remplace Magu\u00e8ye Marame Ndao tandis que\u00a0 Alpha Bayla Gu\u00e8ye a pris la place de Seyni Ndao. Les nouveaux Directeurs g\u00e9n\u00e9raux ont \u00e9t\u00e9 nomm\u00e9s au cours du Conseil des ministres de ce mercredi 21 avril 2021, au cours duquel d'autres d\u00e9cisions de nomination ont \u00e9t\u00e9 prises par le pr\u00e9sident de la R\u00e9publique.<\/strong><\/div>\n<div dir=\"auto\"><\/div>\n<div dir=\"auto\"><strong>Monsieur<\/strong> <strong>Sidy GUEYE,<\/strong> Ing\u00e9nieur Exploitation de l\u2019Aviation civile, est nomm\u00e9 Directeur g\u00e9n\u00e9ral de l\u2019Agence nationale de l\u2019Aviation civile et de la M\u00e9t\u00e9orologie (ANACIM), en remplacement de Monsieur Magu\u00e8ye Marame NDAO, appel\u00e9 \u00e0 d\u2019autres fonctions.<\/div>\n<div dir=\"auto\"><\/div>\n<div dir=\"auto\"><strong>Monsieur Alpha Bayla GUEYE<\/strong>, Cadre juriste et financier, est nomm\u00e9 Directeur g\u00e9n\u00e9ral de l\u2019Office des Forages Ruraux (OFOR), en remplacement de Monsieur Seyni NDAO, admis \u00e0 faire valoir ses droits \u00e0 une pension de retraite.<\/div>\n<div dir=\"auto\"><\/div>\n<div dir=\"auto\"><strong>Monsieur Alioune DIOP<\/strong>, Titulaire d\u2019un Doctorat d\u2019Etat en pharmacie, est nomm\u00e9 Pr\u00e9sident du Conseil d\u2019Orientation du Fonds de D\u00e9veloppement des Transports Terrestres.<\/div>\n<div dir=\"auto\"><\/div>\n<div dir=\"auto\"><strong>Monsieur Babacar GAYE<\/strong>, Titulaire d\u2019un Master 2 en Management des Administrations publique, est nomm\u00e9 Administrateur du Fonds de D\u00e9veloppement des Transports Terrestres.<\/div>\n<div dir=\"auto\"><\/div>\n<div dir=\"auto\"><strong>Monsieur Mouhamadou DIAW<\/strong>, Titulaire d\u2019un Master 2 en Management et en Marketing, est nomm\u00e9 Pr\u00e9sident du Conseil d\u2019Orientation de la D\u00e9l\u00e9gation g\u00e9n\u00e9rale \u00e0 la Protection sociale et \u00e0 la Solidarit\u00e9 nationale.<\/div>\n<div dir=\"auto\"><\/div>\n<div dir=\"auto\"><strong>Monsieur Modou DIAGNE<\/strong>, Contr\u00f4leur g\u00e9n\u00e9ral de Police, matricule de solde n\u00b0519 321\/K, est nomm\u00e9 Directeur g\u00e9n\u00e9ral adjoint de la Police nationale, en remplacement de Monsieur Seydou Bocar YAGUE, appel\u00e9 \u00e0 d\u2019autres fonctions.<\/div>\n<\/div>\n<div dir=\"auto\"><\/div>\n<div dir=\"auto\"><strong>Madame Magatte SECK<\/strong>, Titulaire d'un Master en M\u00e9thodes statistiques et \u00e9conom\u00e9triques de l'Universit\u00e9 Cheikh Anta DIOP de Dakar, est nomm\u00e9e Directeur de l'Appui \u00e0 l'Investissement et aux Projets au Minist\u00e8re des Affaires \u00e9trang\u00e8res et des S\u00e9n\u00e9galais de l'Ext\u00e9rieur, poste vacant ;<\/div>\n<div dir=\"auto\"><\/div>\n<div dir=\"auto\"><strong>Monsieur Ibrahima CISSE<\/strong>, Conseiller des Affaires \u00e9trang\u00e8res, matricule de solde n\u00b0 616.198\/K, est nomm\u00e9 Directeur de l'Assistance et de la Promotion des S\u00e9n\u00e9galais de l'Ext\u00e9rieur au Minist\u00e8re des Affaires \u00e9trang\u00e8res et des S\u00e9n\u00e9galais de l'Ext\u00e9rieur, poste vacant ;<\/div>\n<div dir=\"auto\"><\/div>\n<div dir=\"auto\"><strong>Monsieur Moussa DIENG<\/strong>, analyste financier, pr\u00e9c\u00e9demment conseiller technique au Minist\u00e8re de la Microfinance et de l'Economie sociale et solidaire, est nomm\u00e9 Directeur de la Microfinance au Minist\u00e8re de la Microfinance et de l'Economie sociale et solidaire, en remplacement de Monsieur Oumar CISSE, appel\u00e9 \u00e0 d'autres fonctions.<\/div>\n<div dir=\"auto\"><\/div>\n<div dir=\"auto\"><strong>Monsieur Philippe Bacoumba FAYE,<\/strong> Sp\u00e9cialiste en passation des march\u00e9s, est nomm\u00e9 Chef de l'Unit\u00e9 d'ex\u00e9cution et de gestion du Comit\u00e9 d'Orientation strat\u00e9gique du P\u00e9trole et du gaz (GES-PETROGAZ), poste vacant ;<\/div>\n<div dir=\"auto\"><\/div>\n<div dir=\"auto\"><strong>Monsieur Mbissane NGOM,<\/strong> matricule de solde n\u00b0 607987\/A, Enseignant-Chercheur \u00e0 l'UFR de Sciences Juridiques et Politiques de l'Universit\u00e9 Gaston Berger de Saint-Louis est nomm\u00e9 Professeur titulaire de classe normale, pour compter du 1er octobre 2020.<\/div>\n<div dir=\"auto\"><\/div>\n<div dir=\"auto\"><strong>Madame Seynabou Oumy GOUMBALA<\/strong>, Ing\u00e9nieur en g\u00e9nie civil, matricule de solde n\u00b0 667.020\/I, est nomm\u00e9e Directeur de l'Urbanisme op\u00e9rationnel \u00e0 la Direction g\u00e9n\u00e9rale de l'Urbanisme et de l'Architecture au Minist\u00e8re de l'Urbanisme, du Logement et de l'Hygi\u00e8ne publique, en remplacement de Monsieur Moussa SARR, appel\u00e9 \u00e0 d'autres fonctions.<\/div>\n<div dir=\"auto\"><\/div>\n<div dir=\"auto\"><strong>Madame Fatim TALL<\/strong>, titulaire d'un Dipl\u00f4me d'Etudes Sup\u00e9rieures Sp\u00e9cialis\u00e9es (DESS) en d\u00e9centralisation, am\u00e9nagement du territoire et gestion urbaine, matricule de solde n\u00b0 665.810\/B, est nomm\u00e9e Directeur de la promotion des p\u00f4les urbains \u00e0 la Direction g\u00e9n\u00e9rale de l'Urbanisme et de l'Architecture au Minist\u00e8re de l'Urbanisme, du Logement et de l'Hygi\u00e8ne publique, en remplacement de Monsieur Mandiaye NDIAYE, appel\u00e9 \u00e0 d'autres fonctions.<\/div>\n<div dir=\"auto\"><\/div>\n<div dir=\"auto\"><strong>Monsieur Ely SY BEYE,<\/strong> Conseiller des Affaires \u00e9trang\u00e8res principal, matricule de solde n\u00b0 604.451\/J, pr\u00e9c\u00e9demment Ambassadeur extraordinaire et pl\u00e9nipotentiaire de la R\u00e9publique du S\u00e9n\u00e9gal au Caire, est nomm\u00e9 Ambassadeur extraordinaire et pl\u00e9nipotentiaire de la R\u00e9publique du S\u00e9n\u00e9gal aupr\u00e8s de Son Excellence Monsieur Jorge Carlos de Almeida Fonseca, Pr\u00e9sident de la R\u00e9publique de Cabo Verde, avec r\u00e9sidence \u00e0 Praia, en remplacement de Madame Seynabou DIAL, appel\u00e9e \u00e0 d'autres fonctions.<\/div>\n<div class='share-to-whatsapp-wrapper'><div class='share-on-whsp'>PARTAGER SUR : <\/div><a data-text='NOMINATIONS EN CONSEIL DES MINISTRES - Les DG de l'Anacim et de l'Offor limog\u00e9s' data-link='https:\/\/www.nettali.com\/2021\/04\/21\/nominations-en-conseil-des-ministres-les-dg-de-lanacim-et-de-loffor-limoges\/' class='whatsapp-button whatsapp-share'>WhatsApp<\/a><div class='clear '><\/div><\/div>","protected":false},"excerpt":{"rendered":"<p>NETTALI.COM- L'Agence nationale de l\u2019Aviation civile et de la M\u00e9t\u00e9orologie (ANACIM) et l\u2019Office des Forages Ruraux (OFOR) ont de nouveaux\u00a0 directeurs g\u00e9n\u00e9raux. La premi\u00e8re structure est maintenant dirig\u00e9e par Sidy Gu\u00e8ye qui remplace Magu\u00e8ye Marame Ndao tandis que\u00a0 Alpha Bayla Gu\u00e8ye a pris la place de Seyni Ndao. Les nouveaux Directeurs g\u00e9n\u00e9raux ont \u00e9t\u00e9 nomm\u00e9s [&hellip;]<\/p>\n","protected":false},"author":6,"featured_media":49774,"comment_status":"open","ping_status":"open","sticky":false,"template":"","format":"standard","meta":{"_et_pb_use_builder":"","_et_pb_old_content":""},"categories":[2],"tags":[],"yoast_head":"<!-- This site is optimized with the Yoast SEO Premium plugin v17.8 (Yoast SEO v17.8) - https:\/\/yoast.com\/wordpress\/plugins\/seo\/ -->\n<title>NOMINATIONS EN CONSEIL DES MINISTRES - Les DG de l&#039;Anacim et de l&#039;Offor limog\u00e9s | Nettali.com<\/title>\n<meta name=\"robots\" content=\"index, follow, max-snippet:-1, max-image-preview:large, max-video-preview:-1\" \/>\n<link rel=\"canonical\" href=\"https:\/\/www.nettali.com\/2021\/04\/21\/nominations-en-conseil-des-ministres-les-dg-de-lanacim-et-de-loffor-limoges\/\" \/>\n<meta property=\"og:locale\" content=\"fr_FR\" \/>\n<meta property=\"og:type\" content=\"article\" \/>\n<meta property=\"og:title\" content=\"NOMINATIONS EN CONSEIL DES MINISTRES - Les DG de l&#039;Anacim et de l&#039;Offor limog\u00e9s\" \/>\n<meta property=\"og:description\" content=\"NETTALI.COM- L&#039;Agence nationale de l\u2019Aviation civile et de la M\u00e9t\u00e9orologie (ANACIM) et l\u2019Office des Forages Ruraux (OFOR) ont de nouveaux\u00a0 directeurs g\u00e9n\u00e9raux. La premi\u00e8re structure est maintenant dirig\u00e9e par Sidy Gu\u00e8ye qui remplace Magu\u00e8ye Marame Ndao tandis que\u00a0 Alpha Bayla Gu\u00e8ye a pris la place de Seyni Ndao. Les nouveaux Directeurs g\u00e9n\u00e9raux ont \u00e9t\u00e9 nomm\u00e9s [&hellip;]\" \/>\n<meta property=\"og:url\" content=\"https:\/\/www.nettali.com\/2021\/04\/21\/nominations-en-conseil-des-ministres-les-dg-de-lanacim-et-de-loffor-limoges\/\" \/>\n<meta property=\"og:site_name\" content=\"Nettali.com\" \/>\n<meta property=\"article:publisher\" content=\"https:\/\/www.facebook.com\/nettalicom\" \/>\n<meta property=\"article:published_time\" content=\"2021-04-21T22:26:06+00:00\" \/>\n<meta property=\"article:modified_time\" content=\"2021-04-22T06:31:21+00:00\" \/>\n<meta property=\"og:image\" content=\"https:\/\/www.nettali.com\/wp-content\/uploads\/2020\/11\/Macky-Sall-prisonnier-signe.jpg\" \/>\n\t<meta property=\"og:image:width\" content=\"644\" \/>\n\t<meta property=\"og:image:height\" content=\"362\" \/>\n<meta name=\"twitter:card\" content=\"summary_large_image\" \/>\n<meta name=\"twitter:label1\" content=\"\u00c9crit par\" \/>\n\t<meta name=\"twitter:data1\" content=\"Fatou\" \/>\n\t<meta name=\"twitter:label2\" content=\"Dur\u00e9e de lecture estim\u00e9e\" \/>\n\t<meta name=\"twitter:data2\" content=\"4 minutes\" \/>\n<script type=\"application\/ld+json\" class=\"yoast-schema-graph\">{\"@context\":\"https:\/\/schema.org\",\"@graph\":[{\"@type\":\"WebSite\",\"@id\":\"https:\/\/www.nettali.com\/#website\",\"url\":\"https:\/\/www.nettali.com\/\",\"name\":\"Nettali.com\",\"description\":\"Le rendez-vous critique du Net\",\"potentialAction\":[{\"@type\":\"SearchAction\",\"target\":{\"@type\":\"EntryPoint\",\"urlTemplate\":\"https:\/\/www.nettali.com\/?s={search_term_string}\"},\"query-input\":\"required name=search_term_string\"}],\"inLanguage\":\"fr-FR\"},{\"@type\":\"ImageObject\",\"@id\":\"https:\/\/www.nettali.com\/2021\/04\/21\/nominations-en-conseil-des-ministres-les-dg-de-lanacim-et-de-loffor-limoges\/#primaryimage\",\"inLanguage\":\"fr-FR\",\"url\":\"https:\/\/www.nettali.com\/wp-content\/uploads\/2020\/11\/Macky-Sall-prisonnier-signe.jpg\",\"contentUrl\":\"https:\/\/www.nettali.com\/wp-content\/uploads\/2020\/11\/Macky-Sall-prisonnier-signe.jpg\",\"width\":644,\"height\":362},{\"@type\":\"WebPage\",\"@id\":\"https:\/\/www.nettali.com\/2021\/04\/21\/nominations-en-conseil-des-ministres-les-dg-de-lanacim-et-de-loffor-limoges\/#webpage\",\"url\":\"https:\/\/www.nettali.com\/2021\/04\/21\/nominations-en-conseil-des-ministres-les-dg-de-lanacim-et-de-loffor-limoges\/\",\"name\":\"NOMINATIONS EN CONSEIL DES MINISTRES - Les DG de l'Anacim et de l'Offor limog\\u00e9s | Nettali.com\",\"isPartOf\":{\"@id\":\"https:\/\/www.nettali.com\/#website\"},\"primaryImageOfPage\":{\"@id\":\"https:\/\/www.nettali.com\/2021\/04\/21\/nominations-en-conseil-des-ministres-les-dg-de-lanacim-et-de-loffor-limoges\/#primaryimage\"},\"datePublished\":\"2021-04-21T22:26:06+00:00\",\"dateModified\":\"2021-04-22T06:31:21+00:00\",\"author\":{\"@id\":\"https:\/\/www.nettali.com\/#\/schema\/person\/418274a86bdf87caff7a3ef476bd0bbf\"},\"breadcrumb\":{\"@id\":\"https:\/\/www.nettali.com\/2021\/04\/21\/nominations-en-conseil-des-ministres-les-dg-de-lanacim-et-de-loffor-limoges\/#breadcrumb\"},\"inLanguage\":\"fr-FR\",\"potentialAction\":[{\"@type\":\"ReadAction\",\"target\":[\"https:\/\/www.nettali.com\/2021\/04\/21\/nominations-en-conseil-des-ministres-les-dg-de-lanacim-et-de-loffor-limoges\/\"]}]},{\"@type\":\"BreadcrumbList\",\"@id\":\"https:\/\/www.nettali.com\/2021\/04\/21\/nominations-en-conseil-des-ministres-les-dg-de-lanacim-et-de-loffor-limoges\/#breadcrumb\",\"itemListElement\":[{\"@type\":\"ListItem\",\"position\":1,\"name\":\"Accueil\",\"item\":\"https:\/\/www.nettali.com\/\"},{\"@type\":\"ListItem\",\"position\":2,\"name\":\"NOMINATIONS EN CONSEIL DES MINISTRES &#8211; Les DG de l&rsquo;Anacim et de l&rsquo;Offor limog\\u00e9s\"}]},{\"@type\":\"Person\",\"@id\":\"https:\/\/www.nettali.com\/#\/schema\/person\/418274a86bdf87caff7a3ef476bd0bbf\",\"name\":\"Fatou\",\"image\":{\"@type\":\"ImageObject\",\"@id\":\"https:\/\/www.nettali.com\/#personlogo\",\"inLanguage\":\"fr-FR\",\"url\":\"https:\/\/secure.gravatar.com\/avatar\/5a9442a2bee7b4dcf167cab035858e9a?s=96&d=mm&r=g\",\"contentUrl\":\"https:\/\/secure.gravatar.com\/avatar\/5a9442a2bee7b4dcf167cab035858e9a?s=96&d=mm&r=g\",\"caption\":\"Fatou\"},\"sameAs\":[\"https:\/\/www.nettali.com\"]}]}<\/script>\n<!-- \/ Yoast SEO Premium plugin. -->","yoast_head_json":{"title":"NOMINATIONS EN CONSEIL DES MINISTRES - Les DG de l'Anacim et de l'Offor limog\u00e9s | Nettali.com","robots":{"index":"index","follow":"follow","max-snippet":"max-snippet:-1","max-image-preview":"max-image-preview:large","max-video-preview":"max-video-preview:-1"},"canonical":"https:\/\/www.nettali.com\/2021\/04\/21\/nominations-en-conseil-des-ministres-les-dg-de-lanacim-et-de-loffor-limoges\/","og_locale":"fr_FR","og_type":"article","og_title":"NOMINATIONS EN CONSEIL DES MINISTRES - Les DG de l'Anacim et de l'Offor limog\u00e9s","og_description":"NETTALI.COM- L'Agence nationale de l\u2019Aviation civile et de la M\u00e9t\u00e9orologie (ANACIM) et l\u2019Office des Forages Ruraux (OFOR) ont de nouveaux\u00a0 directeurs g\u00e9n\u00e9raux. La premi\u00e8re structure est maintenant dirig\u00e9e par Sidy Gu\u00e8ye qui remplace Magu\u00e8ye Marame Ndao tandis que\u00a0 Alpha Bayla Gu\u00e8ye a pris la place de Seyni Ndao. Les nouveaux Directeurs g\u00e9n\u00e9raux ont \u00e9t\u00e9 nomm\u00e9s [&hellip;]","og_url":"https:\/\/www.nettali.com\/2021\/04\/21\/nominations-en-conseil-des-ministres-les-dg-de-lanacim-et-de-loffor-limoges\/","og_site_name":"Nettali.com","article_publisher":"https:\/\/www.facebook.com\/nettalicom","article_published_time":"2021-04-21T22:26:06+00:00","article_modified_time":"2021-04-22T06:31:21+00:00","og_image":[{"width":644,"height":362,"url":"https:\/\/www.nettali.com\/wp-content\/uploads\/2020\/11\/Macky-Sall-prisonnier-signe.jpg","type":"image\/jpeg"}],"twitter_card":"summary_large_image","twitter_misc":{"\u00c9crit par":"Fatou","Dur\u00e9e de lecture estim\u00e9e":"4 minutes"},"schema":{"@context":"https:\/\/schema.org","@graph":[{"@type":"WebSite","@id":"https:\/\/www.nettali.com\/#website","url":"https:\/\/www.nettali.com\/","name":"Nettali.com","description":"Le rendez-vous critique du Net","potentialAction":[{"@type":"SearchAction","target":{"@type":"EntryPoint","urlTemplate":"https:\/\/www.nettali.com\/?s={search_term_string}"},"query-input":"required name=search_term_string"}],"inLanguage":"fr-FR"},{"@type":"ImageObject","@id":"https:\/\/www.nettali.com\/2021\/04\/21\/nominations-en-conseil-des-ministres-les-dg-de-lanacim-et-de-loffor-limoges\/#primaryimage","inLanguage":"fr-FR","url":"https:\/\/www.nettali.com\/wp-content\/uploads\/2020\/11\/Macky-Sall-prisonnier-signe.jpg","contentUrl":"https:\/\/www.nettali.com\/wp-content\/uploads\/2020\/11\/Macky-Sall-prisonnier-signe.jpg","width":644,"height":362},{"@type":"WebPage","@id":"https:\/\/www.nettali.com\/2021\/04\/21\/nominations-en-conseil-des-ministres-les-dg-de-lanacim-et-de-loffor-limoges\/#webpage","url":"https:\/\/www.nettali.com\/2021\/04\/21\/nominations-en-conseil-des-ministres-les-dg-de-lanacim-et-de-loffor-limoges\/","name":"NOMINATIONS EN CONSEIL DES MINISTRES - Les DG de l'Anacim et de l'Offor limog\u00e9s | Nettali.com","isPartOf":{"@id":"https:\/\/www.nettali.com\/#website"},"primaryImageOfPage":{"@id":"https:\/\/www.nettali.com\/2021\/04\/21\/nominations-en-conseil-des-ministres-les-dg-de-lanacim-et-de-loffor-limoges\/#primaryimage"},"datePublished":"2021-04-21T22:26:06+00:00","dateModified":"2021-04-22T06:31:21+00:00","author":{"@id":"https:\/\/www.nettali.com\/#\/schema\/person\/418274a86bdf87caff7a3ef476bd0bbf"},"breadcrumb":{"@id":"https:\/\/www.nettali.com\/2021\/04\/21\/nominations-en-conseil-des-ministres-les-dg-de-lanacim-et-de-loffor-limoges\/#breadcrumb"},"inLanguage":"fr-FR","potentialAction":[{"@type":"ReadAction","target":["https:\/\/www.nettali.com\/2021\/04\/21\/nominations-en-conseil-des-ministres-les-dg-de-lanacim-et-de-loffor-limoges\/"]}]},{"@type":"BreadcrumbList","@id":"https:\/\/www.nettali.com\/2021\/04\/21\/nominations-en-conseil-des-ministres-les-dg-de-lanacim-et-de-loffor-limoges\/#breadcrumb","itemListElement":[{"@type":"ListItem","position":1,"name":"Accueil","item":"https:\/\/www.nettali.com\/"},{"@type":"ListItem","position":2,"name":"NOMINATIONS EN CONSEIL DES MINISTRES &#8211; Les DG de l&rsquo;Anacim et de l&rsquo;Offor limog\u00e9s"}]},{"@type":"Person","@id":"https:\/\/www.nettali.com\/#\/schema\/person\/418274a86bdf87caff7a3ef476bd0bbf","name":"Fatou","image":{"@type":"ImageObject","@id":"https:\/\/www.nettali.com\/#personlogo","inLanguage":"fr-FR","url":"https:\/\/secure.gravatar.com\/avatar\/5a9442a2bee7b4dcf167cab035858e9a?s=96&d=mm&r=g","contentUrl":"https:\/\/secure.gravatar.com\/avatar\/5a9442a2bee7b4dcf167cab035858e9a?s=96&d=mm&r=g","caption":"Fatou"},"sameAs":["https:\/\/www.nettali.com"]}]}},"_links":{"self":[{"href":"https:\/\/www.nettali.com\/rest\/wp\/v2\/posts\/62405"}],"collection":[{"href":"https:\/\/www.nettali.com\/rest\/wp\/v2\/posts"}],"about":[{"href":"https:\/\/www.nettali.com\/rest\/wp\/v2\/types\/post"}],"author":[{"embeddable":true,"href":"https:\/\/www.nettali.com\/rest\/wp\/v2\/users\/6"}],"replies":[{"embeddable":true,"href":"https:\/\/www.nettali.com\/rest\/wp\/v2\/comments?post=62405"}],"version-history":[{"count":6,"href":"https:\/\/www.nettali.com\/rest\/wp\/v2\/posts\/62405\/revisions"}],"predecessor-version":[{"id":62433,"href":"https:\/\/www.nettali.com\/rest\/wp\/v2\/posts\/62405\/revisions\/62433"}],"wp:featuredmedia":[{"embeddable":true,"href":"https:\/\/www.nettali.com\/rest\/wp\/v2\/media\/49774"}],"wp:attachment":[{"href":"https:\/\/www.nettali.com\/rest\/wp\/v2\/media?parent=62405"}],"wp:term":[{"taxonomy":"category","embeddable":true,"href":"https:\/\/www.nettali.com\/rest\/wp\/v2\/categories?post=62405"},{"taxonomy":"post_tag","embeddable":true,"href":"https:\/\/www.nettali.com\/rest\/wp\/v2\/tags?post=62405"}],"curies":[{"name":"wp","href":"https:\/\/api.w.org\/{rel}","templated":true}]}}