{"id":62318,"date":"2021-04-21T08:23:15","date_gmt":"2021-04-21T08:23:15","guid":{"rendered":"https:\/\/www.nettali.com\/?p=62318"},"modified":"2021-04-21T11:57:34","modified_gmt":"2021-04-21T11:57:34","slug":"recel-de-riz-le-parquet-general-requiert-la-relaxe-du-frere-daziz-ndiaye","status":"publish","type":"post","link":"https:\/\/www.nettali.com\/2021\/04\/21\/recel-de-riz-le-parquet-general-requiert-la-relaxe-du-frere-daziz-ndiaye\/","title":{"rendered":"RECEL DE RIZ - Le parquet g\u00e9n\u00e9ral requiert la relaxe du fr\u00e8re d'Aziz Ndiaye"},"content":{"rendered":"<p><strong>NETTALI.COM - L'affaire du recel de riz dans laquelle sont cit\u00e9s le promoteur de lutte, Aziz Ndiaye ainsi que son p\u00e8re Baye Al\u00e9 et son fr\u00e8re Massata a \u00e9t\u00e9 plaid\u00e9e \u00e0 la barre de la Cour d'appel de Dakar, ce mardi 20 avril 2021. Le parquet g\u00e9n\u00e9ral a requis la relaxe de Massata Ndiaye<\/strong>.<\/p>\n<p>Aziz Ndiaye et son fr\u00e8re Massata ainsi que leur p\u00e8re Baye Al\u00e9 devaient \u00eatre jug\u00e9s ce mardi 20 avril 2021, par la Cour d'appel de Dakar, dans l'affaire du recel de riz. Mais seul Massata, son p\u00e8re et la partie civile ont comparu.<\/p>\n<p>Le fr\u00e8re d'Aziz Ndiaye, condamn\u00e9 en premi\u00e8re instance \u00e0 six mois assortis du sursis et au paiement de 60 millions de francs Cfa \u00e0 la partie civile, a persist\u00e9 dans ses d\u00e9n\u00e9gations. Il a soutenu qu'il a achet\u00e9 le riz aupr\u00e8s de Abdou Kont\u00e9 \u00e0 un prix raisonnable. Il dit avoir achet\u00e9 la tonne \u00e0 200.000 francs Cfa et l'a revendu \u00e0 210.000 francs \u00e0\u00a0 Diaob\u00e9.<\/p>\n<p>Convaincus par les explications de Massata Ndiaye, le parquet g\u00e9n\u00e9ral et le conseil du pr\u00e9venu ont demand\u00e9 l'infirmation du premier jugement. Les avocats de la partie civile ont plaid\u00e9 la confirmation.<\/p>\n<p>Dans cette affaire, Aziz Ndiaye et son p\u00e8re avaient \u00e9t\u00e9 relax\u00e9s des d\u00e9lits d'association de malfaiteurs et de complicit\u00e9 de recel, en plus de celui de mise en vente d\u2019une denr\u00e9e impropre \u00e0 la consommation pour le papa.<\/p>\n<p>Par contre, Massata Ndiaye avait \u00e9t\u00e9 reconnu coupable et condamn\u00e9 \u00e0 6 mois avec sursis. Il doit \u00e9galement allouer la somme de 60 millions \u00e0 la partie civile qui r\u00e9clamait 100 millions de dommages et int\u00e9r\u00eats. Ainsi, Me Moustapha Dieng a fait appel de m\u00eame que le parquet.<\/p>\n<p>Pour m\u00e9moire, dans cette affaire, Abdou Kont\u00e9 avait \u00e9t\u00e9 mandat\u00e9 pour convoyer au Mali une cargaison de 124 tonnes de riz, soit une valeur de 100 millions de francs Cfa, pour le compte de Mamadou K\u00e9b\u00e9, agent commercial \u00e0 Bambi Solution. La marchandise destin\u00e9e au Mali s\u2019\u00e9tait retrouv\u00e9e dans les locaux de la soci\u00e9t\u00e9 du promoteur de lutte Aziz business company (Abc) qui s'active dans le commerce, le transport, l'import-export et l\u2019\u00e9v\u00e9nementiel. C\u2019est la raison pour laquelle le juge avait inculp\u00e9 Aziz Ndiaye, son fr\u00e8re et son p\u00e8re. Mais seul Massata avait \u00e9t\u00e9 plac\u00e9 sous mandat.<\/p>\n<div class='share-to-whatsapp-wrapper'><div class='share-on-whsp'>PARTAGER SUR : <\/div><a data-text='RECEL DE RIZ - Le parquet g\u00e9n\u00e9ral requiert la relaxe du fr\u00e8re d'Aziz Ndiaye' data-link='https:\/\/www.nettali.com\/2021\/04\/21\/recel-de-riz-le-parquet-general-requiert-la-relaxe-du-frere-daziz-ndiaye\/' class='whatsapp-button whatsapp-share'>WhatsApp<\/a><div class='clear '><\/div><\/div>","protected":false},"excerpt":{"rendered":"<p>NETTALI.COM - L'affaire du recel de riz dans laquelle sont cit\u00e9s le promoteur de lutte, Aziz Ndiaye ainsi que son p\u00e8re Baye Al\u00e9 et son fr\u00e8re Massata a \u00e9t\u00e9 plaid\u00e9e \u00e0 la barre de la Cour d'appel de Dakar, ce mardi 20 avril 2021. Le parquet g\u00e9n\u00e9ral a requis la relaxe de Massata Ndiaye. Aziz [&hellip;]<\/p>\n","protected":false},"author":6,"featured_media":22625,"comment_status":"open","ping_status":"open","sticky":false,"template":"","format":"standard","meta":{"_et_pb_use_builder":"","_et_pb_old_content":""},"categories":[3878,3],"tags":[],"yoast_head":"<!-- This site is optimized with the Yoast SEO Premium plugin v17.8 (Yoast SEO v17.8) - https:\/\/yoast.com\/wordpress\/plugins\/seo\/ -->\n<title>RECEL DE RIZ - Le parquet g\u00e9n\u00e9ral requiert la relaxe du fr\u00e8re d&#039;Aziz Ndiaye | Nettali.com<\/title>\n<meta name=\"robots\" content=\"index, follow, max-snippet:-1, max-image-preview:large, max-video-preview:-1\" \/>\n<link rel=\"canonical\" href=\"https:\/\/www.nettali.com\/2021\/04\/21\/recel-de-riz-le-parquet-general-requiert-la-relaxe-du-frere-daziz-ndiaye\/\" \/>\n<meta property=\"og:locale\" content=\"fr_FR\" \/>\n<meta property=\"og:type\" content=\"article\" \/>\n<meta property=\"og:title\" content=\"RECEL DE RIZ - Le parquet g\u00e9n\u00e9ral requiert la relaxe du fr\u00e8re d&#039;Aziz Ndiaye\" \/>\n<meta property=\"og:description\" content=\"NETTALI.COM - L&#039;affaire du recel de riz dans laquelle sont cit\u00e9s le promoteur de lutte, Aziz Ndiaye ainsi que son p\u00e8re Baye Al\u00e9 et son fr\u00e8re Massata a \u00e9t\u00e9 plaid\u00e9e \u00e0 la barre de la Cour d&#039;appel de Dakar, ce mardi 20 avril 2021. Le parquet g\u00e9n\u00e9ral a requis la relaxe de Massata Ndiaye. Aziz [&hellip;]\" \/>\n<meta property=\"og:url\" content=\"https:\/\/www.nettali.com\/2021\/04\/21\/recel-de-riz-le-parquet-general-requiert-la-relaxe-du-frere-daziz-ndiaye\/\" \/>\n<meta property=\"og:site_name\" content=\"Nettali.com\" \/>\n<meta property=\"article:publisher\" content=\"https:\/\/www.facebook.com\/nettalicom\" \/>\n<meta property=\"article:published_time\" content=\"2021-04-21T08:23:15+00:00\" \/>\n<meta property=\"article:modified_time\" content=\"2021-04-21T11:57:34+00:00\" \/>\n<meta property=\"og:image\" content=\"https:\/\/www.nettali.com\/wp-content\/uploads\/2019\/11\/Aziz-Ndiaye.jpg\" \/>\n\t<meta property=\"og:image:width\" content=\"854\" \/>\n\t<meta property=\"og:image:height\" content=\"608\" \/>\n<meta name=\"twitter:card\" content=\"summary_large_image\" \/>\n<meta name=\"twitter:label1\" content=\"\u00c9crit par\" \/>\n\t<meta name=\"twitter:data1\" content=\"Fatou\" \/>\n\t<meta name=\"twitter:label2\" content=\"Dur\u00e9e de lecture estim\u00e9e\" \/>\n\t<meta name=\"twitter:data2\" content=\"2 minutes\" \/>\n<script type=\"application\/ld+json\" class=\"yoast-schema-graph\">{\"@context\":\"https:\/\/schema.org\",\"@graph\":[{\"@type\":\"WebSite\",\"@id\":\"https:\/\/www.nettali.com\/#website\",\"url\":\"https:\/\/www.nettali.com\/\",\"name\":\"Nettali.com\",\"description\":\"Le rendez-vous critique du Net\",\"potentialAction\":[{\"@type\":\"SearchAction\",\"target\":{\"@type\":\"EntryPoint\",\"urlTemplate\":\"https:\/\/www.nettali.com\/?s={search_term_string}\"},\"query-input\":\"required name=search_term_string\"}],\"inLanguage\":\"fr-FR\"},{\"@type\":\"ImageObject\",\"@id\":\"https:\/\/www.nettali.com\/2021\/04\/21\/recel-de-riz-le-parquet-general-requiert-la-relaxe-du-frere-daziz-ndiaye\/#primaryimage\",\"inLanguage\":\"fr-FR\",\"url\":\"https:\/\/www.nettali.com\/wp-content\/uploads\/2019\/11\/Aziz-Ndiaye.jpg\",\"contentUrl\":\"https:\/\/www.nettali.com\/wp-content\/uploads\/2019\/11\/Aziz-Ndiaye.jpg\",\"width\":854,\"height\":608},{\"@type\":\"WebPage\",\"@id\":\"https:\/\/www.nettali.com\/2021\/04\/21\/recel-de-riz-le-parquet-general-requiert-la-relaxe-du-frere-daziz-ndiaye\/#webpage\",\"url\":\"https:\/\/www.nettali.com\/2021\/04\/21\/recel-de-riz-le-parquet-general-requiert-la-relaxe-du-frere-daziz-ndiaye\/\",\"name\":\"RECEL DE RIZ - Le parquet g\\u00e9n\\u00e9ral requiert la relaxe du fr\\u00e8re d'Aziz Ndiaye | Nettali.com\",\"isPartOf\":{\"@id\":\"https:\/\/www.nettali.com\/#website\"},\"primaryImageOfPage\":{\"@id\":\"https:\/\/www.nettali.com\/2021\/04\/21\/recel-de-riz-le-parquet-general-requiert-la-relaxe-du-frere-daziz-ndiaye\/#primaryimage\"},\"datePublished\":\"2021-04-21T08:23:15+00:00\",\"dateModified\":\"2021-04-21T11:57:34+00:00\",\"author\":{\"@id\":\"https:\/\/www.nettali.com\/#\/schema\/person\/418274a86bdf87caff7a3ef476bd0bbf\"},\"breadcrumb\":{\"@id\":\"https:\/\/www.nettali.com\/2021\/04\/21\/recel-de-riz-le-parquet-general-requiert-la-relaxe-du-frere-daziz-ndiaye\/#breadcrumb\"},\"inLanguage\":\"fr-FR\",\"potentialAction\":[{\"@type\":\"ReadAction\",\"target\":[\"https:\/\/www.nettali.com\/2021\/04\/21\/recel-de-riz-le-parquet-general-requiert-la-relaxe-du-frere-daziz-ndiaye\/\"]}]},{\"@type\":\"BreadcrumbList\",\"@id\":\"https:\/\/www.nettali.com\/2021\/04\/21\/recel-de-riz-le-parquet-general-requiert-la-relaxe-du-frere-daziz-ndiaye\/#breadcrumb\",\"itemListElement\":[{\"@type\":\"ListItem\",\"position\":1,\"name\":\"Accueil\",\"item\":\"https:\/\/www.nettali.com\/\"},{\"@type\":\"ListItem\",\"position\":2,\"name\":\"RECEL DE RIZ &#8211; Le parquet g\\u00e9n\\u00e9ral requiert la relaxe du fr\\u00e8re d&rsquo;Aziz Ndiaye\"}]},{\"@type\":\"Person\",\"@id\":\"https:\/\/www.nettali.com\/#\/schema\/person\/418274a86bdf87caff7a3ef476bd0bbf\",\"name\":\"Fatou\",\"image\":{\"@type\":\"ImageObject\",\"@id\":\"https:\/\/www.nettali.com\/#personlogo\",\"inLanguage\":\"fr-FR\",\"url\":\"https:\/\/secure.gravatar.com\/avatar\/5a9442a2bee7b4dcf167cab035858e9a?s=96&d=mm&r=g\",\"contentUrl\":\"https:\/\/secure.gravatar.com\/avatar\/5a9442a2bee7b4dcf167cab035858e9a?s=96&d=mm&r=g\",\"caption\":\"Fatou\"},\"sameAs\":[\"https:\/\/www.nettali.com\"]}]}<\/script>\n<!-- \/ Yoast SEO Premium plugin. -->","yoast_head_json":{"title":"RECEL DE RIZ - Le parquet g\u00e9n\u00e9ral requiert la relaxe du fr\u00e8re d'Aziz Ndiaye | Nettali.com","robots":{"index":"index","follow":"follow","max-snippet":"max-snippet:-1","max-image-preview":"max-image-preview:large","max-video-preview":"max-video-preview:-1"},"canonical":"https:\/\/www.nettali.com\/2021\/04\/21\/recel-de-riz-le-parquet-general-requiert-la-relaxe-du-frere-daziz-ndiaye\/","og_locale":"fr_FR","og_type":"article","og_title":"RECEL DE RIZ - Le parquet g\u00e9n\u00e9ral requiert la relaxe du fr\u00e8re d'Aziz Ndiaye","og_description":"NETTALI.COM - L'affaire du recel de riz dans laquelle sont cit\u00e9s le promoteur de lutte, Aziz Ndiaye ainsi que son p\u00e8re Baye Al\u00e9 et son fr\u00e8re Massata a \u00e9t\u00e9 plaid\u00e9e \u00e0 la barre de la Cour d'appel de Dakar, ce mardi 20 avril 2021. Le parquet g\u00e9n\u00e9ral a requis la relaxe de Massata Ndiaye. Aziz [&hellip;]","og_url":"https:\/\/www.nettali.com\/2021\/04\/21\/recel-de-riz-le-parquet-general-requiert-la-relaxe-du-frere-daziz-ndiaye\/","og_site_name":"Nettali.com","article_publisher":"https:\/\/www.facebook.com\/nettalicom","article_published_time":"2021-04-21T08:23:15+00:00","article_modified_time":"2021-04-21T11:57:34+00:00","og_image":[{"width":854,"height":608,"url":"https:\/\/www.nettali.com\/wp-content\/uploads\/2019\/11\/Aziz-Ndiaye.jpg","type":"image\/jpeg"}],"twitter_card":"summary_large_image","twitter_misc":{"\u00c9crit par":"Fatou","Dur\u00e9e de lecture estim\u00e9e":"2 minutes"},"schema":{"@context":"https:\/\/schema.org","@graph":[{"@type":"WebSite","@id":"https:\/\/www.nettali.com\/#website","url":"https:\/\/www.nettali.com\/","name":"Nettali.com","description":"Le rendez-vous critique du Net","potentialAction":[{"@type":"SearchAction","target":{"@type":"EntryPoint","urlTemplate":"https:\/\/www.nettali.com\/?s={search_term_string}"},"query-input":"required name=search_term_string"}],"inLanguage":"fr-FR"},{"@type":"ImageObject","@id":"https:\/\/www.nettali.com\/2021\/04\/21\/recel-de-riz-le-parquet-general-requiert-la-relaxe-du-frere-daziz-ndiaye\/#primaryimage","inLanguage":"fr-FR","url":"https:\/\/www.nettali.com\/wp-content\/uploads\/2019\/11\/Aziz-Ndiaye.jpg","contentUrl":"https:\/\/www.nettali.com\/wp-content\/uploads\/2019\/11\/Aziz-Ndiaye.jpg","width":854,"height":608},{"@type":"WebPage","@id":"https:\/\/www.nettali.com\/2021\/04\/21\/recel-de-riz-le-parquet-general-requiert-la-relaxe-du-frere-daziz-ndiaye\/#webpage","url":"https:\/\/www.nettali.com\/2021\/04\/21\/recel-de-riz-le-parquet-general-requiert-la-relaxe-du-frere-daziz-ndiaye\/","name":"RECEL DE RIZ - Le parquet g\u00e9n\u00e9ral requiert la relaxe du fr\u00e8re d'Aziz Ndiaye | Nettali.com","isPartOf":{"@id":"https:\/\/www.nettali.com\/#website"},"primaryImageOfPage":{"@id":"https:\/\/www.nettali.com\/2021\/04\/21\/recel-de-riz-le-parquet-general-requiert-la-relaxe-du-frere-daziz-ndiaye\/#primaryimage"},"datePublished":"2021-04-21T08:23:15+00:00","dateModified":"2021-04-21T11:57:34+00:00","author":{"@id":"https:\/\/www.nettali.com\/#\/schema\/person\/418274a86bdf87caff7a3ef476bd0bbf"},"breadcrumb":{"@id":"https:\/\/www.nettali.com\/2021\/04\/21\/recel-de-riz-le-parquet-general-requiert-la-relaxe-du-frere-daziz-ndiaye\/#breadcrumb"},"inLanguage":"fr-FR","potentialAction":[{"@type":"ReadAction","target":["https:\/\/www.nettali.com\/2021\/04\/21\/recel-de-riz-le-parquet-general-requiert-la-relaxe-du-frere-daziz-ndiaye\/"]}]},{"@type":"BreadcrumbList","@id":"https:\/\/www.nettali.com\/2021\/04\/21\/recel-de-riz-le-parquet-general-requiert-la-relaxe-du-frere-daziz-ndiaye\/#breadcrumb","itemListElement":[{"@type":"ListItem","position":1,"name":"Accueil","item":"https:\/\/www.nettali.com\/"},{"@type":"ListItem","position":2,"name":"RECEL DE RIZ &#8211; Le parquet g\u00e9n\u00e9ral requiert la relaxe du fr\u00e8re d&rsquo;Aziz Ndiaye"}]},{"@type":"Person","@id":"https:\/\/www.nettali.com\/#\/schema\/person\/418274a86bdf87caff7a3ef476bd0bbf","name":"Fatou","image":{"@type":"ImageObject","@id":"https:\/\/www.nettali.com\/#personlogo","inLanguage":"fr-FR","url":"https:\/\/secure.gravatar.com\/avatar\/5a9442a2bee7b4dcf167cab035858e9a?s=96&d=mm&r=g","contentUrl":"https:\/\/secure.gravatar.com\/avatar\/5a9442a2bee7b4dcf167cab035858e9a?s=96&d=mm&r=g","caption":"Fatou"},"sameAs":["https:\/\/www.nettali.com"]}]}},"_links":{"self":[{"href":"https:\/\/www.nettali.com\/rest\/wp\/v2\/posts\/62318"}],"collection":[{"href":"https:\/\/www.nettali.com\/rest\/wp\/v2\/posts"}],"about":[{"href":"https:\/\/www.nettali.com\/rest\/wp\/v2\/types\/post"}],"author":[{"embeddable":true,"href":"https:\/\/www.nettali.com\/rest\/wp\/v2\/users\/6"}],"replies":[{"embeddable":true,"href":"https:\/\/www.nettali.com\/rest\/wp\/v2\/comments?post=62318"}],"version-history":[{"count":3,"href":"https:\/\/www.nettali.com\/rest\/wp\/v2\/posts\/62318\/revisions"}],"predecessor-version":[{"id":62326,"href":"https:\/\/www.nettali.com\/rest\/wp\/v2\/posts\/62318\/revisions\/62326"}],"wp:featuredmedia":[{"embeddable":true,"href":"https:\/\/www.nettali.com\/rest\/wp\/v2\/media\/22625"}],"wp:attachment":[{"href":"https:\/\/www.nettali.com\/rest\/wp\/v2\/media?parent=62318"}],"wp:term":[{"taxonomy":"category","embeddable":true,"href":"https:\/\/www.nettali.com\/rest\/wp\/v2\/categories?post=62318"},{"taxonomy":"post_tag","embeddable":true,"href":"https:\/\/www.nettali.com\/rest\/wp\/v2\/tags?post=62318"}],"curies":[{"name":"wp","href":"https:\/\/api.w.org\/{rel}","templated":true}]}}