{"id":62312,"date":"2021-04-21T08:16:34","date_gmt":"2021-04-21T08:16:34","guid":{"rendered":"https:\/\/www.nettali.com\/?p=62312"},"modified":"2021-04-21T10:33:45","modified_gmt":"2021-04-21T10:33:45","slug":"meurtre-de-george-floyd-le-policier-derek-chauvin-declare-coupable","status":"publish","type":"post","link":"https:\/\/www.nettali.com\/2021\/04\/21\/meurtre-de-george-floyd-le-policier-derek-chauvin-declare-coupable\/","title":{"rendered":"MEURTRE DE GEORGE FLOYD - Le policier Derek Chauvin d\u00e9clar\u00e9 coupable"},"content":{"rendered":"<p><strong>NETTALI.COM - Le policier blanc Derek Chauvin a \u00e9t\u00e9 d\u00e9clar\u00e9 ce mardi coupable du meurtre de l\u2019Afro-Am\u00e9ricain George Floyd, \u00e0 l\u2019issue d\u2019un proc\u00e8s concluant une retentissante affaire qui a profond\u00e9ment marqu\u00e9 l\u2019Am\u00e9rique en illustrant les divisions raciales dans le pays.<\/strong><\/p>\n<p>Les 12 jur\u00e9s, sept femmes et cinq hommes d\u2019origines ethniques diverses qui d\u00e9lib\u00e9raient depuis lundi au tribunal de Minneapolis, ont d\u00e9clar\u00e9 Derek Chauvin coupable des trois chefs d\u2019accusation pour lesquels il comparaissait.<\/p>\n<p>Le policier de 45 ans, menott\u00e9, a \u00e9t\u00e9 imm\u00e9diatement \u00e9crou\u00e9. L\u2019annonce du verdict a suscit\u00e9 une explosion de joie devant le tribunal.<\/p>\n<p><strong>L\u2019avocat de la famille de George Floyd salue un \"tournant dans l\u2019Histoire\"<\/strong><\/p>\n<p>L\u2019avocat de la famille de George Floyd a salu\u00e9 le verdict du jury, qui a d\u00e9clar\u00e9 mardi le policier Derek Chauvin coupable du meurtre du quadrag\u00e9naire noir, comme un \"<em>tournant dans l\u2019Histoire<\/em>\".<\/p>\n<p>\"<em>Coupable! Une justice obtenue dans la douleur a finalement \u00e9t\u00e9 accord\u00e9e \u00e0 la famille de George Floyd. Ce verdict est un tournant dans l\u2019Histoire<\/em>\", a r\u00e9agi l\u2019avocat Ben Crump, l\u2019avocat de la famille de George Floyd, d\u00e9c\u00e9d\u00e9 le 25 mai 2020.<\/p>\n<p>La mort de George Floyd, asphyxi\u00e9 par la pression du genou de Derek Chauvin pendant plus de neuf minutes, avait choqu\u00e9 l\u2019opinion publique am\u00e9ricaine et au-del\u00e0 des fronti\u00e8res des \u00c9tats-Unis, d\u00e9clenchant de gigantesques manifestations contre le racisme et les brutalit\u00e9s polici\u00e8res.<\/p>\n<p>Ce proc\u00e8s sous tr\u00e8s haute tension \u00e9tait donc devenu embl\u00e9matique, conduisant jusqu\u2019au pr\u00e9sident Joe Biden a donner son avis, quelques heures avant le verdict, en estimant que les preuves contre Derek Chauvin \u00e9taient \"<em>accablantes<\/em>\".<\/p>\n<p>Derek Chauvin a finalement \u00e9t\u00e9 reconnu coupable des trois chefs d'accusation pour lesquels il comparaissait. Sa condamnation la plus grave est le meurtre au deuxi\u00e8me degr\u00e9, passible d'une peine d'emprisonnement maximale de 40 ans dans le Minnesota.<\/p>\n<div class='share-to-whatsapp-wrapper'><div class='share-on-whsp'>PARTAGER SUR : <\/div><a data-text='MEURTRE DE GEORGE FLOYD - Le policier Derek Chauvin d\u00e9clar\u00e9 coupable' data-link='https:\/\/www.nettali.com\/2021\/04\/21\/meurtre-de-george-floyd-le-policier-derek-chauvin-declare-coupable\/' class='whatsapp-button whatsapp-share'>WhatsApp<\/a><div class='clear '><\/div><\/div>","protected":false},"excerpt":{"rendered":"<p>NETTALI.COM - Le policier blanc Derek Chauvin a \u00e9t\u00e9 d\u00e9clar\u00e9 ce mardi coupable du meurtre de l\u2019Afro-Am\u00e9ricain George Floyd, \u00e0 l\u2019issue d\u2019un proc\u00e8s concluant une retentissante affaire qui a profond\u00e9ment marqu\u00e9 l\u2019Am\u00e9rique en illustrant les divisions raciales dans le pays. Les 12 jur\u00e9s, sept femmes et cinq hommes d\u2019origines ethniques diverses qui d\u00e9lib\u00e9raient depuis lundi [&hellip;]<\/p>\n","protected":false},"author":5,"featured_media":62313,"comment_status":"open","ping_status":"open","sticky":false,"template":"","format":"standard","meta":{"_et_pb_use_builder":"","_et_pb_old_content":""},"categories":[8],"tags":[],"yoast_head":"<!-- This site is optimized with the Yoast SEO Premium plugin v17.8 (Yoast SEO v17.8) - https:\/\/yoast.com\/wordpress\/plugins\/seo\/ -->\n<title>MEURTRE DE GEORGE FLOYD - Le policier Derek Chauvin d\u00e9clar\u00e9 coupable | Nettali.com<\/title>\n<meta name=\"robots\" content=\"index, follow, max-snippet:-1, max-image-preview:large, max-video-preview:-1\" \/>\n<link rel=\"canonical\" href=\"https:\/\/www.nettali.com\/2021\/04\/21\/meurtre-de-george-floyd-le-policier-derek-chauvin-declare-coupable\/\" \/>\n<meta property=\"og:locale\" content=\"fr_FR\" \/>\n<meta property=\"og:type\" content=\"article\" \/>\n<meta property=\"og:title\" content=\"MEURTRE DE GEORGE FLOYD - Le policier Derek Chauvin d\u00e9clar\u00e9 coupable\" \/>\n<meta property=\"og:description\" content=\"NETTALI.COM - Le policier blanc Derek Chauvin a \u00e9t\u00e9 d\u00e9clar\u00e9 ce mardi coupable du meurtre de l\u2019Afro-Am\u00e9ricain George Floyd, \u00e0 l\u2019issue d\u2019un proc\u00e8s concluant une retentissante affaire qui a profond\u00e9ment marqu\u00e9 l\u2019Am\u00e9rique en illustrant les divisions raciales dans le pays. Les 12 jur\u00e9s, sept femmes et cinq hommes d\u2019origines ethniques diverses qui d\u00e9lib\u00e9raient depuis lundi [&hellip;]\" \/>\n<meta property=\"og:url\" content=\"https:\/\/www.nettali.com\/2021\/04\/21\/meurtre-de-george-floyd-le-policier-derek-chauvin-declare-coupable\/\" \/>\n<meta property=\"og:site_name\" content=\"Nettali.com\" \/>\n<meta property=\"article:publisher\" content=\"https:\/\/www.facebook.com\/nettalicom\" \/>\n<meta property=\"article:published_time\" content=\"2021-04-21T08:16:34+00:00\" \/>\n<meta property=\"article:modified_time\" content=\"2021-04-21T10:33:45+00:00\" \/>\n<meta property=\"og:image\" content=\"https:\/\/www.nettali.com\/wp-content\/uploads\/2021\/04\/t\u00e9l\u00e9chargement.jpeg\" \/>\n\t<meta property=\"og:image:width\" content=\"300\" \/>\n\t<meta property=\"og:image:height\" content=\"168\" \/>\n<meta name=\"twitter:card\" content=\"summary_large_image\" \/>\n<meta name=\"twitter:label1\" content=\"\u00c9crit par\" \/>\n\t<meta name=\"twitter:data1\" content=\"Ibrahima\" \/>\n\t<meta name=\"twitter:label2\" content=\"Dur\u00e9e de lecture estim\u00e9e\" \/>\n\t<meta name=\"twitter:data2\" content=\"2 minutes\" \/>\n<script type=\"application\/ld+json\" class=\"yoast-schema-graph\">{\"@context\":\"https:\/\/schema.org\",\"@graph\":[{\"@type\":\"WebSite\",\"@id\":\"https:\/\/www.nettali.com\/#website\",\"url\":\"https:\/\/www.nettali.com\/\",\"name\":\"Nettali.com\",\"description\":\"Le rendez-vous critique du Net\",\"potentialAction\":[{\"@type\":\"SearchAction\",\"target\":{\"@type\":\"EntryPoint\",\"urlTemplate\":\"https:\/\/www.nettali.com\/?s={search_term_string}\"},\"query-input\":\"required name=search_term_string\"}],\"inLanguage\":\"fr-FR\"},{\"@type\":\"ImageObject\",\"@id\":\"https:\/\/www.nettali.com\/2021\/04\/21\/meurtre-de-george-floyd-le-policier-derek-chauvin-declare-coupable\/#primaryimage\",\"inLanguage\":\"fr-FR\",\"url\":\"https:\/\/www.nettali.com\/wp-content\/uploads\/2021\/04\/t\\u00e9l\\u00e9chargement.jpeg\",\"contentUrl\":\"https:\/\/www.nettali.com\/wp-content\/uploads\/2021\/04\/t\\u00e9l\\u00e9chargement.jpeg\",\"width\":300,\"height\":168},{\"@type\":\"WebPage\",\"@id\":\"https:\/\/www.nettali.com\/2021\/04\/21\/meurtre-de-george-floyd-le-policier-derek-chauvin-declare-coupable\/#webpage\",\"url\":\"https:\/\/www.nettali.com\/2021\/04\/21\/meurtre-de-george-floyd-le-policier-derek-chauvin-declare-coupable\/\",\"name\":\"MEURTRE DE GEORGE FLOYD - Le policier Derek Chauvin d\\u00e9clar\\u00e9 coupable | Nettali.com\",\"isPartOf\":{\"@id\":\"https:\/\/www.nettali.com\/#website\"},\"primaryImageOfPage\":{\"@id\":\"https:\/\/www.nettali.com\/2021\/04\/21\/meurtre-de-george-floyd-le-policier-derek-chauvin-declare-coupable\/#primaryimage\"},\"datePublished\":\"2021-04-21T08:16:34+00:00\",\"dateModified\":\"2021-04-21T10:33:45+00:00\",\"author\":{\"@id\":\"https:\/\/www.nettali.com\/#\/schema\/person\/bb147657c2986240405a608162b9bb23\"},\"breadcrumb\":{\"@id\":\"https:\/\/www.nettali.com\/2021\/04\/21\/meurtre-de-george-floyd-le-policier-derek-chauvin-declare-coupable\/#breadcrumb\"},\"inLanguage\":\"fr-FR\",\"potentialAction\":[{\"@type\":\"ReadAction\",\"target\":[\"https:\/\/www.nettali.com\/2021\/04\/21\/meurtre-de-george-floyd-le-policier-derek-chauvin-declare-coupable\/\"]}]},{\"@type\":\"BreadcrumbList\",\"@id\":\"https:\/\/www.nettali.com\/2021\/04\/21\/meurtre-de-george-floyd-le-policier-derek-chauvin-declare-coupable\/#breadcrumb\",\"itemListElement\":[{\"@type\":\"ListItem\",\"position\":1,\"name\":\"Accueil\",\"item\":\"https:\/\/www.nettali.com\/\"},{\"@type\":\"ListItem\",\"position\":2,\"name\":\"MEURTRE DE GEORGE FLOYD &#8211; Le policier Derek Chauvin d\\u00e9clar\\u00e9 coupable\"}]},{\"@type\":\"Person\",\"@id\":\"https:\/\/www.nettali.com\/#\/schema\/person\/bb147657c2986240405a608162b9bb23\",\"name\":\"Ibrahima\",\"image\":{\"@type\":\"ImageObject\",\"@id\":\"https:\/\/www.nettali.com\/#personlogo\",\"inLanguage\":\"fr-FR\",\"url\":\"https:\/\/secure.gravatar.com\/avatar\/26a8a81f09f0dd7624c9d5c36c9ba3a2?s=96&d=mm&r=g\",\"contentUrl\":\"https:\/\/secure.gravatar.com\/avatar\/26a8a81f09f0dd7624c9d5c36c9ba3a2?s=96&d=mm&r=g\",\"caption\":\"Ibrahima\"},\"sameAs\":[\"https:\/\/www.nettali.com\"]}]}<\/script>\n<!-- \/ Yoast SEO Premium plugin. -->","yoast_head_json":{"title":"MEURTRE DE GEORGE FLOYD - Le policier Derek Chauvin d\u00e9clar\u00e9 coupable | Nettali.com","robots":{"index":"index","follow":"follow","max-snippet":"max-snippet:-1","max-image-preview":"max-image-preview:large","max-video-preview":"max-video-preview:-1"},"canonical":"https:\/\/www.nettali.com\/2021\/04\/21\/meurtre-de-george-floyd-le-policier-derek-chauvin-declare-coupable\/","og_locale":"fr_FR","og_type":"article","og_title":"MEURTRE DE GEORGE FLOYD - Le policier Derek Chauvin d\u00e9clar\u00e9 coupable","og_description":"NETTALI.COM - Le policier blanc Derek Chauvin a \u00e9t\u00e9 d\u00e9clar\u00e9 ce mardi coupable du meurtre de l\u2019Afro-Am\u00e9ricain George Floyd, \u00e0 l\u2019issue d\u2019un proc\u00e8s concluant une retentissante affaire qui a profond\u00e9ment marqu\u00e9 l\u2019Am\u00e9rique en illustrant les divisions raciales dans le pays. Les 12 jur\u00e9s, sept femmes et cinq hommes d\u2019origines ethniques diverses qui d\u00e9lib\u00e9raient depuis lundi [&hellip;]","og_url":"https:\/\/www.nettali.com\/2021\/04\/21\/meurtre-de-george-floyd-le-policier-derek-chauvin-declare-coupable\/","og_site_name":"Nettali.com","article_publisher":"https:\/\/www.facebook.com\/nettalicom","article_published_time":"2021-04-21T08:16:34+00:00","article_modified_time":"2021-04-21T10:33:45+00:00","og_image":[{"width":300,"height":168,"url":"https:\/\/www.nettali.com\/wp-content\/uploads\/2021\/04\/t\u00e9l\u00e9chargement.jpeg","type":"image\/jpeg"}],"twitter_card":"summary_large_image","twitter_misc":{"\u00c9crit par":"Ibrahima","Dur\u00e9e de lecture estim\u00e9e":"2 minutes"},"schema":{"@context":"https:\/\/schema.org","@graph":[{"@type":"WebSite","@id":"https:\/\/www.nettali.com\/#website","url":"https:\/\/www.nettali.com\/","name":"Nettali.com","description":"Le rendez-vous critique du Net","potentialAction":[{"@type":"SearchAction","target":{"@type":"EntryPoint","urlTemplate":"https:\/\/www.nettali.com\/?s={search_term_string}"},"query-input":"required name=search_term_string"}],"inLanguage":"fr-FR"},{"@type":"ImageObject","@id":"https:\/\/www.nettali.com\/2021\/04\/21\/meurtre-de-george-floyd-le-policier-derek-chauvin-declare-coupable\/#primaryimage","inLanguage":"fr-FR","url":"https:\/\/www.nettali.com\/wp-content\/uploads\/2021\/04\/t\u00e9l\u00e9chargement.jpeg","contentUrl":"https:\/\/www.nettali.com\/wp-content\/uploads\/2021\/04\/t\u00e9l\u00e9chargement.jpeg","width":300,"height":168},{"@type":"WebPage","@id":"https:\/\/www.nettali.com\/2021\/04\/21\/meurtre-de-george-floyd-le-policier-derek-chauvin-declare-coupable\/#webpage","url":"https:\/\/www.nettali.com\/2021\/04\/21\/meurtre-de-george-floyd-le-policier-derek-chauvin-declare-coupable\/","name":"MEURTRE DE GEORGE FLOYD - Le policier Derek Chauvin d\u00e9clar\u00e9 coupable | Nettali.com","isPartOf":{"@id":"https:\/\/www.nettali.com\/#website"},"primaryImageOfPage":{"@id":"https:\/\/www.nettali.com\/2021\/04\/21\/meurtre-de-george-floyd-le-policier-derek-chauvin-declare-coupable\/#primaryimage"},"datePublished":"2021-04-21T08:16:34+00:00","dateModified":"2021-04-21T10:33:45+00:00","author":{"@id":"https:\/\/www.nettali.com\/#\/schema\/person\/bb147657c2986240405a608162b9bb23"},"breadcrumb":{"@id":"https:\/\/www.nettali.com\/2021\/04\/21\/meurtre-de-george-floyd-le-policier-derek-chauvin-declare-coupable\/#breadcrumb"},"inLanguage":"fr-FR","potentialAction":[{"@type":"ReadAction","target":["https:\/\/www.nettali.com\/2021\/04\/21\/meurtre-de-george-floyd-le-policier-derek-chauvin-declare-coupable\/"]}]},{"@type":"BreadcrumbList","@id":"https:\/\/www.nettali.com\/2021\/04\/21\/meurtre-de-george-floyd-le-policier-derek-chauvin-declare-coupable\/#breadcrumb","itemListElement":[{"@type":"ListItem","position":1,"name":"Accueil","item":"https:\/\/www.nettali.com\/"},{"@type":"ListItem","position":2,"name":"MEURTRE DE GEORGE FLOYD &#8211; Le policier Derek Chauvin d\u00e9clar\u00e9 coupable"}]},{"@type":"Person","@id":"https:\/\/www.nettali.com\/#\/schema\/person\/bb147657c2986240405a608162b9bb23","name":"Ibrahima","image":{"@type":"ImageObject","@id":"https:\/\/www.nettali.com\/#personlogo","inLanguage":"fr-FR","url":"https:\/\/secure.gravatar.com\/avatar\/26a8a81f09f0dd7624c9d5c36c9ba3a2?s=96&d=mm&r=g","contentUrl":"https:\/\/secure.gravatar.com\/avatar\/26a8a81f09f0dd7624c9d5c36c9ba3a2?s=96&d=mm&r=g","caption":"Ibrahima"},"sameAs":["https:\/\/www.nettali.com"]}]}},"_links":{"self":[{"href":"https:\/\/www.nettali.com\/rest\/wp\/v2\/posts\/62312"}],"collection":[{"href":"https:\/\/www.nettali.com\/rest\/wp\/v2\/posts"}],"about":[{"href":"https:\/\/www.nettali.com\/rest\/wp\/v2\/types\/post"}],"author":[{"embeddable":true,"href":"https:\/\/www.nettali.com\/rest\/wp\/v2\/users\/5"}],"replies":[{"embeddable":true,"href":"https:\/\/www.nettali.com\/rest\/wp\/v2\/comments?post=62312"}],"version-history":[{"count":5,"href":"https:\/\/www.nettali.com\/rest\/wp\/v2\/posts\/62312\/revisions"}],"predecessor-version":[{"id":62340,"href":"https:\/\/www.nettali.com\/rest\/wp\/v2\/posts\/62312\/revisions\/62340"}],"wp:featuredmedia":[{"embeddable":true,"href":"https:\/\/www.nettali.com\/rest\/wp\/v2\/media\/62313"}],"wp:attachment":[{"href":"https:\/\/www.nettali.com\/rest\/wp\/v2\/media?parent=62312"}],"wp:term":[{"taxonomy":"category","embeddable":true,"href":"https:\/\/www.nettali.com\/rest\/wp\/v2\/categories?post=62312"},{"taxonomy":"post_tag","embeddable":true,"href":"https:\/\/www.nettali.com\/rest\/wp\/v2\/tags?post=62312"}],"curies":[{"name":"wp","href":"https:\/\/api.w.org\/{rel}","templated":true}]}}