{"id":62218,"date":"2021-04-19T23:47:32","date_gmt":"2021-04-19T23:47:32","guid":{"rendered":"https:\/\/www.nettali.com\/?p=62218"},"modified":"2021-04-20T12:11:33","modified_gmt":"2021-04-20T12:11:33","slug":"emploi-des-jeunes-abdoul-mbaye-en-nationaliste","status":"publish","type":"post","link":"https:\/\/www.nettali.com\/2021\/04\/19\/emploi-des-jeunes-abdoul-mbaye-en-nationaliste\/","title":{"rendered":"ABDOUL MBAYE SUR LA QUESTION DE L\u2019EMPLOI -  \u00ab L\u2019artisanat est le premier employeur de France \u00bb"},"content":{"rendered":"<p><strong>NETTALI.COM \u2013 Le prisme d\u00e9formant de ses d\u00e9tracteurs cherche \u00e0 faire passer Abdoul Mbaye pour \u00ab <em>un toubab<\/em> \u00bb \u00e0 cause de son phras\u00e9 \u00e0 l\u2019occidentale, mais ce dernier, sur la question de l\u2019emploi des jeunes, se fait ap\u00f4tre du nationalisme. Le leader de Act d\u00e9molit le Train express r\u00e9gional, qui aura englouti beaucoup de milliards, dans le cadre d'une \u00e9conomie extravertie, qui profite davantage aux entreprises \u00e9trang\u00e8res. De l'avis de l'ex-Pm, il faut militer pour une approche keyn\u00e9sienne, avec de grands travaux qui servent la cause du priv\u00e9 national. Aussi, pr\u00e9conise-t-il l'am\u00e9lioration du sort de l'artisanat.\u00a0<\/strong><\/p>\n<p>&nbsp;<\/p>\n<p>Iftaar re\u00e7oit ce soir, Abdoul Mbaye, ancien Premier ministre et leader du parti ACT. A l\u2019entame de cette \u00e9mission ramadanesque qui est toujours en cours, M. Mbaye est revenu sur la lancinante question de l\u2019emploi des jeunes. C\u2019est ainsi qu\u2019il a d\u00e9coch\u00e9 des fl\u00e8ches acerbes en direction de Macky Sall, \u00e0 la veille du conseil pr\u00e9sidentiel sur la question.<\/p>\n<p>De l\u2019avis de l\u2019ancien Premier ministre, \u00ab <em>pour cr\u00e9er le maximum d\u2019emplois, il faut strat\u00e9gie de d\u00e9veloppement claire<\/em> \u00bb. Etayant ses propos, il explique : \u00ab <em>On peut avoir une strat\u00e9gie bas\u00e9e sur les grand projets comme le TER. Mais l\u00e0, le hic est que la technologie utilis\u00e9e fait appel \u00e0 de grosses d\u00e9penses qui vont engloutir le budget. La technologie utilis\u00e9e avec ce TER n\u2019est appliqu\u00e9 qu\u2019\u00e0 deux lignes de chemins de fer en France. On en n'a pas besoin. Si vous achetez le TER, vous ne faites qu\u2019enrichir des entreprises fran\u00e7aises. Mais si l\u2019on met en avant l\u2019int\u00e9r\u00eat sup\u00e9rieur de la Nation, pour am\u00e9liorer le sort du priv\u00e9 national, en ce moment, on va cr\u00e9er de nombreux emplois<\/em>\u00a0\u00bb, d\u00e9clare l\u2019invit\u00e9 d\u2019iTv.<\/p>\n<p>Pour Abdoul Mbaye, On devait focaliser les actions sur l\u2019artisanat depuis longtemps. \u00ab\u00a0<em>Quand j\u2019ai entendu le chef de l\u2019Etat en conseil des ministres parler de booster l\u2019artisanat, je m\u2019en suis f\u00e9licit\u00e9, car depuis le 30 septembre 2018, notre parti a indiqu\u00e9 le chemin, pour pr\u00e9coniser qu\u2019on am\u00e9liore le sort d\u2019artisanat. L\u2019artisanat est le premier employeur de France. C\u2019est la voie du Salut. Vous ne pouvez me citez me citer un pays au monde qui a connu l\u2019\u00e9mergence sans le d\u00e9veloppement de l\u2019artisanat. Quand un costume vient de la France, vous travaillez pour les Fran\u00e7ais\u00a0<\/em>\u00bb, rench\u00e9rit l\u2019ex-Pm.<\/p>\n<p>A la question de savoir pourquoi quand il fut chef du gouvernement, il n\u2019a pas mis en \u0153uvre ce qu\u2019il pr\u00e9conise aujourd\u2019hui, Abdoul Mbaye de r\u00e9pondre\u00a0: <em>\u00ab\u00a0Quand je faisais mon discours de politique g\u00e9n\u00e9rale, je n\u2019ai jamais parl\u00e9 de 500\u00a0000 mile emplois. Je n\u2019\u00e9tais que Premier ministre et je ne d\u00e9finissais pas la politique de la Nation. Maintenant, je suis porteur d\u2019un programme<\/em>\u00a0\u00bb.<\/p>\n<p>Sur ce registre toujours, il a rappel\u00e9 qu\u2019\u00e0 l\u2019\u00e9poque, s\u2019il avait \u00e9t\u00e9 tenu un conseil pr\u00e9sidentiel sur la lutte contre les inondations, \u00ab\u00a0<em>c\u2019est parce que cela pouvait g\u00e9n\u00e9rer beaucoup d\u2019emplois<\/em>\u00a0\u00bb. \u00ab\u00a0<em>C\u2019est une politique keyn\u00e9sienne d\u2019investissements, de grand travaux<\/em> \u00bb, pr\u00e9cise Abdoul Mbaye, qui cite aussi l\u2019agriculture comme vecteur d\u2019emplois et associe \u00e0 cet \u00e9lan le programme de construction de logements sociaux.<\/p>\n<p>A cet \u00e9gard, se rem\u00e9more-t-il\u00a0: \u00ab\u00a0<em>Aussi bien pour le Plan d\u00e9cennal de lutte contre les inondations que pour la construction de logements sociaux, je demandais souvent \u00e0 chaque entreprise combien de S\u00e9n\u00e9galais elle peut employer<\/em>\u00a0\u00bb.<\/p>\n<div class='share-to-whatsapp-wrapper'><div class='share-on-whsp'>PARTAGER SUR : <\/div><a data-text='ABDOUL MBAYE SUR LA QUESTION DE L\u2019EMPLOI -  \u00ab L\u2019artisanat est le premier employeur de France \u00bb' data-link='https:\/\/www.nettali.com\/2021\/04\/19\/emploi-des-jeunes-abdoul-mbaye-en-nationaliste\/' class='whatsapp-button whatsapp-share'>WhatsApp<\/a><div class='clear '><\/div><\/div>","protected":false},"excerpt":{"rendered":"<p>NETTALI.COM \u2013 Le prisme d\u00e9formant de ses d\u00e9tracteurs cherche \u00e0 faire passer Abdoul Mbaye pour \u00ab un toubab \u00bb \u00e0 cause de son phras\u00e9 \u00e0 l\u2019occidentale, mais ce dernier, sur la question de l\u2019emploi des jeunes, se fait ap\u00f4tre du nationalisme. Le leader de Act d\u00e9molit le Train express r\u00e9gional, qui aura englouti beaucoup de [&hellip;]<\/p>\n","protected":false},"author":11,"featured_media":12973,"comment_status":"open","ping_status":"open","sticky":false,"template":"","format":"standard","meta":{"_et_pb_use_builder":"","_et_pb_old_content":""},"categories":[3878,4],"tags":[],"yoast_head":"<!-- This site is optimized with the Yoast SEO Premium plugin v17.8 (Yoast SEO v17.8) - https:\/\/yoast.com\/wordpress\/plugins\/seo\/ -->\n<title>ABDOUL MBAYE SUR LA QUESTION DE L\u2019EMPLOI - \u00ab L\u2019artisanat est le premier employeur de France \u00bb | Nettali.com<\/title>\n<meta name=\"robots\" content=\"index, follow, max-snippet:-1, max-image-preview:large, max-video-preview:-1\" \/>\n<link rel=\"canonical\" href=\"https:\/\/www.nettali.com\/2021\/04\/19\/emploi-des-jeunes-abdoul-mbaye-en-nationaliste\/\" \/>\n<meta property=\"og:locale\" content=\"fr_FR\" \/>\n<meta property=\"og:type\" content=\"article\" \/>\n<meta property=\"og:title\" content=\"ABDOUL MBAYE SUR LA QUESTION DE L\u2019EMPLOI - \u00ab L\u2019artisanat est le premier employeur de France \u00bb\" \/>\n<meta property=\"og:description\" content=\"NETTALI.COM \u2013 Le prisme d\u00e9formant de ses d\u00e9tracteurs cherche \u00e0 faire passer Abdoul Mbaye pour \u00ab un toubab \u00bb \u00e0 cause de son phras\u00e9 \u00e0 l\u2019occidentale, mais ce dernier, sur la question de l\u2019emploi des jeunes, se fait ap\u00f4tre du nationalisme. Le leader de Act d\u00e9molit le Train express r\u00e9gional, qui aura englouti beaucoup de [&hellip;]\" \/>\n<meta property=\"og:url\" content=\"https:\/\/www.nettali.com\/2021\/04\/19\/emploi-des-jeunes-abdoul-mbaye-en-nationaliste\/\" \/>\n<meta property=\"og:site_name\" content=\"Nettali.com\" \/>\n<meta property=\"article:publisher\" content=\"https:\/\/www.facebook.com\/nettalicom\" \/>\n<meta property=\"article:published_time\" content=\"2021-04-19T23:47:32+00:00\" \/>\n<meta property=\"article:modified_time\" content=\"2021-04-20T12:11:33+00:00\" \/>\n<meta property=\"og:image\" content=\"https:\/\/www.nettali.com\/wp-content\/uploads\/2019\/07\/abdoul_mbaye_7.jpg\" \/>\n\t<meta property=\"og:image:width\" content=\"700\" \/>\n\t<meta property=\"og:image:height\" content=\"438\" \/>\n<meta name=\"twitter:card\" content=\"summary_large_image\" \/>\n<meta name=\"twitter:label1\" content=\"\u00c9crit par\" \/>\n\t<meta name=\"twitter:data1\" content=\"Thierno Diop\" \/>\n\t<meta name=\"twitter:label2\" content=\"Dur\u00e9e de lecture estim\u00e9e\" \/>\n\t<meta name=\"twitter:data2\" content=\"3 minutes\" \/>\n<script type=\"application\/ld+json\" class=\"yoast-schema-graph\">{\"@context\":\"https:\/\/schema.org\",\"@graph\":[{\"@type\":\"WebSite\",\"@id\":\"https:\/\/www.nettali.com\/#website\",\"url\":\"https:\/\/www.nettali.com\/\",\"name\":\"Nettali.com\",\"description\":\"Le rendez-vous critique du Net\",\"potentialAction\":[{\"@type\":\"SearchAction\",\"target\":{\"@type\":\"EntryPoint\",\"urlTemplate\":\"https:\/\/www.nettali.com\/?s={search_term_string}\"},\"query-input\":\"required name=search_term_string\"}],\"inLanguage\":\"fr-FR\"},{\"@type\":\"ImageObject\",\"@id\":\"https:\/\/www.nettali.com\/2021\/04\/19\/emploi-des-jeunes-abdoul-mbaye-en-nationaliste\/#primaryimage\",\"inLanguage\":\"fr-FR\",\"url\":\"https:\/\/www.nettali.com\/wp-content\/uploads\/2019\/07\/abdoul_mbaye_7.jpg\",\"contentUrl\":\"https:\/\/www.nettali.com\/wp-content\/uploads\/2019\/07\/abdoul_mbaye_7.jpg\",\"width\":700,\"height\":438},{\"@type\":\"WebPage\",\"@id\":\"https:\/\/www.nettali.com\/2021\/04\/19\/emploi-des-jeunes-abdoul-mbaye-en-nationaliste\/#webpage\",\"url\":\"https:\/\/www.nettali.com\/2021\/04\/19\/emploi-des-jeunes-abdoul-mbaye-en-nationaliste\/\",\"name\":\"ABDOUL MBAYE SUR LA QUESTION DE L\\u2019EMPLOI - \\u00ab L\\u2019artisanat est le premier employeur de France \\u00bb | Nettali.com\",\"isPartOf\":{\"@id\":\"https:\/\/www.nettali.com\/#website\"},\"primaryImageOfPage\":{\"@id\":\"https:\/\/www.nettali.com\/2021\/04\/19\/emploi-des-jeunes-abdoul-mbaye-en-nationaliste\/#primaryimage\"},\"datePublished\":\"2021-04-19T23:47:32+00:00\",\"dateModified\":\"2021-04-20T12:11:33+00:00\",\"author\":{\"@id\":\"https:\/\/www.nettali.com\/#\/schema\/person\/8a06c6bd7b19304cf4bf985862900b5b\"},\"breadcrumb\":{\"@id\":\"https:\/\/www.nettali.com\/2021\/04\/19\/emploi-des-jeunes-abdoul-mbaye-en-nationaliste\/#breadcrumb\"},\"inLanguage\":\"fr-FR\",\"potentialAction\":[{\"@type\":\"ReadAction\",\"target\":[\"https:\/\/www.nettali.com\/2021\/04\/19\/emploi-des-jeunes-abdoul-mbaye-en-nationaliste\/\"]}]},{\"@type\":\"BreadcrumbList\",\"@id\":\"https:\/\/www.nettali.com\/2021\/04\/19\/emploi-des-jeunes-abdoul-mbaye-en-nationaliste\/#breadcrumb\",\"itemListElement\":[{\"@type\":\"ListItem\",\"position\":1,\"name\":\"Accueil\",\"item\":\"https:\/\/www.nettali.com\/\"},{\"@type\":\"ListItem\",\"position\":2,\"name\":\"ABDOUL MBAYE SUR LA QUESTION DE L\\u2019EMPLOI &#8211; \\u00ab L\\u2019artisanat est le premier employeur de France \\u00bb\"}]},{\"@type\":\"Person\",\"@id\":\"https:\/\/www.nettali.com\/#\/schema\/person\/8a06c6bd7b19304cf4bf985862900b5b\",\"name\":\"Thierno Diop\",\"image\":{\"@type\":\"ImageObject\",\"@id\":\"https:\/\/www.nettali.com\/#personlogo\",\"inLanguage\":\"fr-FR\",\"url\":\"https:\/\/secure.gravatar.com\/avatar\/c8ca58550c94fd2ac856d27391a6c866?s=96&d=mm&r=g\",\"contentUrl\":\"https:\/\/secure.gravatar.com\/avatar\/c8ca58550c94fd2ac856d27391a6c866?s=96&d=mm&r=g\",\"caption\":\"Thierno Diop\"},\"sameAs\":[\"https:\/\/nettali.com\"]}]}<\/script>\n<!-- \/ Yoast SEO Premium plugin. -->","yoast_head_json":{"title":"ABDOUL MBAYE SUR LA QUESTION DE L\u2019EMPLOI - \u00ab L\u2019artisanat est le premier employeur de France \u00bb | Nettali.com","robots":{"index":"index","follow":"follow","max-snippet":"max-snippet:-1","max-image-preview":"max-image-preview:large","max-video-preview":"max-video-preview:-1"},"canonical":"https:\/\/www.nettali.com\/2021\/04\/19\/emploi-des-jeunes-abdoul-mbaye-en-nationaliste\/","og_locale":"fr_FR","og_type":"article","og_title":"ABDOUL MBAYE SUR LA QUESTION DE L\u2019EMPLOI - \u00ab L\u2019artisanat est le premier employeur de France \u00bb","og_description":"NETTALI.COM \u2013 Le prisme d\u00e9formant de ses d\u00e9tracteurs cherche \u00e0 faire passer Abdoul Mbaye pour \u00ab un toubab \u00bb \u00e0 cause de son phras\u00e9 \u00e0 l\u2019occidentale, mais ce dernier, sur la question de l\u2019emploi des jeunes, se fait ap\u00f4tre du nationalisme. Le leader de Act d\u00e9molit le Train express r\u00e9gional, qui aura englouti beaucoup de [&hellip;]","og_url":"https:\/\/www.nettali.com\/2021\/04\/19\/emploi-des-jeunes-abdoul-mbaye-en-nationaliste\/","og_site_name":"Nettali.com","article_publisher":"https:\/\/www.facebook.com\/nettalicom","article_published_time":"2021-04-19T23:47:32+00:00","article_modified_time":"2021-04-20T12:11:33+00:00","og_image":[{"width":700,"height":438,"url":"https:\/\/www.nettali.com\/wp-content\/uploads\/2019\/07\/abdoul_mbaye_7.jpg","type":"image\/jpeg"}],"twitter_card":"summary_large_image","twitter_misc":{"\u00c9crit par":"Thierno Diop","Dur\u00e9e de lecture estim\u00e9e":"3 minutes"},"schema":{"@context":"https:\/\/schema.org","@graph":[{"@type":"WebSite","@id":"https:\/\/www.nettali.com\/#website","url":"https:\/\/www.nettali.com\/","name":"Nettali.com","description":"Le rendez-vous critique du Net","potentialAction":[{"@type":"SearchAction","target":{"@type":"EntryPoint","urlTemplate":"https:\/\/www.nettali.com\/?s={search_term_string}"},"query-input":"required name=search_term_string"}],"inLanguage":"fr-FR"},{"@type":"ImageObject","@id":"https:\/\/www.nettali.com\/2021\/04\/19\/emploi-des-jeunes-abdoul-mbaye-en-nationaliste\/#primaryimage","inLanguage":"fr-FR","url":"https:\/\/www.nettali.com\/wp-content\/uploads\/2019\/07\/abdoul_mbaye_7.jpg","contentUrl":"https:\/\/www.nettali.com\/wp-content\/uploads\/2019\/07\/abdoul_mbaye_7.jpg","width":700,"height":438},{"@type":"WebPage","@id":"https:\/\/www.nettali.com\/2021\/04\/19\/emploi-des-jeunes-abdoul-mbaye-en-nationaliste\/#webpage","url":"https:\/\/www.nettali.com\/2021\/04\/19\/emploi-des-jeunes-abdoul-mbaye-en-nationaliste\/","name":"ABDOUL MBAYE SUR LA QUESTION DE L\u2019EMPLOI - \u00ab L\u2019artisanat est le premier employeur de France \u00bb | Nettali.com","isPartOf":{"@id":"https:\/\/www.nettali.com\/#website"},"primaryImageOfPage":{"@id":"https:\/\/www.nettali.com\/2021\/04\/19\/emploi-des-jeunes-abdoul-mbaye-en-nationaliste\/#primaryimage"},"datePublished":"2021-04-19T23:47:32+00:00","dateModified":"2021-04-20T12:11:33+00:00","author":{"@id":"https:\/\/www.nettali.com\/#\/schema\/person\/8a06c6bd7b19304cf4bf985862900b5b"},"breadcrumb":{"@id":"https:\/\/www.nettali.com\/2021\/04\/19\/emploi-des-jeunes-abdoul-mbaye-en-nationaliste\/#breadcrumb"},"inLanguage":"fr-FR","potentialAction":[{"@type":"ReadAction","target":["https:\/\/www.nettali.com\/2021\/04\/19\/emploi-des-jeunes-abdoul-mbaye-en-nationaliste\/"]}]},{"@type":"BreadcrumbList","@id":"https:\/\/www.nettali.com\/2021\/04\/19\/emploi-des-jeunes-abdoul-mbaye-en-nationaliste\/#breadcrumb","itemListElement":[{"@type":"ListItem","position":1,"name":"Accueil","item":"https:\/\/www.nettali.com\/"},{"@type":"ListItem","position":2,"name":"ABDOUL MBAYE SUR LA QUESTION DE L\u2019EMPLOI &#8211; \u00ab L\u2019artisanat est le premier employeur de France \u00bb"}]},{"@type":"Person","@id":"https:\/\/www.nettali.com\/#\/schema\/person\/8a06c6bd7b19304cf4bf985862900b5b","name":"Thierno Diop","image":{"@type":"ImageObject","@id":"https:\/\/www.nettali.com\/#personlogo","inLanguage":"fr-FR","url":"https:\/\/secure.gravatar.com\/avatar\/c8ca58550c94fd2ac856d27391a6c866?s=96&d=mm&r=g","contentUrl":"https:\/\/secure.gravatar.com\/avatar\/c8ca58550c94fd2ac856d27391a6c866?s=96&d=mm&r=g","caption":"Thierno Diop"},"sameAs":["https:\/\/nettali.com"]}]}},"_links":{"self":[{"href":"https:\/\/www.nettali.com\/rest\/wp\/v2\/posts\/62218"}],"collection":[{"href":"https:\/\/www.nettali.com\/rest\/wp\/v2\/posts"}],"about":[{"href":"https:\/\/www.nettali.com\/rest\/wp\/v2\/types\/post"}],"author":[{"embeddable":true,"href":"https:\/\/www.nettali.com\/rest\/wp\/v2\/users\/11"}],"replies":[{"embeddable":true,"href":"https:\/\/www.nettali.com\/rest\/wp\/v2\/comments?post=62218"}],"version-history":[{"count":3,"href":"https:\/\/www.nettali.com\/rest\/wp\/v2\/posts\/62218\/revisions"}],"predecessor-version":[{"id":62221,"href":"https:\/\/www.nettali.com\/rest\/wp\/v2\/posts\/62218\/revisions\/62221"}],"wp:featuredmedia":[{"embeddable":true,"href":"https:\/\/www.nettali.com\/rest\/wp\/v2\/media\/12973"}],"wp:attachment":[{"href":"https:\/\/www.nettali.com\/rest\/wp\/v2\/media?parent=62218"}],"wp:term":[{"taxonomy":"category","embeddable":true,"href":"https:\/\/www.nettali.com\/rest\/wp\/v2\/categories?post=62218"},{"taxonomy":"post_tag","embeddable":true,"href":"https:\/\/www.nettali.com\/rest\/wp\/v2\/tags?post=62218"}],"curies":[{"name":"wp","href":"https:\/\/api.w.org\/{rel}","templated":true}]}}