{"id":62168,"date":"2021-04-19T07:31:26","date_gmt":"2021-04-19T07:31:26","guid":{"rendered":"https:\/\/www.nettali.com\/?p=62168"},"modified":"2021-04-19T07:31:26","modified_gmt":"2021-04-19T07:31:26","slug":"violence-politique-avenir-senegaal-bi-nu-begg-accuse-macky","status":"publish","type":"post","link":"https:\/\/www.nettali.com\/2021\/04\/19\/violence-politique-avenir-senegaal-bi-nu-begg-accuse-macky\/","title":{"rendered":"VIOLENCE POLITIQUE - Avenir Senegaal Bi Nu Begg accuse Macky"},"content":{"rendered":"<p><strong>NETTALI.COM - La plateforme Avenir Senegaal Bi Nu Begg a \u00e9mis son avis sur les \u00e9v\u00e8nements qui ont r\u00e9cemment secou\u00e9 le pays. Cheikh Tidiane Di\u00e8ye et Cie chargent le r\u00e9gime de Macky Sall et \u00e9talent de nouvelles exigences, relativement au respect du calendrier \u00e9lectoral.\u00a0<\/strong><\/p>\n<p>\u201cLe secr\u00e9tariat a engag\u00e9 la responsabilit\u00e9 directe du pr\u00e9sident Macky Sall dans les troubles qui ont profond\u00e9ment \u00e9branl\u00e9 le pays et qui sont n\u00e9s du complot sordide foment\u00e9 contre le d\u00e9put\u00e9 et opposant Ousmane Sonko. En inspirant, encourageant ou fermant les yeux sur ce complot, dans un contexte o\u00f9 toutes les \u00e9nergies du peuple auraient d\u00fb \u00eatre concentr\u00e9es dans la lutte contre la pand\u00e9mie et ses effets \u00e9conomiques et sociaux, le pr\u00e9sident Macky Sall a manqu\u00e9 singuli\u00e8rement de leadership et de responsabilit\u00e9\u2019\u2019, d\u00e9duit le Secr\u00e9tariat politique national de la plateforme Avenir Senegaal Bi Nu Begg.<\/p>\n<p>Aussi, dans leur communiqu\u00e9, Cheikh Tidiane Di\u00e8ye et Cie condamnent-ils \u201cfermement les propos tenus par plusieurs ministres dont ceux de l\u2019Int\u00e9rieur, des Affaires \u00e9trang\u00e8res et de la Justice qui, gagn\u00e9s par la peur et d\u00e9pass\u00e9s par la r\u00e9sistance in\u00e9dite et inattendue du peuple, notamment les jeunes, ont tent\u00e9 de faire croire que \u201cdes forces obscures\u2019\u2019, \u201cdes terroristes\u2019\u2019 ou \u201cdes rebelles\u2019\u2019 seraient rentr\u00e9s sur le territoire s\u00e9n\u00e9galais afin de d\u00e9stabiliser le pays\".\u00a0 \"Ces propos irresponsables, dangereux et d\u00e9gradants pour l\u2019image du S\u00e9n\u00e9gal ont \u00e9t\u00e9, fort heureusement, vite d\u00e9mentis par de hautes autorit\u00e9s de l\u2019arm\u00e9e, de la police et la gendarmerie, \u00e0 l\u2019occasion de la f\u00eate de l\u2019ind\u00e9pendance du 4 Avril 2021\u2019\u2019, ajoute le texte.<\/p>\n<p>Ainsi, la plateforme salue le professionnalisme et le sens \u00e9lev\u00e9 de la responsabilit\u00e9 des forces de d\u00e9fense et de s\u00e9curit\u00e9 de la R\u00e9publique. Et persifle : \u201cLe Secr\u00e9tariat politique de la plateforme Avenir Senegaal Bi Nu Begg demande au gouvernement, s\u2019il maintient toujours sa d\u00e9claration sur l\u2019existence de ces forces obscures, de dire au peuple s\u00e9n\u00e9galais o\u00f9 se trouvent celles-ci en ce moment ? Sont-elles d\u00e9j\u00e0 ressorties du territoire ? Si oui, pourquoi les a-t-on laiss\u00e9 filer ? Si, au contraire, elles sont toujours dans le pays, dans quelles villes, quels quartiers se trouvent-elles ? Pourquoi les services de s\u00e9curit\u00e9 ne les arr\u00eatent-elles pas ?\u2019\u2019<\/p>\n<p>En outre, apr\u00e8s s\u2019\u00eatre f\u00e9licit\u00e9 de la d\u00e9termination et de la lutte \u201ch\u00e9ro\u00efque du peuple s\u00e9n\u00e9galais, qui a permis de mettre en \u00e9chec le funeste projet de Macky Sall, consistant \u00e0 ligoter l\u2019opposition d\u00e9mocratique et \u00e0 \u00e9touffer dans l\u2019\u0153uf toute vell\u00e9it\u00e9 de contestation politique, le secr\u00e9tariat a vivement f\u00e9licit\u00e9 les partis de l\u2019opposition, les mouvements citoyens et associations de la soci\u00e9t\u00e9 civile qui ont su, en temps opportun, organiser les r\u00e9sistances du peuple s\u00e9n\u00e9galais, en mettant en place le Mouvement pour le d\u00e9fense de la d\u00e9mocratie (M2D).<\/p>\n<p>Selon la plateforme,\u00a0 il est question de faire de ce mouvement une v\u00e9ritable force de d\u00e9fense de la d\u00e9mocratie, et de l\u2019\u00c9tat de droit au S\u00e9n\u00e9gal. Ainsi, le docteur Cheikh Tidiane Di\u00e8ye et Cie comptent \u201cpoursuivre leurs efforts pour la construction d\u2019un vaste rassemblement des forces d\u00e9mocratiques et citoyennes, incluant les partis de l\u2019opposition, les mouvements citoyens, les organisations de la soci\u00e9t\u00e9 civile, etc.\u2019\u2019. L\u2019un des premiers chantiers sera le respect du calendrier \u00e9lectoral et le processus menant vers les \u00e9lections locales. A l\u2019instar du M2D, Avenir Senegaal Bi Nu Begg va se battre pour l\u2019organisation de ces \u00e9lections en 2021.<\/p>\n<div class='share-to-whatsapp-wrapper'><div class='share-on-whsp'>PARTAGER SUR : <\/div><a data-text='VIOLENCE POLITIQUE - Avenir Senegaal Bi Nu Begg accuse Macky' data-link='https:\/\/www.nettali.com\/2021\/04\/19\/violence-politique-avenir-senegaal-bi-nu-begg-accuse-macky\/' class='whatsapp-button whatsapp-share'>WhatsApp<\/a><div class='clear '><\/div><\/div>","protected":false},"excerpt":{"rendered":"<p>NETTALI.COM - La plateforme Avenir Senegaal Bi Nu Begg a \u00e9mis son avis sur les \u00e9v\u00e8nements qui ont r\u00e9cemment secou\u00e9 le pays. Cheikh Tidiane Di\u00e8ye et Cie chargent le r\u00e9gime de Macky Sall et \u00e9talent de nouvelles exigences, relativement au respect du calendrier \u00e9lectoral.\u00a0 \u201cLe secr\u00e9tariat a engag\u00e9 la responsabilit\u00e9 directe du pr\u00e9sident Macky Sall [&hellip;]<\/p>\n","protected":false},"author":11,"featured_media":56253,"comment_status":"open","ping_status":"open","sticky":false,"template":"","format":"standard","meta":{"_et_pb_use_builder":"","_et_pb_old_content":""},"categories":[2],"tags":[],"yoast_head":"<!-- This site is optimized with the Yoast SEO Premium plugin v17.8 (Yoast SEO v17.8) - https:\/\/yoast.com\/wordpress\/plugins\/seo\/ -->\n<title>VIOLENCE POLITIQUE - Avenir Senegaal Bi Nu Begg accuse Macky | Nettali.com<\/title>\n<meta name=\"robots\" content=\"index, follow, max-snippet:-1, max-image-preview:large, max-video-preview:-1\" \/>\n<link rel=\"canonical\" href=\"https:\/\/www.nettali.com\/2021\/04\/19\/violence-politique-avenir-senegaal-bi-nu-begg-accuse-macky\/\" \/>\n<meta property=\"og:locale\" content=\"fr_FR\" \/>\n<meta property=\"og:type\" content=\"article\" \/>\n<meta property=\"og:title\" content=\"VIOLENCE POLITIQUE - Avenir Senegaal Bi Nu Begg accuse Macky\" \/>\n<meta property=\"og:description\" content=\"NETTALI.COM - La plateforme Avenir Senegaal Bi Nu Begg a \u00e9mis son avis sur les \u00e9v\u00e8nements qui ont r\u00e9cemment secou\u00e9 le pays. Cheikh Tidiane Di\u00e8ye et Cie chargent le r\u00e9gime de Macky Sall et \u00e9talent de nouvelles exigences, relativement au respect du calendrier \u00e9lectoral.\u00a0 \u201cLe secr\u00e9tariat a engag\u00e9 la responsabilit\u00e9 directe du pr\u00e9sident Macky Sall [&hellip;]\" \/>\n<meta property=\"og:url\" content=\"https:\/\/www.nettali.com\/2021\/04\/19\/violence-politique-avenir-senegaal-bi-nu-begg-accuse-macky\/\" \/>\n<meta property=\"og:site_name\" content=\"Nettali.com\" \/>\n<meta property=\"article:publisher\" content=\"https:\/\/www.facebook.com\/nettalicom\" \/>\n<meta property=\"article:published_time\" content=\"2021-04-19T07:31:26+00:00\" \/>\n<meta property=\"og:image\" content=\"https:\/\/www.nettali.com\/wp-content\/uploads\/2021\/01\/Dr-Cheikh-Tidiane-Dieye.jpg\" \/>\n\t<meta property=\"og:image:width\" content=\"600\" \/>\n\t<meta property=\"og:image:height\" content=\"431\" \/>\n<meta name=\"twitter:card\" content=\"summary_large_image\" \/>\n<meta name=\"twitter:label1\" content=\"\u00c9crit par\" \/>\n\t<meta name=\"twitter:data1\" content=\"Thierno Diop\" \/>\n\t<meta name=\"twitter:label2\" content=\"Dur\u00e9e de lecture estim\u00e9e\" \/>\n\t<meta name=\"twitter:data2\" content=\"3 minutes\" \/>\n<script type=\"application\/ld+json\" class=\"yoast-schema-graph\">{\"@context\":\"https:\/\/schema.org\",\"@graph\":[{\"@type\":\"WebSite\",\"@id\":\"https:\/\/www.nettali.com\/#website\",\"url\":\"https:\/\/www.nettali.com\/\",\"name\":\"Nettali.com\",\"description\":\"Le rendez-vous critique du Net\",\"potentialAction\":[{\"@type\":\"SearchAction\",\"target\":{\"@type\":\"EntryPoint\",\"urlTemplate\":\"https:\/\/www.nettali.com\/?s={search_term_string}\"},\"query-input\":\"required name=search_term_string\"}],\"inLanguage\":\"fr-FR\"},{\"@type\":\"ImageObject\",\"@id\":\"https:\/\/www.nettali.com\/2021\/04\/19\/violence-politique-avenir-senegaal-bi-nu-begg-accuse-macky\/#primaryimage\",\"inLanguage\":\"fr-FR\",\"url\":\"https:\/\/www.nettali.com\/wp-content\/uploads\/2021\/01\/Dr-Cheikh-Tidiane-Dieye.jpg\",\"contentUrl\":\"https:\/\/www.nettali.com\/wp-content\/uploads\/2021\/01\/Dr-Cheikh-Tidiane-Dieye.jpg\",\"width\":600,\"height\":431},{\"@type\":\"WebPage\",\"@id\":\"https:\/\/www.nettali.com\/2021\/04\/19\/violence-politique-avenir-senegaal-bi-nu-begg-accuse-macky\/#webpage\",\"url\":\"https:\/\/www.nettali.com\/2021\/04\/19\/violence-politique-avenir-senegaal-bi-nu-begg-accuse-macky\/\",\"name\":\"VIOLENCE POLITIQUE - Avenir Senegaal Bi Nu Begg accuse Macky | Nettali.com\",\"isPartOf\":{\"@id\":\"https:\/\/www.nettali.com\/#website\"},\"primaryImageOfPage\":{\"@id\":\"https:\/\/www.nettali.com\/2021\/04\/19\/violence-politique-avenir-senegaal-bi-nu-begg-accuse-macky\/#primaryimage\"},\"datePublished\":\"2021-04-19T07:31:26+00:00\",\"dateModified\":\"2021-04-19T07:31:26+00:00\",\"author\":{\"@id\":\"https:\/\/www.nettali.com\/#\/schema\/person\/8a06c6bd7b19304cf4bf985862900b5b\"},\"breadcrumb\":{\"@id\":\"https:\/\/www.nettali.com\/2021\/04\/19\/violence-politique-avenir-senegaal-bi-nu-begg-accuse-macky\/#breadcrumb\"},\"inLanguage\":\"fr-FR\",\"potentialAction\":[{\"@type\":\"ReadAction\",\"target\":[\"https:\/\/www.nettali.com\/2021\/04\/19\/violence-politique-avenir-senegaal-bi-nu-begg-accuse-macky\/\"]}]},{\"@type\":\"BreadcrumbList\",\"@id\":\"https:\/\/www.nettali.com\/2021\/04\/19\/violence-politique-avenir-senegaal-bi-nu-begg-accuse-macky\/#breadcrumb\",\"itemListElement\":[{\"@type\":\"ListItem\",\"position\":1,\"name\":\"Accueil\",\"item\":\"https:\/\/www.nettali.com\/\"},{\"@type\":\"ListItem\",\"position\":2,\"name\":\"VIOLENCE POLITIQUE &#8211; Avenir Senegaal Bi Nu Begg accuse Macky\"}]},{\"@type\":\"Person\",\"@id\":\"https:\/\/www.nettali.com\/#\/schema\/person\/8a06c6bd7b19304cf4bf985862900b5b\",\"name\":\"Thierno Diop\",\"image\":{\"@type\":\"ImageObject\",\"@id\":\"https:\/\/www.nettali.com\/#personlogo\",\"inLanguage\":\"fr-FR\",\"url\":\"https:\/\/secure.gravatar.com\/avatar\/c8ca58550c94fd2ac856d27391a6c866?s=96&d=mm&r=g\",\"contentUrl\":\"https:\/\/secure.gravatar.com\/avatar\/c8ca58550c94fd2ac856d27391a6c866?s=96&d=mm&r=g\",\"caption\":\"Thierno Diop\"},\"sameAs\":[\"https:\/\/nettali.com\"]}]}<\/script>\n<!-- \/ Yoast SEO Premium plugin. -->","yoast_head_json":{"title":"VIOLENCE POLITIQUE - Avenir Senegaal Bi Nu Begg accuse Macky | Nettali.com","robots":{"index":"index","follow":"follow","max-snippet":"max-snippet:-1","max-image-preview":"max-image-preview:large","max-video-preview":"max-video-preview:-1"},"canonical":"https:\/\/www.nettali.com\/2021\/04\/19\/violence-politique-avenir-senegaal-bi-nu-begg-accuse-macky\/","og_locale":"fr_FR","og_type":"article","og_title":"VIOLENCE POLITIQUE - Avenir Senegaal Bi Nu Begg accuse Macky","og_description":"NETTALI.COM - La plateforme Avenir Senegaal Bi Nu Begg a \u00e9mis son avis sur les \u00e9v\u00e8nements qui ont r\u00e9cemment secou\u00e9 le pays. Cheikh Tidiane Di\u00e8ye et Cie chargent le r\u00e9gime de Macky Sall et \u00e9talent de nouvelles exigences, relativement au respect du calendrier \u00e9lectoral.\u00a0 \u201cLe secr\u00e9tariat a engag\u00e9 la responsabilit\u00e9 directe du pr\u00e9sident Macky Sall [&hellip;]","og_url":"https:\/\/www.nettali.com\/2021\/04\/19\/violence-politique-avenir-senegaal-bi-nu-begg-accuse-macky\/","og_site_name":"Nettali.com","article_publisher":"https:\/\/www.facebook.com\/nettalicom","article_published_time":"2021-04-19T07:31:26+00:00","og_image":[{"width":600,"height":431,"url":"https:\/\/www.nettali.com\/wp-content\/uploads\/2021\/01\/Dr-Cheikh-Tidiane-Dieye.jpg","type":"image\/jpeg"}],"twitter_card":"summary_large_image","twitter_misc":{"\u00c9crit par":"Thierno Diop","Dur\u00e9e de lecture estim\u00e9e":"3 minutes"},"schema":{"@context":"https:\/\/schema.org","@graph":[{"@type":"WebSite","@id":"https:\/\/www.nettali.com\/#website","url":"https:\/\/www.nettali.com\/","name":"Nettali.com","description":"Le rendez-vous critique du Net","potentialAction":[{"@type":"SearchAction","target":{"@type":"EntryPoint","urlTemplate":"https:\/\/www.nettali.com\/?s={search_term_string}"},"query-input":"required name=search_term_string"}],"inLanguage":"fr-FR"},{"@type":"ImageObject","@id":"https:\/\/www.nettali.com\/2021\/04\/19\/violence-politique-avenir-senegaal-bi-nu-begg-accuse-macky\/#primaryimage","inLanguage":"fr-FR","url":"https:\/\/www.nettali.com\/wp-content\/uploads\/2021\/01\/Dr-Cheikh-Tidiane-Dieye.jpg","contentUrl":"https:\/\/www.nettali.com\/wp-content\/uploads\/2021\/01\/Dr-Cheikh-Tidiane-Dieye.jpg","width":600,"height":431},{"@type":"WebPage","@id":"https:\/\/www.nettali.com\/2021\/04\/19\/violence-politique-avenir-senegaal-bi-nu-begg-accuse-macky\/#webpage","url":"https:\/\/www.nettali.com\/2021\/04\/19\/violence-politique-avenir-senegaal-bi-nu-begg-accuse-macky\/","name":"VIOLENCE POLITIQUE - Avenir Senegaal Bi Nu Begg accuse Macky | Nettali.com","isPartOf":{"@id":"https:\/\/www.nettali.com\/#website"},"primaryImageOfPage":{"@id":"https:\/\/www.nettali.com\/2021\/04\/19\/violence-politique-avenir-senegaal-bi-nu-begg-accuse-macky\/#primaryimage"},"datePublished":"2021-04-19T07:31:26+00:00","dateModified":"2021-04-19T07:31:26+00:00","author":{"@id":"https:\/\/www.nettali.com\/#\/schema\/person\/8a06c6bd7b19304cf4bf985862900b5b"},"breadcrumb":{"@id":"https:\/\/www.nettali.com\/2021\/04\/19\/violence-politique-avenir-senegaal-bi-nu-begg-accuse-macky\/#breadcrumb"},"inLanguage":"fr-FR","potentialAction":[{"@type":"ReadAction","target":["https:\/\/www.nettali.com\/2021\/04\/19\/violence-politique-avenir-senegaal-bi-nu-begg-accuse-macky\/"]}]},{"@type":"BreadcrumbList","@id":"https:\/\/www.nettali.com\/2021\/04\/19\/violence-politique-avenir-senegaal-bi-nu-begg-accuse-macky\/#breadcrumb","itemListElement":[{"@type":"ListItem","position":1,"name":"Accueil","item":"https:\/\/www.nettali.com\/"},{"@type":"ListItem","position":2,"name":"VIOLENCE POLITIQUE &#8211; Avenir Senegaal Bi Nu Begg accuse Macky"}]},{"@type":"Person","@id":"https:\/\/www.nettali.com\/#\/schema\/person\/8a06c6bd7b19304cf4bf985862900b5b","name":"Thierno Diop","image":{"@type":"ImageObject","@id":"https:\/\/www.nettali.com\/#personlogo","inLanguage":"fr-FR","url":"https:\/\/secure.gravatar.com\/avatar\/c8ca58550c94fd2ac856d27391a6c866?s=96&d=mm&r=g","contentUrl":"https:\/\/secure.gravatar.com\/avatar\/c8ca58550c94fd2ac856d27391a6c866?s=96&d=mm&r=g","caption":"Thierno Diop"},"sameAs":["https:\/\/nettali.com"]}]}},"_links":{"self":[{"href":"https:\/\/www.nettali.com\/rest\/wp\/v2\/posts\/62168"}],"collection":[{"href":"https:\/\/www.nettali.com\/rest\/wp\/v2\/posts"}],"about":[{"href":"https:\/\/www.nettali.com\/rest\/wp\/v2\/types\/post"}],"author":[{"embeddable":true,"href":"https:\/\/www.nettali.com\/rest\/wp\/v2\/users\/11"}],"replies":[{"embeddable":true,"href":"https:\/\/www.nettali.com\/rest\/wp\/v2\/comments?post=62168"}],"version-history":[{"count":1,"href":"https:\/\/www.nettali.com\/rest\/wp\/v2\/posts\/62168\/revisions"}],"predecessor-version":[{"id":62169,"href":"https:\/\/www.nettali.com\/rest\/wp\/v2\/posts\/62168\/revisions\/62169"}],"wp:featuredmedia":[{"embeddable":true,"href":"https:\/\/www.nettali.com\/rest\/wp\/v2\/media\/56253"}],"wp:attachment":[{"href":"https:\/\/www.nettali.com\/rest\/wp\/v2\/media?parent=62168"}],"wp:term":[{"taxonomy":"category","embeddable":true,"href":"https:\/\/www.nettali.com\/rest\/wp\/v2\/categories?post=62168"},{"taxonomy":"post_tag","embeddable":true,"href":"https:\/\/www.nettali.com\/rest\/wp\/v2\/tags?post=62168"}],"curies":[{"name":"wp","href":"https:\/\/api.w.org\/{rel}","templated":true}]}}