{"id":62142,"date":"2021-04-18T18:45:57","date_gmt":"2021-04-18T18:45:57","guid":{"rendered":"https:\/\/www.nettali.com\/?p=62142"},"modified":"2021-04-18T18:45:57","modified_gmt":"2021-04-18T18:45:57","slug":"suppression-de-la-ville-de-dakar-alioune-ndoye-met-son-veto","status":"publish","type":"post","link":"https:\/\/www.nettali.com\/2021\/04\/18\/suppression-de-la-ville-de-dakar-alioune-ndoye-met-son-veto\/","title":{"rendered":"SUPPRESSION DE LA VILLE DE DAKAR - Alioune Ndoye met son v\u00e9to"},"content":{"rendered":"<p><strong>NETTALI.COM - Le maire de Dakar plateau, par ailleurs, ministre de la P\u00eache et de l'\u00e9conomie maritime s'est prononc\u00e9 sur la question de la suppression de la ville de Dakar. M\u00eame s'il a mis donn\u00e9 une r\u00e9ponse claire, Alioune Ndoye ne semble pas appr\u00e9cier la volont\u00e9 du gouvernement de supprimer la ville de Dakar. Il invite par ailleurs, les autorit\u00e9s \u00e0 \"<em>ne pas faire de la ville, un outil de lutte politique<\/em>\".<\/strong><\/p>\n<p>\" <em>Ma r\u00e9flexion est au del\u00e0 et elle va m\u00eame pour les prochaines \u00e9lections. La ville est une institution, une collectivit\u00e9 des Dakarois qui doit \u00eatre au service de Dakar. La ville ne doit pas \u00eatre un outil de lutte politique<\/em>\", a-t-il r\u00e9pondu.<\/p>\n<p>Pour Alioune Ndoye, \"<em>en l'ayant transform\u00e9 ainsi, on aura sacrifi\u00e9 la ville et les Dakarois. Parce qu'on n'est pas all\u00e9 aux missions essentielles qu'on devait faire pour les Dakarois\"<\/em>. Il dit \"<em>esp\u00e9rer que les Dakarois n'acceptent pas qu'on dans cette voie, c'est-\u00e0-dire que la ville ne serve qu'\u00e0 \u00eatre un outil de lutte politique ou de bagarre, alors qu'elle doit d\u00e9velopper<\/em>\".<\/p>\n<p>Interpell\u00e9 sur l\u2019attribution des licences de p\u00eache, le ministre de la P\u00eache et de l\u2019Economie maritime rassure que \"<em>tout se fait dans la transparence<\/em>\".<\/p>\n<p>\" <em>Le S\u00e9n\u00e9gal n\u2019a d\u2019accords de p\u00eache qu\u2019avec les pays riverains et qu\u2019avec l\u2019Union europ\u00e9enne (Ue)<\/em>\", a-t-il insist\u00e9. Non sans pr\u00e9ciser qu\u2019avec l\u2019Ue, l\u2019ann\u00e9e derni\u00e8re, il s\u2019agissait de 31 bateaux. Et un bateau capverdien. \u00c7a fait les 32 bateaux qu\u2019on peut estampiller \"<em>Etranger<\/em>\". Sinon, les 129 sont \"<em>s\u00e9n\u00e9galais<\/em>\".<\/p>\n<p>Ainsi pour mieux \u00e9tayer ses propos Alioune Ndoye convoque les textes.<\/p>\n<p>\" <em>C\u2019est la loi s\u00e9n\u00e9galaise qui dit qu\u2019aujourd\u2019hui, pour disposer de \u00e7a, il faut au moins que 51 % du capital soit d\u00e9tenu par des S\u00e9n\u00e9galais. Derri\u00e8re, l\u2019Etat, ce qu\u2019il va v\u00e9rifier, c\u2019est si cette entreprise n\u2019est pas fantoche. Je prends d\u2019une ann\u00e9e \u00e0 l\u2019autre. Par exemple, l\u2019ann\u00e9e derni\u00e8re, quand je fais le calcul, c\u2019\u00e9tait \u00e0 peu pr\u00e8s 33, 32 licences en moyenne par rapport \u00e0 l\u2019ann\u00e9e pr\u00e9c\u00e9dente<\/em>\", dit-il.<\/p>\n<div class='share-to-whatsapp-wrapper'><div class='share-on-whsp'>PARTAGER SUR : <\/div><a data-text='SUPPRESSION DE LA VILLE DE DAKAR - Alioune Ndoye met son v\u00e9to' data-link='https:\/\/www.nettali.com\/2021\/04\/18\/suppression-de-la-ville-de-dakar-alioune-ndoye-met-son-veto\/' class='whatsapp-button whatsapp-share'>WhatsApp<\/a><div class='clear '><\/div><\/div>","protected":false},"excerpt":{"rendered":"<p>NETTALI.COM - Le maire de Dakar plateau, par ailleurs, ministre de la P\u00eache et de l'\u00e9conomie maritime s'est prononc\u00e9 sur la question de la suppression de la ville de Dakar. M\u00eame s'il a mis donn\u00e9 une r\u00e9ponse claire, Alioune Ndoye ne semble pas appr\u00e9cier la volont\u00e9 du gouvernement de supprimer la ville de Dakar. Il [&hellip;]<\/p>\n","protected":false},"author":5,"featured_media":62144,"comment_status":"open","ping_status":"open","sticky":false,"template":"","format":"standard","meta":{"_et_pb_use_builder":"","_et_pb_old_content":""},"categories":[2],"tags":[],"yoast_head":"<!-- This site is optimized with the Yoast SEO Premium plugin v17.8 (Yoast SEO v17.8) - https:\/\/yoast.com\/wordpress\/plugins\/seo\/ -->\n<title>SUPPRESSION DE LA VILLE DE DAKAR - Alioune Ndoye met son v\u00e9to | Nettali.com<\/title>\n<meta name=\"robots\" content=\"index, follow, max-snippet:-1, max-image-preview:large, max-video-preview:-1\" \/>\n<link rel=\"canonical\" href=\"https:\/\/www.nettali.com\/2021\/04\/18\/suppression-de-la-ville-de-dakar-alioune-ndoye-met-son-veto\/\" \/>\n<meta property=\"og:locale\" content=\"fr_FR\" \/>\n<meta property=\"og:type\" content=\"article\" \/>\n<meta property=\"og:title\" content=\"SUPPRESSION DE LA VILLE DE DAKAR - Alioune Ndoye met son v\u00e9to\" \/>\n<meta property=\"og:description\" content=\"NETTALI.COM - Le maire de Dakar plateau, par ailleurs, ministre de la P\u00eache et de l&#039;\u00e9conomie maritime s&#039;est prononc\u00e9 sur la question de la suppression de la ville de Dakar. M\u00eame s&#039;il a mis donn\u00e9 une r\u00e9ponse claire, Alioune Ndoye ne semble pas appr\u00e9cier la volont\u00e9 du gouvernement de supprimer la ville de Dakar. Il [&hellip;]\" \/>\n<meta property=\"og:url\" content=\"https:\/\/www.nettali.com\/2021\/04\/18\/suppression-de-la-ville-de-dakar-alioune-ndoye-met-son-veto\/\" \/>\n<meta property=\"og:site_name\" content=\"Nettali.com\" \/>\n<meta property=\"article:publisher\" content=\"https:\/\/www.facebook.com\/nettalicom\" \/>\n<meta property=\"article:published_time\" content=\"2021-04-18T18:45:57+00:00\" \/>\n<meta property=\"og:image\" content=\"https:\/\/www.nettali.com\/wp-content\/uploads\/2021\/04\/45764962-36816891.jpg\" \/>\n\t<meta property=\"og:image:width\" content=\"863\" \/>\n\t<meta property=\"og:image:height\" content=\"487\" \/>\n<meta name=\"twitter:card\" content=\"summary_large_image\" \/>\n<meta name=\"twitter:label1\" content=\"\u00c9crit par\" \/>\n\t<meta name=\"twitter:data1\" content=\"Ibrahima\" \/>\n\t<meta name=\"twitter:label2\" content=\"Dur\u00e9e de lecture estim\u00e9e\" \/>\n\t<meta name=\"twitter:data2\" content=\"2 minutes\" \/>\n<script type=\"application\/ld+json\" class=\"yoast-schema-graph\">{\"@context\":\"https:\/\/schema.org\",\"@graph\":[{\"@type\":\"WebSite\",\"@id\":\"https:\/\/www.nettali.com\/#website\",\"url\":\"https:\/\/www.nettali.com\/\",\"name\":\"Nettali.com\",\"description\":\"Le rendez-vous critique du Net\",\"potentialAction\":[{\"@type\":\"SearchAction\",\"target\":{\"@type\":\"EntryPoint\",\"urlTemplate\":\"https:\/\/www.nettali.com\/?s={search_term_string}\"},\"query-input\":\"required name=search_term_string\"}],\"inLanguage\":\"fr-FR\"},{\"@type\":\"ImageObject\",\"@id\":\"https:\/\/www.nettali.com\/2021\/04\/18\/suppression-de-la-ville-de-dakar-alioune-ndoye-met-son-veto\/#primaryimage\",\"inLanguage\":\"fr-FR\",\"url\":\"https:\/\/www.nettali.com\/wp-content\/uploads\/2021\/04\/45764962-36816891.jpg\",\"contentUrl\":\"https:\/\/www.nettali.com\/wp-content\/uploads\/2021\/04\/45764962-36816891.jpg\",\"width\":863,\"height\":487},{\"@type\":\"WebPage\",\"@id\":\"https:\/\/www.nettali.com\/2021\/04\/18\/suppression-de-la-ville-de-dakar-alioune-ndoye-met-son-veto\/#webpage\",\"url\":\"https:\/\/www.nettali.com\/2021\/04\/18\/suppression-de-la-ville-de-dakar-alioune-ndoye-met-son-veto\/\",\"name\":\"SUPPRESSION DE LA VILLE DE DAKAR - Alioune Ndoye met son v\\u00e9to | Nettali.com\",\"isPartOf\":{\"@id\":\"https:\/\/www.nettali.com\/#website\"},\"primaryImageOfPage\":{\"@id\":\"https:\/\/www.nettali.com\/2021\/04\/18\/suppression-de-la-ville-de-dakar-alioune-ndoye-met-son-veto\/#primaryimage\"},\"datePublished\":\"2021-04-18T18:45:57+00:00\",\"dateModified\":\"2021-04-18T18:45:57+00:00\",\"author\":{\"@id\":\"https:\/\/www.nettali.com\/#\/schema\/person\/bb147657c2986240405a608162b9bb23\"},\"breadcrumb\":{\"@id\":\"https:\/\/www.nettali.com\/2021\/04\/18\/suppression-de-la-ville-de-dakar-alioune-ndoye-met-son-veto\/#breadcrumb\"},\"inLanguage\":\"fr-FR\",\"potentialAction\":[{\"@type\":\"ReadAction\",\"target\":[\"https:\/\/www.nettali.com\/2021\/04\/18\/suppression-de-la-ville-de-dakar-alioune-ndoye-met-son-veto\/\"]}]},{\"@type\":\"BreadcrumbList\",\"@id\":\"https:\/\/www.nettali.com\/2021\/04\/18\/suppression-de-la-ville-de-dakar-alioune-ndoye-met-son-veto\/#breadcrumb\",\"itemListElement\":[{\"@type\":\"ListItem\",\"position\":1,\"name\":\"Accueil\",\"item\":\"https:\/\/www.nettali.com\/\"},{\"@type\":\"ListItem\",\"position\":2,\"name\":\"SUPPRESSION DE LA VILLE DE DAKAR &#8211; Alioune Ndoye met son v\\u00e9to\"}]},{\"@type\":\"Person\",\"@id\":\"https:\/\/www.nettali.com\/#\/schema\/person\/bb147657c2986240405a608162b9bb23\",\"name\":\"Ibrahima\",\"image\":{\"@type\":\"ImageObject\",\"@id\":\"https:\/\/www.nettali.com\/#personlogo\",\"inLanguage\":\"fr-FR\",\"url\":\"https:\/\/secure.gravatar.com\/avatar\/26a8a81f09f0dd7624c9d5c36c9ba3a2?s=96&d=mm&r=g\",\"contentUrl\":\"https:\/\/secure.gravatar.com\/avatar\/26a8a81f09f0dd7624c9d5c36c9ba3a2?s=96&d=mm&r=g\",\"caption\":\"Ibrahima\"},\"sameAs\":[\"https:\/\/www.nettali.com\"]}]}<\/script>\n<!-- \/ Yoast SEO Premium plugin. -->","yoast_head_json":{"title":"SUPPRESSION DE LA VILLE DE DAKAR - Alioune Ndoye met son v\u00e9to | Nettali.com","robots":{"index":"index","follow":"follow","max-snippet":"max-snippet:-1","max-image-preview":"max-image-preview:large","max-video-preview":"max-video-preview:-1"},"canonical":"https:\/\/www.nettali.com\/2021\/04\/18\/suppression-de-la-ville-de-dakar-alioune-ndoye-met-son-veto\/","og_locale":"fr_FR","og_type":"article","og_title":"SUPPRESSION DE LA VILLE DE DAKAR - Alioune Ndoye met son v\u00e9to","og_description":"NETTALI.COM - Le maire de Dakar plateau, par ailleurs, ministre de la P\u00eache et de l'\u00e9conomie maritime s'est prononc\u00e9 sur la question de la suppression de la ville de Dakar. M\u00eame s'il a mis donn\u00e9 une r\u00e9ponse claire, Alioune Ndoye ne semble pas appr\u00e9cier la volont\u00e9 du gouvernement de supprimer la ville de Dakar. Il [&hellip;]","og_url":"https:\/\/www.nettali.com\/2021\/04\/18\/suppression-de-la-ville-de-dakar-alioune-ndoye-met-son-veto\/","og_site_name":"Nettali.com","article_publisher":"https:\/\/www.facebook.com\/nettalicom","article_published_time":"2021-04-18T18:45:57+00:00","og_image":[{"width":863,"height":487,"url":"https:\/\/www.nettali.com\/wp-content\/uploads\/2021\/04\/45764962-36816891.jpg","type":"image\/jpeg"}],"twitter_card":"summary_large_image","twitter_misc":{"\u00c9crit par":"Ibrahima","Dur\u00e9e de lecture estim\u00e9e":"2 minutes"},"schema":{"@context":"https:\/\/schema.org","@graph":[{"@type":"WebSite","@id":"https:\/\/www.nettali.com\/#website","url":"https:\/\/www.nettali.com\/","name":"Nettali.com","description":"Le rendez-vous critique du Net","potentialAction":[{"@type":"SearchAction","target":{"@type":"EntryPoint","urlTemplate":"https:\/\/www.nettali.com\/?s={search_term_string}"},"query-input":"required name=search_term_string"}],"inLanguage":"fr-FR"},{"@type":"ImageObject","@id":"https:\/\/www.nettali.com\/2021\/04\/18\/suppression-de-la-ville-de-dakar-alioune-ndoye-met-son-veto\/#primaryimage","inLanguage":"fr-FR","url":"https:\/\/www.nettali.com\/wp-content\/uploads\/2021\/04\/45764962-36816891.jpg","contentUrl":"https:\/\/www.nettali.com\/wp-content\/uploads\/2021\/04\/45764962-36816891.jpg","width":863,"height":487},{"@type":"WebPage","@id":"https:\/\/www.nettali.com\/2021\/04\/18\/suppression-de-la-ville-de-dakar-alioune-ndoye-met-son-veto\/#webpage","url":"https:\/\/www.nettali.com\/2021\/04\/18\/suppression-de-la-ville-de-dakar-alioune-ndoye-met-son-veto\/","name":"SUPPRESSION DE LA VILLE DE DAKAR - Alioune Ndoye met son v\u00e9to | Nettali.com","isPartOf":{"@id":"https:\/\/www.nettali.com\/#website"},"primaryImageOfPage":{"@id":"https:\/\/www.nettali.com\/2021\/04\/18\/suppression-de-la-ville-de-dakar-alioune-ndoye-met-son-veto\/#primaryimage"},"datePublished":"2021-04-18T18:45:57+00:00","dateModified":"2021-04-18T18:45:57+00:00","author":{"@id":"https:\/\/www.nettali.com\/#\/schema\/person\/bb147657c2986240405a608162b9bb23"},"breadcrumb":{"@id":"https:\/\/www.nettali.com\/2021\/04\/18\/suppression-de-la-ville-de-dakar-alioune-ndoye-met-son-veto\/#breadcrumb"},"inLanguage":"fr-FR","potentialAction":[{"@type":"ReadAction","target":["https:\/\/www.nettali.com\/2021\/04\/18\/suppression-de-la-ville-de-dakar-alioune-ndoye-met-son-veto\/"]}]},{"@type":"BreadcrumbList","@id":"https:\/\/www.nettali.com\/2021\/04\/18\/suppression-de-la-ville-de-dakar-alioune-ndoye-met-son-veto\/#breadcrumb","itemListElement":[{"@type":"ListItem","position":1,"name":"Accueil","item":"https:\/\/www.nettali.com\/"},{"@type":"ListItem","position":2,"name":"SUPPRESSION DE LA VILLE DE DAKAR &#8211; Alioune Ndoye met son v\u00e9to"}]},{"@type":"Person","@id":"https:\/\/www.nettali.com\/#\/schema\/person\/bb147657c2986240405a608162b9bb23","name":"Ibrahima","image":{"@type":"ImageObject","@id":"https:\/\/www.nettali.com\/#personlogo","inLanguage":"fr-FR","url":"https:\/\/secure.gravatar.com\/avatar\/26a8a81f09f0dd7624c9d5c36c9ba3a2?s=96&d=mm&r=g","contentUrl":"https:\/\/secure.gravatar.com\/avatar\/26a8a81f09f0dd7624c9d5c36c9ba3a2?s=96&d=mm&r=g","caption":"Ibrahima"},"sameAs":["https:\/\/www.nettali.com"]}]}},"_links":{"self":[{"href":"https:\/\/www.nettali.com\/rest\/wp\/v2\/posts\/62142"}],"collection":[{"href":"https:\/\/www.nettali.com\/rest\/wp\/v2\/posts"}],"about":[{"href":"https:\/\/www.nettali.com\/rest\/wp\/v2\/types\/post"}],"author":[{"embeddable":true,"href":"https:\/\/www.nettali.com\/rest\/wp\/v2\/users\/5"}],"replies":[{"embeddable":true,"href":"https:\/\/www.nettali.com\/rest\/wp\/v2\/comments?post=62142"}],"version-history":[{"count":2,"href":"https:\/\/www.nettali.com\/rest\/wp\/v2\/posts\/62142\/revisions"}],"predecessor-version":[{"id":62148,"href":"https:\/\/www.nettali.com\/rest\/wp\/v2\/posts\/62142\/revisions\/62148"}],"wp:featuredmedia":[{"embeddable":true,"href":"https:\/\/www.nettali.com\/rest\/wp\/v2\/media\/62144"}],"wp:attachment":[{"href":"https:\/\/www.nettali.com\/rest\/wp\/v2\/media?parent=62142"}],"wp:term":[{"taxonomy":"category","embeddable":true,"href":"https:\/\/www.nettali.com\/rest\/wp\/v2\/categories?post=62142"},{"taxonomy":"post_tag","embeddable":true,"href":"https:\/\/www.nettali.com\/rest\/wp\/v2\/tags?post=62142"}],"curies":[{"name":"wp","href":"https:\/\/api.w.org\/{rel}","templated":true}]}}