{"id":62043,"date":"2021-04-16T19:02:04","date_gmt":"2021-04-16T19:02:04","guid":{"rendered":"https:\/\/www.nettali.com\/?p=62043"},"modified":"2021-04-17T02:56:51","modified_gmt":"2021-04-17T02:56:51","slug":"liberation-temporaire-de-habre-le-veto-des-nations-unies","status":"publish","type":"post","link":"https:\/\/www.nettali.com\/2021\/04\/16\/liberation-temporaire-de-habre-le-veto-des-nations-unies\/","title":{"rendered":"LIBERATION TEMPORAIRE DE HABRE \u2013 Le veto des Nations Unies"},"content":{"rendered":"<p><strong>NETTALI.COM - L\u2019id\u00e9e d\u2019accorder une lib\u00e9ration temporaire \u00e0 Hiss\u00e8ne Habr\u00e9 n\u2019emporte pas l\u2019adh\u00e9sion de l\u2019Organisation des Nations Unies. Les rapports de la commission mise en place \u00e0 cet effet estiment que le maintien en d\u00e9tention de M.\u00a0Habr\u00e9 est essentiel pour lui permettre de r\u00e9pondre \u00e0 des graves crimes qu\u2019il a commis et pour garantir l\u2019acc\u00e8s des victimes \u00e0 la justice et \u00e0 la r\u00e9paration, tout en assurant l\u2019int\u00e9grit\u00e9 physique du d\u00e9tenu.<\/strong><\/p>\n<p>Des rapporteurs sur la promotion de la v\u00e9rit\u00e9, de la justice, de la r\u00e9paration et des garanties de non-r\u00e9p\u00e9tition, sur les ex\u00e9cutions extrajudiciaires, sommaires ou arbitraires, sur le droit \u00e0 la sant\u00e9 et sur la torture, de l\u2019organisation internationale, ont saisi le S\u00e9n\u00e9gal pour s\u2019opposer \u00e0 l\u2019id\u00e9e d\u2019accorder une lib\u00e9ration temporaire \u00e0 l\u2019ancien pr\u00e9sident de la R\u00e9publique tchadienne.<\/p>\n<p>\" Nos plus graves pr\u00e9occupations quant \u00e0 la lib\u00e9ration temporaire de l\u2019ancien pr\u00e9sident du Tchad, dans le contexte de la pand\u00e9mie Covid-19, sans justification apparente de sant\u00e9 publique, en violation des normes internationales concernant la responsabilit\u00e9 des violations flagrantes des droits de l\u2019homme. Nous soulignons que le maintien en d\u00e9tention de M. Habr\u00e9 est essentiel pour lui permettre de r\u00e9pondre \u00e0 des graves crimes qu\u2019il a commis et pour garantir l\u2019acc\u00e8s des victimes \u00e0 la justice et \u00e0 la r\u00e9paration, tout en assurant l\u2019int\u00e9grit\u00e9 physique du d\u00e9tenu\", \u00e9crivent-ils, dans une missive.<\/p>\n<p>C\u2019est au moment o\u00f9 le juge d\u2019application des peines, saisi par les avocats de Hiss\u00e8ne Habr\u00e9, examine leur requ\u00eate portant sur une autorisation de sortie de prison de six mois.<\/p>\n<p>Mes Ibrahima Diawara et Fran\u00e7ois Serres ont motiv\u00e9 leur demande par l\u2019\u00e9tat de sant\u00e9 de leur client, qui serait \"pr\u00e9occupant\". Entre autres arguments, ils ont soulign\u00e9 que l\u2019ancien chef de l\u2019\u00c9tat tchadien, \"en raison de son \u00e2ge et du temps froid qu\u2019il fait dans son lieu de d\u00e9tention et de l\u2019humidit\u00e9, encha\u00eene grippe, rhume et angine. Cette situation met en exergue des risques patents qui s\u2019il se voyait contamin\u00e9 (par la Covid-19), comporteraient des risques consid\u00e9rables sur sa vie.\"<\/p>\n<p>&nbsp;<\/p>\n<div class='share-to-whatsapp-wrapper'><div class='share-on-whsp'>PARTAGER SUR : <\/div><a data-text='LIBERATION TEMPORAIRE DE HABRE \u2013 Le veto des Nations Unies' data-link='https:\/\/www.nettali.com\/2021\/04\/16\/liberation-temporaire-de-habre-le-veto-des-nations-unies\/' class='whatsapp-button whatsapp-share'>WhatsApp<\/a><div class='clear '><\/div><\/div>","protected":false},"excerpt":{"rendered":"<p>NETTALI.COM - L\u2019id\u00e9e d\u2019accorder une lib\u00e9ration temporaire \u00e0 Hiss\u00e8ne Habr\u00e9 n\u2019emporte pas l\u2019adh\u00e9sion de l\u2019Organisation des Nations Unies. Les rapports de la commission mise en place \u00e0 cet effet estiment que le maintien en d\u00e9tention de M.\u00a0Habr\u00e9 est essentiel pour lui permettre de r\u00e9pondre \u00e0 des graves crimes qu\u2019il a commis et pour garantir l\u2019acc\u00e8s [&hellip;]<\/p>\n","protected":false},"author":11,"featured_media":27171,"comment_status":"open","ping_status":"open","sticky":false,"template":"","format":"standard","meta":{"_et_pb_use_builder":"","_et_pb_old_content":""},"categories":[3],"tags":[],"yoast_head":"<!-- This site is optimized with the Yoast SEO Premium plugin v17.8 (Yoast SEO v17.8) - https:\/\/yoast.com\/wordpress\/plugins\/seo\/ -->\n<title>LIBERATION TEMPORAIRE DE HABRE \u2013 Le veto des Nations Unies | Nettali.com<\/title>\n<meta name=\"robots\" content=\"index, follow, max-snippet:-1, max-image-preview:large, max-video-preview:-1\" \/>\n<link rel=\"canonical\" href=\"https:\/\/www.nettali.com\/2021\/04\/16\/liberation-temporaire-de-habre-le-veto-des-nations-unies\/\" \/>\n<meta property=\"og:locale\" content=\"fr_FR\" \/>\n<meta property=\"og:type\" content=\"article\" \/>\n<meta property=\"og:title\" content=\"LIBERATION TEMPORAIRE DE HABRE \u2013 Le veto des Nations Unies\" \/>\n<meta property=\"og:description\" content=\"NETTALI.COM - L\u2019id\u00e9e d\u2019accorder une lib\u00e9ration temporaire \u00e0 Hiss\u00e8ne Habr\u00e9 n\u2019emporte pas l\u2019adh\u00e9sion de l\u2019Organisation des Nations Unies. Les rapports de la commission mise en place \u00e0 cet effet estiment que le maintien en d\u00e9tention de M.\u00a0Habr\u00e9 est essentiel pour lui permettre de r\u00e9pondre \u00e0 des graves crimes qu\u2019il a commis et pour garantir l\u2019acc\u00e8s [&hellip;]\" \/>\n<meta property=\"og:url\" content=\"https:\/\/www.nettali.com\/2021\/04\/16\/liberation-temporaire-de-habre-le-veto-des-nations-unies\/\" \/>\n<meta property=\"og:site_name\" content=\"Nettali.com\" \/>\n<meta property=\"article:publisher\" content=\"https:\/\/www.facebook.com\/nettalicom\" \/>\n<meta property=\"article:published_time\" content=\"2021-04-16T19:02:04+00:00\" \/>\n<meta property=\"article:modified_time\" content=\"2021-04-17T02:56:51+00:00\" \/>\n<meta property=\"og:image\" content=\"https:\/\/www.nettali.com\/wp-content\/uploads\/2020\/01\/Hissene-Habre-sortie-tribunal-Dakar-3-2015_0_729_487.jpg\" \/>\n\t<meta property=\"og:image:width\" content=\"729\" \/>\n\t<meta property=\"og:image:height\" content=\"487\" \/>\n<meta name=\"twitter:card\" content=\"summary_large_image\" \/>\n<meta name=\"twitter:label1\" content=\"\u00c9crit par\" \/>\n\t<meta name=\"twitter:data1\" content=\"Thierno Diop\" \/>\n\t<meta name=\"twitter:label2\" content=\"Dur\u00e9e de lecture estim\u00e9e\" \/>\n\t<meta name=\"twitter:data2\" content=\"2 minutes\" \/>\n<script type=\"application\/ld+json\" class=\"yoast-schema-graph\">{\"@context\":\"https:\/\/schema.org\",\"@graph\":[{\"@type\":\"WebSite\",\"@id\":\"https:\/\/www.nettali.com\/#website\",\"url\":\"https:\/\/www.nettali.com\/\",\"name\":\"Nettali.com\",\"description\":\"Le rendez-vous critique du Net\",\"potentialAction\":[{\"@type\":\"SearchAction\",\"target\":{\"@type\":\"EntryPoint\",\"urlTemplate\":\"https:\/\/www.nettali.com\/?s={search_term_string}\"},\"query-input\":\"required name=search_term_string\"}],\"inLanguage\":\"fr-FR\"},{\"@type\":\"ImageObject\",\"@id\":\"https:\/\/www.nettali.com\/2021\/04\/16\/liberation-temporaire-de-habre-le-veto-des-nations-unies\/#primaryimage\",\"inLanguage\":\"fr-FR\",\"url\":\"https:\/\/www.nettali.com\/wp-content\/uploads\/2020\/01\/Hissene-Habre-sortie-tribunal-Dakar-3-2015_0_729_487.jpg\",\"contentUrl\":\"https:\/\/www.nettali.com\/wp-content\/uploads\/2020\/01\/Hissene-Habre-sortie-tribunal-Dakar-3-2015_0_729_487.jpg\",\"width\":729,\"height\":487},{\"@type\":\"WebPage\",\"@id\":\"https:\/\/www.nettali.com\/2021\/04\/16\/liberation-temporaire-de-habre-le-veto-des-nations-unies\/#webpage\",\"url\":\"https:\/\/www.nettali.com\/2021\/04\/16\/liberation-temporaire-de-habre-le-veto-des-nations-unies\/\",\"name\":\"LIBERATION TEMPORAIRE DE HABRE \\u2013 Le veto des Nations Unies | Nettali.com\",\"isPartOf\":{\"@id\":\"https:\/\/www.nettali.com\/#website\"},\"primaryImageOfPage\":{\"@id\":\"https:\/\/www.nettali.com\/2021\/04\/16\/liberation-temporaire-de-habre-le-veto-des-nations-unies\/#primaryimage\"},\"datePublished\":\"2021-04-16T19:02:04+00:00\",\"dateModified\":\"2021-04-17T02:56:51+00:00\",\"author\":{\"@id\":\"https:\/\/www.nettali.com\/#\/schema\/person\/8a06c6bd7b19304cf4bf985862900b5b\"},\"breadcrumb\":{\"@id\":\"https:\/\/www.nettali.com\/2021\/04\/16\/liberation-temporaire-de-habre-le-veto-des-nations-unies\/#breadcrumb\"},\"inLanguage\":\"fr-FR\",\"potentialAction\":[{\"@type\":\"ReadAction\",\"target\":[\"https:\/\/www.nettali.com\/2021\/04\/16\/liberation-temporaire-de-habre-le-veto-des-nations-unies\/\"]}]},{\"@type\":\"BreadcrumbList\",\"@id\":\"https:\/\/www.nettali.com\/2021\/04\/16\/liberation-temporaire-de-habre-le-veto-des-nations-unies\/#breadcrumb\",\"itemListElement\":[{\"@type\":\"ListItem\",\"position\":1,\"name\":\"Accueil\",\"item\":\"https:\/\/www.nettali.com\/\"},{\"@type\":\"ListItem\",\"position\":2,\"name\":\"LIBERATION TEMPORAIRE DE HABRE \\u2013 Le veto des Nations Unies\"}]},{\"@type\":\"Person\",\"@id\":\"https:\/\/www.nettali.com\/#\/schema\/person\/8a06c6bd7b19304cf4bf985862900b5b\",\"name\":\"Thierno Diop\",\"image\":{\"@type\":\"ImageObject\",\"@id\":\"https:\/\/www.nettali.com\/#personlogo\",\"inLanguage\":\"fr-FR\",\"url\":\"https:\/\/secure.gravatar.com\/avatar\/c8ca58550c94fd2ac856d27391a6c866?s=96&d=mm&r=g\",\"contentUrl\":\"https:\/\/secure.gravatar.com\/avatar\/c8ca58550c94fd2ac856d27391a6c866?s=96&d=mm&r=g\",\"caption\":\"Thierno Diop\"},\"sameAs\":[\"https:\/\/nettali.com\"]}]}<\/script>\n<!-- \/ Yoast SEO Premium plugin. -->","yoast_head_json":{"title":"LIBERATION TEMPORAIRE DE HABRE \u2013 Le veto des Nations Unies | Nettali.com","robots":{"index":"index","follow":"follow","max-snippet":"max-snippet:-1","max-image-preview":"max-image-preview:large","max-video-preview":"max-video-preview:-1"},"canonical":"https:\/\/www.nettali.com\/2021\/04\/16\/liberation-temporaire-de-habre-le-veto-des-nations-unies\/","og_locale":"fr_FR","og_type":"article","og_title":"LIBERATION TEMPORAIRE DE HABRE \u2013 Le veto des Nations Unies","og_description":"NETTALI.COM - L\u2019id\u00e9e d\u2019accorder une lib\u00e9ration temporaire \u00e0 Hiss\u00e8ne Habr\u00e9 n\u2019emporte pas l\u2019adh\u00e9sion de l\u2019Organisation des Nations Unies. Les rapports de la commission mise en place \u00e0 cet effet estiment que le maintien en d\u00e9tention de M.\u00a0Habr\u00e9 est essentiel pour lui permettre de r\u00e9pondre \u00e0 des graves crimes qu\u2019il a commis et pour garantir l\u2019acc\u00e8s [&hellip;]","og_url":"https:\/\/www.nettali.com\/2021\/04\/16\/liberation-temporaire-de-habre-le-veto-des-nations-unies\/","og_site_name":"Nettali.com","article_publisher":"https:\/\/www.facebook.com\/nettalicom","article_published_time":"2021-04-16T19:02:04+00:00","article_modified_time":"2021-04-17T02:56:51+00:00","og_image":[{"width":729,"height":487,"url":"https:\/\/www.nettali.com\/wp-content\/uploads\/2020\/01\/Hissene-Habre-sortie-tribunal-Dakar-3-2015_0_729_487.jpg","type":"image\/jpeg"}],"twitter_card":"summary_large_image","twitter_misc":{"\u00c9crit par":"Thierno Diop","Dur\u00e9e de lecture estim\u00e9e":"2 minutes"},"schema":{"@context":"https:\/\/schema.org","@graph":[{"@type":"WebSite","@id":"https:\/\/www.nettali.com\/#website","url":"https:\/\/www.nettali.com\/","name":"Nettali.com","description":"Le rendez-vous critique du Net","potentialAction":[{"@type":"SearchAction","target":{"@type":"EntryPoint","urlTemplate":"https:\/\/www.nettali.com\/?s={search_term_string}"},"query-input":"required name=search_term_string"}],"inLanguage":"fr-FR"},{"@type":"ImageObject","@id":"https:\/\/www.nettali.com\/2021\/04\/16\/liberation-temporaire-de-habre-le-veto-des-nations-unies\/#primaryimage","inLanguage":"fr-FR","url":"https:\/\/www.nettali.com\/wp-content\/uploads\/2020\/01\/Hissene-Habre-sortie-tribunal-Dakar-3-2015_0_729_487.jpg","contentUrl":"https:\/\/www.nettali.com\/wp-content\/uploads\/2020\/01\/Hissene-Habre-sortie-tribunal-Dakar-3-2015_0_729_487.jpg","width":729,"height":487},{"@type":"WebPage","@id":"https:\/\/www.nettali.com\/2021\/04\/16\/liberation-temporaire-de-habre-le-veto-des-nations-unies\/#webpage","url":"https:\/\/www.nettali.com\/2021\/04\/16\/liberation-temporaire-de-habre-le-veto-des-nations-unies\/","name":"LIBERATION TEMPORAIRE DE HABRE \u2013 Le veto des Nations Unies | Nettali.com","isPartOf":{"@id":"https:\/\/www.nettali.com\/#website"},"primaryImageOfPage":{"@id":"https:\/\/www.nettali.com\/2021\/04\/16\/liberation-temporaire-de-habre-le-veto-des-nations-unies\/#primaryimage"},"datePublished":"2021-04-16T19:02:04+00:00","dateModified":"2021-04-17T02:56:51+00:00","author":{"@id":"https:\/\/www.nettali.com\/#\/schema\/person\/8a06c6bd7b19304cf4bf985862900b5b"},"breadcrumb":{"@id":"https:\/\/www.nettali.com\/2021\/04\/16\/liberation-temporaire-de-habre-le-veto-des-nations-unies\/#breadcrumb"},"inLanguage":"fr-FR","potentialAction":[{"@type":"ReadAction","target":["https:\/\/www.nettali.com\/2021\/04\/16\/liberation-temporaire-de-habre-le-veto-des-nations-unies\/"]}]},{"@type":"BreadcrumbList","@id":"https:\/\/www.nettali.com\/2021\/04\/16\/liberation-temporaire-de-habre-le-veto-des-nations-unies\/#breadcrumb","itemListElement":[{"@type":"ListItem","position":1,"name":"Accueil","item":"https:\/\/www.nettali.com\/"},{"@type":"ListItem","position":2,"name":"LIBERATION TEMPORAIRE DE HABRE \u2013 Le veto des Nations Unies"}]},{"@type":"Person","@id":"https:\/\/www.nettali.com\/#\/schema\/person\/8a06c6bd7b19304cf4bf985862900b5b","name":"Thierno Diop","image":{"@type":"ImageObject","@id":"https:\/\/www.nettali.com\/#personlogo","inLanguage":"fr-FR","url":"https:\/\/secure.gravatar.com\/avatar\/c8ca58550c94fd2ac856d27391a6c866?s=96&d=mm&r=g","contentUrl":"https:\/\/secure.gravatar.com\/avatar\/c8ca58550c94fd2ac856d27391a6c866?s=96&d=mm&r=g","caption":"Thierno Diop"},"sameAs":["https:\/\/nettali.com"]}]}},"_links":{"self":[{"href":"https:\/\/www.nettali.com\/rest\/wp\/v2\/posts\/62043"}],"collection":[{"href":"https:\/\/www.nettali.com\/rest\/wp\/v2\/posts"}],"about":[{"href":"https:\/\/www.nettali.com\/rest\/wp\/v2\/types\/post"}],"author":[{"embeddable":true,"href":"https:\/\/www.nettali.com\/rest\/wp\/v2\/users\/11"}],"replies":[{"embeddable":true,"href":"https:\/\/www.nettali.com\/rest\/wp\/v2\/comments?post=62043"}],"version-history":[{"count":1,"href":"https:\/\/www.nettali.com\/rest\/wp\/v2\/posts\/62043\/revisions"}],"predecessor-version":[{"id":62045,"href":"https:\/\/www.nettali.com\/rest\/wp\/v2\/posts\/62043\/revisions\/62045"}],"wp:featuredmedia":[{"embeddable":true,"href":"https:\/\/www.nettali.com\/rest\/wp\/v2\/media\/27171"}],"wp:attachment":[{"href":"https:\/\/www.nettali.com\/rest\/wp\/v2\/media?parent=62043"}],"wp:term":[{"taxonomy":"category","embeddable":true,"href":"https:\/\/www.nettali.com\/rest\/wp\/v2\/categories?post=62043"},{"taxonomy":"post_tag","embeddable":true,"href":"https:\/\/www.nettali.com\/rest\/wp\/v2\/tags?post=62043"}],"curies":[{"name":"wp","href":"https:\/\/api.w.org\/{rel}","templated":true}]}}