{"id":61971,"date":"2021-04-15T21:38:47","date_gmt":"2021-04-15T21:38:47","guid":{"rendered":"https:\/\/www.nettali.com\/?p=61971"},"modified":"2021-04-16T11:07:31","modified_gmt":"2021-04-16T11:07:31","slug":"fermeture-du-campus-social-le-coud-se-declare-incompetent","status":"publish","type":"post","link":"https:\/\/www.nettali.com\/2021\/04\/15\/fermeture-du-campus-social-le-coud-se-declare-incompetent\/","title":{"rendered":"FERMETURE DU CAMPUS SOCIAL \u2013 Le Coud se d\u00e9clare incomp\u00e9tent"},"content":{"rendered":"<p><strong>NETTALI.COM \u2013 La proposition du Conseil restreint de l\u2019Universit\u00e9 de Dakar demandant la fermeture du campus social est loin de faire l\u2019unanimit\u00e9. Apr\u00e8s le niet des \u00e9tudiants, c\u2019est le Centre des \u0153uvres universitaires de Dakar (Coud) qui se sort un communiqu\u00e9 pour se d\u00e9clarer incomp\u00e9tent. <\/strong><\/p>\n<p>Fermeture imm\u00e9diate du campus social. Une proposition du Conseil restreint de l\u2019Universit\u00e9 Cheikh Anta Diop de Dakar suite aux \u00e9v\u00e8nements survenus dans le campus social. Une proposition que rejettent totalement les \u00e9tudiants. Mais ils ne sont plus les seuls \u00e0 dire non. Dans un communiqu\u00e9, la direction du Centre des \u0153uvres universitaires de Dakar (Coud) ne se montre pas pr\u00eate \u00e0 fermer campus. \"<em>Sur l\u2019invite du Conseil restreint de l\u2019Assembl\u00e9e de l\u2019Universit\u00e9 Cheikh Anta Diop \u00e0 proc\u00e9der \u00e0 la fermeture du campus social, le Conseil d\u2019administration du Coud a retenu, apr\u00e8s analyse, qu\u2019il n\u2019est pas comp\u00e9tent pour prendre une telle d\u00e9cision<\/em>\", souligne un communiqu\u00e9 du Coud sign\u00e9 par son directeur g\u00e9n\u00e9ral. \"<em>Par cons\u00e9quent<\/em>, ajoute Maguette S\u00e8ne, <em>la proposition de fermer le campus social n\u2019a pas \u00e9t\u00e9 retenue<\/em>.\"<\/p>\n<p><em>\"Toutefois,<\/em> souligne le communiqu\u00e9, <em>la direction du Coud r\u00e9it\u00e8re son engagement et sa d\u00e9termination \u00e0 ne m\u00e9nager aucun effort pour la pr\u00e9servation de la paix sociale dans les campus sous son ressort.<\/em>\"<\/p>\n<div class='share-to-whatsapp-wrapper'><div class='share-on-whsp'>PARTAGER SUR : <\/div><a data-text='FERMETURE DU CAMPUS SOCIAL \u2013 Le Coud se d\u00e9clare incomp\u00e9tent' data-link='https:\/\/www.nettali.com\/2021\/04\/15\/fermeture-du-campus-social-le-coud-se-declare-incompetent\/' class='whatsapp-button whatsapp-share'>WhatsApp<\/a><div class='clear '><\/div><\/div>","protected":false},"excerpt":{"rendered":"<p>NETTALI.COM \u2013 La proposition du Conseil restreint de l\u2019Universit\u00e9 de Dakar demandant la fermeture du campus social est loin de faire l\u2019unanimit\u00e9. Apr\u00e8s le niet des \u00e9tudiants, c\u2019est le Centre des \u0153uvres universitaires de Dakar (Coud) qui se sort un communiqu\u00e9 pour se d\u00e9clarer incomp\u00e9tent. Fermeture imm\u00e9diate du campus social. Une proposition du Conseil restreint [&hellip;]<\/p>\n","protected":false},"author":3,"featured_media":61681,"comment_status":"open","ping_status":"open","sticky":false,"template":"","format":"standard","meta":{"_et_pb_use_builder":"","_et_pb_old_content":""},"categories":[3],"tags":[],"yoast_head":"<!-- This site is optimized with the Yoast SEO Premium plugin v17.8 (Yoast SEO v17.8) - https:\/\/yoast.com\/wordpress\/plugins\/seo\/ -->\n<title>FERMETURE DU CAMPUS SOCIAL \u2013 Le Coud se d\u00e9clare incomp\u00e9tent | Nettali.com<\/title>\n<meta name=\"robots\" content=\"index, follow, max-snippet:-1, max-image-preview:large, max-video-preview:-1\" \/>\n<link rel=\"canonical\" href=\"https:\/\/www.nettali.com\/2021\/04\/15\/fermeture-du-campus-social-le-coud-se-declare-incompetent\/\" \/>\n<meta property=\"og:locale\" content=\"fr_FR\" \/>\n<meta property=\"og:type\" content=\"article\" \/>\n<meta property=\"og:title\" content=\"FERMETURE DU CAMPUS SOCIAL \u2013 Le Coud se d\u00e9clare incomp\u00e9tent\" \/>\n<meta property=\"og:description\" content=\"NETTALI.COM \u2013 La proposition du Conseil restreint de l\u2019Universit\u00e9 de Dakar demandant la fermeture du campus social est loin de faire l\u2019unanimit\u00e9. Apr\u00e8s le niet des \u00e9tudiants, c\u2019est le Centre des \u0153uvres universitaires de Dakar (Coud) qui se sort un communiqu\u00e9 pour se d\u00e9clarer incomp\u00e9tent. Fermeture imm\u00e9diate du campus social. Une proposition du Conseil restreint [&hellip;]\" \/>\n<meta property=\"og:url\" content=\"https:\/\/www.nettali.com\/2021\/04\/15\/fermeture-du-campus-social-le-coud-se-declare-incompetent\/\" \/>\n<meta property=\"og:site_name\" content=\"Nettali.com\" \/>\n<meta property=\"article:publisher\" content=\"https:\/\/www.facebook.com\/nettalicom\" \/>\n<meta property=\"article:published_time\" content=\"2021-04-15T21:38:47+00:00\" \/>\n<meta property=\"article:modified_time\" content=\"2021-04-16T11:07:31+00:00\" \/>\n<meta property=\"og:image\" content=\"https:\/\/www.nettali.com\/wp-content\/uploads\/2021\/04\/arton17802.jpg\" \/>\n\t<meta property=\"og:image:width\" content=\"755\" \/>\n\t<meta property=\"og:image:height\" content=\"450\" \/>\n<meta name=\"twitter:card\" content=\"summary_large_image\" \/>\n<meta name=\"twitter:label1\" content=\"\u00c9crit par\" \/>\n\t<meta name=\"twitter:data1\" content=\"Moustapha\" \/>\n\t<meta name=\"twitter:label2\" content=\"Dur\u00e9e de lecture estim\u00e9e\" \/>\n\t<meta name=\"twitter:data2\" content=\"1 minute\" \/>\n<script type=\"application\/ld+json\" class=\"yoast-schema-graph\">{\"@context\":\"https:\/\/schema.org\",\"@graph\":[{\"@type\":\"WebSite\",\"@id\":\"https:\/\/www.nettali.com\/#website\",\"url\":\"https:\/\/www.nettali.com\/\",\"name\":\"Nettali.com\",\"description\":\"Le rendez-vous critique du Net\",\"potentialAction\":[{\"@type\":\"SearchAction\",\"target\":{\"@type\":\"EntryPoint\",\"urlTemplate\":\"https:\/\/www.nettali.com\/?s={search_term_string}\"},\"query-input\":\"required name=search_term_string\"}],\"inLanguage\":\"fr-FR\"},{\"@type\":\"ImageObject\",\"@id\":\"https:\/\/www.nettali.com\/2021\/04\/15\/fermeture-du-campus-social-le-coud-se-declare-incompetent\/#primaryimage\",\"inLanguage\":\"fr-FR\",\"url\":\"https:\/\/www.nettali.com\/wp-content\/uploads\/2021\/04\/arton17802.jpg\",\"contentUrl\":\"https:\/\/www.nettali.com\/wp-content\/uploads\/2021\/04\/arton17802.jpg\",\"width\":755,\"height\":450},{\"@type\":\"WebPage\",\"@id\":\"https:\/\/www.nettali.com\/2021\/04\/15\/fermeture-du-campus-social-le-coud-se-declare-incompetent\/#webpage\",\"url\":\"https:\/\/www.nettali.com\/2021\/04\/15\/fermeture-du-campus-social-le-coud-se-declare-incompetent\/\",\"name\":\"FERMETURE DU CAMPUS SOCIAL \\u2013 Le Coud se d\\u00e9clare incomp\\u00e9tent | Nettali.com\",\"isPartOf\":{\"@id\":\"https:\/\/www.nettali.com\/#website\"},\"primaryImageOfPage\":{\"@id\":\"https:\/\/www.nettali.com\/2021\/04\/15\/fermeture-du-campus-social-le-coud-se-declare-incompetent\/#primaryimage\"},\"datePublished\":\"2021-04-15T21:38:47+00:00\",\"dateModified\":\"2021-04-16T11:07:31+00:00\",\"author\":{\"@id\":\"https:\/\/www.nettali.com\/#\/schema\/person\/7962a12a6e0267f88f0ffa544c36469a\"},\"breadcrumb\":{\"@id\":\"https:\/\/www.nettali.com\/2021\/04\/15\/fermeture-du-campus-social-le-coud-se-declare-incompetent\/#breadcrumb\"},\"inLanguage\":\"fr-FR\",\"potentialAction\":[{\"@type\":\"ReadAction\",\"target\":[\"https:\/\/www.nettali.com\/2021\/04\/15\/fermeture-du-campus-social-le-coud-se-declare-incompetent\/\"]}]},{\"@type\":\"BreadcrumbList\",\"@id\":\"https:\/\/www.nettali.com\/2021\/04\/15\/fermeture-du-campus-social-le-coud-se-declare-incompetent\/#breadcrumb\",\"itemListElement\":[{\"@type\":\"ListItem\",\"position\":1,\"name\":\"Accueil\",\"item\":\"https:\/\/www.nettali.com\/\"},{\"@type\":\"ListItem\",\"position\":2,\"name\":\"FERMETURE DU CAMPUS SOCIAL \\u2013 Le Coud se d\\u00e9clare incomp\\u00e9tent\"}]},{\"@type\":\"Person\",\"@id\":\"https:\/\/www.nettali.com\/#\/schema\/person\/7962a12a6e0267f88f0ffa544c36469a\",\"name\":\"Moustapha\",\"image\":{\"@type\":\"ImageObject\",\"@id\":\"https:\/\/www.nettali.com\/#personlogo\",\"inLanguage\":\"fr-FR\",\"url\":\"https:\/\/secure.gravatar.com\/avatar\/10fdf6a071cccdcf374e3dbe45159590?s=96&d=mm&r=g\",\"contentUrl\":\"https:\/\/secure.gravatar.com\/avatar\/10fdf6a071cccdcf374e3dbe45159590?s=96&d=mm&r=g\",\"caption\":\"Moustapha\"},\"sameAs\":[\"https:\/\/www.nettali.com\"]}]}<\/script>\n<!-- \/ Yoast SEO Premium plugin. -->","yoast_head_json":{"title":"FERMETURE DU CAMPUS SOCIAL \u2013 Le Coud se d\u00e9clare incomp\u00e9tent | Nettali.com","robots":{"index":"index","follow":"follow","max-snippet":"max-snippet:-1","max-image-preview":"max-image-preview:large","max-video-preview":"max-video-preview:-1"},"canonical":"https:\/\/www.nettali.com\/2021\/04\/15\/fermeture-du-campus-social-le-coud-se-declare-incompetent\/","og_locale":"fr_FR","og_type":"article","og_title":"FERMETURE DU CAMPUS SOCIAL \u2013 Le Coud se d\u00e9clare incomp\u00e9tent","og_description":"NETTALI.COM \u2013 La proposition du Conseil restreint de l\u2019Universit\u00e9 de Dakar demandant la fermeture du campus social est loin de faire l\u2019unanimit\u00e9. Apr\u00e8s le niet des \u00e9tudiants, c\u2019est le Centre des \u0153uvres universitaires de Dakar (Coud) qui se sort un communiqu\u00e9 pour se d\u00e9clarer incomp\u00e9tent. Fermeture imm\u00e9diate du campus social. Une proposition du Conseil restreint [&hellip;]","og_url":"https:\/\/www.nettali.com\/2021\/04\/15\/fermeture-du-campus-social-le-coud-se-declare-incompetent\/","og_site_name":"Nettali.com","article_publisher":"https:\/\/www.facebook.com\/nettalicom","article_published_time":"2021-04-15T21:38:47+00:00","article_modified_time":"2021-04-16T11:07:31+00:00","og_image":[{"width":755,"height":450,"url":"https:\/\/www.nettali.com\/wp-content\/uploads\/2021\/04\/arton17802.jpg","type":"image\/jpeg"}],"twitter_card":"summary_large_image","twitter_misc":{"\u00c9crit par":"Moustapha","Dur\u00e9e de lecture estim\u00e9e":"1 minute"},"schema":{"@context":"https:\/\/schema.org","@graph":[{"@type":"WebSite","@id":"https:\/\/www.nettali.com\/#website","url":"https:\/\/www.nettali.com\/","name":"Nettali.com","description":"Le rendez-vous critique du Net","potentialAction":[{"@type":"SearchAction","target":{"@type":"EntryPoint","urlTemplate":"https:\/\/www.nettali.com\/?s={search_term_string}"},"query-input":"required name=search_term_string"}],"inLanguage":"fr-FR"},{"@type":"ImageObject","@id":"https:\/\/www.nettali.com\/2021\/04\/15\/fermeture-du-campus-social-le-coud-se-declare-incompetent\/#primaryimage","inLanguage":"fr-FR","url":"https:\/\/www.nettali.com\/wp-content\/uploads\/2021\/04\/arton17802.jpg","contentUrl":"https:\/\/www.nettali.com\/wp-content\/uploads\/2021\/04\/arton17802.jpg","width":755,"height":450},{"@type":"WebPage","@id":"https:\/\/www.nettali.com\/2021\/04\/15\/fermeture-du-campus-social-le-coud-se-declare-incompetent\/#webpage","url":"https:\/\/www.nettali.com\/2021\/04\/15\/fermeture-du-campus-social-le-coud-se-declare-incompetent\/","name":"FERMETURE DU CAMPUS SOCIAL \u2013 Le Coud se d\u00e9clare incomp\u00e9tent | Nettali.com","isPartOf":{"@id":"https:\/\/www.nettali.com\/#website"},"primaryImageOfPage":{"@id":"https:\/\/www.nettali.com\/2021\/04\/15\/fermeture-du-campus-social-le-coud-se-declare-incompetent\/#primaryimage"},"datePublished":"2021-04-15T21:38:47+00:00","dateModified":"2021-04-16T11:07:31+00:00","author":{"@id":"https:\/\/www.nettali.com\/#\/schema\/person\/7962a12a6e0267f88f0ffa544c36469a"},"breadcrumb":{"@id":"https:\/\/www.nettali.com\/2021\/04\/15\/fermeture-du-campus-social-le-coud-se-declare-incompetent\/#breadcrumb"},"inLanguage":"fr-FR","potentialAction":[{"@type":"ReadAction","target":["https:\/\/www.nettali.com\/2021\/04\/15\/fermeture-du-campus-social-le-coud-se-declare-incompetent\/"]}]},{"@type":"BreadcrumbList","@id":"https:\/\/www.nettali.com\/2021\/04\/15\/fermeture-du-campus-social-le-coud-se-declare-incompetent\/#breadcrumb","itemListElement":[{"@type":"ListItem","position":1,"name":"Accueil","item":"https:\/\/www.nettali.com\/"},{"@type":"ListItem","position":2,"name":"FERMETURE DU CAMPUS SOCIAL \u2013 Le Coud se d\u00e9clare incomp\u00e9tent"}]},{"@type":"Person","@id":"https:\/\/www.nettali.com\/#\/schema\/person\/7962a12a6e0267f88f0ffa544c36469a","name":"Moustapha","image":{"@type":"ImageObject","@id":"https:\/\/www.nettali.com\/#personlogo","inLanguage":"fr-FR","url":"https:\/\/secure.gravatar.com\/avatar\/10fdf6a071cccdcf374e3dbe45159590?s=96&d=mm&r=g","contentUrl":"https:\/\/secure.gravatar.com\/avatar\/10fdf6a071cccdcf374e3dbe45159590?s=96&d=mm&r=g","caption":"Moustapha"},"sameAs":["https:\/\/www.nettali.com"]}]}},"_links":{"self":[{"href":"https:\/\/www.nettali.com\/rest\/wp\/v2\/posts\/61971"}],"collection":[{"href":"https:\/\/www.nettali.com\/rest\/wp\/v2\/posts"}],"about":[{"href":"https:\/\/www.nettali.com\/rest\/wp\/v2\/types\/post"}],"author":[{"embeddable":true,"href":"https:\/\/www.nettali.com\/rest\/wp\/v2\/users\/3"}],"replies":[{"embeddable":true,"href":"https:\/\/www.nettali.com\/rest\/wp\/v2\/comments?post=61971"}],"version-history":[{"count":1,"href":"https:\/\/www.nettali.com\/rest\/wp\/v2\/posts\/61971\/revisions"}],"predecessor-version":[{"id":61972,"href":"https:\/\/www.nettali.com\/rest\/wp\/v2\/posts\/61971\/revisions\/61972"}],"wp:featuredmedia":[{"embeddable":true,"href":"https:\/\/www.nettali.com\/rest\/wp\/v2\/media\/61681"}],"wp:attachment":[{"href":"https:\/\/www.nettali.com\/rest\/wp\/v2\/media?parent=61971"}],"wp:term":[{"taxonomy":"category","embeddable":true,"href":"https:\/\/www.nettali.com\/rest\/wp\/v2\/categories?post=61971"},{"taxonomy":"post_tag","embeddable":true,"href":"https:\/\/www.nettali.com\/rest\/wp\/v2\/tags?post=61971"}],"curies":[{"name":"wp","href":"https:\/\/api.w.org\/{rel}","templated":true}]}}