{"id":61955,"date":"2021-04-15T18:48:56","date_gmt":"2021-04-15T18:48:56","guid":{"rendered":"https:\/\/www.nettali.com\/?p=61955"},"modified":"2021-04-15T18:48:56","modified_gmt":"2021-04-15T18:48:56","slug":"sa-mort-annoncee-el-hadji-ndiaye-reagit","status":"publish","type":"post","link":"https:\/\/www.nettali.com\/2021\/04\/15\/sa-mort-annoncee-el-hadji-ndiaye-reagit\/","title":{"rendered":"SA MORT ANNONCEE - El Hadji Ndiaye r\u00e9agit"},"content":{"rendered":"<p><strong>NETTALI.COM - Bonne nouvelle. Le chanteur El Hadji Ndiaye est toujours en vie contrairement aux rumeurs qui annon\u00e7aient sa mort<\/strong>.<\/p>\n<p>Une certaine presse, dont des sites, ont profit\u00e9 de la sortie de l\u2019artiste El Hadj Ndiaye dans le journal L\u2019observateur pour annoncer qu\u2019il a \u00e9t\u00e9 victime d\u2019un AVC et l\u2019ont donn\u00e9 pour mort. L\u2019information a vite fait le tour de la toile.<\/p>\n<p>Cependant, le concern\u00e9 a vite coup\u00e9 court a cette rumeur.<br \/>\n\" <em>On m\u2019appelle depuis pour prendre de mes nouvelles, mais je tiens \u00e0 pr\u00e9ciser que je suis encore l\u00e0<\/em> \" a laiss\u00e9 entendre l'artiste au micro de IGFM. Non sans pr\u00e9ciser que la premi\u00e8re dame, Mari\u00e8me Faye Sall, l\u2019a contact\u00e9 pour lui venir en aide.<\/p>\n<div class='share-to-whatsapp-wrapper'><div class='share-on-whsp'>PARTAGER SUR : <\/div><a data-text='SA MORT ANNONCEE - El Hadji Ndiaye r\u00e9agit' data-link='https:\/\/www.nettali.com\/2021\/04\/15\/sa-mort-annoncee-el-hadji-ndiaye-reagit\/' class='whatsapp-button whatsapp-share'>WhatsApp<\/a><div class='clear '><\/div><\/div>","protected":false},"excerpt":{"rendered":"<p>NETTALI.COM - Bonne nouvelle. Le chanteur El Hadji Ndiaye est toujours en vie contrairement aux rumeurs qui annon\u00e7aient sa mort. Une certaine presse, dont des sites, ont profit\u00e9 de la sortie de l\u2019artiste El Hadj Ndiaye dans le journal L\u2019observateur pour annoncer qu\u2019il a \u00e9t\u00e9 victime d\u2019un AVC et l\u2019ont donn\u00e9 pour mort. L\u2019information a [&hellip;]<\/p>\n","protected":false},"author":5,"featured_media":61956,"comment_status":"open","ping_status":"open","sticky":false,"template":"","format":"standard","meta":{"_et_pb_use_builder":"","_et_pb_old_content":""},"categories":[3],"tags":[],"yoast_head":"<!-- This site is optimized with the Yoast SEO Premium plugin v17.8 (Yoast SEO v17.8) - https:\/\/yoast.com\/wordpress\/plugins\/seo\/ -->\n<title>SA MORT ANNONCEE - El Hadji Ndiaye r\u00e9agit | Nettali.com<\/title>\n<meta name=\"robots\" content=\"index, follow, max-snippet:-1, max-image-preview:large, max-video-preview:-1\" \/>\n<link rel=\"canonical\" href=\"https:\/\/www.nettali.com\/2021\/04\/15\/sa-mort-annoncee-el-hadji-ndiaye-reagit\/\" \/>\n<meta property=\"og:locale\" content=\"fr_FR\" \/>\n<meta property=\"og:type\" content=\"article\" \/>\n<meta property=\"og:title\" content=\"SA MORT ANNONCEE - El Hadji Ndiaye r\u00e9agit\" \/>\n<meta property=\"og:description\" content=\"NETTALI.COM - Bonne nouvelle. Le chanteur El Hadji Ndiaye est toujours en vie contrairement aux rumeurs qui annon\u00e7aient sa mort. Une certaine presse, dont des sites, ont profit\u00e9 de la sortie de l\u2019artiste El Hadj Ndiaye dans le journal L\u2019observateur pour annoncer qu\u2019il a \u00e9t\u00e9 victime d\u2019un AVC et l\u2019ont donn\u00e9 pour mort. L\u2019information a [&hellip;]\" \/>\n<meta property=\"og:url\" content=\"https:\/\/www.nettali.com\/2021\/04\/15\/sa-mort-annoncee-el-hadji-ndiaye-reagit\/\" \/>\n<meta property=\"og:site_name\" content=\"Nettali.com\" \/>\n<meta property=\"article:publisher\" content=\"https:\/\/www.facebook.com\/nettalicom\" \/>\n<meta property=\"article:published_time\" content=\"2021-04-15T18:48:56+00:00\" \/>\n<meta property=\"og:image\" content=\"https:\/\/www.nettali.com\/wp-content\/uploads\/2021\/04\/A038E48B-09F4-416A-8DD7-DFBA0D63A147-750x375-1.jpeg\" \/>\n\t<meta property=\"og:image:width\" content=\"750\" \/>\n\t<meta property=\"og:image:height\" content=\"375\" \/>\n<meta name=\"twitter:card\" content=\"summary_large_image\" \/>\n<meta name=\"twitter:label1\" content=\"\u00c9crit par\" \/>\n\t<meta name=\"twitter:data1\" content=\"Ibrahima\" \/>\n\t<meta name=\"twitter:label2\" content=\"Dur\u00e9e de lecture estim\u00e9e\" \/>\n\t<meta name=\"twitter:data2\" content=\"1 minute\" \/>\n<script type=\"application\/ld+json\" class=\"yoast-schema-graph\">{\"@context\":\"https:\/\/schema.org\",\"@graph\":[{\"@type\":\"WebSite\",\"@id\":\"https:\/\/www.nettali.com\/#website\",\"url\":\"https:\/\/www.nettali.com\/\",\"name\":\"Nettali.com\",\"description\":\"Le rendez-vous critique du Net\",\"potentialAction\":[{\"@type\":\"SearchAction\",\"target\":{\"@type\":\"EntryPoint\",\"urlTemplate\":\"https:\/\/www.nettali.com\/?s={search_term_string}\"},\"query-input\":\"required name=search_term_string\"}],\"inLanguage\":\"fr-FR\"},{\"@type\":\"ImageObject\",\"@id\":\"https:\/\/www.nettali.com\/2021\/04\/15\/sa-mort-annoncee-el-hadji-ndiaye-reagit\/#primaryimage\",\"inLanguage\":\"fr-FR\",\"url\":\"https:\/\/www.nettali.com\/wp-content\/uploads\/2021\/04\/A038E48B-09F4-416A-8DD7-DFBA0D63A147-750x375-1.jpeg\",\"contentUrl\":\"https:\/\/www.nettali.com\/wp-content\/uploads\/2021\/04\/A038E48B-09F4-416A-8DD7-DFBA0D63A147-750x375-1.jpeg\",\"width\":750,\"height\":375},{\"@type\":\"WebPage\",\"@id\":\"https:\/\/www.nettali.com\/2021\/04\/15\/sa-mort-annoncee-el-hadji-ndiaye-reagit\/#webpage\",\"url\":\"https:\/\/www.nettali.com\/2021\/04\/15\/sa-mort-annoncee-el-hadji-ndiaye-reagit\/\",\"name\":\"SA MORT ANNONCEE - El Hadji Ndiaye r\\u00e9agit | Nettali.com\",\"isPartOf\":{\"@id\":\"https:\/\/www.nettali.com\/#website\"},\"primaryImageOfPage\":{\"@id\":\"https:\/\/www.nettali.com\/2021\/04\/15\/sa-mort-annoncee-el-hadji-ndiaye-reagit\/#primaryimage\"},\"datePublished\":\"2021-04-15T18:48:56+00:00\",\"dateModified\":\"2021-04-15T18:48:56+00:00\",\"author\":{\"@id\":\"https:\/\/www.nettali.com\/#\/schema\/person\/bb147657c2986240405a608162b9bb23\"},\"breadcrumb\":{\"@id\":\"https:\/\/www.nettali.com\/2021\/04\/15\/sa-mort-annoncee-el-hadji-ndiaye-reagit\/#breadcrumb\"},\"inLanguage\":\"fr-FR\",\"potentialAction\":[{\"@type\":\"ReadAction\",\"target\":[\"https:\/\/www.nettali.com\/2021\/04\/15\/sa-mort-annoncee-el-hadji-ndiaye-reagit\/\"]}]},{\"@type\":\"BreadcrumbList\",\"@id\":\"https:\/\/www.nettali.com\/2021\/04\/15\/sa-mort-annoncee-el-hadji-ndiaye-reagit\/#breadcrumb\",\"itemListElement\":[{\"@type\":\"ListItem\",\"position\":1,\"name\":\"Accueil\",\"item\":\"https:\/\/www.nettali.com\/\"},{\"@type\":\"ListItem\",\"position\":2,\"name\":\"SA MORT ANNONCEE &#8211; El Hadji Ndiaye r\\u00e9agit\"}]},{\"@type\":\"Person\",\"@id\":\"https:\/\/www.nettali.com\/#\/schema\/person\/bb147657c2986240405a608162b9bb23\",\"name\":\"Ibrahima\",\"image\":{\"@type\":\"ImageObject\",\"@id\":\"https:\/\/www.nettali.com\/#personlogo\",\"inLanguage\":\"fr-FR\",\"url\":\"https:\/\/secure.gravatar.com\/avatar\/26a8a81f09f0dd7624c9d5c36c9ba3a2?s=96&d=mm&r=g\",\"contentUrl\":\"https:\/\/secure.gravatar.com\/avatar\/26a8a81f09f0dd7624c9d5c36c9ba3a2?s=96&d=mm&r=g\",\"caption\":\"Ibrahima\"},\"sameAs\":[\"https:\/\/www.nettali.com\"]}]}<\/script>\n<!-- \/ Yoast SEO Premium plugin. -->","yoast_head_json":{"title":"SA MORT ANNONCEE - El Hadji Ndiaye r\u00e9agit | Nettali.com","robots":{"index":"index","follow":"follow","max-snippet":"max-snippet:-1","max-image-preview":"max-image-preview:large","max-video-preview":"max-video-preview:-1"},"canonical":"https:\/\/www.nettali.com\/2021\/04\/15\/sa-mort-annoncee-el-hadji-ndiaye-reagit\/","og_locale":"fr_FR","og_type":"article","og_title":"SA MORT ANNONCEE - El Hadji Ndiaye r\u00e9agit","og_description":"NETTALI.COM - Bonne nouvelle. Le chanteur El Hadji Ndiaye est toujours en vie contrairement aux rumeurs qui annon\u00e7aient sa mort. Une certaine presse, dont des sites, ont profit\u00e9 de la sortie de l\u2019artiste El Hadj Ndiaye dans le journal L\u2019observateur pour annoncer qu\u2019il a \u00e9t\u00e9 victime d\u2019un AVC et l\u2019ont donn\u00e9 pour mort. L\u2019information a [&hellip;]","og_url":"https:\/\/www.nettali.com\/2021\/04\/15\/sa-mort-annoncee-el-hadji-ndiaye-reagit\/","og_site_name":"Nettali.com","article_publisher":"https:\/\/www.facebook.com\/nettalicom","article_published_time":"2021-04-15T18:48:56+00:00","og_image":[{"width":750,"height":375,"url":"https:\/\/www.nettali.com\/wp-content\/uploads\/2021\/04\/A038E48B-09F4-416A-8DD7-DFBA0D63A147-750x375-1.jpeg","type":"image\/jpeg"}],"twitter_card":"summary_large_image","twitter_misc":{"\u00c9crit par":"Ibrahima","Dur\u00e9e de lecture estim\u00e9e":"1 minute"},"schema":{"@context":"https:\/\/schema.org","@graph":[{"@type":"WebSite","@id":"https:\/\/www.nettali.com\/#website","url":"https:\/\/www.nettali.com\/","name":"Nettali.com","description":"Le rendez-vous critique du Net","potentialAction":[{"@type":"SearchAction","target":{"@type":"EntryPoint","urlTemplate":"https:\/\/www.nettali.com\/?s={search_term_string}"},"query-input":"required name=search_term_string"}],"inLanguage":"fr-FR"},{"@type":"ImageObject","@id":"https:\/\/www.nettali.com\/2021\/04\/15\/sa-mort-annoncee-el-hadji-ndiaye-reagit\/#primaryimage","inLanguage":"fr-FR","url":"https:\/\/www.nettali.com\/wp-content\/uploads\/2021\/04\/A038E48B-09F4-416A-8DD7-DFBA0D63A147-750x375-1.jpeg","contentUrl":"https:\/\/www.nettali.com\/wp-content\/uploads\/2021\/04\/A038E48B-09F4-416A-8DD7-DFBA0D63A147-750x375-1.jpeg","width":750,"height":375},{"@type":"WebPage","@id":"https:\/\/www.nettali.com\/2021\/04\/15\/sa-mort-annoncee-el-hadji-ndiaye-reagit\/#webpage","url":"https:\/\/www.nettali.com\/2021\/04\/15\/sa-mort-annoncee-el-hadji-ndiaye-reagit\/","name":"SA MORT ANNONCEE - El Hadji Ndiaye r\u00e9agit | Nettali.com","isPartOf":{"@id":"https:\/\/www.nettali.com\/#website"},"primaryImageOfPage":{"@id":"https:\/\/www.nettali.com\/2021\/04\/15\/sa-mort-annoncee-el-hadji-ndiaye-reagit\/#primaryimage"},"datePublished":"2021-04-15T18:48:56+00:00","dateModified":"2021-04-15T18:48:56+00:00","author":{"@id":"https:\/\/www.nettali.com\/#\/schema\/person\/bb147657c2986240405a608162b9bb23"},"breadcrumb":{"@id":"https:\/\/www.nettali.com\/2021\/04\/15\/sa-mort-annoncee-el-hadji-ndiaye-reagit\/#breadcrumb"},"inLanguage":"fr-FR","potentialAction":[{"@type":"ReadAction","target":["https:\/\/www.nettali.com\/2021\/04\/15\/sa-mort-annoncee-el-hadji-ndiaye-reagit\/"]}]},{"@type":"BreadcrumbList","@id":"https:\/\/www.nettali.com\/2021\/04\/15\/sa-mort-annoncee-el-hadji-ndiaye-reagit\/#breadcrumb","itemListElement":[{"@type":"ListItem","position":1,"name":"Accueil","item":"https:\/\/www.nettali.com\/"},{"@type":"ListItem","position":2,"name":"SA MORT ANNONCEE &#8211; El Hadji Ndiaye r\u00e9agit"}]},{"@type":"Person","@id":"https:\/\/www.nettali.com\/#\/schema\/person\/bb147657c2986240405a608162b9bb23","name":"Ibrahima","image":{"@type":"ImageObject","@id":"https:\/\/www.nettali.com\/#personlogo","inLanguage":"fr-FR","url":"https:\/\/secure.gravatar.com\/avatar\/26a8a81f09f0dd7624c9d5c36c9ba3a2?s=96&d=mm&r=g","contentUrl":"https:\/\/secure.gravatar.com\/avatar\/26a8a81f09f0dd7624c9d5c36c9ba3a2?s=96&d=mm&r=g","caption":"Ibrahima"},"sameAs":["https:\/\/www.nettali.com"]}]}},"_links":{"self":[{"href":"https:\/\/www.nettali.com\/rest\/wp\/v2\/posts\/61955"}],"collection":[{"href":"https:\/\/www.nettali.com\/rest\/wp\/v2\/posts"}],"about":[{"href":"https:\/\/www.nettali.com\/rest\/wp\/v2\/types\/post"}],"author":[{"embeddable":true,"href":"https:\/\/www.nettali.com\/rest\/wp\/v2\/users\/5"}],"replies":[{"embeddable":true,"href":"https:\/\/www.nettali.com\/rest\/wp\/v2\/comments?post=61955"}],"version-history":[{"count":3,"href":"https:\/\/www.nettali.com\/rest\/wp\/v2\/posts\/61955\/revisions"}],"predecessor-version":[{"id":61966,"href":"https:\/\/www.nettali.com\/rest\/wp\/v2\/posts\/61955\/revisions\/61966"}],"wp:featuredmedia":[{"embeddable":true,"href":"https:\/\/www.nettali.com\/rest\/wp\/v2\/media\/61956"}],"wp:attachment":[{"href":"https:\/\/www.nettali.com\/rest\/wp\/v2\/media?parent=61955"}],"wp:term":[{"taxonomy":"category","embeddable":true,"href":"https:\/\/www.nettali.com\/rest\/wp\/v2\/categories?post=61955"},{"taxonomy":"post_tag","embeddable":true,"href":"https:\/\/www.nettali.com\/rest\/wp\/v2\/tags?post=61955"}],"curies":[{"name":"wp","href":"https:\/\/api.w.org\/{rel}","templated":true}]}}