{"id":61816,"date":"2021-04-13T13:15:57","date_gmt":"2021-04-13T13:15:57","guid":{"rendered":"https:\/\/www.nettali.com\/?p=61816"},"modified":"2021-04-13T13:15:57","modified_gmt":"2021-04-13T13:15:57","slug":"assassinat-de-thomas-sankara-des-poursuites-engagees-contre-blaise-compaore","status":"publish","type":"post","link":"https:\/\/www.nettali.com\/2021\/04\/13\/assassinat-de-thomas-sankara-des-poursuites-engagees-contre-blaise-compaore\/","title":{"rendered":"Assassinat de Thomas Sankara : Des poursuites engag\u00e9es contre Blaise Compaor\u00e9"},"content":{"rendered":"<div><strong>NETTALI.COM - Ce mardi, le tribunal militaire a d\u00e9cid\u00e9 de la mise en accusation de l\u2019ex-pr\u00e9sident Blaise Compaor\u00e9 pour attentat \u00e0 la suret\u00e9 de l\u2019\u00c9tat, complicit\u00e9 d\u2019assassinat et recel de cadavres dans le dossier de l\u2019assassinat de l\u2019ancien chef de l\u2019\u00c9tat Thomas Sankara.\u00a0<\/strong><\/div>\n<div><\/div>\n<div>Gilbert Diend\u00e9r\u00e9, ancien bras droit de Blaise Compaor\u00e9, est poursuivi pour complicit\u00e9 d\u2019assassinat, recel de cadavres, attentat \u00e0 la suret\u00e9 de l\u2019\u00c9tat. Au total, 14 personnes doivent compara\u00eetre devant le tribunal dans ce dossier.<\/div>\n<div class='share-to-whatsapp-wrapper'><div class='share-on-whsp'>PARTAGER SUR : <\/div><a data-text='Assassinat de Thomas Sankara : Des poursuites engag\u00e9es contre Blaise Compaor\u00e9' data-link='https:\/\/www.nettali.com\/2021\/04\/13\/assassinat-de-thomas-sankara-des-poursuites-engagees-contre-blaise-compaore\/' class='whatsapp-button whatsapp-share'>WhatsApp<\/a><div class='clear '><\/div><\/div>","protected":false},"excerpt":{"rendered":"<p>NETTALI.COM - Ce mardi, le tribunal militaire a d\u00e9cid\u00e9 de la mise en accusation de l\u2019ex-pr\u00e9sident Blaise Compaor\u00e9 pour attentat \u00e0 la suret\u00e9 de l\u2019\u00c9tat, complicit\u00e9 d\u2019assassinat et recel de cadavres dans le dossier de l\u2019assassinat de l\u2019ancien chef de l\u2019\u00c9tat Thomas Sankara.\u00a0 Gilbert Diend\u00e9r\u00e9, ancien bras droit de Blaise Compaor\u00e9, est poursuivi pour complicit\u00e9 [&hellip;]<\/p>\n","protected":false},"author":4,"featured_media":61817,"comment_status":"open","ping_status":"open","sticky":false,"template":"","format":"standard","meta":{"_et_pb_use_builder":"","_et_pb_old_content":""},"categories":[8],"tags":[],"yoast_head":"<!-- This site is optimized with the Yoast SEO Premium plugin v17.8 (Yoast SEO v17.8) - https:\/\/yoast.com\/wordpress\/plugins\/seo\/ -->\n<title>Assassinat de Thomas Sankara : Des poursuites engag\u00e9es contre Blaise Compaor\u00e9 | Nettali.com<\/title>\n<meta name=\"robots\" content=\"index, follow, max-snippet:-1, max-image-preview:large, max-video-preview:-1\" \/>\n<link rel=\"canonical\" href=\"https:\/\/www.nettali.com\/2021\/04\/13\/assassinat-de-thomas-sankara-des-poursuites-engagees-contre-blaise-compaore\/\" \/>\n<meta property=\"og:locale\" content=\"fr_FR\" \/>\n<meta property=\"og:type\" content=\"article\" \/>\n<meta property=\"og:title\" content=\"Assassinat de Thomas Sankara : Des poursuites engag\u00e9es contre Blaise Compaor\u00e9\" \/>\n<meta property=\"og:description\" content=\"NETTALI.COM - Ce mardi, le tribunal militaire a d\u00e9cid\u00e9 de la mise en accusation de l\u2019ex-pr\u00e9sident Blaise Compaor\u00e9 pour attentat \u00e0 la suret\u00e9 de l\u2019\u00c9tat, complicit\u00e9 d\u2019assassinat et recel de cadavres dans le dossier de l\u2019assassinat de l\u2019ancien chef de l\u2019\u00c9tat Thomas Sankara.\u00a0 Gilbert Diend\u00e9r\u00e9, ancien bras droit de Blaise Compaor\u00e9, est poursuivi pour complicit\u00e9 [&hellip;]\" \/>\n<meta property=\"og:url\" content=\"https:\/\/www.nettali.com\/2021\/04\/13\/assassinat-de-thomas-sankara-des-poursuites-engagees-contre-blaise-compaore\/\" \/>\n<meta property=\"og:site_name\" content=\"Nettali.com\" \/>\n<meta property=\"article:publisher\" content=\"https:\/\/www.facebook.com\/nettalicom\" \/>\n<meta property=\"article:published_time\" content=\"2021-04-13T13:15:57+00:00\" \/>\n<meta property=\"og:image\" content=\"https:\/\/www.nettali.com\/wp-content\/uploads\/2021\/04\/Compaore.jpeg\" \/>\n\t<meta property=\"og:image:width\" content=\"640\" \/>\n\t<meta property=\"og:image:height\" content=\"360\" \/>\n<meta name=\"twitter:card\" content=\"summary_large_image\" \/>\n<meta name=\"twitter:label1\" content=\"\u00c9crit par\" \/>\n\t<meta name=\"twitter:data1\" content=\"Daouda\" \/>\n<script type=\"application\/ld+json\" class=\"yoast-schema-graph\">{\"@context\":\"https:\/\/schema.org\",\"@graph\":[{\"@type\":\"WebSite\",\"@id\":\"https:\/\/www.nettali.com\/#website\",\"url\":\"https:\/\/www.nettali.com\/\",\"name\":\"Nettali.com\",\"description\":\"Le rendez-vous critique du Net\",\"potentialAction\":[{\"@type\":\"SearchAction\",\"target\":{\"@type\":\"EntryPoint\",\"urlTemplate\":\"https:\/\/www.nettali.com\/?s={search_term_string}\"},\"query-input\":\"required name=search_term_string\"}],\"inLanguage\":\"fr-FR\"},{\"@type\":\"ImageObject\",\"@id\":\"https:\/\/www.nettali.com\/2021\/04\/13\/assassinat-de-thomas-sankara-des-poursuites-engagees-contre-blaise-compaore\/#primaryimage\",\"inLanguage\":\"fr-FR\",\"url\":\"https:\/\/www.nettali.com\/wp-content\/uploads\/2021\/04\/Compaore.jpeg\",\"contentUrl\":\"https:\/\/www.nettali.com\/wp-content\/uploads\/2021\/04\/Compaore.jpeg\",\"width\":640,\"height\":360},{\"@type\":\"WebPage\",\"@id\":\"https:\/\/www.nettali.com\/2021\/04\/13\/assassinat-de-thomas-sankara-des-poursuites-engagees-contre-blaise-compaore\/#webpage\",\"url\":\"https:\/\/www.nettali.com\/2021\/04\/13\/assassinat-de-thomas-sankara-des-poursuites-engagees-contre-blaise-compaore\/\",\"name\":\"Assassinat de Thomas Sankara : Des poursuites engag\\u00e9es contre Blaise Compaor\\u00e9 | Nettali.com\",\"isPartOf\":{\"@id\":\"https:\/\/www.nettali.com\/#website\"},\"primaryImageOfPage\":{\"@id\":\"https:\/\/www.nettali.com\/2021\/04\/13\/assassinat-de-thomas-sankara-des-poursuites-engagees-contre-blaise-compaore\/#primaryimage\"},\"datePublished\":\"2021-04-13T13:15:57+00:00\",\"dateModified\":\"2021-04-13T13:15:57+00:00\",\"author\":{\"@id\":\"https:\/\/www.nettali.com\/#\/schema\/person\/3317e0bb3aa1da309fbf7b2780901bf4\"},\"breadcrumb\":{\"@id\":\"https:\/\/www.nettali.com\/2021\/04\/13\/assassinat-de-thomas-sankara-des-poursuites-engagees-contre-blaise-compaore\/#breadcrumb\"},\"inLanguage\":\"fr-FR\",\"potentialAction\":[{\"@type\":\"ReadAction\",\"target\":[\"https:\/\/www.nettali.com\/2021\/04\/13\/assassinat-de-thomas-sankara-des-poursuites-engagees-contre-blaise-compaore\/\"]}]},{\"@type\":\"BreadcrumbList\",\"@id\":\"https:\/\/www.nettali.com\/2021\/04\/13\/assassinat-de-thomas-sankara-des-poursuites-engagees-contre-blaise-compaore\/#breadcrumb\",\"itemListElement\":[{\"@type\":\"ListItem\",\"position\":1,\"name\":\"Accueil\",\"item\":\"https:\/\/www.nettali.com\/\"},{\"@type\":\"ListItem\",\"position\":2,\"name\":\"Assassinat de Thomas Sankara : Des poursuites engag\\u00e9es contre Blaise Compaor\\u00e9\"}]},{\"@type\":\"Person\",\"@id\":\"https:\/\/www.nettali.com\/#\/schema\/person\/3317e0bb3aa1da309fbf7b2780901bf4\",\"name\":\"Daouda\",\"image\":{\"@type\":\"ImageObject\",\"@id\":\"https:\/\/www.nettali.com\/#personlogo\",\"inLanguage\":\"fr-FR\",\"url\":\"https:\/\/secure.gravatar.com\/avatar\/8d143b5a49345098ddcfee1c49c2f47c?s=96&d=mm&r=g\",\"contentUrl\":\"https:\/\/secure.gravatar.com\/avatar\/8d143b5a49345098ddcfee1c49c2f47c?s=96&d=mm&r=g\",\"caption\":\"Daouda\"},\"sameAs\":[\"https:\/\/www.nettali.com\"]}]}<\/script>\n<!-- \/ Yoast SEO Premium plugin. -->","yoast_head_json":{"title":"Assassinat de Thomas Sankara : Des poursuites engag\u00e9es contre Blaise Compaor\u00e9 | Nettali.com","robots":{"index":"index","follow":"follow","max-snippet":"max-snippet:-1","max-image-preview":"max-image-preview:large","max-video-preview":"max-video-preview:-1"},"canonical":"https:\/\/www.nettali.com\/2021\/04\/13\/assassinat-de-thomas-sankara-des-poursuites-engagees-contre-blaise-compaore\/","og_locale":"fr_FR","og_type":"article","og_title":"Assassinat de Thomas Sankara : Des poursuites engag\u00e9es contre Blaise Compaor\u00e9","og_description":"NETTALI.COM - Ce mardi, le tribunal militaire a d\u00e9cid\u00e9 de la mise en accusation de l\u2019ex-pr\u00e9sident Blaise Compaor\u00e9 pour attentat \u00e0 la suret\u00e9 de l\u2019\u00c9tat, complicit\u00e9 d\u2019assassinat et recel de cadavres dans le dossier de l\u2019assassinat de l\u2019ancien chef de l\u2019\u00c9tat Thomas Sankara.\u00a0 Gilbert Diend\u00e9r\u00e9, ancien bras droit de Blaise Compaor\u00e9, est poursuivi pour complicit\u00e9 [&hellip;]","og_url":"https:\/\/www.nettali.com\/2021\/04\/13\/assassinat-de-thomas-sankara-des-poursuites-engagees-contre-blaise-compaore\/","og_site_name":"Nettali.com","article_publisher":"https:\/\/www.facebook.com\/nettalicom","article_published_time":"2021-04-13T13:15:57+00:00","og_image":[{"width":640,"height":360,"url":"https:\/\/www.nettali.com\/wp-content\/uploads\/2021\/04\/Compaore.jpeg","type":"image\/jpeg"}],"twitter_card":"summary_large_image","twitter_misc":{"\u00c9crit par":"Daouda"},"schema":{"@context":"https:\/\/schema.org","@graph":[{"@type":"WebSite","@id":"https:\/\/www.nettali.com\/#website","url":"https:\/\/www.nettali.com\/","name":"Nettali.com","description":"Le rendez-vous critique du Net","potentialAction":[{"@type":"SearchAction","target":{"@type":"EntryPoint","urlTemplate":"https:\/\/www.nettali.com\/?s={search_term_string}"},"query-input":"required name=search_term_string"}],"inLanguage":"fr-FR"},{"@type":"ImageObject","@id":"https:\/\/www.nettali.com\/2021\/04\/13\/assassinat-de-thomas-sankara-des-poursuites-engagees-contre-blaise-compaore\/#primaryimage","inLanguage":"fr-FR","url":"https:\/\/www.nettali.com\/wp-content\/uploads\/2021\/04\/Compaore.jpeg","contentUrl":"https:\/\/www.nettali.com\/wp-content\/uploads\/2021\/04\/Compaore.jpeg","width":640,"height":360},{"@type":"WebPage","@id":"https:\/\/www.nettali.com\/2021\/04\/13\/assassinat-de-thomas-sankara-des-poursuites-engagees-contre-blaise-compaore\/#webpage","url":"https:\/\/www.nettali.com\/2021\/04\/13\/assassinat-de-thomas-sankara-des-poursuites-engagees-contre-blaise-compaore\/","name":"Assassinat de Thomas Sankara : Des poursuites engag\u00e9es contre Blaise Compaor\u00e9 | Nettali.com","isPartOf":{"@id":"https:\/\/www.nettali.com\/#website"},"primaryImageOfPage":{"@id":"https:\/\/www.nettali.com\/2021\/04\/13\/assassinat-de-thomas-sankara-des-poursuites-engagees-contre-blaise-compaore\/#primaryimage"},"datePublished":"2021-04-13T13:15:57+00:00","dateModified":"2021-04-13T13:15:57+00:00","author":{"@id":"https:\/\/www.nettali.com\/#\/schema\/person\/3317e0bb3aa1da309fbf7b2780901bf4"},"breadcrumb":{"@id":"https:\/\/www.nettali.com\/2021\/04\/13\/assassinat-de-thomas-sankara-des-poursuites-engagees-contre-blaise-compaore\/#breadcrumb"},"inLanguage":"fr-FR","potentialAction":[{"@type":"ReadAction","target":["https:\/\/www.nettali.com\/2021\/04\/13\/assassinat-de-thomas-sankara-des-poursuites-engagees-contre-blaise-compaore\/"]}]},{"@type":"BreadcrumbList","@id":"https:\/\/www.nettali.com\/2021\/04\/13\/assassinat-de-thomas-sankara-des-poursuites-engagees-contre-blaise-compaore\/#breadcrumb","itemListElement":[{"@type":"ListItem","position":1,"name":"Accueil","item":"https:\/\/www.nettali.com\/"},{"@type":"ListItem","position":2,"name":"Assassinat de Thomas Sankara : Des poursuites engag\u00e9es contre Blaise Compaor\u00e9"}]},{"@type":"Person","@id":"https:\/\/www.nettali.com\/#\/schema\/person\/3317e0bb3aa1da309fbf7b2780901bf4","name":"Daouda","image":{"@type":"ImageObject","@id":"https:\/\/www.nettali.com\/#personlogo","inLanguage":"fr-FR","url":"https:\/\/secure.gravatar.com\/avatar\/8d143b5a49345098ddcfee1c49c2f47c?s=96&d=mm&r=g","contentUrl":"https:\/\/secure.gravatar.com\/avatar\/8d143b5a49345098ddcfee1c49c2f47c?s=96&d=mm&r=g","caption":"Daouda"},"sameAs":["https:\/\/www.nettali.com"]}]}},"_links":{"self":[{"href":"https:\/\/www.nettali.com\/rest\/wp\/v2\/posts\/61816"}],"collection":[{"href":"https:\/\/www.nettali.com\/rest\/wp\/v2\/posts"}],"about":[{"href":"https:\/\/www.nettali.com\/rest\/wp\/v2\/types\/post"}],"author":[{"embeddable":true,"href":"https:\/\/www.nettali.com\/rest\/wp\/v2\/users\/4"}],"replies":[{"embeddable":true,"href":"https:\/\/www.nettali.com\/rest\/wp\/v2\/comments?post=61816"}],"version-history":[{"count":1,"href":"https:\/\/www.nettali.com\/rest\/wp\/v2\/posts\/61816\/revisions"}],"predecessor-version":[{"id":61818,"href":"https:\/\/www.nettali.com\/rest\/wp\/v2\/posts\/61816\/revisions\/61818"}],"wp:featuredmedia":[{"embeddable":true,"href":"https:\/\/www.nettali.com\/rest\/wp\/v2\/media\/61817"}],"wp:attachment":[{"href":"https:\/\/www.nettali.com\/rest\/wp\/v2\/media?parent=61816"}],"wp:term":[{"taxonomy":"category","embeddable":true,"href":"https:\/\/www.nettali.com\/rest\/wp\/v2\/categories?post=61816"},{"taxonomy":"post_tag","embeddable":true,"href":"https:\/\/www.nettali.com\/rest\/wp\/v2\/tags?post=61816"}],"curies":[{"name":"wp","href":"https:\/\/api.w.org\/{rel}","templated":true}]}}