{"id":61788,"date":"2021-04-13T00:36:12","date_gmt":"2021-04-13T00:36:12","guid":{"rendered":"https:\/\/www.nettali.com\/?p=61788"},"modified":"2021-04-13T07:50:35","modified_gmt":"2021-04-13T07:50:35","slug":"senegal-le-ramadan-debute-encore-dans-la-division","status":"publish","type":"post","link":"https:\/\/www.nettali.com\/2021\/04\/13\/senegal-le-ramadan-debute-encore-dans-la-division\/","title":{"rendered":"SENEGAL - Le Ramadan d\u00e9bute (encore) dans la division"},"content":{"rendered":"<p><strong>NETTALI.COM - Comme nous l'annoncions r\u00e9cemment, le spectre de la division hantait d\u00e9j\u00e0 les esprits \u00e0 quelques jours du mois b\u00e9ni. \u00c7a y est. Au S\u00e9n\u00e9gal, le Ramadan d\u00e9bute encore dans la division.<\/strong><\/p>\n<p>\u00c7a commence \u00e0 \u00eatre une coutume. Au S\u00e9n\u00e9gal, les musulmans d\u00e9butent souvent le mois b\u00e9ni de Ramadan dans la division. Et cette ann\u00e9e 2021 n\u2019a fait pas fait exception.<br \/>\nLa Coordination des musulmans du S\u00e9n\u00e9gal a d\u00e9cid\u00e9 de d\u00e9buter le je\u00fbne d\u00e8s ce mardi alors que le Comit\u00e9 de pilotage transitoire de la Commission nationale de concertation sur le croissant lunaire (Conacoc) dirig\u00e9 par Imam Di\u00e8ne a annonc\u00e9 que le premier jour du Ramadan est fix\u00e9 au mercredi 14 avril.<\/p>\n<p>Apr\u00e8s avoir observ\u00e9 elle-m\u00eame et recueilli des informations, le Comit\u00e9 de pilotage transitoire de la Commission nationale de concertation sur le croissant lunaire (Conacoc), \u00e0 l\u2019instar de Touba et de l\u2019Aspa, n\u2019a pas aper\u00e7u le croissant lunaire ce lundi et informe les musulmans qu\u2019il n\u2019a re\u00e7u aucune information concernant l\u2019apparition du croissant lunaire sur toute l\u2019\u00e9tendue du territoire national. Ainsi le premier jour de Ramadan va correspondre au mercredi 14 Avril 2021.<\/p>\n<p>Par ailleurs, la Coordination des musulmans du S\u00e9n\u00e9gal, de son c\u00f4t\u00e9, a d\u00e9cid\u00e9 de d\u00e9buter le je\u00fbne d\u00e8s ce mardi 13 avril, apr\u00e8s avoir d\u00e9clar\u00e9 la lune aper\u00e7ue \u00e0 V\u00e9lingara (quartier Nassouroulah), au Mali, en Arabie Saoudite, C\u00f4te d'Ivoire, Gambie et en France.<\/p>\n<div class='share-to-whatsapp-wrapper'><div class='share-on-whsp'>PARTAGER SUR : <\/div><a data-text='SENEGAL - Le Ramadan d\u00e9bute (encore) dans la division' data-link='https:\/\/www.nettali.com\/2021\/04\/13\/senegal-le-ramadan-debute-encore-dans-la-division\/' class='whatsapp-button whatsapp-share'>WhatsApp<\/a><div class='clear '><\/div><\/div>","protected":false},"excerpt":{"rendered":"<p>NETTALI.COM - Comme nous l'annoncions r\u00e9cemment, le spectre de la division hantait d\u00e9j\u00e0 les esprits \u00e0 quelques jours du mois b\u00e9ni. \u00c7a y est. Au S\u00e9n\u00e9gal, le Ramadan d\u00e9bute encore dans la division. \u00c7a commence \u00e0 \u00eatre une coutume. Au S\u00e9n\u00e9gal, les musulmans d\u00e9butent souvent le mois b\u00e9ni de Ramadan dans la division. Et cette [&hellip;]<\/p>\n","protected":false},"author":5,"featured_media":61789,"comment_status":"open","ping_status":"open","sticky":false,"template":"","format":"standard","meta":{"_et_pb_use_builder":"","_et_pb_old_content":""},"categories":[3],"tags":[],"yoast_head":"<!-- This site is optimized with the Yoast SEO Premium plugin v17.8 (Yoast SEO v17.8) - https:\/\/yoast.com\/wordpress\/plugins\/seo\/ -->\n<title>SENEGAL - Le Ramadan d\u00e9bute (encore) dans la division | Nettali.com<\/title>\n<meta name=\"robots\" content=\"index, follow, max-snippet:-1, max-image-preview:large, max-video-preview:-1\" \/>\n<link rel=\"canonical\" href=\"https:\/\/www.nettali.com\/2021\/04\/13\/senegal-le-ramadan-debute-encore-dans-la-division\/\" \/>\n<meta property=\"og:locale\" content=\"fr_FR\" \/>\n<meta property=\"og:type\" content=\"article\" \/>\n<meta property=\"og:title\" content=\"SENEGAL - Le Ramadan d\u00e9bute (encore) dans la division\" \/>\n<meta property=\"og:description\" content=\"NETTALI.COM - Comme nous l&#039;annoncions r\u00e9cemment, le spectre de la division hantait d\u00e9j\u00e0 les esprits \u00e0 quelques jours du mois b\u00e9ni. \u00c7a y est. Au S\u00e9n\u00e9gal, le Ramadan d\u00e9bute encore dans la division. \u00c7a commence \u00e0 \u00eatre une coutume. Au S\u00e9n\u00e9gal, les musulmans d\u00e9butent souvent le mois b\u00e9ni de Ramadan dans la division. Et cette [&hellip;]\" \/>\n<meta property=\"og:url\" content=\"https:\/\/www.nettali.com\/2021\/04\/13\/senegal-le-ramadan-debute-encore-dans-la-division\/\" \/>\n<meta property=\"og:site_name\" content=\"Nettali.com\" \/>\n<meta property=\"article:publisher\" content=\"https:\/\/www.facebook.com\/nettalicom\" \/>\n<meta property=\"article:published_time\" content=\"2021-04-13T00:36:12+00:00\" \/>\n<meta property=\"article:modified_time\" content=\"2021-04-13T07:50:35+00:00\" \/>\n<meta property=\"og:image\" content=\"https:\/\/www.nettali.com\/wp-content\/uploads\/2021\/04\/debut-ramadan-2017.jpg\" \/>\n\t<meta property=\"og:image:width\" content=\"640\" \/>\n\t<meta property=\"og:image:height\" content=\"420\" \/>\n<meta name=\"twitter:card\" content=\"summary_large_image\" \/>\n<meta name=\"twitter:label1\" content=\"\u00c9crit par\" \/>\n\t<meta name=\"twitter:data1\" content=\"Ibrahima\" \/>\n\t<meta name=\"twitter:label2\" content=\"Dur\u00e9e de lecture estim\u00e9e\" \/>\n\t<meta name=\"twitter:data2\" content=\"1 minute\" \/>\n<script type=\"application\/ld+json\" class=\"yoast-schema-graph\">{\"@context\":\"https:\/\/schema.org\",\"@graph\":[{\"@type\":\"WebSite\",\"@id\":\"https:\/\/www.nettali.com\/#website\",\"url\":\"https:\/\/www.nettali.com\/\",\"name\":\"Nettali.com\",\"description\":\"Le rendez-vous critique du Net\",\"potentialAction\":[{\"@type\":\"SearchAction\",\"target\":{\"@type\":\"EntryPoint\",\"urlTemplate\":\"https:\/\/www.nettali.com\/?s={search_term_string}\"},\"query-input\":\"required name=search_term_string\"}],\"inLanguage\":\"fr-FR\"},{\"@type\":\"ImageObject\",\"@id\":\"https:\/\/www.nettali.com\/2021\/04\/13\/senegal-le-ramadan-debute-encore-dans-la-division\/#primaryimage\",\"inLanguage\":\"fr-FR\",\"url\":\"https:\/\/www.nettali.com\/wp-content\/uploads\/2021\/04\/debut-ramadan-2017.jpg\",\"contentUrl\":\"https:\/\/www.nettali.com\/wp-content\/uploads\/2021\/04\/debut-ramadan-2017.jpg\",\"width\":640,\"height\":420},{\"@type\":\"WebPage\",\"@id\":\"https:\/\/www.nettali.com\/2021\/04\/13\/senegal-le-ramadan-debute-encore-dans-la-division\/#webpage\",\"url\":\"https:\/\/www.nettali.com\/2021\/04\/13\/senegal-le-ramadan-debute-encore-dans-la-division\/\",\"name\":\"SENEGAL - Le Ramadan d\\u00e9bute (encore) dans la division | Nettali.com\",\"isPartOf\":{\"@id\":\"https:\/\/www.nettali.com\/#website\"},\"primaryImageOfPage\":{\"@id\":\"https:\/\/www.nettali.com\/2021\/04\/13\/senegal-le-ramadan-debute-encore-dans-la-division\/#primaryimage\"},\"datePublished\":\"2021-04-13T00:36:12+00:00\",\"dateModified\":\"2021-04-13T07:50:35+00:00\",\"author\":{\"@id\":\"https:\/\/www.nettali.com\/#\/schema\/person\/bb147657c2986240405a608162b9bb23\"},\"breadcrumb\":{\"@id\":\"https:\/\/www.nettali.com\/2021\/04\/13\/senegal-le-ramadan-debute-encore-dans-la-division\/#breadcrumb\"},\"inLanguage\":\"fr-FR\",\"potentialAction\":[{\"@type\":\"ReadAction\",\"target\":[\"https:\/\/www.nettali.com\/2021\/04\/13\/senegal-le-ramadan-debute-encore-dans-la-division\/\"]}]},{\"@type\":\"BreadcrumbList\",\"@id\":\"https:\/\/www.nettali.com\/2021\/04\/13\/senegal-le-ramadan-debute-encore-dans-la-division\/#breadcrumb\",\"itemListElement\":[{\"@type\":\"ListItem\",\"position\":1,\"name\":\"Accueil\",\"item\":\"https:\/\/www.nettali.com\/\"},{\"@type\":\"ListItem\",\"position\":2,\"name\":\"SENEGAL &#8211; Le Ramadan d\\u00e9bute (encore) dans la division\"}]},{\"@type\":\"Person\",\"@id\":\"https:\/\/www.nettali.com\/#\/schema\/person\/bb147657c2986240405a608162b9bb23\",\"name\":\"Ibrahima\",\"image\":{\"@type\":\"ImageObject\",\"@id\":\"https:\/\/www.nettali.com\/#personlogo\",\"inLanguage\":\"fr-FR\",\"url\":\"https:\/\/secure.gravatar.com\/avatar\/26a8a81f09f0dd7624c9d5c36c9ba3a2?s=96&d=mm&r=g\",\"contentUrl\":\"https:\/\/secure.gravatar.com\/avatar\/26a8a81f09f0dd7624c9d5c36c9ba3a2?s=96&d=mm&r=g\",\"caption\":\"Ibrahima\"},\"sameAs\":[\"https:\/\/www.nettali.com\"]}]}<\/script>\n<!-- \/ Yoast SEO Premium plugin. -->","yoast_head_json":{"title":"SENEGAL - Le Ramadan d\u00e9bute (encore) dans la division | Nettali.com","robots":{"index":"index","follow":"follow","max-snippet":"max-snippet:-1","max-image-preview":"max-image-preview:large","max-video-preview":"max-video-preview:-1"},"canonical":"https:\/\/www.nettali.com\/2021\/04\/13\/senegal-le-ramadan-debute-encore-dans-la-division\/","og_locale":"fr_FR","og_type":"article","og_title":"SENEGAL - Le Ramadan d\u00e9bute (encore) dans la division","og_description":"NETTALI.COM - Comme nous l'annoncions r\u00e9cemment, le spectre de la division hantait d\u00e9j\u00e0 les esprits \u00e0 quelques jours du mois b\u00e9ni. \u00c7a y est. Au S\u00e9n\u00e9gal, le Ramadan d\u00e9bute encore dans la division. \u00c7a commence \u00e0 \u00eatre une coutume. Au S\u00e9n\u00e9gal, les musulmans d\u00e9butent souvent le mois b\u00e9ni de Ramadan dans la division. Et cette [&hellip;]","og_url":"https:\/\/www.nettali.com\/2021\/04\/13\/senegal-le-ramadan-debute-encore-dans-la-division\/","og_site_name":"Nettali.com","article_publisher":"https:\/\/www.facebook.com\/nettalicom","article_published_time":"2021-04-13T00:36:12+00:00","article_modified_time":"2021-04-13T07:50:35+00:00","og_image":[{"width":640,"height":420,"url":"https:\/\/www.nettali.com\/wp-content\/uploads\/2021\/04\/debut-ramadan-2017.jpg","type":"image\/jpeg"}],"twitter_card":"summary_large_image","twitter_misc":{"\u00c9crit par":"Ibrahima","Dur\u00e9e de lecture estim\u00e9e":"1 minute"},"schema":{"@context":"https:\/\/schema.org","@graph":[{"@type":"WebSite","@id":"https:\/\/www.nettali.com\/#website","url":"https:\/\/www.nettali.com\/","name":"Nettali.com","description":"Le rendez-vous critique du Net","potentialAction":[{"@type":"SearchAction","target":{"@type":"EntryPoint","urlTemplate":"https:\/\/www.nettali.com\/?s={search_term_string}"},"query-input":"required name=search_term_string"}],"inLanguage":"fr-FR"},{"@type":"ImageObject","@id":"https:\/\/www.nettali.com\/2021\/04\/13\/senegal-le-ramadan-debute-encore-dans-la-division\/#primaryimage","inLanguage":"fr-FR","url":"https:\/\/www.nettali.com\/wp-content\/uploads\/2021\/04\/debut-ramadan-2017.jpg","contentUrl":"https:\/\/www.nettali.com\/wp-content\/uploads\/2021\/04\/debut-ramadan-2017.jpg","width":640,"height":420},{"@type":"WebPage","@id":"https:\/\/www.nettali.com\/2021\/04\/13\/senegal-le-ramadan-debute-encore-dans-la-division\/#webpage","url":"https:\/\/www.nettali.com\/2021\/04\/13\/senegal-le-ramadan-debute-encore-dans-la-division\/","name":"SENEGAL - Le Ramadan d\u00e9bute (encore) dans la division | Nettali.com","isPartOf":{"@id":"https:\/\/www.nettali.com\/#website"},"primaryImageOfPage":{"@id":"https:\/\/www.nettali.com\/2021\/04\/13\/senegal-le-ramadan-debute-encore-dans-la-division\/#primaryimage"},"datePublished":"2021-04-13T00:36:12+00:00","dateModified":"2021-04-13T07:50:35+00:00","author":{"@id":"https:\/\/www.nettali.com\/#\/schema\/person\/bb147657c2986240405a608162b9bb23"},"breadcrumb":{"@id":"https:\/\/www.nettali.com\/2021\/04\/13\/senegal-le-ramadan-debute-encore-dans-la-division\/#breadcrumb"},"inLanguage":"fr-FR","potentialAction":[{"@type":"ReadAction","target":["https:\/\/www.nettali.com\/2021\/04\/13\/senegal-le-ramadan-debute-encore-dans-la-division\/"]}]},{"@type":"BreadcrumbList","@id":"https:\/\/www.nettali.com\/2021\/04\/13\/senegal-le-ramadan-debute-encore-dans-la-division\/#breadcrumb","itemListElement":[{"@type":"ListItem","position":1,"name":"Accueil","item":"https:\/\/www.nettali.com\/"},{"@type":"ListItem","position":2,"name":"SENEGAL &#8211; Le Ramadan d\u00e9bute (encore) dans la division"}]},{"@type":"Person","@id":"https:\/\/www.nettali.com\/#\/schema\/person\/bb147657c2986240405a608162b9bb23","name":"Ibrahima","image":{"@type":"ImageObject","@id":"https:\/\/www.nettali.com\/#personlogo","inLanguage":"fr-FR","url":"https:\/\/secure.gravatar.com\/avatar\/26a8a81f09f0dd7624c9d5c36c9ba3a2?s=96&d=mm&r=g","contentUrl":"https:\/\/secure.gravatar.com\/avatar\/26a8a81f09f0dd7624c9d5c36c9ba3a2?s=96&d=mm&r=g","caption":"Ibrahima"},"sameAs":["https:\/\/www.nettali.com"]}]}},"_links":{"self":[{"href":"https:\/\/www.nettali.com\/rest\/wp\/v2\/posts\/61788"}],"collection":[{"href":"https:\/\/www.nettali.com\/rest\/wp\/v2\/posts"}],"about":[{"href":"https:\/\/www.nettali.com\/rest\/wp\/v2\/types\/post"}],"author":[{"embeddable":true,"href":"https:\/\/www.nettali.com\/rest\/wp\/v2\/users\/5"}],"replies":[{"embeddable":true,"href":"https:\/\/www.nettali.com\/rest\/wp\/v2\/comments?post=61788"}],"version-history":[{"count":2,"href":"https:\/\/www.nettali.com\/rest\/wp\/v2\/posts\/61788\/revisions"}],"predecessor-version":[{"id":61795,"href":"https:\/\/www.nettali.com\/rest\/wp\/v2\/posts\/61788\/revisions\/61795"}],"wp:featuredmedia":[{"embeddable":true,"href":"https:\/\/www.nettali.com\/rest\/wp\/v2\/media\/61789"}],"wp:attachment":[{"href":"https:\/\/www.nettali.com\/rest\/wp\/v2\/media?parent=61788"}],"wp:term":[{"taxonomy":"category","embeddable":true,"href":"https:\/\/www.nettali.com\/rest\/wp\/v2\/categories?post=61788"},{"taxonomy":"post_tag","embeddable":true,"href":"https:\/\/www.nettali.com\/rest\/wp\/v2\/tags?post=61788"}],"curies":[{"name":"wp","href":"https:\/\/api.w.org\/{rel}","templated":true}]}}