{"id":61704,"date":"2021-04-12T08:56:02","date_gmt":"2021-04-12T08:56:02","guid":{"rendered":"https:\/\/www.nettali.com\/?p=61704"},"modified":"2021-04-12T18:07:13","modified_gmt":"2021-04-12T18:07:13","slug":"la-masseuse-adji-sarr-depose-une-plainte-contre-saneex-et-cie","status":"publish","type":"post","link":"https:\/\/www.nettali.com\/2021\/04\/12\/la-masseuse-adji-sarr-depose-une-plainte-contre-saneex-et-cie\/","title":{"rendered":"La masseuse Adji Sarr d\u00e9pose une plainte contre \u00abSaneex\u00a0\u00bb et Cie"},"content":{"rendered":"<p><strong>NETTALI.COM - La masseuse Adji Sarr, l\u2019accusatrice d\u2019Ousmane Sonko, a d\u00e9cid\u00e9 de d\u00e9poser une plainte, ce lundi, devant le procureur de la R\u00e9publique. Elle estime \u00eatre diffam\u00e9e dans la s\u00e9rie \u00abThiey Adji Sarr\u00bb \u00a0o\u00f9 on la d\u00e9peint comme une perverse. \u00abSaneex\u00bb, l\u2019un des acteurs de cette s\u00e9rie, d\u00e9gage en touche et estime qu\u2019elle n\u2019a rien \u00e0 voir avec cette affaire.<\/strong><\/p>\n<p>Par l\u2019entremise de son avocat, Me El Hadji Diouf, Adji Sarr a d\u00e9cid\u00e9 de d\u00e9poser une plainte ce lundi sur la table du procureur de la R\u00e9publique, Serigne Bassirou Gu\u00e8ye. Elle proteste contre la s\u00e9rie \u00abThiey Adji Sarr\u00bb qui, vraisemblablement, traite de son affaire.<\/p>\n<p>Mais selon Cheikhou Gu\u00e8ye alias \u00abSanexx\u00bb, l\u2019actrice principale de cette s\u00e9rie, appel\u00e9e Adji Sarr, n\u2019a rien \u00e0 voir avec la masseuse qui accuse Ousmane Sonko de viols r\u00e9p\u00e9titifs et menaces de mort.<\/p>\n<p><em>\u00abCette s\u00e9rie ne parle pas de Adji Sarr. C\u2019est une s\u00e9rie qui traite des faits de la soci\u00e9t\u00e9. Elle n\u2019a rien \u00e0 voir avec cette affaire. Cette \u0153uvre n\u2019appartient m\u00eame pas au groupe \u00abSoleil Levant\u00bb, mais plut\u00f4t \u00e0 l\u2019un des neveux de Aziz Niane. Nous voulons juste le soutenir. Les S\u00e9n\u00e9galais verront que la s\u00e9rie n\u2019a rien \u00e0 voir avec l\u2019histoire ou la vie de Adji Sarr. La bande annonce a \u00e9t\u00e9 ainsi mont\u00e9e pour la recherche du buzz\u00bb,<\/em> d\u00e9gage-t-il en touche.<\/p>\n<p>Pour \u00e9tayer ses propos, il ajoute : <em>\u00ab\u00a0personnellement, depuis que cette affaire a \u00e9clat\u00e9, je n\u2019en parle pas\u00a0; ma famille n\u2019en parle pas. Personne n\u2019en parle dans notre groupe. C\u2019est une affaire qui ne nous concerne pas. Jamais, je n\u2019ai accept\u00e9 \u00e0 ce qu\u2019on me pose des questions sur cette affaire.<\/em>\u00a0\u00bb<\/p>\n<p>&nbsp;<\/p>\n<div class='share-to-whatsapp-wrapper'><div class='share-on-whsp'>PARTAGER SUR : <\/div><a data-text='La masseuse Adji Sarr d\u00e9pose une plainte contre \u00abSaneex\u00a0\u00bb et Cie' data-link='https:\/\/www.nettali.com\/2021\/04\/12\/la-masseuse-adji-sarr-depose-une-plainte-contre-saneex-et-cie\/' class='whatsapp-button whatsapp-share'>WhatsApp<\/a><div class='clear '><\/div><\/div>","protected":false},"excerpt":{"rendered":"<p>NETTALI.COM - La masseuse Adji Sarr, l\u2019accusatrice d\u2019Ousmane Sonko, a d\u00e9cid\u00e9 de d\u00e9poser une plainte, ce lundi, devant le procureur de la R\u00e9publique. Elle estime \u00eatre diffam\u00e9e dans la s\u00e9rie \u00abThiey Adji Sarr\u00bb \u00a0o\u00f9 on la d\u00e9peint comme une perverse. \u00abSaneex\u00bb, l\u2019un des acteurs de cette s\u00e9rie, d\u00e9gage en touche et estime qu\u2019elle n\u2019a rien [&hellip;]<\/p>\n","protected":false},"author":4,"featured_media":61705,"comment_status":"open","ping_status":"open","sticky":false,"template":"","format":"standard","meta":{"_et_pb_use_builder":"","_et_pb_old_content":""},"categories":[3],"tags":[],"yoast_head":"<!-- This site is optimized with the Yoast SEO Premium plugin v17.8 (Yoast SEO v17.8) - https:\/\/yoast.com\/wordpress\/plugins\/seo\/ -->\n<title>La masseuse Adji Sarr d\u00e9pose une plainte contre \u00abSaneex\u00a0\u00bb et Cie | Nettali.com<\/title>\n<meta name=\"robots\" content=\"index, follow, max-snippet:-1, max-image-preview:large, max-video-preview:-1\" \/>\n<link rel=\"canonical\" href=\"https:\/\/www.nettali.com\/2021\/04\/12\/la-masseuse-adji-sarr-depose-une-plainte-contre-saneex-et-cie\/\" \/>\n<meta property=\"og:locale\" content=\"fr_FR\" \/>\n<meta property=\"og:type\" content=\"article\" \/>\n<meta property=\"og:title\" content=\"La masseuse Adji Sarr d\u00e9pose une plainte contre \u00abSaneex\u00a0\u00bb et Cie\" \/>\n<meta property=\"og:description\" content=\"NETTALI.COM - La masseuse Adji Sarr, l\u2019accusatrice d\u2019Ousmane Sonko, a d\u00e9cid\u00e9 de d\u00e9poser une plainte, ce lundi, devant le procureur de la R\u00e9publique. Elle estime \u00eatre diffam\u00e9e dans la s\u00e9rie \u00abThiey Adji Sarr\u00bb \u00a0o\u00f9 on la d\u00e9peint comme une perverse. \u00abSaneex\u00bb, l\u2019un des acteurs de cette s\u00e9rie, d\u00e9gage en touche et estime qu\u2019elle n\u2019a rien [&hellip;]\" \/>\n<meta property=\"og:url\" content=\"https:\/\/www.nettali.com\/2021\/04\/12\/la-masseuse-adji-sarr-depose-une-plainte-contre-saneex-et-cie\/\" \/>\n<meta property=\"og:site_name\" content=\"Nettali.com\" \/>\n<meta property=\"article:publisher\" content=\"https:\/\/www.facebook.com\/nettalicom\" \/>\n<meta property=\"article:published_time\" content=\"2021-04-12T08:56:02+00:00\" \/>\n<meta property=\"article:modified_time\" content=\"2021-04-12T18:07:13+00:00\" \/>\n<meta property=\"og:image\" content=\"https:\/\/www.nettali.com\/wp-content\/uploads\/2021\/04\/adji-sarr.jpeg\" \/>\n\t<meta property=\"og:image:width\" content=\"1440\" \/>\n\t<meta property=\"og:image:height\" content=\"720\" \/>\n<meta name=\"twitter:card\" content=\"summary_large_image\" \/>\n<meta name=\"twitter:label1\" content=\"\u00c9crit par\" \/>\n\t<meta name=\"twitter:data1\" content=\"Daouda\" \/>\n\t<meta name=\"twitter:label2\" content=\"Dur\u00e9e de lecture estim\u00e9e\" \/>\n\t<meta name=\"twitter:data2\" content=\"2 minutes\" \/>\n<script type=\"application\/ld+json\" class=\"yoast-schema-graph\">{\"@context\":\"https:\/\/schema.org\",\"@graph\":[{\"@type\":\"WebSite\",\"@id\":\"https:\/\/www.nettali.com\/#website\",\"url\":\"https:\/\/www.nettali.com\/\",\"name\":\"Nettali.com\",\"description\":\"Le rendez-vous critique du Net\",\"potentialAction\":[{\"@type\":\"SearchAction\",\"target\":{\"@type\":\"EntryPoint\",\"urlTemplate\":\"https:\/\/www.nettali.com\/?s={search_term_string}\"},\"query-input\":\"required name=search_term_string\"}],\"inLanguage\":\"fr-FR\"},{\"@type\":\"ImageObject\",\"@id\":\"https:\/\/www.nettali.com\/2021\/04\/12\/la-masseuse-adji-sarr-depose-une-plainte-contre-saneex-et-cie\/#primaryimage\",\"inLanguage\":\"fr-FR\",\"url\":\"https:\/\/www.nettali.com\/wp-content\/uploads\/2021\/04\/adji-sarr.jpeg\",\"contentUrl\":\"https:\/\/www.nettali.com\/wp-content\/uploads\/2021\/04\/adji-sarr.jpeg\",\"width\":1440,\"height\":720},{\"@type\":\"WebPage\",\"@id\":\"https:\/\/www.nettali.com\/2021\/04\/12\/la-masseuse-adji-sarr-depose-une-plainte-contre-saneex-et-cie\/#webpage\",\"url\":\"https:\/\/www.nettali.com\/2021\/04\/12\/la-masseuse-adji-sarr-depose-une-plainte-contre-saneex-et-cie\/\",\"name\":\"La masseuse Adji Sarr d\\u00e9pose une plainte contre \\u00abSaneex\\u00a0\\u00bb et Cie | Nettali.com\",\"isPartOf\":{\"@id\":\"https:\/\/www.nettali.com\/#website\"},\"primaryImageOfPage\":{\"@id\":\"https:\/\/www.nettali.com\/2021\/04\/12\/la-masseuse-adji-sarr-depose-une-plainte-contre-saneex-et-cie\/#primaryimage\"},\"datePublished\":\"2021-04-12T08:56:02+00:00\",\"dateModified\":\"2021-04-12T18:07:13+00:00\",\"author\":{\"@id\":\"https:\/\/www.nettali.com\/#\/schema\/person\/3317e0bb3aa1da309fbf7b2780901bf4\"},\"breadcrumb\":{\"@id\":\"https:\/\/www.nettali.com\/2021\/04\/12\/la-masseuse-adji-sarr-depose-une-plainte-contre-saneex-et-cie\/#breadcrumb\"},\"inLanguage\":\"fr-FR\",\"potentialAction\":[{\"@type\":\"ReadAction\",\"target\":[\"https:\/\/www.nettali.com\/2021\/04\/12\/la-masseuse-adji-sarr-depose-une-plainte-contre-saneex-et-cie\/\"]}]},{\"@type\":\"BreadcrumbList\",\"@id\":\"https:\/\/www.nettali.com\/2021\/04\/12\/la-masseuse-adji-sarr-depose-une-plainte-contre-saneex-et-cie\/#breadcrumb\",\"itemListElement\":[{\"@type\":\"ListItem\",\"position\":1,\"name\":\"Accueil\",\"item\":\"https:\/\/www.nettali.com\/\"},{\"@type\":\"ListItem\",\"position\":2,\"name\":\"La masseuse Adji Sarr d\\u00e9pose une plainte contre \\u00abSaneex\\u00a0\\u00bb et Cie\"}]},{\"@type\":\"Person\",\"@id\":\"https:\/\/www.nettali.com\/#\/schema\/person\/3317e0bb3aa1da309fbf7b2780901bf4\",\"name\":\"Daouda\",\"image\":{\"@type\":\"ImageObject\",\"@id\":\"https:\/\/www.nettali.com\/#personlogo\",\"inLanguage\":\"fr-FR\",\"url\":\"https:\/\/secure.gravatar.com\/avatar\/8d143b5a49345098ddcfee1c49c2f47c?s=96&d=mm&r=g\",\"contentUrl\":\"https:\/\/secure.gravatar.com\/avatar\/8d143b5a49345098ddcfee1c49c2f47c?s=96&d=mm&r=g\",\"caption\":\"Daouda\"},\"sameAs\":[\"https:\/\/www.nettali.com\"]}]}<\/script>\n<!-- \/ Yoast SEO Premium plugin. -->","yoast_head_json":{"title":"La masseuse Adji Sarr d\u00e9pose une plainte contre \u00abSaneex\u00a0\u00bb et Cie | Nettali.com","robots":{"index":"index","follow":"follow","max-snippet":"max-snippet:-1","max-image-preview":"max-image-preview:large","max-video-preview":"max-video-preview:-1"},"canonical":"https:\/\/www.nettali.com\/2021\/04\/12\/la-masseuse-adji-sarr-depose-une-plainte-contre-saneex-et-cie\/","og_locale":"fr_FR","og_type":"article","og_title":"La masseuse Adji Sarr d\u00e9pose une plainte contre \u00abSaneex\u00a0\u00bb et Cie","og_description":"NETTALI.COM - La masseuse Adji Sarr, l\u2019accusatrice d\u2019Ousmane Sonko, a d\u00e9cid\u00e9 de d\u00e9poser une plainte, ce lundi, devant le procureur de la R\u00e9publique. Elle estime \u00eatre diffam\u00e9e dans la s\u00e9rie \u00abThiey Adji Sarr\u00bb \u00a0o\u00f9 on la d\u00e9peint comme une perverse. \u00abSaneex\u00bb, l\u2019un des acteurs de cette s\u00e9rie, d\u00e9gage en touche et estime qu\u2019elle n\u2019a rien [&hellip;]","og_url":"https:\/\/www.nettali.com\/2021\/04\/12\/la-masseuse-adji-sarr-depose-une-plainte-contre-saneex-et-cie\/","og_site_name":"Nettali.com","article_publisher":"https:\/\/www.facebook.com\/nettalicom","article_published_time":"2021-04-12T08:56:02+00:00","article_modified_time":"2021-04-12T18:07:13+00:00","og_image":[{"width":1440,"height":720,"url":"https:\/\/www.nettali.com\/wp-content\/uploads\/2021\/04\/adji-sarr.jpeg","type":"image\/jpeg"}],"twitter_card":"summary_large_image","twitter_misc":{"\u00c9crit par":"Daouda","Dur\u00e9e de lecture estim\u00e9e":"2 minutes"},"schema":{"@context":"https:\/\/schema.org","@graph":[{"@type":"WebSite","@id":"https:\/\/www.nettali.com\/#website","url":"https:\/\/www.nettali.com\/","name":"Nettali.com","description":"Le rendez-vous critique du Net","potentialAction":[{"@type":"SearchAction","target":{"@type":"EntryPoint","urlTemplate":"https:\/\/www.nettali.com\/?s={search_term_string}"},"query-input":"required name=search_term_string"}],"inLanguage":"fr-FR"},{"@type":"ImageObject","@id":"https:\/\/www.nettali.com\/2021\/04\/12\/la-masseuse-adji-sarr-depose-une-plainte-contre-saneex-et-cie\/#primaryimage","inLanguage":"fr-FR","url":"https:\/\/www.nettali.com\/wp-content\/uploads\/2021\/04\/adji-sarr.jpeg","contentUrl":"https:\/\/www.nettali.com\/wp-content\/uploads\/2021\/04\/adji-sarr.jpeg","width":1440,"height":720},{"@type":"WebPage","@id":"https:\/\/www.nettali.com\/2021\/04\/12\/la-masseuse-adji-sarr-depose-une-plainte-contre-saneex-et-cie\/#webpage","url":"https:\/\/www.nettali.com\/2021\/04\/12\/la-masseuse-adji-sarr-depose-une-plainte-contre-saneex-et-cie\/","name":"La masseuse Adji Sarr d\u00e9pose une plainte contre \u00abSaneex\u00a0\u00bb et Cie | Nettali.com","isPartOf":{"@id":"https:\/\/www.nettali.com\/#website"},"primaryImageOfPage":{"@id":"https:\/\/www.nettali.com\/2021\/04\/12\/la-masseuse-adji-sarr-depose-une-plainte-contre-saneex-et-cie\/#primaryimage"},"datePublished":"2021-04-12T08:56:02+00:00","dateModified":"2021-04-12T18:07:13+00:00","author":{"@id":"https:\/\/www.nettali.com\/#\/schema\/person\/3317e0bb3aa1da309fbf7b2780901bf4"},"breadcrumb":{"@id":"https:\/\/www.nettali.com\/2021\/04\/12\/la-masseuse-adji-sarr-depose-une-plainte-contre-saneex-et-cie\/#breadcrumb"},"inLanguage":"fr-FR","potentialAction":[{"@type":"ReadAction","target":["https:\/\/www.nettali.com\/2021\/04\/12\/la-masseuse-adji-sarr-depose-une-plainte-contre-saneex-et-cie\/"]}]},{"@type":"BreadcrumbList","@id":"https:\/\/www.nettali.com\/2021\/04\/12\/la-masseuse-adji-sarr-depose-une-plainte-contre-saneex-et-cie\/#breadcrumb","itemListElement":[{"@type":"ListItem","position":1,"name":"Accueil","item":"https:\/\/www.nettali.com\/"},{"@type":"ListItem","position":2,"name":"La masseuse Adji Sarr d\u00e9pose une plainte contre \u00abSaneex\u00a0\u00bb et Cie"}]},{"@type":"Person","@id":"https:\/\/www.nettali.com\/#\/schema\/person\/3317e0bb3aa1da309fbf7b2780901bf4","name":"Daouda","image":{"@type":"ImageObject","@id":"https:\/\/www.nettali.com\/#personlogo","inLanguage":"fr-FR","url":"https:\/\/secure.gravatar.com\/avatar\/8d143b5a49345098ddcfee1c49c2f47c?s=96&d=mm&r=g","contentUrl":"https:\/\/secure.gravatar.com\/avatar\/8d143b5a49345098ddcfee1c49c2f47c?s=96&d=mm&r=g","caption":"Daouda"},"sameAs":["https:\/\/www.nettali.com"]}]}},"_links":{"self":[{"href":"https:\/\/www.nettali.com\/rest\/wp\/v2\/posts\/61704"}],"collection":[{"href":"https:\/\/www.nettali.com\/rest\/wp\/v2\/posts"}],"about":[{"href":"https:\/\/www.nettali.com\/rest\/wp\/v2\/types\/post"}],"author":[{"embeddable":true,"href":"https:\/\/www.nettali.com\/rest\/wp\/v2\/users\/4"}],"replies":[{"embeddable":true,"href":"https:\/\/www.nettali.com\/rest\/wp\/v2\/comments?post=61704"}],"version-history":[{"count":3,"href":"https:\/\/www.nettali.com\/rest\/wp\/v2\/posts\/61704\/revisions"}],"predecessor-version":[{"id":61710,"href":"https:\/\/www.nettali.com\/rest\/wp\/v2\/posts\/61704\/revisions\/61710"}],"wp:featuredmedia":[{"embeddable":true,"href":"https:\/\/www.nettali.com\/rest\/wp\/v2\/media\/61705"}],"wp:attachment":[{"href":"https:\/\/www.nettali.com\/rest\/wp\/v2\/media?parent=61704"}],"wp:term":[{"taxonomy":"category","embeddable":true,"href":"https:\/\/www.nettali.com\/rest\/wp\/v2\/categories?post=61704"},{"taxonomy":"post_tag","embeddable":true,"href":"https:\/\/www.nettali.com\/rest\/wp\/v2\/tags?post=61704"}],"curies":[{"name":"wp","href":"https:\/\/api.w.org\/{rel}","templated":true}]}}