{"id":61699,"date":"2021-04-12T07:28:44","date_gmt":"2021-04-12T07:28:44","guid":{"rendered":"https:\/\/www.nettali.com\/?p=61699"},"modified":"2021-04-14T01:11:08","modified_gmt":"2021-04-14T01:11:08","slug":"ledito-de-nettali-com-macky-sall-a-t-il-vraiment-compris","status":"publish","type":"post","link":"https:\/\/www.nettali.com\/2021\/04\/12\/ledito-de-nettali-com-macky-sall-a-t-il-vraiment-compris\/","title":{"rendered":"L'EDITO DE NETTALI.COM - Macky Sall, a-t-il vraiment compris\u00a0?"},"content":{"rendered":"<p><strong>NETTALI.COM - Le pr\u00e9sident Sall, a-t-il vraiment pris la bonne mesure des choses ? Lorsqu\u2019il s\u2019adresse aux jeunes en leur disant les avoir bien compris, est-ce vraiment le cas ? Ne cherchait-il pas juste \u00e0 se tirer d\u2019affaire et \u00e0 calmer la temp\u00eate au lendemain d\u2019\u00e9v\u00e8nements violents et de manifestations tous azimuts au moment o\u00f9 il n\u2019avait plus aucun contr\u00f4le sur le cours des choses ? <\/strong><\/p>\n<p>Des commentaires on ne sait, bas\u00e9es sur quoi d\u2019ailleurs, ont laiss\u00e9 croire que la covid qui a enferm\u00e9 et appauvri les S\u00e9n\u00e9galais, conjugu\u00e9e avec le d\u00e9sespoir des jeunes en panne de perspectives, sont les principales causes de ces manifestations, en dehors de l\u2019affaire politico-judiciaire. Des explications qui arrangent d\u2019ailleurs fortement le camp du pouvoir qui ne veut en aucune fa\u00e7on, laisser croire que l\u2019affaire Sonko est la seule cause du soul\u00e8vement des jeunes. Aussi, s\u2019est-il agripp\u00e9 \u00e0 cette th\u00e8se. M\u00eame Ousmane Sonko s\u2019\u00e9tait plu \u00e0 soutenir cette m\u00eame th\u00e8se, l\u2019heure n\u2019\u00e9tait pas \u00e0 bomber le torse ou \u00e0 s\u2019auto-glorifier d\u2019une quelconque victoire.<\/p>\n<p>Macky Sall nous a en tout cas dit avoir compris la jeunesse, mais l\u2019a-t-il au fond de lui vraiment comprise\u00a0? Car \u00e0 la v\u00e9rit\u00e9, ce n\u2019est pas elle seule qu\u2019il devait comprendre. La demande sociale la plus \u00e9vidente et la moins \u00e9quivoque possible, et qu\u2019on peut d\u00e9crypter comme la cause de ces \u00e9v\u00e8nements, c\u2019est aussi ce besoin de justice ind\u00e9pendante et impartiale\u00a0: suspicion vis-\u00e0-vis de juges qui seraient aux ordres, de lois liberticides, de la pr\u00e9sence du pr\u00e9sident de la R\u00e9publique et du ministre de la Justice au Conseil sup\u00e9rieur de la magistrature, la toute-puissance du procureur de la R\u00e9publique, pour ne citer que ces quelques points.<\/p>\n<p>Un pr\u00e9sident de la R\u00e9publique qui a compris, aurait peut-\u00eatre pu poser des actes plus forts dans le domaine de la justice. Question de cr\u00e9er un \u00e9lectrochoc. En d\u00e9cidant d\u2019instituer un juge des libert\u00e9s qui serait un magistrat non soumis \u00e0 l\u2019autorit\u00e9 du ministre de la Justice et qui garantirait davantage la libert\u00e9 des mis en cause. Ces derniers ne seraient plus de fait tributaires de la toute-puissance du procureur de la R\u00e9publique. Macky Sall pouvait aussi d\u00e9cider de ne plus faire partie, lui et son ministre de ce Conseil sup\u00e9rieur de la magistrature. Il y a \u00e9videmment d\u2019autres actes dans le domaine de la justice qu\u2019il pouvait poser.<\/p>\n<p>Invit\u00e9 sur la 2 STV, le 4 avril, alors qu\u2019\u00e9tait d\u00e9battue la question du civisme, de la R\u00e9publique et des institutions, Cheikh Tidiane Lam de l\u2019Inspection g\u00e9n\u00e9rale de la justice (Igaj), interrog\u00e9 sur le fonctionnement de cette institution, ne pointe pas un doigt accusateur sur les juges mais plut\u00f4t sur l\u2019Assembl\u00e9e nationale o\u00f9 les lois sont vot\u00e9es, estimant que le juge ne peut se permettre de critiquer n\u00e9gativement la loi, ni l\u2019organisation en place. Pour M. Lam qui a fait une th\u00e8se sur la modernisation de la justice, certains aspects de notre syst\u00e8me sont d\u00e9pass\u00e9s. Il en veut pour preuve le code p\u00e9nal qui contient des lois liberticides citant notamment l\u2019atteinte \u00e0 la s\u00fbret\u00e9 de l\u2019Etat qui lie le juge et l\u2019oblige \u00e0 placer sous mandat de d\u00e9p\u00f4t n\u2019importe quel mis en cause, lorsque le procureur le poursuit. Ce code p\u00e9nal date selon lui de 1965, donc un contexte o\u00f9 l\u2019on sortait de crise et durant lequel le pr\u00e9sident en place avait besoin de se prot\u00e9ger. Ce qui laisse penser que ce souci d\u2019ind\u00e9pendance de la justice n\u2019est pas juste une affaire de Souleymane T\u00e9liko, mais celle de magistrats qui n\u2019entendent pas continuer \u00e0 ressentir un d\u00e9ficit de confiance de la part des justiciables qui n\u2019attendent rien d\u2019autre qu\u2019on leur rende la justice de mani\u00e8re \u00e9quitable.<\/p>\n<p>Pourquoi les citoyens devraient-ils plus faire confiance au syst\u00e8me judiciaire alors que les acteurs principaux, les magistrats cens\u00e9s rendre eux-m\u00eames la justice, ne font pas assez confiance en ce syst\u00e8me ? Attaquer \u00e0 ce point le juge T\u00e9liko dans cette affaire de frais qui n\u2019en est d\u2019ailleurs pas une, est loin d\u2019\u00eatre intelligent\u00a0? Une affaire qui a pourtant concern\u00e9 14 magistrats et dont il est le seul qui semble d\u2019ailleurs concern\u00e9. T\u00e9liko de l\u2019Union des magistrats du S\u00e9n\u00e9gal (Ums), d\u00e9range, c\u2019est s\u00fbr.<\/p>\n<p><strong>\u00a0 \u00a0 \u00a0 \u00a0 \u00a0 \u00a0 \u00a0 \u00a0 \u00a0 \u00a0 \u00a0 \u00a0 \u00a0 \u00a0 \u00a0 \u00a0 \u00a0 \u00a0 \u00a0 \u00a0 \u00a0 \u00a0 \u00a0 \u00a0 \u00a0 \u00a0 \u00a0 \u00a0 \u00a0 \u00a0 \u00a0 \u00a0 \u00a0 \u00a0 \u00a0 \u00a0 \u00a0 \u00a0 \u00a0 \u00a0 \u00a0 Meetings de remobilisation tous azimuts <\/strong><\/p>\n<p>Mais \u00e0 bien lire ce qui se d\u00e9roule sous nos yeux, il y a bien lieu de douter que Macky Sall ait bien compris les jeunes. Mais au-del\u00e0, sont-ce les jeunes uniquement qui gal\u00e8rent\u00a0? Les seuls signaux perceptibles de sa part, pendant qu\u2019il annonce un chapelet de mesures en direction de l\u2019emploi des jeunes, c\u2019est d\u2019organiser des meetings de mobilisation au fur et \u00e0 mesure que le temps passe, pour montrer qu\u2019il a toujours des partisans dans toutes les contr\u00e9es.\u00a0 Une mani\u00e8re de se relever progressivement de cet affront caus\u00e9 par Ousmane Sonko. C\u2019est comme si en effet le seul barom\u00e8tre de Macky Sall pour se donner bonne conscience d\u2019\u00eatre toujours dans le coup, c\u2019est de mobiliser \u00e0 coups de plusieurs dizaines de millions. Ces d\u00e9penses n\u2019ont pour effet en r\u00e9alit\u00e9 que de davantage braquer et r\u00e9volter les gens. Comme d\u2019ailleurs ce \u00ab\u00a0Fouta ko Tampi\u00a0\u00bb (\u00ab\u00a0le Fouta est fatigu\u00e9\u00a0\u00bb). Ils ne se doutent certainement pas que ces foules-l\u00e0 qu\u2019ils rassemblent \u00e9taient les m\u00eames que sous Wade et Diouf. La politique politicienne n\u2019a jamais vraiment chang\u00e9 sous nos cieux. M\u00eames m\u00e9thodes, m\u00eame proc\u00e9d\u00e9s. Elles sont recrut\u00e9es et transport\u00e9es de r\u00e9gions en r\u00e9gions avec des perdiems \u00e0 l\u2019appui. Le syst\u00e8me est \u00e9prouv\u00e9 et plus personne n\u2019est dupe. Les foules changent de t-shirt et de casquettes \u00e0 longueur d\u2019alternance dans des patelins o\u00f9 n\u2019importe quel \u00e9v\u00e9nement draine du monde par d\u00e9ficit d\u2019activit\u00e9s dignes de ce nom.<\/p>\n<p>Certains dans les rangs de Macky Sall qui n\u2019apprennent rien des exp\u00e9riences, voient l\u2019affaire comme un affrontement. Ils croient simplement qu\u2019ils ont \u00e9t\u00e9 surpris ! Il n\u2019y a en r\u00e9alit\u00e9 pur aveugle que celui qui ne veut point voir le ciel ! Etant au pouvoir, c\u2019est \u00e0 eux de prendre un peu plus de hauteur et de d\u00e9rouler leur programme et reconna\u00eetre des erreurs qui ne peuvent pas manquer, quel que soit d\u2019ailleurs le r\u00e9gime en place.<\/p>\n<p>M\u00eame le combat de lutte organis\u00e9 par Gaston Mbengue et qui a \u00e9t\u00e9 un grand fiasco, fait partie de cette strat\u00e9gie de reprise en main. Mais combien de jeunes trouvent un salut \u00e0 travers la lutte\u00a0? Une poign\u00e9e. Rares sont ceux qui atteindront le niveau des Balla Gaye 2, Eumeu S\u00e8ne, Modou Lo, etc. Ou cherchait-on juste \u00e0 les distraire\u00a0?<\/p>\n<p><strong>\u00a0 \u00a0 \u00a0 \u00a0 \u00a0 \u00a0 \u00a0 \u00a0 \u00a0 \u00a0 \u00a0 \u00a0 \u00a0 \u00a0 \u00a0 \u00a0 \u00a0 \u00a0 \u00a0 \u00a0 \u00a0 \u00a0 \u00a0 \u00a0 \u00a0 \u00a0 \u00a0 \u00a0 \u00a0 \u00a0 \u00a0 \u00a0 \u00a0 \u00a0 L'\u00e9quation des 65 000 emplois et la convention avec l'Espagne<\/strong><\/p>\n<p>80 milliards de F\u00a0 Cfa. C\u2019est le montant que le gouvernement va lib\u00e9rer pour, d\u00e8s le mois de mai, recruter 65 000 jeunes sur l\u2019ensemble du territoire national pour des activit\u00e9s d\u2019\u00e9ducation, de reforestation, de reboisement, d\u2019hygi\u00e8ne publique, de s\u00e9curit\u00e9, d\u2019entretien routier et de pavage des villes. L\u2019annonce a \u00e9t\u00e9 faite le samedi 3 avril, par le pr\u00e9sident de la R\u00e9publique. 65\u00a0000 jeunes, c\u2019est tr\u00e8s peu, mais c\u2019est un bon d\u00e9but, \u00e0 condition toutefois que les emplois ne soient pas pr\u00e9caires. A d\u00e9crypter le type d\u2019emplois, difficile de croire qu\u2019ils puissent \u00eatre p\u00e9rennes\u00a0! De quel niveau de r\u00e9mun\u00e9ration parle-t-on\u00a0? Sur quelle dur\u00e9e\u00a0? Pour quels types de qualifications\u00a0? Il y a lieu d\u2019en savoir un peu plus. Les emplois d\u00e9di\u00e9s aux agents de s\u00e9curit\u00e9 de proximit\u00e9, ont \u00e9t\u00e9 cr\u00e9\u00e9s et il a \u00e9t\u00e9 \u00e0 un moment question de la poursuite ou non de leurs contrats. De quoi r\u00e9pondre sur le type d\u2019emploi que l\u2019Etat veut cr\u00e9er.<\/p>\n<p>Des \u00e9conomistes sont d\u2019ailleurs bien sceptiques sur les 450 milliards que va d\u00e9gager l\u2019Etat pour ces emplois dont 150 pour cette ann\u00e9e 2021. Mais dans la foul\u00e9e, ils se demandent si les r\u00e9am\u00e9nagements budg\u00e9taires ne vont pas cr\u00e9er des crises dans certains secteurs, estimant que l\u2019Etat n\u2019a pas vocation \u00e0 cr\u00e9er des emplois \u00e0 travers le budget. Ceux-l\u00e0 ne demandent d\u2019ailleurs ni plus, ni moins que ces organes de cr\u00e9ation d\u2019emplois soient d\u2019abord audit\u00e9s et ensuite fusionn\u00e9s de mani\u00e8re \u00e0 assurer une certaine coh\u00e9rence et leur efficacit\u00e9.<\/p>\n<p>Invit\u00e9 du \u00ab\u00a0Jury du dimanche\u00a0\u00bb, Oumar Seck, expert financier, chef de la Plateforme EU ACP de d\u00e9veloppement du secteur priv\u00e9 a d\u00e9nonc\u00e9 la d\u00e9sindustrialisation du S\u00e9n\u00e9gal et indiqu\u00e9 que \u00ab<em>\u00a0l\u2019erreur que nous avons commise, c\u2019est qu\u2019il n\u2019y a pas eu de suivi et il n\u2019y a pas eu de dynamique de migration en termes de comp\u00e9titivit\u00e9 sur les secteurs industriels o\u00f9 le S\u00e9n\u00e9gal a mis\u00e9s<\/em>\u00a0\u00bb. Cependant, il a fait savoir, pour rassurer que, dans les deux prochaines ann\u00e9es le S\u00e9n\u00e9gal peut cr\u00e9er plus d\u2019un million d\u2019emplois bien pay\u00e9s.<\/p>\n<p>Mais temp\u00e8re celui-ci, tant qu\u2019un dispositif de promotion des PME\/PMI n\u2019est pas mis en place, ce sera difficile de cr\u00e9er des emplois. Ce, parce que la promotion des PME est au c\u0153ur des agendas de cr\u00e9ation d\u2019emplois. \u00ab <em>Il ne s\u2019agit pas de mettre l\u2019argent. Il s\u2019agit d\u2019avoir un dispositif orient\u00e9 vers des r\u00e9sultats concrets. Ce n\u2019est pas l\u2019argent qui r\u00e8gle la question de l\u2019emploi. On a un probl\u00e8me d\u2019instruments, d\u2019outils de mis en \u0153uvre. Le dispositif de financements et d\u2019encadrement n\u2019est pas efficace. Le S\u00e9n\u00e9gal a des institutions mais il y a des probl\u00e8mes au niveau des instruments et les strat\u00e9gies et de la redevabilit\u00e9. Il y a possibilit\u00e9 de rationaliser les structures<\/em> \u00bb, a expliqu\u00e9, le chef de la Plateforme EU ACP de d\u00e9veloppement du secteur priv\u00e9. Qui, dans le m\u00eame sillage a plaid\u00e9 l\u2019accompagnement du secteur informel. Ce, en l'incitant \u00e0 la formation et en les capacitant afin qu\u2019il puisse acc\u00e9der au financement.<\/p>\n<p>L\u2019autre trouvaille de l\u2019Etat, c\u2019est de r\u00e9gulariser l\u2019\u00e9migration \u00e0 travers cette convention entre l\u2019Espagne et le S\u00e9n\u00e9gal sur la question de la gestion des flux migratoires. Ce qui peut \u00eatre une belle exp\u00e9rience ainsi qu\u2019un acte positif. Elle porte ainsi sur une \u00ab\u00a0migration circulaire\u00a0\u00bb, \u00e0 travers des d\u00e9parts saisonniers pour satisfaire les besoins de main-d\u2019\u0153uvre de ce pays. \u00ab<em>Pour organiser cette main-d\u2019\u0153uvre, une task-force sera mise en place et regroupera les minist\u00e8res de l\u2019Int\u00e9rieur, de la Jeunesse, des Affaires \u00e9trang\u00e8res et de l\u2019Agriculture, pour s\u00e9lection, sur la base du cahier de charges, des jeunes candidats volontaires pour une p\u00e9riode. Apr\u00e8s la saison, ils reviennent et nous verrons comment, \u00e0 leur retour, nous leur donnerons des perspectives de travail<\/em>\u00bb, a expliqu\u00e9 le pr\u00e9sident Sall. Une convention qui vient certainement huiler un peu plus la machine de l\u2019emploi version Macky Sall, mais surtout pourrait aider plus tard les b\u00e9n\u00e9ficiaires \u00e0 acqu\u00e9rir de l\u2019exp\u00e9rience et du savoir-faire dans ce pays et dupliquer les m\u00e9thodes.<\/p>\n<p><strong>\u00a0 \u00a0 \u00a0 \u00a0 \u00a0 \u00a0 \u00a0 \u00a0 \u00a0 \u00a0 \u00a0 \u00a0 \u00a0 \u00a0 \u00a0 \u00a0 \u00a0 \u00a0 \u00a0 \u00a0 \u00a0 \u00a0 \u00a0 \u00a0 \u00a0 \u00a0 \u00a0 \u00a0 \u00a0 \u00a0 \u00a0 \u00a0 \u00a0 \u00a0 \u00a0 \u00a0 \u00a0La solution \u00e0 travers les secteurs porteurs et un secteur priv\u00e9 fort\u00a0<\/strong><\/p>\n<p>Mais il ne faut toutefois pas se leurrer. La question de l\u2019emploi des jeunes ne peut se suffire de ces mesures qui sont loin d\u2019une politique d\u2019emploi p\u00e9renne. Celle-ci ne peut se r\u00e9duire\u00a0 \u00e0 une question de reboisement, d\u2019hygi\u00e8ne publique, d\u2019entretien routier, elle va au-del\u00e0.\u00a0 L\u2019industrie, l\u2019agriculture et les secteurs de l\u2019informatique, du num\u00e9rique, minier et p\u00e9trolier et des services, peuvent \u00eatre de grands pourvoyeurs d\u2019emploi. Il s\u2019agit de cr\u00e9er une v\u00e9ritable ambition autour de ces secteurs. Mais quelle ambition veut-on afficher en nommant \u00e0 l\u2019industrie Moustapha Diop\u00a0? Quel acte a-t-il pos\u00e9 depuis sa nomination\u00a0?<\/p>\n<p>A la v\u00e9rit\u00e9, le S\u00e9n\u00e9gal se d\u00e9sindustrialise avec les Industries chimiques du S\u00e9n\u00e9gal (Ics), un fleuron d\u2019antan pass\u00e9es entre les mains des Indiens, la Sonacos qui se d\u00e9bat dans des difficult\u00e9s, sans oublier toutes ces industries textiles qui ont disparu (Sotiba, Icotaf, etc), industries de chaussures (Bata), l\u2019industrie pharmaceutique avec Medis. Le domaine financier se d\u00e9peuple avec Wari et Joni Joni bien partis pourtant.<\/p>\n<p>Bref, il s\u2019agit surtout, tout en cr\u00e9ant des emplois, d\u2019opter pour une politique de pr\u00e9servation. Dans le domaine du num\u00e9rique, il faut et surtout cr\u00e9er des start up et les booster par l\u2019investissement et l\u2019acc\u00e8s au march\u00e9 (notamment la commande publique). Nos couturiers et stylistes ont un \u00e9norme talent. Leur savoir-faire connect\u00e9 avec une industrie textile, peut aider \u00e0 faire rena\u00eetre un secteur textile digne de ce nom. La Sonadis aurait par exemple pu \u00eatre un g\u00e9ant de la grande distribution, \u00e0 l\u2019heure actuelle.<\/p>\n<p>Au-del\u00e0, c\u2019est le syst\u00e8me d\u2019enseignement qui devrait \u00eatre davantage connect\u00e9 \u00e0 la formation professionnelle et sup\u00e9rieure, tout en n\u2019oubliant pas le niveau interm\u00e9diaire entre le Secondaire et le Sup\u00e9rieur, \u00e0 travers les fili\u00e8res professionnelles.<\/p>\n<p>Un secteur priv\u00e9 fort est \u00e9galement \u00e0 encourager. Le pr\u00e9texte de la mondialisation est certes facile \u00e0 brandir, mais doit-il donner lieu \u00e0 l\u2019affaiblissement de son secteur priv\u00e9 en laissant tous les forts du monde venir les \u00e9craser ou r\u00e9cup\u00e9rer la plupart des parts de march\u00e9s\u00a0? Il y a \u00e9videmment lieu de cr\u00e9er des m\u00e9canismes pour que les priv\u00e9s nationaux soient dans les structures des capitaux \u00e9trangers qui viennent s\u2019implanter, de mani\u00e8re \u00e0 ce qu\u2019ils fassent leur exp\u00e9rience et b\u00e9n\u00e9ficient \u00e9galement des transferts de technologie. Le cas le plus inqui\u00e9tant, ce sont ces banques marocaines, fran\u00e7aises, nig\u00e9rianes, ivoiriennes, burkinab\u00e9s, qui ont fini d\u2019occuper l\u2019espace, alors que rares sont les banques s\u00e9n\u00e9galaises qui sont dans une logique de r\u00e9ciprocit\u00e9 dans ces m\u00eames pays.<\/p>\n<p>La v\u00e9rit\u00e9 est que nos autorit\u00e9s ne semblent avoir de strat\u00e9gie et encore moins la volont\u00e9 politique d\u2019aider, de soutenir ses entreprises. Il y a des banques telles que celle de l\u2019habit, la BNDE et La Banque agricole qui ont un gros potentiel, mais sont-elles vraiment aid\u00e9es \u00e0 la hauteur des ambitions qu\u2019elles devraient pouvoir porter\u00a0? Par exemple loger les comptes publics et ceux des fonctionnaires dans les banques s\u00e9n\u00e9galaises. A c\u00f4t\u00e9, des banques \u00e9trang\u00e8res poussent le manque de scrupules en recalant de bons dossiers d\u2019entrepreneurs s\u00e9n\u00e9galais tout en les refilant \u00e0 ceux de leurs pays, cr\u00e9ant de fait, des\u00a0 entr\u00e9es sur le territoire national. Leurs pays d\u2019origine ont en r\u00e9alit\u00e9 mis en place de v\u00e9ritables strat\u00e9gies d\u2019extension et de d\u00e9veloppement \u00e0 l\u2019\u00e9tranger et en particulier dans les pays qui ouvrent grandes leurs vannes. C\u2019est le cas de ces banques \u00e0 l\u2019export telles que Exim qui accompagnent les entreprises du pays \u00e0 l\u2019\u00e9tranger, leur octroyant les capitaux n\u00e9cessaires. C\u2019est en effet totalement inconcevable de laisser\u00a0 son \u00e9conomie ainsi domin\u00e9e par des banques \u00e9trang\u00e8res. L\u2019\u00e9conomie, n\u2019est-ce pas le premier \u00e9l\u00e9ment de souverainet\u00e9\u00a0?<\/p>\n<p>Macky Sall doit en tout cas \u00eatre plong\u00e9 par ces temps qui courent, dans une grande introspection. 2024 n\u2019est ni tr\u00e8s loin, ni tr\u00e8s proche, et il va falloir appliquer un rem\u00e8de de cheval \u00e0 l\u2019\u00e9conomie, de mani\u00e8re \u00e0 la booster. Ce qui signifie en d\u2019autres termes, appliquer une cure d\u2019amaigrissement \u00e0 ce gouvernement pl\u00e9thorique, sans r\u00e9elle efficacit\u00e9 et o\u00f9 d\u2019aucuns ont si peu d\u2019envergure. Le S\u00e9n\u00e9gal regorge de comp\u00e9tences et difficile de ne pas trouver. Il suffit de lancer des appels \u00e0 candidature pour les postes de direction. Des pays africains en ont fait l\u2019exp\u00e9rience avec des r\u00e9sultats probants. Le pr\u00e9sident aurait m\u00eame pu dissoudre le Hcct et le Cese. Mais la v\u00e9rit\u00e9 est qu\u2019il n\u2019osera pas, trop englu\u00e9 qu\u2019il est dans ses r\u00e9flexes et calculs politiciens. Il est vraiment grand temps que Macky Sall comprenne r\u00e9ellement le message du peuple. Pas uniquement celui des jeunes.<\/p>\n<p>&nbsp;<\/p>\n<p>&nbsp;<\/p>\n<div class='share-to-whatsapp-wrapper'><div class='share-on-whsp'>PARTAGER SUR : <\/div><a data-text='L'EDITO DE NETTALI.COM - Macky Sall, a-t-il vraiment compris\u00a0?' data-link='https:\/\/www.nettali.com\/2021\/04\/12\/ledito-de-nettali-com-macky-sall-a-t-il-vraiment-compris\/' class='whatsapp-button whatsapp-share'>WhatsApp<\/a><div class='clear '><\/div><\/div>","protected":false},"excerpt":{"rendered":"<p>NETTALI.COM - Le pr\u00e9sident Sall, a-t-il vraiment pris la bonne mesure des choses ? Lorsqu\u2019il s\u2019adresse aux jeunes en leur disant les avoir bien compris, est-ce vraiment le cas ? Ne cherchait-il pas juste \u00e0 se tirer d\u2019affaire et \u00e0 calmer la temp\u00eate au lendemain d\u2019\u00e9v\u00e8nements violents et de manifestations tous azimuts au moment o\u00f9 [&hellip;]<\/p>\n","protected":false},"author":2,"featured_media":61765,"comment_status":"open","ping_status":"open","sticky":false,"template":"","format":"standard","meta":{"_et_pb_use_builder":"","_et_pb_old_content":""},"categories":[34931],"tags":[],"yoast_head":"<!-- This site is optimized with the Yoast SEO Premium plugin v17.8 (Yoast SEO v17.8) - https:\/\/yoast.com\/wordpress\/plugins\/seo\/ -->\n<title>L&#039;EDITO DE NETTALI.COM - Macky Sall, a-t-il vraiment compris\u00a0? | Nettali.com<\/title>\n<meta name=\"robots\" content=\"index, follow, max-snippet:-1, max-image-preview:large, max-video-preview:-1\" \/>\n<link rel=\"canonical\" href=\"https:\/\/www.nettali.com\/2021\/04\/12\/ledito-de-nettali-com-macky-sall-a-t-il-vraiment-compris\/\" \/>\n<meta property=\"og:locale\" content=\"fr_FR\" \/>\n<meta property=\"og:type\" content=\"article\" \/>\n<meta property=\"og:title\" content=\"L&#039;EDITO DE NETTALI.COM - Macky Sall, a-t-il vraiment compris\u00a0?\" \/>\n<meta property=\"og:description\" content=\"NETTALI.COM - Le pr\u00e9sident Sall, a-t-il vraiment pris la bonne mesure des choses ? Lorsqu\u2019il s\u2019adresse aux jeunes en leur disant les avoir bien compris, est-ce vraiment le cas ? Ne cherchait-il pas juste \u00e0 se tirer d\u2019affaire et \u00e0 calmer la temp\u00eate au lendemain d\u2019\u00e9v\u00e8nements violents et de manifestations tous azimuts au moment o\u00f9 [&hellip;]\" \/>\n<meta property=\"og:url\" content=\"https:\/\/www.nettali.com\/2021\/04\/12\/ledito-de-nettali-com-macky-sall-a-t-il-vraiment-compris\/\" \/>\n<meta property=\"og:site_name\" content=\"Nettali.com\" \/>\n<meta property=\"article:publisher\" content=\"https:\/\/www.facebook.com\/nettalicom\" \/>\n<meta property=\"article:published_time\" content=\"2021-04-12T07:28:44+00:00\" \/>\n<meta property=\"article:modified_time\" content=\"2021-04-14T01:11:08+00:00\" \/>\n<meta property=\"og:image\" content=\"https:\/\/www.nettali.com\/wp-content\/uploads\/2021\/04\/diop-sall-diop2.jpg\" \/>\n\t<meta property=\"og:image:width\" content=\"1280\" \/>\n\t<meta property=\"og:image:height\" content=\"600\" \/>\n<meta name=\"twitter:card\" content=\"summary_large_image\" \/>\n<meta name=\"twitter:label1\" content=\"\u00c9crit par\" \/>\n\t<meta name=\"twitter:data1\" content=\"CK\" \/>\n\t<meta name=\"twitter:label2\" content=\"Dur\u00e9e de lecture estim\u00e9e\" \/>\n\t<meta name=\"twitter:data2\" content=\"14 minutes\" \/>\n<script type=\"application\/ld+json\" class=\"yoast-schema-graph\">{\"@context\":\"https:\/\/schema.org\",\"@graph\":[{\"@type\":\"WebSite\",\"@id\":\"https:\/\/www.nettali.com\/#website\",\"url\":\"https:\/\/www.nettali.com\/\",\"name\":\"Nettali.com\",\"description\":\"Le rendez-vous critique du Net\",\"potentialAction\":[{\"@type\":\"SearchAction\",\"target\":{\"@type\":\"EntryPoint\",\"urlTemplate\":\"https:\/\/www.nettali.com\/?s={search_term_string}\"},\"query-input\":\"required name=search_term_string\"}],\"inLanguage\":\"fr-FR\"},{\"@type\":\"ImageObject\",\"@id\":\"https:\/\/www.nettali.com\/2021\/04\/12\/ledito-de-nettali-com-macky-sall-a-t-il-vraiment-compris\/#primaryimage\",\"inLanguage\":\"fr-FR\",\"url\":\"https:\/\/www.nettali.com\/wp-content\/uploads\/2021\/04\/diop-sall-diop2.jpg\",\"contentUrl\":\"https:\/\/www.nettali.com\/wp-content\/uploads\/2021\/04\/diop-sall-diop2.jpg\",\"width\":1280,\"height\":600},{\"@type\":\"WebPage\",\"@id\":\"https:\/\/www.nettali.com\/2021\/04\/12\/ledito-de-nettali-com-macky-sall-a-t-il-vraiment-compris\/#webpage\",\"url\":\"https:\/\/www.nettali.com\/2021\/04\/12\/ledito-de-nettali-com-macky-sall-a-t-il-vraiment-compris\/\",\"name\":\"L'EDITO DE NETTALI.COM - Macky Sall, a-t-il vraiment compris\\u00a0? | Nettali.com\",\"isPartOf\":{\"@id\":\"https:\/\/www.nettali.com\/#website\"},\"primaryImageOfPage\":{\"@id\":\"https:\/\/www.nettali.com\/2021\/04\/12\/ledito-de-nettali-com-macky-sall-a-t-il-vraiment-compris\/#primaryimage\"},\"datePublished\":\"2021-04-12T07:28:44+00:00\",\"dateModified\":\"2021-04-14T01:11:08+00:00\",\"author\":{\"@id\":\"https:\/\/www.nettali.com\/#\/schema\/person\/d8ac7b7e27ddad43f1c0d2ef090d7f71\"},\"breadcrumb\":{\"@id\":\"https:\/\/www.nettali.com\/2021\/04\/12\/ledito-de-nettali-com-macky-sall-a-t-il-vraiment-compris\/#breadcrumb\"},\"inLanguage\":\"fr-FR\",\"potentialAction\":[{\"@type\":\"ReadAction\",\"target\":[\"https:\/\/www.nettali.com\/2021\/04\/12\/ledito-de-nettali-com-macky-sall-a-t-il-vraiment-compris\/\"]}]},{\"@type\":\"BreadcrumbList\",\"@id\":\"https:\/\/www.nettali.com\/2021\/04\/12\/ledito-de-nettali-com-macky-sall-a-t-il-vraiment-compris\/#breadcrumb\",\"itemListElement\":[{\"@type\":\"ListItem\",\"position\":1,\"name\":\"Accueil\",\"item\":\"https:\/\/www.nettali.com\/\"},{\"@type\":\"ListItem\",\"position\":2,\"name\":\"L&rsquo;EDITO DE NETTALI.COM &#8211; Macky Sall, a-t-il vraiment compris\\u00a0?\"}]},{\"@type\":\"Person\",\"@id\":\"https:\/\/www.nettali.com\/#\/schema\/person\/d8ac7b7e27ddad43f1c0d2ef090d7f71\",\"name\":\"CK\",\"image\":{\"@type\":\"ImageObject\",\"@id\":\"https:\/\/www.nettali.com\/#personlogo\",\"inLanguage\":\"fr-FR\",\"url\":\"https:\/\/secure.gravatar.com\/avatar\/1d8d5118b9327d94da7cd4ce7f17fec2?s=96&d=mm&r=g\",\"contentUrl\":\"https:\/\/secure.gravatar.com\/avatar\/1d8d5118b9327d94da7cd4ce7f17fec2?s=96&d=mm&r=g\",\"caption\":\"CK\"},\"sameAs\":[\"https:\/\/www.nettali.com\"]}]}<\/script>\n<!-- \/ Yoast SEO Premium plugin. -->","yoast_head_json":{"title":"L'EDITO DE NETTALI.COM - Macky Sall, a-t-il vraiment compris\u00a0? | Nettali.com","robots":{"index":"index","follow":"follow","max-snippet":"max-snippet:-1","max-image-preview":"max-image-preview:large","max-video-preview":"max-video-preview:-1"},"canonical":"https:\/\/www.nettali.com\/2021\/04\/12\/ledito-de-nettali-com-macky-sall-a-t-il-vraiment-compris\/","og_locale":"fr_FR","og_type":"article","og_title":"L'EDITO DE NETTALI.COM - Macky Sall, a-t-il vraiment compris\u00a0?","og_description":"NETTALI.COM - Le pr\u00e9sident Sall, a-t-il vraiment pris la bonne mesure des choses ? Lorsqu\u2019il s\u2019adresse aux jeunes en leur disant les avoir bien compris, est-ce vraiment le cas ? Ne cherchait-il pas juste \u00e0 se tirer d\u2019affaire et \u00e0 calmer la temp\u00eate au lendemain d\u2019\u00e9v\u00e8nements violents et de manifestations tous azimuts au moment o\u00f9 [&hellip;]","og_url":"https:\/\/www.nettali.com\/2021\/04\/12\/ledito-de-nettali-com-macky-sall-a-t-il-vraiment-compris\/","og_site_name":"Nettali.com","article_publisher":"https:\/\/www.facebook.com\/nettalicom","article_published_time":"2021-04-12T07:28:44+00:00","article_modified_time":"2021-04-14T01:11:08+00:00","og_image":[{"width":1280,"height":600,"url":"https:\/\/www.nettali.com\/wp-content\/uploads\/2021\/04\/diop-sall-diop2.jpg","type":"image\/jpeg"}],"twitter_card":"summary_large_image","twitter_misc":{"\u00c9crit par":"CK","Dur\u00e9e de lecture estim\u00e9e":"14 minutes"},"schema":{"@context":"https:\/\/schema.org","@graph":[{"@type":"WebSite","@id":"https:\/\/www.nettali.com\/#website","url":"https:\/\/www.nettali.com\/","name":"Nettali.com","description":"Le rendez-vous critique du Net","potentialAction":[{"@type":"SearchAction","target":{"@type":"EntryPoint","urlTemplate":"https:\/\/www.nettali.com\/?s={search_term_string}"},"query-input":"required name=search_term_string"}],"inLanguage":"fr-FR"},{"@type":"ImageObject","@id":"https:\/\/www.nettali.com\/2021\/04\/12\/ledito-de-nettali-com-macky-sall-a-t-il-vraiment-compris\/#primaryimage","inLanguage":"fr-FR","url":"https:\/\/www.nettali.com\/wp-content\/uploads\/2021\/04\/diop-sall-diop2.jpg","contentUrl":"https:\/\/www.nettali.com\/wp-content\/uploads\/2021\/04\/diop-sall-diop2.jpg","width":1280,"height":600},{"@type":"WebPage","@id":"https:\/\/www.nettali.com\/2021\/04\/12\/ledito-de-nettali-com-macky-sall-a-t-il-vraiment-compris\/#webpage","url":"https:\/\/www.nettali.com\/2021\/04\/12\/ledito-de-nettali-com-macky-sall-a-t-il-vraiment-compris\/","name":"L'EDITO DE NETTALI.COM - Macky Sall, a-t-il vraiment compris\u00a0? | Nettali.com","isPartOf":{"@id":"https:\/\/www.nettali.com\/#website"},"primaryImageOfPage":{"@id":"https:\/\/www.nettali.com\/2021\/04\/12\/ledito-de-nettali-com-macky-sall-a-t-il-vraiment-compris\/#primaryimage"},"datePublished":"2021-04-12T07:28:44+00:00","dateModified":"2021-04-14T01:11:08+00:00","author":{"@id":"https:\/\/www.nettali.com\/#\/schema\/person\/d8ac7b7e27ddad43f1c0d2ef090d7f71"},"breadcrumb":{"@id":"https:\/\/www.nettali.com\/2021\/04\/12\/ledito-de-nettali-com-macky-sall-a-t-il-vraiment-compris\/#breadcrumb"},"inLanguage":"fr-FR","potentialAction":[{"@type":"ReadAction","target":["https:\/\/www.nettali.com\/2021\/04\/12\/ledito-de-nettali-com-macky-sall-a-t-il-vraiment-compris\/"]}]},{"@type":"BreadcrumbList","@id":"https:\/\/www.nettali.com\/2021\/04\/12\/ledito-de-nettali-com-macky-sall-a-t-il-vraiment-compris\/#breadcrumb","itemListElement":[{"@type":"ListItem","position":1,"name":"Accueil","item":"https:\/\/www.nettali.com\/"},{"@type":"ListItem","position":2,"name":"L&rsquo;EDITO DE NETTALI.COM &#8211; Macky Sall, a-t-il vraiment compris\u00a0?"}]},{"@type":"Person","@id":"https:\/\/www.nettali.com\/#\/schema\/person\/d8ac7b7e27ddad43f1c0d2ef090d7f71","name":"CK","image":{"@type":"ImageObject","@id":"https:\/\/www.nettali.com\/#personlogo","inLanguage":"fr-FR","url":"https:\/\/secure.gravatar.com\/avatar\/1d8d5118b9327d94da7cd4ce7f17fec2?s=96&d=mm&r=g","contentUrl":"https:\/\/secure.gravatar.com\/avatar\/1d8d5118b9327d94da7cd4ce7f17fec2?s=96&d=mm&r=g","caption":"CK"},"sameAs":["https:\/\/www.nettali.com"]}]}},"_links":{"self":[{"href":"https:\/\/www.nettali.com\/rest\/wp\/v2\/posts\/61699"}],"collection":[{"href":"https:\/\/www.nettali.com\/rest\/wp\/v2\/posts"}],"about":[{"href":"https:\/\/www.nettali.com\/rest\/wp\/v2\/types\/post"}],"author":[{"embeddable":true,"href":"https:\/\/www.nettali.com\/rest\/wp\/v2\/users\/2"}],"replies":[{"embeddable":true,"href":"https:\/\/www.nettali.com\/rest\/wp\/v2\/comments?post=61699"}],"version-history":[{"count":1,"href":"https:\/\/www.nettali.com\/rest\/wp\/v2\/posts\/61699\/revisions"}],"predecessor-version":[{"id":61700,"href":"https:\/\/www.nettali.com\/rest\/wp\/v2\/posts\/61699\/revisions\/61700"}],"wp:featuredmedia":[{"embeddable":true,"href":"https:\/\/www.nettali.com\/rest\/wp\/v2\/media\/61765"}],"wp:attachment":[{"href":"https:\/\/www.nettali.com\/rest\/wp\/v2\/media?parent=61699"}],"wp:term":[{"taxonomy":"category","embeddable":true,"href":"https:\/\/www.nettali.com\/rest\/wp\/v2\/categories?post=61699"},{"taxonomy":"post_tag","embeddable":true,"href":"https:\/\/www.nettali.com\/rest\/wp\/v2\/tags?post=61699"}],"curies":[{"name":"wp","href":"https:\/\/api.w.org\/{rel}","templated":true}]}}