{"id":61623,"date":"2021-04-10T11:35:42","date_gmt":"2021-04-10T11:35:42","guid":{"rendered":"https:\/\/www.nettali.com\/?p=61623"},"modified":"2021-04-10T11:35:42","modified_gmt":"2021-04-10T11:35:42","slug":"cala-diakhaby-le-rapport-de-la-liga-et-la-reaction-de-tebas","status":"publish","type":"post","link":"https:\/\/www.nettali.com\/2021\/04\/10\/cala-diakhaby-le-rapport-de-la-liga-et-la-reaction-de-tebas\/","title":{"rendered":"CALA-DIAKHABY - Le rapport de la Liga et la r\u00e9action de Tebas"},"content":{"rendered":"<p><strong>NETTALI.COM - Dans un communiqu\u00e9 publi\u00e9 ce vendredi, la Ligue espagnole a rendu son rapport concernant l'affaire de racisme qui a \u00e9clat\u00e9 lors du match Cadix-Valence (2-1), dimanche dernier. La Liga a expliqu\u00e9 qu'elle ne pouvait pas prouver que Juan Cala a tenu des propos racistes envers Mouctar Diakhaby. <\/strong><\/p>\n<p>\"<em>Apr\u00e8s l'analyse des \u00e9l\u00e9ments \u00e0 la disposition de La Liga, nous en sommes venus \u00e0 la conclusion qu'aucune preuve n'a \u00e9t\u00e9 trouv\u00e9e de Juan Cala utilisant les mots d\u00e9nonc\u00e9s envers Mouctar Diakhaby<\/em>\", peut-on lire. \"<em>Concr\u00e8tement, toutes les archives t\u00e9l\u00e9vis\u00e9es et num\u00e9riques disponibles du match ont \u00e9t\u00e9 examin\u00e9es ainsi que les s\u00e9quences audio du jeu, les images diffus\u00e9es et ce qui a \u00e9t\u00e9 partag\u00e9 sur les r\u00e9seaux sociaux. Afin de compl\u00e9ter le rapport, une soci\u00e9t\u00e9 sp\u00e9cialis\u00e9e a \u00e9t\u00e9 engag\u00e9e pour faire une analyse labiale des conversations et \u00e9tudier le comportement des joueurs. La Liga a partag\u00e9 ces rapports avec les clubs impliqu\u00e9s et les autorit\u00e9s comp\u00e9tentes afin qu'ils fassent partie des proc\u00e9dures en cours<\/em>\", explique la Ligue espagnole.<\/p>\n<p>Le d\u00e9fenseur valencien accuse son adversaire de l'avoir insult\u00e9 de \"<em>noir de merde<\/em>\". Les joueurs de Valence avaient quitt\u00e9 le terrain pour regagner les vestiaires avant de reprendre la partie, une vingtaine de minutes plus tard. De son c\u00f4t\u00e9, Cala a toujours ni\u00e9 ces accusations.<\/p>\n<div><strong>\"Un malentendu, selon Tebas<\/strong><\/div>\n<div><\/div>\n<div class=\"chapo\">Javier Tebas a de son c\u00f4t\u00e9 estim\u00e9 vendredi qu'il s'agissait sans doute d'un \"malentendu\". L'avis du dirigeant de la Liga a fait r\u00e9agir le principal int\u00e9ress\u00e9 sur son compte Instagram.<\/div>\n<p>Le club de Valence o\u00f9 \u00e9volue Diakhaby, a affirm\u00e9 dans la foul\u00e9e, son soutien \u00e0 son d\u00e9fenseur tout en maintenant les accusations. Le joueur fran\u00e7ais a utilis\u00e9 son compte Instagram pour donner sa r\u00e9action. Surtout aux propos du pr\u00e9sident de LaLiga, Javier Tebas, qui a donn\u00e9 son avis en expliquant que Diakhaby avait peut-\u00eatre mal compris ou entendu Cala. \"<em>Un malentendu<\/em>??\", a publi\u00e9 le Fran\u00e7ais avec trois smileys montrant son ironie, par-dessus une capture d'\u00e9cran d'un article relayant l'opinion de Tebas.<\/p>\n<div class='share-to-whatsapp-wrapper'><div class='share-on-whsp'>PARTAGER SUR : <\/div><a data-text='CALA-DIAKHABY - Le rapport de la Liga et la r\u00e9action de Tebas' data-link='https:\/\/www.nettali.com\/2021\/04\/10\/cala-diakhaby-le-rapport-de-la-liga-et-la-reaction-de-tebas\/' class='whatsapp-button whatsapp-share'>WhatsApp<\/a><div class='clear '><\/div><\/div>","protected":false},"excerpt":{"rendered":"<p>NETTALI.COM - Dans un communiqu\u00e9 publi\u00e9 ce vendredi, la Ligue espagnole a rendu son rapport concernant l'affaire de racisme qui a \u00e9clat\u00e9 lors du match Cadix-Valence (2-1), dimanche dernier. La Liga a expliqu\u00e9 qu'elle ne pouvait pas prouver que Juan Cala a tenu des propos racistes envers Mouctar Diakhaby. \"Apr\u00e8s l'analyse des \u00e9l\u00e9ments \u00e0 la [&hellip;]<\/p>\n","protected":false},"author":2,"featured_media":61627,"comment_status":"open","ping_status":"open","sticky":false,"template":"","format":"standard","meta":{"_et_pb_use_builder":"","_et_pb_old_content":""},"categories":[6],"tags":[],"yoast_head":"<!-- This site is optimized with the Yoast SEO Premium plugin v17.8 (Yoast SEO v17.8) - https:\/\/yoast.com\/wordpress\/plugins\/seo\/ -->\n<title>CALA-DIAKHABY - Le rapport de la Liga et la r\u00e9action de Tebas | Nettali.com<\/title>\n<meta name=\"robots\" content=\"index, follow, max-snippet:-1, max-image-preview:large, max-video-preview:-1\" \/>\n<link rel=\"canonical\" href=\"https:\/\/www.nettali.com\/2021\/04\/10\/cala-diakhaby-le-rapport-de-la-liga-et-la-reaction-de-tebas\/\" \/>\n<meta property=\"og:locale\" content=\"fr_FR\" \/>\n<meta property=\"og:type\" content=\"article\" \/>\n<meta property=\"og:title\" content=\"CALA-DIAKHABY - Le rapport de la Liga et la r\u00e9action de Tebas\" \/>\n<meta property=\"og:description\" content=\"NETTALI.COM - Dans un communiqu\u00e9 publi\u00e9 ce vendredi, la Ligue espagnole a rendu son rapport concernant l&#039;affaire de racisme qui a \u00e9clat\u00e9 lors du match Cadix-Valence (2-1), dimanche dernier. La Liga a expliqu\u00e9 qu&#039;elle ne pouvait pas prouver que Juan Cala a tenu des propos racistes envers Mouctar Diakhaby. &quot;Apr\u00e8s l&#039;analyse des \u00e9l\u00e9ments \u00e0 la [&hellip;]\" \/>\n<meta property=\"og:url\" content=\"https:\/\/www.nettali.com\/2021\/04\/10\/cala-diakhaby-le-rapport-de-la-liga-et-la-reaction-de-tebas\/\" \/>\n<meta property=\"og:site_name\" content=\"Nettali.com\" \/>\n<meta property=\"article:publisher\" content=\"https:\/\/www.facebook.com\/nettalicom\" \/>\n<meta property=\"article:published_time\" content=\"2021-04-10T11:35:42+00:00\" \/>\n<meta property=\"og:image\" content=\"https:\/\/www.nettali.com\/wp-content\/uploads\/2021\/04\/image-1.jpg\" \/>\n\t<meta property=\"og:image:width\" content=\"885\" \/>\n\t<meta property=\"og:image:height\" content=\"500\" \/>\n<meta name=\"twitter:card\" content=\"summary_large_image\" \/>\n<meta name=\"twitter:label1\" content=\"\u00c9crit par\" \/>\n\t<meta name=\"twitter:data1\" content=\"CK\" \/>\n\t<meta name=\"twitter:label2\" content=\"Dur\u00e9e de lecture estim\u00e9e\" \/>\n\t<meta name=\"twitter:data2\" content=\"2 minutes\" \/>\n<script type=\"application\/ld+json\" class=\"yoast-schema-graph\">{\"@context\":\"https:\/\/schema.org\",\"@graph\":[{\"@type\":\"WebSite\",\"@id\":\"https:\/\/www.nettali.com\/#website\",\"url\":\"https:\/\/www.nettali.com\/\",\"name\":\"Nettali.com\",\"description\":\"Le rendez-vous critique du Net\",\"potentialAction\":[{\"@type\":\"SearchAction\",\"target\":{\"@type\":\"EntryPoint\",\"urlTemplate\":\"https:\/\/www.nettali.com\/?s={search_term_string}\"},\"query-input\":\"required name=search_term_string\"}],\"inLanguage\":\"fr-FR\"},{\"@type\":\"ImageObject\",\"@id\":\"https:\/\/www.nettali.com\/2021\/04\/10\/cala-diakhaby-le-rapport-de-la-liga-et-la-reaction-de-tebas\/#primaryimage\",\"inLanguage\":\"fr-FR\",\"url\":\"https:\/\/www.nettali.com\/wp-content\/uploads\/2021\/04\/image-1.jpg\",\"contentUrl\":\"https:\/\/www.nettali.com\/wp-content\/uploads\/2021\/04\/image-1.jpg\",\"width\":885,\"height\":500},{\"@type\":\"WebPage\",\"@id\":\"https:\/\/www.nettali.com\/2021\/04\/10\/cala-diakhaby-le-rapport-de-la-liga-et-la-reaction-de-tebas\/#webpage\",\"url\":\"https:\/\/www.nettali.com\/2021\/04\/10\/cala-diakhaby-le-rapport-de-la-liga-et-la-reaction-de-tebas\/\",\"name\":\"CALA-DIAKHABY - Le rapport de la Liga et la r\\u00e9action de Tebas | Nettali.com\",\"isPartOf\":{\"@id\":\"https:\/\/www.nettali.com\/#website\"},\"primaryImageOfPage\":{\"@id\":\"https:\/\/www.nettali.com\/2021\/04\/10\/cala-diakhaby-le-rapport-de-la-liga-et-la-reaction-de-tebas\/#primaryimage\"},\"datePublished\":\"2021-04-10T11:35:42+00:00\",\"dateModified\":\"2021-04-10T11:35:42+00:00\",\"author\":{\"@id\":\"https:\/\/www.nettali.com\/#\/schema\/person\/d8ac7b7e27ddad43f1c0d2ef090d7f71\"},\"breadcrumb\":{\"@id\":\"https:\/\/www.nettali.com\/2021\/04\/10\/cala-diakhaby-le-rapport-de-la-liga-et-la-reaction-de-tebas\/#breadcrumb\"},\"inLanguage\":\"fr-FR\",\"potentialAction\":[{\"@type\":\"ReadAction\",\"target\":[\"https:\/\/www.nettali.com\/2021\/04\/10\/cala-diakhaby-le-rapport-de-la-liga-et-la-reaction-de-tebas\/\"]}]},{\"@type\":\"BreadcrumbList\",\"@id\":\"https:\/\/www.nettali.com\/2021\/04\/10\/cala-diakhaby-le-rapport-de-la-liga-et-la-reaction-de-tebas\/#breadcrumb\",\"itemListElement\":[{\"@type\":\"ListItem\",\"position\":1,\"name\":\"Accueil\",\"item\":\"https:\/\/www.nettali.com\/\"},{\"@type\":\"ListItem\",\"position\":2,\"name\":\"CALA-DIAKHABY &#8211; Le rapport de la Liga et la r\\u00e9action de Tebas\"}]},{\"@type\":\"Person\",\"@id\":\"https:\/\/www.nettali.com\/#\/schema\/person\/d8ac7b7e27ddad43f1c0d2ef090d7f71\",\"name\":\"CK\",\"image\":{\"@type\":\"ImageObject\",\"@id\":\"https:\/\/www.nettali.com\/#personlogo\",\"inLanguage\":\"fr-FR\",\"url\":\"https:\/\/secure.gravatar.com\/avatar\/1d8d5118b9327d94da7cd4ce7f17fec2?s=96&d=mm&r=g\",\"contentUrl\":\"https:\/\/secure.gravatar.com\/avatar\/1d8d5118b9327d94da7cd4ce7f17fec2?s=96&d=mm&r=g\",\"caption\":\"CK\"},\"sameAs\":[\"https:\/\/www.nettali.com\"]}]}<\/script>\n<!-- \/ Yoast SEO Premium plugin. -->","yoast_head_json":{"title":"CALA-DIAKHABY - Le rapport de la Liga et la r\u00e9action de Tebas | Nettali.com","robots":{"index":"index","follow":"follow","max-snippet":"max-snippet:-1","max-image-preview":"max-image-preview:large","max-video-preview":"max-video-preview:-1"},"canonical":"https:\/\/www.nettali.com\/2021\/04\/10\/cala-diakhaby-le-rapport-de-la-liga-et-la-reaction-de-tebas\/","og_locale":"fr_FR","og_type":"article","og_title":"CALA-DIAKHABY - Le rapport de la Liga et la r\u00e9action de Tebas","og_description":"NETTALI.COM - Dans un communiqu\u00e9 publi\u00e9 ce vendredi, la Ligue espagnole a rendu son rapport concernant l'affaire de racisme qui a \u00e9clat\u00e9 lors du match Cadix-Valence (2-1), dimanche dernier. La Liga a expliqu\u00e9 qu'elle ne pouvait pas prouver que Juan Cala a tenu des propos racistes envers Mouctar Diakhaby. \"Apr\u00e8s l'analyse des \u00e9l\u00e9ments \u00e0 la [&hellip;]","og_url":"https:\/\/www.nettali.com\/2021\/04\/10\/cala-diakhaby-le-rapport-de-la-liga-et-la-reaction-de-tebas\/","og_site_name":"Nettali.com","article_publisher":"https:\/\/www.facebook.com\/nettalicom","article_published_time":"2021-04-10T11:35:42+00:00","og_image":[{"width":885,"height":500,"url":"https:\/\/www.nettali.com\/wp-content\/uploads\/2021\/04\/image-1.jpg","type":"image\/jpeg"}],"twitter_card":"summary_large_image","twitter_misc":{"\u00c9crit par":"CK","Dur\u00e9e de lecture estim\u00e9e":"2 minutes"},"schema":{"@context":"https:\/\/schema.org","@graph":[{"@type":"WebSite","@id":"https:\/\/www.nettali.com\/#website","url":"https:\/\/www.nettali.com\/","name":"Nettali.com","description":"Le rendez-vous critique du Net","potentialAction":[{"@type":"SearchAction","target":{"@type":"EntryPoint","urlTemplate":"https:\/\/www.nettali.com\/?s={search_term_string}"},"query-input":"required name=search_term_string"}],"inLanguage":"fr-FR"},{"@type":"ImageObject","@id":"https:\/\/www.nettali.com\/2021\/04\/10\/cala-diakhaby-le-rapport-de-la-liga-et-la-reaction-de-tebas\/#primaryimage","inLanguage":"fr-FR","url":"https:\/\/www.nettali.com\/wp-content\/uploads\/2021\/04\/image-1.jpg","contentUrl":"https:\/\/www.nettali.com\/wp-content\/uploads\/2021\/04\/image-1.jpg","width":885,"height":500},{"@type":"WebPage","@id":"https:\/\/www.nettali.com\/2021\/04\/10\/cala-diakhaby-le-rapport-de-la-liga-et-la-reaction-de-tebas\/#webpage","url":"https:\/\/www.nettali.com\/2021\/04\/10\/cala-diakhaby-le-rapport-de-la-liga-et-la-reaction-de-tebas\/","name":"CALA-DIAKHABY - Le rapport de la Liga et la r\u00e9action de Tebas | Nettali.com","isPartOf":{"@id":"https:\/\/www.nettali.com\/#website"},"primaryImageOfPage":{"@id":"https:\/\/www.nettali.com\/2021\/04\/10\/cala-diakhaby-le-rapport-de-la-liga-et-la-reaction-de-tebas\/#primaryimage"},"datePublished":"2021-04-10T11:35:42+00:00","dateModified":"2021-04-10T11:35:42+00:00","author":{"@id":"https:\/\/www.nettali.com\/#\/schema\/person\/d8ac7b7e27ddad43f1c0d2ef090d7f71"},"breadcrumb":{"@id":"https:\/\/www.nettali.com\/2021\/04\/10\/cala-diakhaby-le-rapport-de-la-liga-et-la-reaction-de-tebas\/#breadcrumb"},"inLanguage":"fr-FR","potentialAction":[{"@type":"ReadAction","target":["https:\/\/www.nettali.com\/2021\/04\/10\/cala-diakhaby-le-rapport-de-la-liga-et-la-reaction-de-tebas\/"]}]},{"@type":"BreadcrumbList","@id":"https:\/\/www.nettali.com\/2021\/04\/10\/cala-diakhaby-le-rapport-de-la-liga-et-la-reaction-de-tebas\/#breadcrumb","itemListElement":[{"@type":"ListItem","position":1,"name":"Accueil","item":"https:\/\/www.nettali.com\/"},{"@type":"ListItem","position":2,"name":"CALA-DIAKHABY &#8211; Le rapport de la Liga et la r\u00e9action de Tebas"}]},{"@type":"Person","@id":"https:\/\/www.nettali.com\/#\/schema\/person\/d8ac7b7e27ddad43f1c0d2ef090d7f71","name":"CK","image":{"@type":"ImageObject","@id":"https:\/\/www.nettali.com\/#personlogo","inLanguage":"fr-FR","url":"https:\/\/secure.gravatar.com\/avatar\/1d8d5118b9327d94da7cd4ce7f17fec2?s=96&d=mm&r=g","contentUrl":"https:\/\/secure.gravatar.com\/avatar\/1d8d5118b9327d94da7cd4ce7f17fec2?s=96&d=mm&r=g","caption":"CK"},"sameAs":["https:\/\/www.nettali.com"]}]}},"_links":{"self":[{"href":"https:\/\/www.nettali.com\/rest\/wp\/v2\/posts\/61623"}],"collection":[{"href":"https:\/\/www.nettali.com\/rest\/wp\/v2\/posts"}],"about":[{"href":"https:\/\/www.nettali.com\/rest\/wp\/v2\/types\/post"}],"author":[{"embeddable":true,"href":"https:\/\/www.nettali.com\/rest\/wp\/v2\/users\/2"}],"replies":[{"embeddable":true,"href":"https:\/\/www.nettali.com\/rest\/wp\/v2\/comments?post=61623"}],"version-history":[{"count":1,"href":"https:\/\/www.nettali.com\/rest\/wp\/v2\/posts\/61623\/revisions"}],"predecessor-version":[{"id":61628,"href":"https:\/\/www.nettali.com\/rest\/wp\/v2\/posts\/61623\/revisions\/61628"}],"wp:featuredmedia":[{"embeddable":true,"href":"https:\/\/www.nettali.com\/rest\/wp\/v2\/media\/61627"}],"wp:attachment":[{"href":"https:\/\/www.nettali.com\/rest\/wp\/v2\/media?parent=61623"}],"wp:term":[{"taxonomy":"category","embeddable":true,"href":"https:\/\/www.nettali.com\/rest\/wp\/v2\/categories?post=61623"},{"taxonomy":"post_tag","embeddable":true,"href":"https:\/\/www.nettali.com\/rest\/wp\/v2\/tags?post=61623"}],"curies":[{"name":"wp","href":"https:\/\/api.w.org\/{rel}","templated":true}]}}