{"id":61566,"date":"2021-04-09T13:03:12","date_gmt":"2021-04-09T13:03:12","guid":{"rendered":"https:\/\/www.nettali.com\/?p=61566"},"modified":"2021-04-09T13:03:12","modified_gmt":"2021-04-09T13:03:12","slug":"ce-que-je-retiens-du-doyen-des-juges-samba-sall","status":"publish","type":"post","link":"https:\/\/www.nettali.com\/2021\/04\/09\/ce-que-je-retiens-du-doyen-des-juges-samba-sall\/","title":{"rendered":"\"Ce que je retiens du Doyen des juges, Samba Sall\""},"content":{"rendered":"<p><strong>NETTALI.COM - Mo\u00efse Rampino est l'une des \"victimes\" du Doyen des juges. Samba Fall l'avait inculp\u00e9 et plac\u00e9 sous mandat de d\u00e9p\u00f4t. Pourtant, il dit garder de tr\u00e8s bon souvenir du magistrat instructeur.<\/strong><\/p>\n<p><em>\"Je le taquinais dans un de mes r\u00e9cents posts, ne me doutant pas qu'il souffrait d'un mal atroce. \u00a0De Samba Sall, je retiens un homme affable, gentil et tr\u00e8s humain. J'ai eu \u00e0 faire 03 face-\u00e0-face avec lui, mais je tiens \u00e0 pr\u00e9ciser qu'il a toujours accompli son sacerdoce avec patriotisme\"<\/em>, t\u00e9moigne Mo\u00efse Rampino qui a fait la prison \u00e0 plusieurs reprises.<\/p>\n<p><em>\"A chaque fois que j'\u00e9tais dans son bureau, il partageait le th\u00e9 qu'il buvait avec moi qui provenait pourtant de la lugubre chambre 09 de la prison de Rebeuss. Au moment o\u00f9 il m'\u00e9tait pratiquement interdit de passer un coup d'appel \u00e0 la prison, lui, le doyen des juges m'a offert le luxe de pouvoir \u00e9mettre un appel \u00e0 l'int\u00e9rieur de son bureau. Juste pour t\u00e9moigner des qualit\u00e9s hautement humaines de ce grand monsieur. Un jour nous vous rejoindrons \u00e0 coup s\u00fbr\"<\/em>, dit-il.<\/p>\n<p><em>\"Mes pens\u00e9es vont vers la famille \u00e9plor\u00e9e. Je me prosterne devant vous pour vous pr\u00e9senter mes condol\u00e9ances les plus attrist\u00e9es. J'imagine la peine des magistrats dont il \u00e9tait l'un des fid\u00e8les porte-\u00e9tendards. Puisse Allah le mis\u00e9ricordieux lui pardonner tous ses p\u00each\u00e9s et l'accueillir dans son paradis c\u00e9leste. Repose en paix doyen, vous resterez \u00e0 jamais grav\u00e9 dans nos coeurs\"<\/em>, \u00e9crit Mo\u00efse Rampino.<\/p>\n<div class='share-to-whatsapp-wrapper'><div class='share-on-whsp'>PARTAGER SUR : <\/div><a data-text='\"Ce que je retiens du Doyen des juges, Samba Sall\"' data-link='https:\/\/www.nettali.com\/2021\/04\/09\/ce-que-je-retiens-du-doyen-des-juges-samba-sall\/' class='whatsapp-button whatsapp-share'>WhatsApp<\/a><div class='clear '><\/div><\/div>","protected":false},"excerpt":{"rendered":"<p>NETTALI.COM - Mo\u00efse Rampino est l'une des \"victimes\" du Doyen des juges. Samba Fall l'avait inculp\u00e9 et plac\u00e9 sous mandat de d\u00e9p\u00f4t. Pourtant, il dit garder de tr\u00e8s bon souvenir du magistrat instructeur. \"Je le taquinais dans un de mes r\u00e9cents posts, ne me doutant pas qu'il souffrait d'un mal atroce. \u00a0De Samba Sall, je [&hellip;]<\/p>\n","protected":false},"author":4,"featured_media":61567,"comment_status":"open","ping_status":"open","sticky":false,"template":"","format":"standard","meta":{"_et_pb_use_builder":"","_et_pb_old_content":""},"categories":[3],"tags":[],"yoast_head":"<!-- This site is optimized with the Yoast SEO Premium plugin v17.8 (Yoast SEO v17.8) - https:\/\/yoast.com\/wordpress\/plugins\/seo\/ -->\n<title>&quot;Ce que je retiens du Doyen des juges, Samba Sall&quot; | Nettali.com<\/title>\n<meta name=\"robots\" content=\"index, follow, max-snippet:-1, max-image-preview:large, max-video-preview:-1\" \/>\n<link rel=\"canonical\" href=\"https:\/\/www.nettali.com\/2021\/04\/09\/ce-que-je-retiens-du-doyen-des-juges-samba-sall\/\" \/>\n<meta property=\"og:locale\" content=\"fr_FR\" \/>\n<meta property=\"og:type\" content=\"article\" \/>\n<meta property=\"og:title\" content=\"&quot;Ce que je retiens du Doyen des juges, Samba Sall&quot;\" \/>\n<meta property=\"og:description\" content=\"NETTALI.COM - Mo\u00efse Rampino est l&#039;une des &quot;victimes&quot; du Doyen des juges. Samba Fall l&#039;avait inculp\u00e9 et plac\u00e9 sous mandat de d\u00e9p\u00f4t. Pourtant, il dit garder de tr\u00e8s bon souvenir du magistrat instructeur. &quot;Je le taquinais dans un de mes r\u00e9cents posts, ne me doutant pas qu&#039;il souffrait d&#039;un mal atroce. \u00a0De Samba Sall, je [&hellip;]\" \/>\n<meta property=\"og:url\" content=\"https:\/\/www.nettali.com\/2021\/04\/09\/ce-que-je-retiens-du-doyen-des-juges-samba-sall\/\" \/>\n<meta property=\"og:site_name\" content=\"Nettali.com\" \/>\n<meta property=\"article:publisher\" content=\"https:\/\/www.facebook.com\/nettalicom\" \/>\n<meta property=\"article:published_time\" content=\"2021-04-09T13:03:12+00:00\" \/>\n<meta property=\"og:image\" content=\"https:\/\/www.nettali.com\/wp-content\/uploads\/2021\/04\/moise-rampino-samba-sall.jpeg\" \/>\n\t<meta property=\"og:image:width\" content=\"800\" \/>\n\t<meta property=\"og:image:height\" content=\"640\" \/>\n<meta name=\"twitter:card\" content=\"summary_large_image\" \/>\n<meta name=\"twitter:label1\" content=\"\u00c9crit par\" \/>\n\t<meta name=\"twitter:data1\" content=\"Daouda\" \/>\n\t<meta name=\"twitter:label2\" content=\"Dur\u00e9e de lecture estim\u00e9e\" \/>\n\t<meta name=\"twitter:data2\" content=\"1 minute\" \/>\n<script type=\"application\/ld+json\" class=\"yoast-schema-graph\">{\"@context\":\"https:\/\/schema.org\",\"@graph\":[{\"@type\":\"WebSite\",\"@id\":\"https:\/\/www.nettali.com\/#website\",\"url\":\"https:\/\/www.nettali.com\/\",\"name\":\"Nettali.com\",\"description\":\"Le rendez-vous critique du Net\",\"potentialAction\":[{\"@type\":\"SearchAction\",\"target\":{\"@type\":\"EntryPoint\",\"urlTemplate\":\"https:\/\/www.nettali.com\/?s={search_term_string}\"},\"query-input\":\"required name=search_term_string\"}],\"inLanguage\":\"fr-FR\"},{\"@type\":\"ImageObject\",\"@id\":\"https:\/\/www.nettali.com\/2021\/04\/09\/ce-que-je-retiens-du-doyen-des-juges-samba-sall\/#primaryimage\",\"inLanguage\":\"fr-FR\",\"url\":\"https:\/\/www.nettali.com\/wp-content\/uploads\/2021\/04\/moise-rampino-samba-sall.jpeg\",\"contentUrl\":\"https:\/\/www.nettali.com\/wp-content\/uploads\/2021\/04\/moise-rampino-samba-sall.jpeg\",\"width\":800,\"height\":640},{\"@type\":\"WebPage\",\"@id\":\"https:\/\/www.nettali.com\/2021\/04\/09\/ce-que-je-retiens-du-doyen-des-juges-samba-sall\/#webpage\",\"url\":\"https:\/\/www.nettali.com\/2021\/04\/09\/ce-que-je-retiens-du-doyen-des-juges-samba-sall\/\",\"name\":\"\\\"Ce que je retiens du Doyen des juges, Samba Sall\\\" | Nettali.com\",\"isPartOf\":{\"@id\":\"https:\/\/www.nettali.com\/#website\"},\"primaryImageOfPage\":{\"@id\":\"https:\/\/www.nettali.com\/2021\/04\/09\/ce-que-je-retiens-du-doyen-des-juges-samba-sall\/#primaryimage\"},\"datePublished\":\"2021-04-09T13:03:12+00:00\",\"dateModified\":\"2021-04-09T13:03:12+00:00\",\"author\":{\"@id\":\"https:\/\/www.nettali.com\/#\/schema\/person\/3317e0bb3aa1da309fbf7b2780901bf4\"},\"breadcrumb\":{\"@id\":\"https:\/\/www.nettali.com\/2021\/04\/09\/ce-que-je-retiens-du-doyen-des-juges-samba-sall\/#breadcrumb\"},\"inLanguage\":\"fr-FR\",\"potentialAction\":[{\"@type\":\"ReadAction\",\"target\":[\"https:\/\/www.nettali.com\/2021\/04\/09\/ce-que-je-retiens-du-doyen-des-juges-samba-sall\/\"]}]},{\"@type\":\"BreadcrumbList\",\"@id\":\"https:\/\/www.nettali.com\/2021\/04\/09\/ce-que-je-retiens-du-doyen-des-juges-samba-sall\/#breadcrumb\",\"itemListElement\":[{\"@type\":\"ListItem\",\"position\":1,\"name\":\"Accueil\",\"item\":\"https:\/\/www.nettali.com\/\"},{\"@type\":\"ListItem\",\"position\":2,\"name\":\"\\u00ab\\u00a0Ce que je retiens du Doyen des juges, Samba Sall\\u00a0\\u00bb\"}]},{\"@type\":\"Person\",\"@id\":\"https:\/\/www.nettali.com\/#\/schema\/person\/3317e0bb3aa1da309fbf7b2780901bf4\",\"name\":\"Daouda\",\"image\":{\"@type\":\"ImageObject\",\"@id\":\"https:\/\/www.nettali.com\/#personlogo\",\"inLanguage\":\"fr-FR\",\"url\":\"https:\/\/secure.gravatar.com\/avatar\/8d143b5a49345098ddcfee1c49c2f47c?s=96&d=mm&r=g\",\"contentUrl\":\"https:\/\/secure.gravatar.com\/avatar\/8d143b5a49345098ddcfee1c49c2f47c?s=96&d=mm&r=g\",\"caption\":\"Daouda\"},\"sameAs\":[\"https:\/\/www.nettali.com\"]}]}<\/script>\n<!-- \/ Yoast SEO Premium plugin. -->","yoast_head_json":{"title":"\"Ce que je retiens du Doyen des juges, Samba Sall\" | Nettali.com","robots":{"index":"index","follow":"follow","max-snippet":"max-snippet:-1","max-image-preview":"max-image-preview:large","max-video-preview":"max-video-preview:-1"},"canonical":"https:\/\/www.nettali.com\/2021\/04\/09\/ce-que-je-retiens-du-doyen-des-juges-samba-sall\/","og_locale":"fr_FR","og_type":"article","og_title":"\"Ce que je retiens du Doyen des juges, Samba Sall\"","og_description":"NETTALI.COM - Mo\u00efse Rampino est l'une des \"victimes\" du Doyen des juges. Samba Fall l'avait inculp\u00e9 et plac\u00e9 sous mandat de d\u00e9p\u00f4t. Pourtant, il dit garder de tr\u00e8s bon souvenir du magistrat instructeur. \"Je le taquinais dans un de mes r\u00e9cents posts, ne me doutant pas qu'il souffrait d'un mal atroce. \u00a0De Samba Sall, je [&hellip;]","og_url":"https:\/\/www.nettali.com\/2021\/04\/09\/ce-que-je-retiens-du-doyen-des-juges-samba-sall\/","og_site_name":"Nettali.com","article_publisher":"https:\/\/www.facebook.com\/nettalicom","article_published_time":"2021-04-09T13:03:12+00:00","og_image":[{"width":800,"height":640,"url":"https:\/\/www.nettali.com\/wp-content\/uploads\/2021\/04\/moise-rampino-samba-sall.jpeg","type":"image\/jpeg"}],"twitter_card":"summary_large_image","twitter_misc":{"\u00c9crit par":"Daouda","Dur\u00e9e de lecture estim\u00e9e":"1 minute"},"schema":{"@context":"https:\/\/schema.org","@graph":[{"@type":"WebSite","@id":"https:\/\/www.nettali.com\/#website","url":"https:\/\/www.nettali.com\/","name":"Nettali.com","description":"Le rendez-vous critique du Net","potentialAction":[{"@type":"SearchAction","target":{"@type":"EntryPoint","urlTemplate":"https:\/\/www.nettali.com\/?s={search_term_string}"},"query-input":"required name=search_term_string"}],"inLanguage":"fr-FR"},{"@type":"ImageObject","@id":"https:\/\/www.nettali.com\/2021\/04\/09\/ce-que-je-retiens-du-doyen-des-juges-samba-sall\/#primaryimage","inLanguage":"fr-FR","url":"https:\/\/www.nettali.com\/wp-content\/uploads\/2021\/04\/moise-rampino-samba-sall.jpeg","contentUrl":"https:\/\/www.nettali.com\/wp-content\/uploads\/2021\/04\/moise-rampino-samba-sall.jpeg","width":800,"height":640},{"@type":"WebPage","@id":"https:\/\/www.nettali.com\/2021\/04\/09\/ce-que-je-retiens-du-doyen-des-juges-samba-sall\/#webpage","url":"https:\/\/www.nettali.com\/2021\/04\/09\/ce-que-je-retiens-du-doyen-des-juges-samba-sall\/","name":"\"Ce que je retiens du Doyen des juges, Samba Sall\" | Nettali.com","isPartOf":{"@id":"https:\/\/www.nettali.com\/#website"},"primaryImageOfPage":{"@id":"https:\/\/www.nettali.com\/2021\/04\/09\/ce-que-je-retiens-du-doyen-des-juges-samba-sall\/#primaryimage"},"datePublished":"2021-04-09T13:03:12+00:00","dateModified":"2021-04-09T13:03:12+00:00","author":{"@id":"https:\/\/www.nettali.com\/#\/schema\/person\/3317e0bb3aa1da309fbf7b2780901bf4"},"breadcrumb":{"@id":"https:\/\/www.nettali.com\/2021\/04\/09\/ce-que-je-retiens-du-doyen-des-juges-samba-sall\/#breadcrumb"},"inLanguage":"fr-FR","potentialAction":[{"@type":"ReadAction","target":["https:\/\/www.nettali.com\/2021\/04\/09\/ce-que-je-retiens-du-doyen-des-juges-samba-sall\/"]}]},{"@type":"BreadcrumbList","@id":"https:\/\/www.nettali.com\/2021\/04\/09\/ce-que-je-retiens-du-doyen-des-juges-samba-sall\/#breadcrumb","itemListElement":[{"@type":"ListItem","position":1,"name":"Accueil","item":"https:\/\/www.nettali.com\/"},{"@type":"ListItem","position":2,"name":"\u00ab\u00a0Ce que je retiens du Doyen des juges, Samba Sall\u00a0\u00bb"}]},{"@type":"Person","@id":"https:\/\/www.nettali.com\/#\/schema\/person\/3317e0bb3aa1da309fbf7b2780901bf4","name":"Daouda","image":{"@type":"ImageObject","@id":"https:\/\/www.nettali.com\/#personlogo","inLanguage":"fr-FR","url":"https:\/\/secure.gravatar.com\/avatar\/8d143b5a49345098ddcfee1c49c2f47c?s=96&d=mm&r=g","contentUrl":"https:\/\/secure.gravatar.com\/avatar\/8d143b5a49345098ddcfee1c49c2f47c?s=96&d=mm&r=g","caption":"Daouda"},"sameAs":["https:\/\/www.nettali.com"]}]}},"_links":{"self":[{"href":"https:\/\/www.nettali.com\/rest\/wp\/v2\/posts\/61566"}],"collection":[{"href":"https:\/\/www.nettali.com\/rest\/wp\/v2\/posts"}],"about":[{"href":"https:\/\/www.nettali.com\/rest\/wp\/v2\/types\/post"}],"author":[{"embeddable":true,"href":"https:\/\/www.nettali.com\/rest\/wp\/v2\/users\/4"}],"replies":[{"embeddable":true,"href":"https:\/\/www.nettali.com\/rest\/wp\/v2\/comments?post=61566"}],"version-history":[{"count":1,"href":"https:\/\/www.nettali.com\/rest\/wp\/v2\/posts\/61566\/revisions"}],"predecessor-version":[{"id":61568,"href":"https:\/\/www.nettali.com\/rest\/wp\/v2\/posts\/61566\/revisions\/61568"}],"wp:featuredmedia":[{"embeddable":true,"href":"https:\/\/www.nettali.com\/rest\/wp\/v2\/media\/61567"}],"wp:attachment":[{"href":"https:\/\/www.nettali.com\/rest\/wp\/v2\/media?parent=61566"}],"wp:term":[{"taxonomy":"category","embeddable":true,"href":"https:\/\/www.nettali.com\/rest\/wp\/v2\/categories?post=61566"},{"taxonomy":"post_tag","embeddable":true,"href":"https:\/\/www.nettali.com\/rest\/wp\/v2\/tags?post=61566"}],"curies":[{"name":"wp","href":"https:\/\/api.w.org\/{rel}","templated":true}]}}