{"id":61556,"date":"2021-04-09T12:58:39","date_gmt":"2021-04-09T12:58:39","guid":{"rendered":"https:\/\/www.nettali.com\/?p=61556"},"modified":"2021-04-09T12:58:39","modified_gmt":"2021-04-09T12:58:39","slug":"rappel-a-dieu-du-doyen-des-juges-samba-sall-sera-inhume-a-sokone","status":"publish","type":"post","link":"https:\/\/www.nettali.com\/2021\/04\/09\/rappel-a-dieu-du-doyen-des-juges-samba-sall-sera-inhume-a-sokone\/","title":{"rendered":"RAPPEL A DIEU DU DOYEN DES JUGES-\u00a0Samba Sall sera inhum\u00e9 \u00e0 Sokone"},"content":{"rendered":"<p><strong>NETTALI.COM- La c\u00e9r\u00e9monie de lev\u00e9e du Corps du juge Samba Sall, d\u00e9c\u00e9d\u00e9, ce jeudi, des suites d\u2019une maladie, pr\u00e9vu \u00e0 l\u2019h\u00f4pital principal de Dakar n'a pas eu lieu. Compte tenu de la situation de pand\u00e9mie, une c\u00e9r\u00e9monie sobre a eu lieu avant que le corps du magistrat ne soit achemin\u00e9 \u00e0\u00a0 Sokone o\u00f9 il doit \u00eatre inhum\u00e9.<\/strong><\/p>\n<p>La c\u00e9r\u00e9monie fun\u00e8bre s\u2019est d\u00e9roul\u00e9e dans la plus grande sobri\u00e9t\u00e9 ce vendredi matin. Seuls quelques membres de la famille ont \u00e9t\u00e9 admis \u00e0 l\u2019int\u00e9rieur de l\u2019h\u00f4pital Principal m\u00eame si certains \u00e9taient venus lui rendre un dernier hommage. Ayant eu \u00e0 travailler avec le d\u00e9funt, le magistrat Mamadou Seck Diouf retient du d\u00e9funt un professionnel, un juge d\u2019instruction qui \u00e9tait \u00e0 cheval sur les principes qui r\u00e9gulent sa profession.<\/p>\n<p>\u00ab <em>On ne pouvait rien lui reprocher. Il est professionnel jusqu\u2019au bout. Malgr\u00e9 tout ce qu\u2019on disait sur lui, il n\u2019a jamais flanch\u00e9. Il a toujours appliqu\u00e9 ce que les textes lui dictent<\/em> \u00bb, a t\u00e9moign\u00e9 M. Diouf qui le d\u00e9peint comme un homme affable et tr\u00e8s disponible, mais qui n\u2019h\u00e9sitait pas lorsqu\u2019il s\u2019agissait de dire le droit.<\/p>\n<p>L\u2019avocat et d\u00e9fenseur des droits humains abonde dans le m\u00eame sens. Selon Me Assane Dioma Ndiaye, c\u2019est une grande perte pour le monde de la justice. \u00ab <em>C\u2019est quelqu\u2019un de professionnel jusqu\u2019au bout des ongles. Il ne rechignait pas. Quand on lui confiait un dossier, il faisait tout pour que l\u2019affaire soit trait\u00e9e de la mani\u00e8re la plus exhaustive possible. Quelle que soit la d\u00e9cision qu\u2019il prenait, on sentait qu\u2019il disait toujours le droit<\/em> \u00bb, a t\u00e9moign\u00e9 Me Assane Dioma Ndiaye qui rassure que le d\u00e9c\u00e8s du juge Samba Sall ne va pas faire arr\u00eater l\u2019affaire opposant Ousmane Sonko \u00e0 Adji Sarr. Un autre juge, dit-il, h\u00e9ritera ce dossier.<\/p>\n<div class='share-to-whatsapp-wrapper'><div class='share-on-whsp'>PARTAGER SUR : <\/div><a data-text='RAPPEL A DIEU DU DOYEN DES JUGES-\u00a0Samba Sall sera inhum\u00e9 \u00e0 Sokone' data-link='https:\/\/www.nettali.com\/2021\/04\/09\/rappel-a-dieu-du-doyen-des-juges-samba-sall-sera-inhume-a-sokone\/' class='whatsapp-button whatsapp-share'>WhatsApp<\/a><div class='clear '><\/div><\/div>","protected":false},"excerpt":{"rendered":"<p>NETTALI.COM- La c\u00e9r\u00e9monie de lev\u00e9e du Corps du juge Samba Sall, d\u00e9c\u00e9d\u00e9, ce jeudi, des suites d\u2019une maladie, pr\u00e9vu \u00e0 l\u2019h\u00f4pital principal de Dakar n'a pas eu lieu. Compte tenu de la situation de pand\u00e9mie, une c\u00e9r\u00e9monie sobre a eu lieu avant que le corps du magistrat ne soit achemin\u00e9 \u00e0\u00a0 Sokone o\u00f9 il doit [&hellip;]<\/p>\n","protected":false},"author":6,"featured_media":61528,"comment_status":"open","ping_status":"open","sticky":false,"template":"","format":"standard","meta":{"_et_pb_use_builder":"","_et_pb_old_content":""},"categories":[3],"tags":[],"yoast_head":"<!-- This site is optimized with the Yoast SEO Premium plugin v17.8 (Yoast SEO v17.8) - https:\/\/yoast.com\/wordpress\/plugins\/seo\/ -->\n<title>RAPPEL A DIEU DU DOYEN DES JUGES-\u00a0Samba Sall sera inhum\u00e9 \u00e0 Sokone | Nettali.com<\/title>\n<meta name=\"robots\" content=\"index, follow, max-snippet:-1, max-image-preview:large, max-video-preview:-1\" \/>\n<link rel=\"canonical\" href=\"https:\/\/www.nettali.com\/2021\/04\/09\/rappel-a-dieu-du-doyen-des-juges-samba-sall-sera-inhume-a-sokone\/\" \/>\n<meta property=\"og:locale\" content=\"fr_FR\" \/>\n<meta property=\"og:type\" content=\"article\" \/>\n<meta property=\"og:title\" content=\"RAPPEL A DIEU DU DOYEN DES JUGES-\u00a0Samba Sall sera inhum\u00e9 \u00e0 Sokone\" \/>\n<meta property=\"og:description\" content=\"NETTALI.COM- La c\u00e9r\u00e9monie de lev\u00e9e du Corps du juge Samba Sall, d\u00e9c\u00e9d\u00e9, ce jeudi, des suites d\u2019une maladie, pr\u00e9vu \u00e0 l\u2019h\u00f4pital principal de Dakar n&#039;a pas eu lieu. Compte tenu de la situation de pand\u00e9mie, une c\u00e9r\u00e9monie sobre a eu lieu avant que le corps du magistrat ne soit achemin\u00e9 \u00e0\u00a0 Sokone o\u00f9 il doit [&hellip;]\" \/>\n<meta property=\"og:url\" content=\"https:\/\/www.nettali.com\/2021\/04\/09\/rappel-a-dieu-du-doyen-des-juges-samba-sall-sera-inhume-a-sokone\/\" \/>\n<meta property=\"og:site_name\" content=\"Nettali.com\" \/>\n<meta property=\"article:publisher\" content=\"https:\/\/www.facebook.com\/nettalicom\" \/>\n<meta property=\"article:published_time\" content=\"2021-04-09T12:58:39+00:00\" \/>\n<meta property=\"og:image\" content=\"https:\/\/www.nettali.com\/wp-content\/uploads\/2021\/04\/55356370-41462424-1.jpg\" \/>\n\t<meta property=\"og:image:width\" content=\"652\" \/>\n\t<meta property=\"og:image:height\" content=\"444\" \/>\n<meta name=\"twitter:card\" content=\"summary_large_image\" \/>\n<meta name=\"twitter:label1\" content=\"\u00c9crit par\" \/>\n\t<meta name=\"twitter:data1\" content=\"Fatou\" \/>\n\t<meta name=\"twitter:label2\" content=\"Dur\u00e9e de lecture estim\u00e9e\" \/>\n\t<meta name=\"twitter:data2\" content=\"2 minutes\" \/>\n<script type=\"application\/ld+json\" class=\"yoast-schema-graph\">{\"@context\":\"https:\/\/schema.org\",\"@graph\":[{\"@type\":\"WebSite\",\"@id\":\"https:\/\/www.nettali.com\/#website\",\"url\":\"https:\/\/www.nettali.com\/\",\"name\":\"Nettali.com\",\"description\":\"Le rendez-vous critique du Net\",\"potentialAction\":[{\"@type\":\"SearchAction\",\"target\":{\"@type\":\"EntryPoint\",\"urlTemplate\":\"https:\/\/www.nettali.com\/?s={search_term_string}\"},\"query-input\":\"required name=search_term_string\"}],\"inLanguage\":\"fr-FR\"},{\"@type\":\"ImageObject\",\"@id\":\"https:\/\/www.nettali.com\/2021\/04\/09\/rappel-a-dieu-du-doyen-des-juges-samba-sall-sera-inhume-a-sokone\/#primaryimage\",\"inLanguage\":\"fr-FR\",\"url\":\"https:\/\/www.nettali.com\/wp-content\/uploads\/2021\/04\/55356370-41462424-1.jpg\",\"contentUrl\":\"https:\/\/www.nettali.com\/wp-content\/uploads\/2021\/04\/55356370-41462424-1.jpg\",\"width\":652,\"height\":444},{\"@type\":\"WebPage\",\"@id\":\"https:\/\/www.nettali.com\/2021\/04\/09\/rappel-a-dieu-du-doyen-des-juges-samba-sall-sera-inhume-a-sokone\/#webpage\",\"url\":\"https:\/\/www.nettali.com\/2021\/04\/09\/rappel-a-dieu-du-doyen-des-juges-samba-sall-sera-inhume-a-sokone\/\",\"name\":\"RAPPEL A DIEU DU DOYEN DES JUGES-\\u00a0Samba Sall sera inhum\\u00e9 \\u00e0 Sokone | Nettali.com\",\"isPartOf\":{\"@id\":\"https:\/\/www.nettali.com\/#website\"},\"primaryImageOfPage\":{\"@id\":\"https:\/\/www.nettali.com\/2021\/04\/09\/rappel-a-dieu-du-doyen-des-juges-samba-sall-sera-inhume-a-sokone\/#primaryimage\"},\"datePublished\":\"2021-04-09T12:58:39+00:00\",\"dateModified\":\"2021-04-09T12:58:39+00:00\",\"author\":{\"@id\":\"https:\/\/www.nettali.com\/#\/schema\/person\/418274a86bdf87caff7a3ef476bd0bbf\"},\"breadcrumb\":{\"@id\":\"https:\/\/www.nettali.com\/2021\/04\/09\/rappel-a-dieu-du-doyen-des-juges-samba-sall-sera-inhume-a-sokone\/#breadcrumb\"},\"inLanguage\":\"fr-FR\",\"potentialAction\":[{\"@type\":\"ReadAction\",\"target\":[\"https:\/\/www.nettali.com\/2021\/04\/09\/rappel-a-dieu-du-doyen-des-juges-samba-sall-sera-inhume-a-sokone\/\"]}]},{\"@type\":\"BreadcrumbList\",\"@id\":\"https:\/\/www.nettali.com\/2021\/04\/09\/rappel-a-dieu-du-doyen-des-juges-samba-sall-sera-inhume-a-sokone\/#breadcrumb\",\"itemListElement\":[{\"@type\":\"ListItem\",\"position\":1,\"name\":\"Accueil\",\"item\":\"https:\/\/www.nettali.com\/\"},{\"@type\":\"ListItem\",\"position\":2,\"name\":\"RAPPEL A DIEU DU DOYEN DES JUGES-\\u00a0Samba Sall sera inhum\\u00e9 \\u00e0 Sokone\"}]},{\"@type\":\"Person\",\"@id\":\"https:\/\/www.nettali.com\/#\/schema\/person\/418274a86bdf87caff7a3ef476bd0bbf\",\"name\":\"Fatou\",\"image\":{\"@type\":\"ImageObject\",\"@id\":\"https:\/\/www.nettali.com\/#personlogo\",\"inLanguage\":\"fr-FR\",\"url\":\"https:\/\/secure.gravatar.com\/avatar\/5a9442a2bee7b4dcf167cab035858e9a?s=96&d=mm&r=g\",\"contentUrl\":\"https:\/\/secure.gravatar.com\/avatar\/5a9442a2bee7b4dcf167cab035858e9a?s=96&d=mm&r=g\",\"caption\":\"Fatou\"},\"sameAs\":[\"https:\/\/www.nettali.com\"]}]}<\/script>\n<!-- \/ Yoast SEO Premium plugin. -->","yoast_head_json":{"title":"RAPPEL A DIEU DU DOYEN DES JUGES-\u00a0Samba Sall sera inhum\u00e9 \u00e0 Sokone | Nettali.com","robots":{"index":"index","follow":"follow","max-snippet":"max-snippet:-1","max-image-preview":"max-image-preview:large","max-video-preview":"max-video-preview:-1"},"canonical":"https:\/\/www.nettali.com\/2021\/04\/09\/rappel-a-dieu-du-doyen-des-juges-samba-sall-sera-inhume-a-sokone\/","og_locale":"fr_FR","og_type":"article","og_title":"RAPPEL A DIEU DU DOYEN DES JUGES-\u00a0Samba Sall sera inhum\u00e9 \u00e0 Sokone","og_description":"NETTALI.COM- La c\u00e9r\u00e9monie de lev\u00e9e du Corps du juge Samba Sall, d\u00e9c\u00e9d\u00e9, ce jeudi, des suites d\u2019une maladie, pr\u00e9vu \u00e0 l\u2019h\u00f4pital principal de Dakar n'a pas eu lieu. Compte tenu de la situation de pand\u00e9mie, une c\u00e9r\u00e9monie sobre a eu lieu avant que le corps du magistrat ne soit achemin\u00e9 \u00e0\u00a0 Sokone o\u00f9 il doit [&hellip;]","og_url":"https:\/\/www.nettali.com\/2021\/04\/09\/rappel-a-dieu-du-doyen-des-juges-samba-sall-sera-inhume-a-sokone\/","og_site_name":"Nettali.com","article_publisher":"https:\/\/www.facebook.com\/nettalicom","article_published_time":"2021-04-09T12:58:39+00:00","og_image":[{"width":652,"height":444,"url":"https:\/\/www.nettali.com\/wp-content\/uploads\/2021\/04\/55356370-41462424-1.jpg","type":"image\/jpeg"}],"twitter_card":"summary_large_image","twitter_misc":{"\u00c9crit par":"Fatou","Dur\u00e9e de lecture estim\u00e9e":"2 minutes"},"schema":{"@context":"https:\/\/schema.org","@graph":[{"@type":"WebSite","@id":"https:\/\/www.nettali.com\/#website","url":"https:\/\/www.nettali.com\/","name":"Nettali.com","description":"Le rendez-vous critique du Net","potentialAction":[{"@type":"SearchAction","target":{"@type":"EntryPoint","urlTemplate":"https:\/\/www.nettali.com\/?s={search_term_string}"},"query-input":"required name=search_term_string"}],"inLanguage":"fr-FR"},{"@type":"ImageObject","@id":"https:\/\/www.nettali.com\/2021\/04\/09\/rappel-a-dieu-du-doyen-des-juges-samba-sall-sera-inhume-a-sokone\/#primaryimage","inLanguage":"fr-FR","url":"https:\/\/www.nettali.com\/wp-content\/uploads\/2021\/04\/55356370-41462424-1.jpg","contentUrl":"https:\/\/www.nettali.com\/wp-content\/uploads\/2021\/04\/55356370-41462424-1.jpg","width":652,"height":444},{"@type":"WebPage","@id":"https:\/\/www.nettali.com\/2021\/04\/09\/rappel-a-dieu-du-doyen-des-juges-samba-sall-sera-inhume-a-sokone\/#webpage","url":"https:\/\/www.nettali.com\/2021\/04\/09\/rappel-a-dieu-du-doyen-des-juges-samba-sall-sera-inhume-a-sokone\/","name":"RAPPEL A DIEU DU DOYEN DES JUGES-\u00a0Samba Sall sera inhum\u00e9 \u00e0 Sokone | Nettali.com","isPartOf":{"@id":"https:\/\/www.nettali.com\/#website"},"primaryImageOfPage":{"@id":"https:\/\/www.nettali.com\/2021\/04\/09\/rappel-a-dieu-du-doyen-des-juges-samba-sall-sera-inhume-a-sokone\/#primaryimage"},"datePublished":"2021-04-09T12:58:39+00:00","dateModified":"2021-04-09T12:58:39+00:00","author":{"@id":"https:\/\/www.nettali.com\/#\/schema\/person\/418274a86bdf87caff7a3ef476bd0bbf"},"breadcrumb":{"@id":"https:\/\/www.nettali.com\/2021\/04\/09\/rappel-a-dieu-du-doyen-des-juges-samba-sall-sera-inhume-a-sokone\/#breadcrumb"},"inLanguage":"fr-FR","potentialAction":[{"@type":"ReadAction","target":["https:\/\/www.nettali.com\/2021\/04\/09\/rappel-a-dieu-du-doyen-des-juges-samba-sall-sera-inhume-a-sokone\/"]}]},{"@type":"BreadcrumbList","@id":"https:\/\/www.nettali.com\/2021\/04\/09\/rappel-a-dieu-du-doyen-des-juges-samba-sall-sera-inhume-a-sokone\/#breadcrumb","itemListElement":[{"@type":"ListItem","position":1,"name":"Accueil","item":"https:\/\/www.nettali.com\/"},{"@type":"ListItem","position":2,"name":"RAPPEL A DIEU DU DOYEN DES JUGES-\u00a0Samba Sall sera inhum\u00e9 \u00e0 Sokone"}]},{"@type":"Person","@id":"https:\/\/www.nettali.com\/#\/schema\/person\/418274a86bdf87caff7a3ef476bd0bbf","name":"Fatou","image":{"@type":"ImageObject","@id":"https:\/\/www.nettali.com\/#personlogo","inLanguage":"fr-FR","url":"https:\/\/secure.gravatar.com\/avatar\/5a9442a2bee7b4dcf167cab035858e9a?s=96&d=mm&r=g","contentUrl":"https:\/\/secure.gravatar.com\/avatar\/5a9442a2bee7b4dcf167cab035858e9a?s=96&d=mm&r=g","caption":"Fatou"},"sameAs":["https:\/\/www.nettali.com"]}]}},"_links":{"self":[{"href":"https:\/\/www.nettali.com\/rest\/wp\/v2\/posts\/61556"}],"collection":[{"href":"https:\/\/www.nettali.com\/rest\/wp\/v2\/posts"}],"about":[{"href":"https:\/\/www.nettali.com\/rest\/wp\/v2\/types\/post"}],"author":[{"embeddable":true,"href":"https:\/\/www.nettali.com\/rest\/wp\/v2\/users\/6"}],"replies":[{"embeddable":true,"href":"https:\/\/www.nettali.com\/rest\/wp\/v2\/comments?post=61556"}],"version-history":[{"count":4,"href":"https:\/\/www.nettali.com\/rest\/wp\/v2\/posts\/61556\/revisions"}],"predecessor-version":[{"id":61565,"href":"https:\/\/www.nettali.com\/rest\/wp\/v2\/posts\/61556\/revisions\/61565"}],"wp:featuredmedia":[{"embeddable":true,"href":"https:\/\/www.nettali.com\/rest\/wp\/v2\/media\/61528"}],"wp:attachment":[{"href":"https:\/\/www.nettali.com\/rest\/wp\/v2\/media?parent=61556"}],"wp:term":[{"taxonomy":"category","embeddable":true,"href":"https:\/\/www.nettali.com\/rest\/wp\/v2\/categories?post=61556"},{"taxonomy":"post_tag","embeddable":true,"href":"https:\/\/www.nettali.com\/rest\/wp\/v2\/tags?post=61556"}],"curies":[{"name":"wp","href":"https:\/\/api.w.org\/{rel}","templated":true}]}}