{"id":61552,"date":"2021-04-09T12:26:06","date_gmt":"2021-04-09T12:26:06","guid":{"rendered":"https:\/\/www.nettali.com\/?p=61552"},"modified":"2021-04-09T15:44:24","modified_gmt":"2021-04-09T15:44:24","slug":"cadre-dassociation-pays-pres-de-84-milliards-de-f-cfa-attendus-de-lespagne-dici-2023","status":"publish","type":"post","link":"https:\/\/www.nettali.com\/2021\/04\/09\/cadre-dassociation-pays-pres-de-84-milliards-de-f-cfa-attendus-de-lespagne-dici-2023\/","title":{"rendered":"CADRE D\u2019ASSOCIATION PAYS - Pr\u00e8s de 84 milliards de F CFA attendus de l\u2019Espagne d\u2019ici 2023"},"content":{"rendered":"<p><strong>NETTALI.COM - Le Cadre d\u2019association pays(CAP) de coop\u00e9ration entre le S\u00e9n\u00e9gal et l\u2019Espagne, sur la p\u00e9riode 2019-2023, pr\u00e9voit pr\u00e8s de 84milliards de francs CFA contre 33milliards sur la s\u00e9quence 2014-2017. L\u2019annonce a \u00e9t\u00e9 faite, hier, \u00e0 travers un communiqu\u00e9 du Bureau d\u2019information gouvernementale publi\u00e9 dans le cadre de la visite officielle du Premier ministre espagnol, Pedro Sanchez, \u00e0 Dakar.<\/strong><\/p>\n<p>&nbsp;<\/p>\n<p>Le pr\u00e9sident de la R\u00e9publique, Macky Sall, a re\u00e7u, hier au palais, le Premier ministre espagnol Pedro Sanchez, qui a entam\u00e9 une visite officielle \u00e0 Dakar ce jeudi. D\u2019apr\u00e8s un communiqu\u00e9 du Bureau d\u2019information gouvernementale, plusieurs sujets ont \u00e9t\u00e9 abord\u00e9s au titre de la coop\u00e9ration bilat\u00e9rale, au cours de cette visite qui intervient dans un contexte de relance \u00e9conomique avec la mise en \u0153uvre du Plan d\u2019actions prioritaire ajust\u00e9 et acc\u00e9l\u00e9r\u00e9 (Pap2A). \u201cEn effet, le Cadre d\u2019association pays (CAP) de coop\u00e9ration entre le S\u00e9n\u00e9gal et l\u2019Espagne, sur la p\u00e9riode 2019-2023, pr\u00e9voit pr\u00e8s de 84 milliards de francs CFA, contre 33 milliards sur la s\u00e9quence 2014-2017. Pour la p\u00e9riode 2019-2023, l\u2019Espagne a pr\u00e9vu d\u2019augmenter significativement sa contribution au S\u00e9n\u00e9gal, en atteignant 128 millions d\u2019euros, environ 84 milliards de francs CFA. Cela repr\u00e9sente une augmentation de 125 % par rapport \u00e0 la p\u00e9riode ant\u00e9rieure. Il est pr\u00e9vu de maintenir la contribution en dons autour de60 millions d\u2019euros, soit 39 milliards de francs CFA\u2019\u2019, informe le document.<\/p>\n<p>Cette augmentation cons\u00e9quente de l\u2019appui au d\u00e9veloppement \u201crefl\u00e8te bien\u2019\u2019, d\u2019apr\u00e8s la m\u00eame source, le dynamisme et la diversit\u00e9 de la coop\u00e9ration entre les deux pays. Elle s\u2019explique \u00e9galement par l\u2019int\u00e9r\u00eat de l\u2019Espagne d\u2019apporter son soutien au S\u00e9n\u00e9gal dans la mise en \u0153uvre de la deuxi\u00e8me phase du Plan S\u00e9n\u00e9gal \u00e9mergent. \u201cLes domaines prioritaires du Cadre d\u2019association pays entre le S\u00e9n\u00e9gal et l\u2019Espagne portent sur des domaines vari\u00e9s comme : l\u2019appui au d\u00e9veloppement productif agricole, l\u2019appui au processus de d\u00e9centralisation et l\u2019appui au renforcement de la r\u00e9silience des populations les plus vuln\u00e9rables, \u00e0 travers la s\u00e9curit\u00e9 alimentaire, la sant\u00e9, l\u2019eau potable et l\u2019assainissement\u2019\u2019, renseigne le communiqu\u00e9.<\/p>\n<p><strong>Pr\u00e8s de 277 milliards de francs CFA de contribution, entre 2001 et 2019<\/strong><\/p>\n<p>Sur la s\u00e9quence 2019-2023, l\u2019appui est \u00e9galement possible, selon le BIG, dans des lignes de travail comme la gestion des d\u00e9chets solides et les \u00e9nergies renouvelables. \u201cL\u2019\u00e9volution de la contribution au d\u00e9veloppement de l\u2019Espagne destin\u00e9e au S\u00e9n\u00e9gal, entre 2001 et 2019, a atteint pr\u00e8s de 277 milliards francs CFA, soit 422 millions d\u2019euros. Le S\u00e9n\u00e9gal se positionne ainsi comme l\u2019un des sept pays prioritaires pour la coop\u00e9ration espagnole en Afrique subsaharienne. Au cours de la premi\u00e8re phase du Plan S\u00e9n\u00e9gal \u00e9mergent, une enveloppe de 50 millions d\u2019euros, soit pr\u00eat de 33 milliards de francs CFA, a \u00e9t\u00e9 mobilis\u00e9e. Pourtant, entre 2014 et 2017, l\u2019accord de la 2e commission mixte en mati\u00e8re de coop\u00e9ration, sign\u00e9 le 2 d\u00e9cembre 2013 entre Dakar et Madrid, \u00e9tait \u00e9tabli \u00e0 50 millions d\u2019euros, soit 32,7 milliards de francs CFA\u2019\u2019, rapporte notre source.<\/p>\n<p>Il faut noter qu\u2019au titre des r\u00e9alisations dans le cadre de la coop\u00e9ration entre le S\u00e9n\u00e9gal et le royaume d\u2019Espagne, plusieurs actions ont principalement concern\u00e9 les populations du sud et du nord du S\u00e9n\u00e9gal. Dans la r\u00e9gion naturelle de la Casamance, il convient de signaler une \u00e9volution significative des recettes fiscales dans les communes de Bounkiling et de Tanaff. De ce fait, 14 communes ont augment\u00e9 leurs recettes dans la r\u00e9gion de Kolda. Concernant le fonctionnement et la qualit\u00e9 de services propos\u00e9s dans les collectivit\u00e9s locales de la r\u00e9gion de S\u00e9dhiou, la coop\u00e9ration espagnole a contribu\u00e9 \u00e0 la modernisation de 14 bureaux d\u2019\u00e9tat civil.<\/p>\n<p>A S\u00e9dhiou, le communiqu\u00e9 souligne que la coop\u00e9ration espagnole a aussi permis aux femmes de moderniser l\u2019agriculture familiale, avec l\u2019introduction de techniques d\u2019irrigation durables \u00e0 travers le syst\u00e8me de goutte-\u00e0-goutte et l\u2019incorporation de panneaux solaires. Cette approche a permis l\u2019am\u00e9lioration de la s\u00e9curit\u00e9 alimentaire avec la diversification de la production et de l\u2019obtention de revenus tout au long de l\u2019ann\u00e9e. \u201cDans les r\u00e9gions de Saint-Louis et de Matam, l\u2019accompagnement de la Cellule de lutte contre la malnutrition a d\u00e9bouch\u00e9 sur l\u2019\u00e9laboration d\u2019une strat\u00e9gie nationale de communication sur l\u2019alimentation des enfants. Gr\u00e2ce aux interventions men\u00e9es, 21 117 enfants ont \u00e9t\u00e9 d\u00e9pist\u00e9s, soit 11,37 % du total d\u2019enfants de 6 \u00e0 59 mois \u00e0 Podor et dans la r\u00e9gion de Matam\u2019\u2019, poursuit la m\u00eame source.<\/p>\n<p><strong>Lutte contre la traite des \u00eatres humains<\/strong><\/p>\n<p>Par ailleurs, le S\u00e9n\u00e9gal et l\u2019Espagne entretiennent des relations fortes dans le domaine de la s\u00e9curit\u00e9, de la lutte contre la traite des \u00eatres humains, de la lutte contre le terrorisme, le crime organis\u00e9 et le trafic de drogue. C\u2019est \u00e0 ce titre que des formations sont adress\u00e9es aux unit\u00e9s s\u00e9n\u00e9galaises charg\u00e9es de lutter contre la traite des \u00eatres humains et des fraudes documentaires. En compl\u00e9ment des actions bilat\u00e9rales, il est relev\u00e9, dans le communiqu\u00e9, que l'Espagne participe activement \u00e0 plusieurs programmes et projets multilat\u00e9raux parrain\u00e9s par l'Union europ\u00e9enne, tels que Blue-Sahel et Gar-SI Sahel (Groupe d\u2019action rapide de surveillance et d\u2019intervention au Sahel) qui incluent plusieurs pays de la r\u00e9gion ainsi que le S\u00e9n\u00e9gal.<\/p>\n<p>\u201cC\u2019est le cas du programme S\u00e9n\u00e9gal-S\u00e9curit\u00e9 (Sensec-UE) consacr\u00e9 au contr\u00f4le et \u00e0 la surveillance des fronti\u00e8res, qui vise \u00e0 am\u00e9liorer l'efficacit\u00e9, l'efficience et la responsabilit\u00e9 des services de s\u00e9curit\u00e9 d\u2019int\u00e9rieure du S\u00e9n\u00e9gal dans la lutte contre de nouvelles formes de menace. Concernant, la contribution de la diaspora, d\u2019apr\u00e8s le profil national de la migration dress\u00e9 par l\u2019Agence nationale de la statistique et de la d\u00e9mographie (ANDS) la communaut\u00e9 s\u00e9n\u00e9galaise d\u2019Espagne, avec plus de 166 milliards de francs CFA, figure \u00e0 la 3e place, derri\u00e8re celles de la France (Plus de 356 milliards de francs CFA en 2017) et de l\u2019Italie (plus de 234 milliards de francs CFA)\u2019\u2019, conclut la note d\u2019information du Big.<\/p>\n<p>(Avec Enqu\u00eate)<\/p>\n<div class='share-to-whatsapp-wrapper'><div class='share-on-whsp'>PARTAGER SUR : <\/div><a data-text='CADRE D\u2019ASSOCIATION PAYS - Pr\u00e8s de 84 milliards de F CFA attendus de l\u2019Espagne d\u2019ici 2023' data-link='https:\/\/www.nettali.com\/2021\/04\/09\/cadre-dassociation-pays-pres-de-84-milliards-de-f-cfa-attendus-de-lespagne-dici-2023\/' class='whatsapp-button whatsapp-share'>WhatsApp<\/a><div class='clear '><\/div><\/div>","protected":false},"excerpt":{"rendered":"<p>NETTALI.COM - Le Cadre d\u2019association pays(CAP) de coop\u00e9ration entre le S\u00e9n\u00e9gal et l\u2019Espagne, sur la p\u00e9riode 2019-2023, pr\u00e9voit pr\u00e8s de 84milliards de francs CFA contre 33milliards sur la s\u00e9quence 2014-2017. L\u2019annonce a \u00e9t\u00e9 faite, hier, \u00e0 travers un communiqu\u00e9 du Bureau d\u2019information gouvernementale publi\u00e9 dans le cadre de la visite officielle du Premier ministre espagnol, [&hellip;]<\/p>\n","protected":false},"author":11,"featured_media":61553,"comment_status":"open","ping_status":"open","sticky":false,"template":"","format":"standard","meta":{"_et_pb_use_builder":"","_et_pb_old_content":""},"categories":[4],"tags":[],"yoast_head":"<!-- This site is optimized with the Yoast SEO Premium plugin v17.8 (Yoast SEO v17.8) - https:\/\/yoast.com\/wordpress\/plugins\/seo\/ -->\n<title>CADRE D\u2019ASSOCIATION PAYS - Pr\u00e8s de 84 milliards de F CFA attendus de l\u2019Espagne d\u2019ici 2023 | Nettali.com<\/title>\n<meta name=\"robots\" content=\"index, follow, max-snippet:-1, max-image-preview:large, max-video-preview:-1\" \/>\n<link rel=\"canonical\" href=\"https:\/\/www.nettali.com\/2021\/04\/09\/cadre-dassociation-pays-pres-de-84-milliards-de-f-cfa-attendus-de-lespagne-dici-2023\/\" \/>\n<meta property=\"og:locale\" content=\"fr_FR\" \/>\n<meta property=\"og:type\" content=\"article\" \/>\n<meta property=\"og:title\" content=\"CADRE D\u2019ASSOCIATION PAYS - Pr\u00e8s de 84 milliards de F CFA attendus de l\u2019Espagne d\u2019ici 2023\" \/>\n<meta property=\"og:description\" content=\"NETTALI.COM - Le Cadre d\u2019association pays(CAP) de coop\u00e9ration entre le S\u00e9n\u00e9gal et l\u2019Espagne, sur la p\u00e9riode 2019-2023, pr\u00e9voit pr\u00e8s de 84milliards de francs CFA contre 33milliards sur la s\u00e9quence 2014-2017. L\u2019annonce a \u00e9t\u00e9 faite, hier, \u00e0 travers un communiqu\u00e9 du Bureau d\u2019information gouvernementale publi\u00e9 dans le cadre de la visite officielle du Premier ministre espagnol, [&hellip;]\" \/>\n<meta property=\"og:url\" content=\"https:\/\/www.nettali.com\/2021\/04\/09\/cadre-dassociation-pays-pres-de-84-milliards-de-f-cfa-attendus-de-lespagne-dici-2023\/\" \/>\n<meta property=\"og:site_name\" content=\"Nettali.com\" \/>\n<meta property=\"article:publisher\" content=\"https:\/\/www.facebook.com\/nettalicom\" \/>\n<meta property=\"article:published_time\" content=\"2021-04-09T12:26:06+00:00\" \/>\n<meta property=\"article:modified_time\" content=\"2021-04-09T15:44:24+00:00\" \/>\n<meta property=\"og:image\" content=\"https:\/\/www.nettali.com\/wp-content\/uploads\/2021\/04\/pedro-1024x682-1.jpg\" \/>\n\t<meta property=\"og:image:width\" content=\"1024\" \/>\n\t<meta property=\"og:image:height\" content=\"682\" \/>\n<meta name=\"twitter:card\" content=\"summary_large_image\" \/>\n<meta name=\"twitter:label1\" content=\"\u00c9crit par\" \/>\n\t<meta name=\"twitter:data1\" content=\"Thierno Diop\" \/>\n\t<meta name=\"twitter:label2\" content=\"Dur\u00e9e de lecture estim\u00e9e\" \/>\n\t<meta name=\"twitter:data2\" content=\"5 minutes\" \/>\n<script type=\"application\/ld+json\" class=\"yoast-schema-graph\">{\"@context\":\"https:\/\/schema.org\",\"@graph\":[{\"@type\":\"WebSite\",\"@id\":\"https:\/\/www.nettali.com\/#website\",\"url\":\"https:\/\/www.nettali.com\/\",\"name\":\"Nettali.com\",\"description\":\"Le rendez-vous critique du Net\",\"potentialAction\":[{\"@type\":\"SearchAction\",\"target\":{\"@type\":\"EntryPoint\",\"urlTemplate\":\"https:\/\/www.nettali.com\/?s={search_term_string}\"},\"query-input\":\"required name=search_term_string\"}],\"inLanguage\":\"fr-FR\"},{\"@type\":\"ImageObject\",\"@id\":\"https:\/\/www.nettali.com\/2021\/04\/09\/cadre-dassociation-pays-pres-de-84-milliards-de-f-cfa-attendus-de-lespagne-dici-2023\/#primaryimage\",\"inLanguage\":\"fr-FR\",\"url\":\"https:\/\/www.nettali.com\/wp-content\/uploads\/2021\/04\/pedro-1024x682-1.jpg\",\"contentUrl\":\"https:\/\/www.nettali.com\/wp-content\/uploads\/2021\/04\/pedro-1024x682-1.jpg\",\"width\":1024,\"height\":682},{\"@type\":\"WebPage\",\"@id\":\"https:\/\/www.nettali.com\/2021\/04\/09\/cadre-dassociation-pays-pres-de-84-milliards-de-f-cfa-attendus-de-lespagne-dici-2023\/#webpage\",\"url\":\"https:\/\/www.nettali.com\/2021\/04\/09\/cadre-dassociation-pays-pres-de-84-milliards-de-f-cfa-attendus-de-lespagne-dici-2023\/\",\"name\":\"CADRE D\\u2019ASSOCIATION PAYS - Pr\\u00e8s de 84 milliards de F CFA attendus de l\\u2019Espagne d\\u2019ici 2023 | Nettali.com\",\"isPartOf\":{\"@id\":\"https:\/\/www.nettali.com\/#website\"},\"primaryImageOfPage\":{\"@id\":\"https:\/\/www.nettali.com\/2021\/04\/09\/cadre-dassociation-pays-pres-de-84-milliards-de-f-cfa-attendus-de-lespagne-dici-2023\/#primaryimage\"},\"datePublished\":\"2021-04-09T12:26:06+00:00\",\"dateModified\":\"2021-04-09T15:44:24+00:00\",\"author\":{\"@id\":\"https:\/\/www.nettali.com\/#\/schema\/person\/8a06c6bd7b19304cf4bf985862900b5b\"},\"breadcrumb\":{\"@id\":\"https:\/\/www.nettali.com\/2021\/04\/09\/cadre-dassociation-pays-pres-de-84-milliards-de-f-cfa-attendus-de-lespagne-dici-2023\/#breadcrumb\"},\"inLanguage\":\"fr-FR\",\"potentialAction\":[{\"@type\":\"ReadAction\",\"target\":[\"https:\/\/www.nettali.com\/2021\/04\/09\/cadre-dassociation-pays-pres-de-84-milliards-de-f-cfa-attendus-de-lespagne-dici-2023\/\"]}]},{\"@type\":\"BreadcrumbList\",\"@id\":\"https:\/\/www.nettali.com\/2021\/04\/09\/cadre-dassociation-pays-pres-de-84-milliards-de-f-cfa-attendus-de-lespagne-dici-2023\/#breadcrumb\",\"itemListElement\":[{\"@type\":\"ListItem\",\"position\":1,\"name\":\"Accueil\",\"item\":\"https:\/\/www.nettali.com\/\"},{\"@type\":\"ListItem\",\"position\":2,\"name\":\"CADRE D\\u2019ASSOCIATION PAYS &#8211; Pr\\u00e8s de 84 milliards de F CFA attendus de l\\u2019Espagne d\\u2019ici 2023\"}]},{\"@type\":\"Person\",\"@id\":\"https:\/\/www.nettali.com\/#\/schema\/person\/8a06c6bd7b19304cf4bf985862900b5b\",\"name\":\"Thierno Diop\",\"image\":{\"@type\":\"ImageObject\",\"@id\":\"https:\/\/www.nettali.com\/#personlogo\",\"inLanguage\":\"fr-FR\",\"url\":\"https:\/\/secure.gravatar.com\/avatar\/c8ca58550c94fd2ac856d27391a6c866?s=96&d=mm&r=g\",\"contentUrl\":\"https:\/\/secure.gravatar.com\/avatar\/c8ca58550c94fd2ac856d27391a6c866?s=96&d=mm&r=g\",\"caption\":\"Thierno Diop\"},\"sameAs\":[\"https:\/\/nettali.com\"]}]}<\/script>\n<!-- \/ Yoast SEO Premium plugin. -->","yoast_head_json":{"title":"CADRE D\u2019ASSOCIATION PAYS - Pr\u00e8s de 84 milliards de F CFA attendus de l\u2019Espagne d\u2019ici 2023 | Nettali.com","robots":{"index":"index","follow":"follow","max-snippet":"max-snippet:-1","max-image-preview":"max-image-preview:large","max-video-preview":"max-video-preview:-1"},"canonical":"https:\/\/www.nettali.com\/2021\/04\/09\/cadre-dassociation-pays-pres-de-84-milliards-de-f-cfa-attendus-de-lespagne-dici-2023\/","og_locale":"fr_FR","og_type":"article","og_title":"CADRE D\u2019ASSOCIATION PAYS - Pr\u00e8s de 84 milliards de F CFA attendus de l\u2019Espagne d\u2019ici 2023","og_description":"NETTALI.COM - Le Cadre d\u2019association pays(CAP) de coop\u00e9ration entre le S\u00e9n\u00e9gal et l\u2019Espagne, sur la p\u00e9riode 2019-2023, pr\u00e9voit pr\u00e8s de 84milliards de francs CFA contre 33milliards sur la s\u00e9quence 2014-2017. L\u2019annonce a \u00e9t\u00e9 faite, hier, \u00e0 travers un communiqu\u00e9 du Bureau d\u2019information gouvernementale publi\u00e9 dans le cadre de la visite officielle du Premier ministre espagnol, [&hellip;]","og_url":"https:\/\/www.nettali.com\/2021\/04\/09\/cadre-dassociation-pays-pres-de-84-milliards-de-f-cfa-attendus-de-lespagne-dici-2023\/","og_site_name":"Nettali.com","article_publisher":"https:\/\/www.facebook.com\/nettalicom","article_published_time":"2021-04-09T12:26:06+00:00","article_modified_time":"2021-04-09T15:44:24+00:00","og_image":[{"width":1024,"height":682,"url":"https:\/\/www.nettali.com\/wp-content\/uploads\/2021\/04\/pedro-1024x682-1.jpg","type":"image\/jpeg"}],"twitter_card":"summary_large_image","twitter_misc":{"\u00c9crit par":"Thierno Diop","Dur\u00e9e de lecture estim\u00e9e":"5 minutes"},"schema":{"@context":"https:\/\/schema.org","@graph":[{"@type":"WebSite","@id":"https:\/\/www.nettali.com\/#website","url":"https:\/\/www.nettali.com\/","name":"Nettali.com","description":"Le rendez-vous critique du Net","potentialAction":[{"@type":"SearchAction","target":{"@type":"EntryPoint","urlTemplate":"https:\/\/www.nettali.com\/?s={search_term_string}"},"query-input":"required name=search_term_string"}],"inLanguage":"fr-FR"},{"@type":"ImageObject","@id":"https:\/\/www.nettali.com\/2021\/04\/09\/cadre-dassociation-pays-pres-de-84-milliards-de-f-cfa-attendus-de-lespagne-dici-2023\/#primaryimage","inLanguage":"fr-FR","url":"https:\/\/www.nettali.com\/wp-content\/uploads\/2021\/04\/pedro-1024x682-1.jpg","contentUrl":"https:\/\/www.nettali.com\/wp-content\/uploads\/2021\/04\/pedro-1024x682-1.jpg","width":1024,"height":682},{"@type":"WebPage","@id":"https:\/\/www.nettali.com\/2021\/04\/09\/cadre-dassociation-pays-pres-de-84-milliards-de-f-cfa-attendus-de-lespagne-dici-2023\/#webpage","url":"https:\/\/www.nettali.com\/2021\/04\/09\/cadre-dassociation-pays-pres-de-84-milliards-de-f-cfa-attendus-de-lespagne-dici-2023\/","name":"CADRE D\u2019ASSOCIATION PAYS - Pr\u00e8s de 84 milliards de F CFA attendus de l\u2019Espagne d\u2019ici 2023 | Nettali.com","isPartOf":{"@id":"https:\/\/www.nettali.com\/#website"},"primaryImageOfPage":{"@id":"https:\/\/www.nettali.com\/2021\/04\/09\/cadre-dassociation-pays-pres-de-84-milliards-de-f-cfa-attendus-de-lespagne-dici-2023\/#primaryimage"},"datePublished":"2021-04-09T12:26:06+00:00","dateModified":"2021-04-09T15:44:24+00:00","author":{"@id":"https:\/\/www.nettali.com\/#\/schema\/person\/8a06c6bd7b19304cf4bf985862900b5b"},"breadcrumb":{"@id":"https:\/\/www.nettali.com\/2021\/04\/09\/cadre-dassociation-pays-pres-de-84-milliards-de-f-cfa-attendus-de-lespagne-dici-2023\/#breadcrumb"},"inLanguage":"fr-FR","potentialAction":[{"@type":"ReadAction","target":["https:\/\/www.nettali.com\/2021\/04\/09\/cadre-dassociation-pays-pres-de-84-milliards-de-f-cfa-attendus-de-lespagne-dici-2023\/"]}]},{"@type":"BreadcrumbList","@id":"https:\/\/www.nettali.com\/2021\/04\/09\/cadre-dassociation-pays-pres-de-84-milliards-de-f-cfa-attendus-de-lespagne-dici-2023\/#breadcrumb","itemListElement":[{"@type":"ListItem","position":1,"name":"Accueil","item":"https:\/\/www.nettali.com\/"},{"@type":"ListItem","position":2,"name":"CADRE D\u2019ASSOCIATION PAYS &#8211; Pr\u00e8s de 84 milliards de F CFA attendus de l\u2019Espagne d\u2019ici 2023"}]},{"@type":"Person","@id":"https:\/\/www.nettali.com\/#\/schema\/person\/8a06c6bd7b19304cf4bf985862900b5b","name":"Thierno Diop","image":{"@type":"ImageObject","@id":"https:\/\/www.nettali.com\/#personlogo","inLanguage":"fr-FR","url":"https:\/\/secure.gravatar.com\/avatar\/c8ca58550c94fd2ac856d27391a6c866?s=96&d=mm&r=g","contentUrl":"https:\/\/secure.gravatar.com\/avatar\/c8ca58550c94fd2ac856d27391a6c866?s=96&d=mm&r=g","caption":"Thierno Diop"},"sameAs":["https:\/\/nettali.com"]}]}},"_links":{"self":[{"href":"https:\/\/www.nettali.com\/rest\/wp\/v2\/posts\/61552"}],"collection":[{"href":"https:\/\/www.nettali.com\/rest\/wp\/v2\/posts"}],"about":[{"href":"https:\/\/www.nettali.com\/rest\/wp\/v2\/types\/post"}],"author":[{"embeddable":true,"href":"https:\/\/www.nettali.com\/rest\/wp\/v2\/users\/11"}],"replies":[{"embeddable":true,"href":"https:\/\/www.nettali.com\/rest\/wp\/v2\/comments?post=61552"}],"version-history":[{"count":1,"href":"https:\/\/www.nettali.com\/rest\/wp\/v2\/posts\/61552\/revisions"}],"predecessor-version":[{"id":61554,"href":"https:\/\/www.nettali.com\/rest\/wp\/v2\/posts\/61552\/revisions\/61554"}],"wp:featuredmedia":[{"embeddable":true,"href":"https:\/\/www.nettali.com\/rest\/wp\/v2\/media\/61553"}],"wp:attachment":[{"href":"https:\/\/www.nettali.com\/rest\/wp\/v2\/media?parent=61552"}],"wp:term":[{"taxonomy":"category","embeddable":true,"href":"https:\/\/www.nettali.com\/rest\/wp\/v2\/categories?post=61552"},{"taxonomy":"post_tag","embeddable":true,"href":"https:\/\/www.nettali.com\/rest\/wp\/v2\/tags?post=61552"}],"curies":[{"name":"wp","href":"https:\/\/api.w.org\/{rel}","templated":true}]}}