{"id":61547,"date":"2021-04-09T11:34:20","date_gmt":"2021-04-09T11:34:20","guid":{"rendered":"https:\/\/www.nettali.com\/?p=61547"},"modified":"2021-04-09T11:34:20","modified_gmt":"2021-04-09T11:34:20","slug":"france-marine-le-pen-annonce-sa-candidature-a-la-presidentielle-de-2022","status":"publish","type":"post","link":"https:\/\/www.nettali.com\/2021\/04\/09\/france-marine-le-pen-annonce-sa-candidature-a-la-presidentielle-de-2022\/","title":{"rendered":"FRANCE - Marine Le Pen annonce sa candidature \u00e0 la pr\u00e9sidentielle de 2022"},"content":{"rendered":"<p>NETTALI.COM - La pr\u00e9sidente du Rassemblement national (RN), Marine Le Pen, a annonc\u00e9 vendredi \u00e0 la presse son intention de se porter candidate pour l'\u00e9lection pr\u00e9sidentielle fran\u00e7aise de l'an prochain.<\/p>\n<p>Battue au deuxi\u00e8me tour en 2017 par Emmanuel Macron, Marine Le Pen a jug\u00e9 que sa victoire \u00e9tait \"plausible\", \u00e0 l'occasion d'une conf\u00e9rence de presse \u00e0 Salesches (Nord) aux c\u00f4t\u00e9s du candidat du RN aux r\u00e9gionales dans les Hauts-de-France, S\u00e9bastien Chenu.<\/p>\n<p>\"Au-del\u00e0 d'un d\u00e9bat (de l'entre-deux-tours en 2017, NDLR) qui avait \u00e9t\u00e9 rat\u00e9 apr\u00e8s une tr\u00e8s belle campagne, les Fran\u00e7ais ont compris que le fond \u00e9tait essentiel et que la candidate \u00e9tait solide\", a estim\u00e9 la pr\u00e9sidente du RN en \u00e9voquant les sondages en sa faveur.<\/p>\n<p>\"C'est la raison pour laquelle je suis \u00e0 nouveau candidate \u00e0 la pr\u00e9sidentielle\", a-t-elle ajout\u00e9.<\/p>\n<p>&nbsp;<\/p>\n<div class='share-to-whatsapp-wrapper'><div class='share-on-whsp'>PARTAGER SUR : <\/div><a data-text='FRANCE - Marine Le Pen annonce sa candidature \u00e0 la pr\u00e9sidentielle de 2022' data-link='https:\/\/www.nettali.com\/2021\/04\/09\/france-marine-le-pen-annonce-sa-candidature-a-la-presidentielle-de-2022\/' class='whatsapp-button whatsapp-share'>WhatsApp<\/a><div class='clear '><\/div><\/div>","protected":false},"excerpt":{"rendered":"<p>NETTALI.COM - La pr\u00e9sidente du Rassemblement national (RN), Marine Le Pen, a annonc\u00e9 vendredi \u00e0 la presse son intention de se porter candidate pour l'\u00e9lection pr\u00e9sidentielle fran\u00e7aise de l'an prochain. Battue au deuxi\u00e8me tour en 2017 par Emmanuel Macron, Marine Le Pen a jug\u00e9 que sa victoire \u00e9tait \"plausible\", \u00e0 l'occasion d'une conf\u00e9rence de presse [&hellip;]<\/p>\n","protected":false},"author":11,"featured_media":56607,"comment_status":"open","ping_status":"open","sticky":false,"template":"","format":"standard","meta":{"_et_pb_use_builder":"","_et_pb_old_content":""},"categories":[8],"tags":[],"yoast_head":"<!-- This site is optimized with the Yoast SEO Premium plugin v17.8 (Yoast SEO v17.8) - https:\/\/yoast.com\/wordpress\/plugins\/seo\/ -->\n<title>FRANCE - Marine Le Pen annonce sa candidature \u00e0 la pr\u00e9sidentielle de 2022 | Nettali.com<\/title>\n<meta name=\"robots\" content=\"index, follow, max-snippet:-1, max-image-preview:large, max-video-preview:-1\" \/>\n<link rel=\"canonical\" href=\"https:\/\/www.nettali.com\/2021\/04\/09\/france-marine-le-pen-annonce-sa-candidature-a-la-presidentielle-de-2022\/\" \/>\n<meta property=\"og:locale\" content=\"fr_FR\" \/>\n<meta property=\"og:type\" content=\"article\" \/>\n<meta property=\"og:title\" content=\"FRANCE - Marine Le Pen annonce sa candidature \u00e0 la pr\u00e9sidentielle de 2022\" \/>\n<meta property=\"og:description\" content=\"NETTALI.COM - La pr\u00e9sidente du Rassemblement national (RN), Marine Le Pen, a annonc\u00e9 vendredi \u00e0 la presse son intention de se porter candidate pour l&#039;\u00e9lection pr\u00e9sidentielle fran\u00e7aise de l&#039;an prochain. Battue au deuxi\u00e8me tour en 2017 par Emmanuel Macron, Marine Le Pen a jug\u00e9 que sa victoire \u00e9tait &quot;plausible&quot;, \u00e0 l&#039;occasion d&#039;une conf\u00e9rence de presse [&hellip;]\" \/>\n<meta property=\"og:url\" content=\"https:\/\/www.nettali.com\/2021\/04\/09\/france-marine-le-pen-annonce-sa-candidature-a-la-presidentielle-de-2022\/\" \/>\n<meta property=\"og:site_name\" content=\"Nettali.com\" \/>\n<meta property=\"article:publisher\" content=\"https:\/\/www.facebook.com\/nettalicom\" \/>\n<meta property=\"article:published_time\" content=\"2021-04-09T11:34:20+00:00\" \/>\n<meta property=\"og:image\" content=\"https:\/\/www.nettali.com\/wp-content\/uploads\/2021\/01\/marine-le-pen.jpg\" \/>\n\t<meta property=\"og:image:width\" content=\"1000\" \/>\n\t<meta property=\"og:image:height\" content=\"750\" \/>\n<meta name=\"twitter:card\" content=\"summary_large_image\" \/>\n<meta name=\"twitter:label1\" content=\"\u00c9crit par\" \/>\n\t<meta name=\"twitter:data1\" content=\"Thierno Diop\" \/>\n\t<meta name=\"twitter:label2\" content=\"Dur\u00e9e de lecture estim\u00e9e\" \/>\n\t<meta name=\"twitter:data2\" content=\"1 minute\" \/>\n<script type=\"application\/ld+json\" class=\"yoast-schema-graph\">{\"@context\":\"https:\/\/schema.org\",\"@graph\":[{\"@type\":\"WebSite\",\"@id\":\"https:\/\/www.nettali.com\/#website\",\"url\":\"https:\/\/www.nettali.com\/\",\"name\":\"Nettali.com\",\"description\":\"Le rendez-vous critique du Net\",\"potentialAction\":[{\"@type\":\"SearchAction\",\"target\":{\"@type\":\"EntryPoint\",\"urlTemplate\":\"https:\/\/www.nettali.com\/?s={search_term_string}\"},\"query-input\":\"required name=search_term_string\"}],\"inLanguage\":\"fr-FR\"},{\"@type\":\"ImageObject\",\"@id\":\"https:\/\/www.nettali.com\/2021\/04\/09\/france-marine-le-pen-annonce-sa-candidature-a-la-presidentielle-de-2022\/#primaryimage\",\"inLanguage\":\"fr-FR\",\"url\":\"https:\/\/www.nettali.com\/wp-content\/uploads\/2021\/01\/marine-le-pen.jpg\",\"contentUrl\":\"https:\/\/www.nettali.com\/wp-content\/uploads\/2021\/01\/marine-le-pen.jpg\",\"width\":1000,\"height\":750},{\"@type\":\"WebPage\",\"@id\":\"https:\/\/www.nettali.com\/2021\/04\/09\/france-marine-le-pen-annonce-sa-candidature-a-la-presidentielle-de-2022\/#webpage\",\"url\":\"https:\/\/www.nettali.com\/2021\/04\/09\/france-marine-le-pen-annonce-sa-candidature-a-la-presidentielle-de-2022\/\",\"name\":\"FRANCE - Marine Le Pen annonce sa candidature \\u00e0 la pr\\u00e9sidentielle de 2022 | Nettali.com\",\"isPartOf\":{\"@id\":\"https:\/\/www.nettali.com\/#website\"},\"primaryImageOfPage\":{\"@id\":\"https:\/\/www.nettali.com\/2021\/04\/09\/france-marine-le-pen-annonce-sa-candidature-a-la-presidentielle-de-2022\/#primaryimage\"},\"datePublished\":\"2021-04-09T11:34:20+00:00\",\"dateModified\":\"2021-04-09T11:34:20+00:00\",\"author\":{\"@id\":\"https:\/\/www.nettali.com\/#\/schema\/person\/8a06c6bd7b19304cf4bf985862900b5b\"},\"breadcrumb\":{\"@id\":\"https:\/\/www.nettali.com\/2021\/04\/09\/france-marine-le-pen-annonce-sa-candidature-a-la-presidentielle-de-2022\/#breadcrumb\"},\"inLanguage\":\"fr-FR\",\"potentialAction\":[{\"@type\":\"ReadAction\",\"target\":[\"https:\/\/www.nettali.com\/2021\/04\/09\/france-marine-le-pen-annonce-sa-candidature-a-la-presidentielle-de-2022\/\"]}]},{\"@type\":\"BreadcrumbList\",\"@id\":\"https:\/\/www.nettali.com\/2021\/04\/09\/france-marine-le-pen-annonce-sa-candidature-a-la-presidentielle-de-2022\/#breadcrumb\",\"itemListElement\":[{\"@type\":\"ListItem\",\"position\":1,\"name\":\"Accueil\",\"item\":\"https:\/\/www.nettali.com\/\"},{\"@type\":\"ListItem\",\"position\":2,\"name\":\"FRANCE &#8211; Marine Le Pen annonce sa candidature \\u00e0 la pr\\u00e9sidentielle de 2022\"}]},{\"@type\":\"Person\",\"@id\":\"https:\/\/www.nettali.com\/#\/schema\/person\/8a06c6bd7b19304cf4bf985862900b5b\",\"name\":\"Thierno Diop\",\"image\":{\"@type\":\"ImageObject\",\"@id\":\"https:\/\/www.nettali.com\/#personlogo\",\"inLanguage\":\"fr-FR\",\"url\":\"https:\/\/secure.gravatar.com\/avatar\/c8ca58550c94fd2ac856d27391a6c866?s=96&d=mm&r=g\",\"contentUrl\":\"https:\/\/secure.gravatar.com\/avatar\/c8ca58550c94fd2ac856d27391a6c866?s=96&d=mm&r=g\",\"caption\":\"Thierno Diop\"},\"sameAs\":[\"https:\/\/nettali.com\"]}]}<\/script>\n<!-- \/ Yoast SEO Premium plugin. -->","yoast_head_json":{"title":"FRANCE - Marine Le Pen annonce sa candidature \u00e0 la pr\u00e9sidentielle de 2022 | Nettali.com","robots":{"index":"index","follow":"follow","max-snippet":"max-snippet:-1","max-image-preview":"max-image-preview:large","max-video-preview":"max-video-preview:-1"},"canonical":"https:\/\/www.nettali.com\/2021\/04\/09\/france-marine-le-pen-annonce-sa-candidature-a-la-presidentielle-de-2022\/","og_locale":"fr_FR","og_type":"article","og_title":"FRANCE - Marine Le Pen annonce sa candidature \u00e0 la pr\u00e9sidentielle de 2022","og_description":"NETTALI.COM - La pr\u00e9sidente du Rassemblement national (RN), Marine Le Pen, a annonc\u00e9 vendredi \u00e0 la presse son intention de se porter candidate pour l'\u00e9lection pr\u00e9sidentielle fran\u00e7aise de l'an prochain. Battue au deuxi\u00e8me tour en 2017 par Emmanuel Macron, Marine Le Pen a jug\u00e9 que sa victoire \u00e9tait \"plausible\", \u00e0 l'occasion d'une conf\u00e9rence de presse [&hellip;]","og_url":"https:\/\/www.nettali.com\/2021\/04\/09\/france-marine-le-pen-annonce-sa-candidature-a-la-presidentielle-de-2022\/","og_site_name":"Nettali.com","article_publisher":"https:\/\/www.facebook.com\/nettalicom","article_published_time":"2021-04-09T11:34:20+00:00","og_image":[{"width":1000,"height":750,"url":"https:\/\/www.nettali.com\/wp-content\/uploads\/2021\/01\/marine-le-pen.jpg","type":"image\/jpeg"}],"twitter_card":"summary_large_image","twitter_misc":{"\u00c9crit par":"Thierno Diop","Dur\u00e9e de lecture estim\u00e9e":"1 minute"},"schema":{"@context":"https:\/\/schema.org","@graph":[{"@type":"WebSite","@id":"https:\/\/www.nettali.com\/#website","url":"https:\/\/www.nettali.com\/","name":"Nettali.com","description":"Le rendez-vous critique du Net","potentialAction":[{"@type":"SearchAction","target":{"@type":"EntryPoint","urlTemplate":"https:\/\/www.nettali.com\/?s={search_term_string}"},"query-input":"required name=search_term_string"}],"inLanguage":"fr-FR"},{"@type":"ImageObject","@id":"https:\/\/www.nettali.com\/2021\/04\/09\/france-marine-le-pen-annonce-sa-candidature-a-la-presidentielle-de-2022\/#primaryimage","inLanguage":"fr-FR","url":"https:\/\/www.nettali.com\/wp-content\/uploads\/2021\/01\/marine-le-pen.jpg","contentUrl":"https:\/\/www.nettali.com\/wp-content\/uploads\/2021\/01\/marine-le-pen.jpg","width":1000,"height":750},{"@type":"WebPage","@id":"https:\/\/www.nettali.com\/2021\/04\/09\/france-marine-le-pen-annonce-sa-candidature-a-la-presidentielle-de-2022\/#webpage","url":"https:\/\/www.nettali.com\/2021\/04\/09\/france-marine-le-pen-annonce-sa-candidature-a-la-presidentielle-de-2022\/","name":"FRANCE - Marine Le Pen annonce sa candidature \u00e0 la pr\u00e9sidentielle de 2022 | Nettali.com","isPartOf":{"@id":"https:\/\/www.nettali.com\/#website"},"primaryImageOfPage":{"@id":"https:\/\/www.nettali.com\/2021\/04\/09\/france-marine-le-pen-annonce-sa-candidature-a-la-presidentielle-de-2022\/#primaryimage"},"datePublished":"2021-04-09T11:34:20+00:00","dateModified":"2021-04-09T11:34:20+00:00","author":{"@id":"https:\/\/www.nettali.com\/#\/schema\/person\/8a06c6bd7b19304cf4bf985862900b5b"},"breadcrumb":{"@id":"https:\/\/www.nettali.com\/2021\/04\/09\/france-marine-le-pen-annonce-sa-candidature-a-la-presidentielle-de-2022\/#breadcrumb"},"inLanguage":"fr-FR","potentialAction":[{"@type":"ReadAction","target":["https:\/\/www.nettali.com\/2021\/04\/09\/france-marine-le-pen-annonce-sa-candidature-a-la-presidentielle-de-2022\/"]}]},{"@type":"BreadcrumbList","@id":"https:\/\/www.nettali.com\/2021\/04\/09\/france-marine-le-pen-annonce-sa-candidature-a-la-presidentielle-de-2022\/#breadcrumb","itemListElement":[{"@type":"ListItem","position":1,"name":"Accueil","item":"https:\/\/www.nettali.com\/"},{"@type":"ListItem","position":2,"name":"FRANCE &#8211; Marine Le Pen annonce sa candidature \u00e0 la pr\u00e9sidentielle de 2022"}]},{"@type":"Person","@id":"https:\/\/www.nettali.com\/#\/schema\/person\/8a06c6bd7b19304cf4bf985862900b5b","name":"Thierno Diop","image":{"@type":"ImageObject","@id":"https:\/\/www.nettali.com\/#personlogo","inLanguage":"fr-FR","url":"https:\/\/secure.gravatar.com\/avatar\/c8ca58550c94fd2ac856d27391a6c866?s=96&d=mm&r=g","contentUrl":"https:\/\/secure.gravatar.com\/avatar\/c8ca58550c94fd2ac856d27391a6c866?s=96&d=mm&r=g","caption":"Thierno Diop"},"sameAs":["https:\/\/nettali.com"]}]}},"_links":{"self":[{"href":"https:\/\/www.nettali.com\/rest\/wp\/v2\/posts\/61547"}],"collection":[{"href":"https:\/\/www.nettali.com\/rest\/wp\/v2\/posts"}],"about":[{"href":"https:\/\/www.nettali.com\/rest\/wp\/v2\/types\/post"}],"author":[{"embeddable":true,"href":"https:\/\/www.nettali.com\/rest\/wp\/v2\/users\/11"}],"replies":[{"embeddable":true,"href":"https:\/\/www.nettali.com\/rest\/wp\/v2\/comments?post=61547"}],"version-history":[{"count":1,"href":"https:\/\/www.nettali.com\/rest\/wp\/v2\/posts\/61547\/revisions"}],"predecessor-version":[{"id":61548,"href":"https:\/\/www.nettali.com\/rest\/wp\/v2\/posts\/61547\/revisions\/61548"}],"wp:featuredmedia":[{"embeddable":true,"href":"https:\/\/www.nettali.com\/rest\/wp\/v2\/media\/56607"}],"wp:attachment":[{"href":"https:\/\/www.nettali.com\/rest\/wp\/v2\/media?parent=61547"}],"wp:term":[{"taxonomy":"category","embeddable":true,"href":"https:\/\/www.nettali.com\/rest\/wp\/v2\/categories?post=61547"},{"taxonomy":"post_tag","embeddable":true,"href":"https:\/\/www.nettali.com\/rest\/wp\/v2\/tags?post=61547"}],"curies":[{"name":"wp","href":"https:\/\/api.w.org\/{rel}","templated":true}]}}