{"id":61521,"date":"2021-04-08T20:41:57","date_gmt":"2021-04-08T20:41:57","guid":{"rendered":"https:\/\/www.nettali.com\/?p=61521"},"modified":"2021-04-09T11:24:41","modified_gmt":"2021-04-09T11:24:41","slug":"justice-deces-du-doyen-des-juges-samba-sall","status":"publish","type":"post","link":"https:\/\/www.nettali.com\/2021\/04\/08\/justice-deces-du-doyen-des-juges-samba-sall\/","title":{"rendered":"JUSTICE - D\u00e9c\u00e8s du Doyen des juges Samba Sall"},"content":{"rendered":"<p><strong>NETTALI.COM - Le Doyen des juges d'instruction, Samba Sall, a tir\u00e9 sa <span style=\"font-size: 12px;\">r\u00e9v\u00e9rence<\/span> ce jeudi, des suites d'une longue maladie.\u00a0<\/strong><\/p>\n<p>Le Doyen des juges d'instruction (DJI), Samba Sall, est d\u00e9c\u00e9d\u00e9 ce jeudi 8 avril \u00e0 l'h\u00f4pital Principal de <span style=\"font-size: 12px;\">Dakar.<\/span> Cela, des suites d'une longue maladie, qui l\u2019avait amen\u00e9\u00a0 \u00eatre admis en r\u00e9animation.<\/p>\n<p>Samba Sall, qui est charg\u00e9 d\u2019entendre Ousmane Sonko, dans l\u2019affaire Sweet Beaut\u00e9 \u00e9tait alit\u00e9 depuis quelque temps..<\/p>\n<p>Le juge Sall, pour rappel, devait aussi entendre Guy Marius Sagna et Cie.<\/p>\n<p>Finalement, le dossier a \u00e9t\u00e9 transmis au magistrat instructeur du 3<sup>e<\/sup>\u00a0cabinet.<\/p>\n<div class='share-to-whatsapp-wrapper'><div class='share-on-whsp'>PARTAGER SUR : <\/div><a data-text='JUSTICE - D\u00e9c\u00e8s du Doyen des juges Samba Sall' data-link='https:\/\/www.nettali.com\/2021\/04\/08\/justice-deces-du-doyen-des-juges-samba-sall\/' class='whatsapp-button whatsapp-share'>WhatsApp<\/a><div class='clear '><\/div><\/div>","protected":false},"excerpt":{"rendered":"<p>NETTALI.COM - Le Doyen des juges d'instruction, Samba Sall, a tir\u00e9 sa r\u00e9v\u00e9rence ce jeudi, des suites d'une longue maladie.\u00a0 Le Doyen des juges d'instruction (DJI), Samba Sall, est d\u00e9c\u00e9d\u00e9 ce jeudi 8 avril \u00e0 l'h\u00f4pital Principal de Dakar. Cela, des suites d'une longue maladie, qui l\u2019avait amen\u00e9\u00a0 \u00eatre admis en r\u00e9animation. Samba Sall, qui [&hellip;]<\/p>\n","protected":false},"author":11,"featured_media":61522,"comment_status":"open","ping_status":"open","sticky":false,"template":"","format":"standard","meta":{"_et_pb_use_builder":"","_et_pb_old_content":""},"categories":[3],"tags":[],"yoast_head":"<!-- This site is optimized with the Yoast SEO Premium plugin v17.8 (Yoast SEO v17.8) - https:\/\/yoast.com\/wordpress\/plugins\/seo\/ -->\n<title>JUSTICE - D\u00e9c\u00e8s du Doyen des juges Samba Sall | Nettali.com<\/title>\n<meta name=\"robots\" content=\"index, follow, max-snippet:-1, max-image-preview:large, max-video-preview:-1\" \/>\n<link rel=\"canonical\" href=\"https:\/\/www.nettali.com\/2021\/04\/08\/justice-deces-du-doyen-des-juges-samba-sall\/\" \/>\n<meta property=\"og:locale\" content=\"fr_FR\" \/>\n<meta property=\"og:type\" content=\"article\" \/>\n<meta property=\"og:title\" content=\"JUSTICE - D\u00e9c\u00e8s du Doyen des juges Samba Sall\" \/>\n<meta property=\"og:description\" content=\"NETTALI.COM - Le Doyen des juges d&#039;instruction, Samba Sall, a tir\u00e9 sa r\u00e9v\u00e9rence ce jeudi, des suites d&#039;une longue maladie.\u00a0 Le Doyen des juges d&#039;instruction (DJI), Samba Sall, est d\u00e9c\u00e9d\u00e9 ce jeudi 8 avril \u00e0 l&#039;h\u00f4pital Principal de Dakar. Cela, des suites d&#039;une longue maladie, qui l\u2019avait amen\u00e9\u00a0 \u00eatre admis en r\u00e9animation. Samba Sall, qui [&hellip;]\" \/>\n<meta property=\"og:url\" content=\"https:\/\/www.nettali.com\/2021\/04\/08\/justice-deces-du-doyen-des-juges-samba-sall\/\" \/>\n<meta property=\"og:site_name\" content=\"Nettali.com\" \/>\n<meta property=\"article:publisher\" content=\"https:\/\/www.facebook.com\/nettalicom\" \/>\n<meta property=\"article:published_time\" content=\"2021-04-08T20:41:57+00:00\" \/>\n<meta property=\"article:modified_time\" content=\"2021-04-09T11:24:41+00:00\" \/>\n<meta property=\"og:image\" content=\"https:\/\/www.nettali.com\/wp-content\/uploads\/2021\/04\/samba-sall.jpg\" \/>\n\t<meta property=\"og:image:width\" content=\"1284\" \/>\n\t<meta property=\"og:image:height\" content=\"1486\" \/>\n<meta name=\"twitter:card\" content=\"summary_large_image\" \/>\n<meta name=\"twitter:label1\" content=\"\u00c9crit par\" \/>\n\t<meta name=\"twitter:data1\" content=\"Thierno Diop\" \/>\n\t<meta name=\"twitter:label2\" content=\"Dur\u00e9e de lecture estim\u00e9e\" \/>\n\t<meta name=\"twitter:data2\" content=\"1 minute\" \/>\n<script type=\"application\/ld+json\" class=\"yoast-schema-graph\">{\"@context\":\"https:\/\/schema.org\",\"@graph\":[{\"@type\":\"WebSite\",\"@id\":\"https:\/\/www.nettali.com\/#website\",\"url\":\"https:\/\/www.nettali.com\/\",\"name\":\"Nettali.com\",\"description\":\"Le rendez-vous critique du Net\",\"potentialAction\":[{\"@type\":\"SearchAction\",\"target\":{\"@type\":\"EntryPoint\",\"urlTemplate\":\"https:\/\/www.nettali.com\/?s={search_term_string}\"},\"query-input\":\"required name=search_term_string\"}],\"inLanguage\":\"fr-FR\"},{\"@type\":\"ImageObject\",\"@id\":\"https:\/\/www.nettali.com\/2021\/04\/08\/justice-deces-du-doyen-des-juges-samba-sall\/#primaryimage\",\"inLanguage\":\"fr-FR\",\"url\":\"https:\/\/www.nettali.com\/wp-content\/uploads\/2021\/04\/samba-sall.jpg\",\"contentUrl\":\"https:\/\/www.nettali.com\/wp-content\/uploads\/2021\/04\/samba-sall.jpg\",\"width\":1284,\"height\":1486},{\"@type\":\"WebPage\",\"@id\":\"https:\/\/www.nettali.com\/2021\/04\/08\/justice-deces-du-doyen-des-juges-samba-sall\/#webpage\",\"url\":\"https:\/\/www.nettali.com\/2021\/04\/08\/justice-deces-du-doyen-des-juges-samba-sall\/\",\"name\":\"JUSTICE - D\\u00e9c\\u00e8s du Doyen des juges Samba Sall | Nettali.com\",\"isPartOf\":{\"@id\":\"https:\/\/www.nettali.com\/#website\"},\"primaryImageOfPage\":{\"@id\":\"https:\/\/www.nettali.com\/2021\/04\/08\/justice-deces-du-doyen-des-juges-samba-sall\/#primaryimage\"},\"datePublished\":\"2021-04-08T20:41:57+00:00\",\"dateModified\":\"2021-04-09T11:24:41+00:00\",\"author\":{\"@id\":\"https:\/\/www.nettali.com\/#\/schema\/person\/8a06c6bd7b19304cf4bf985862900b5b\"},\"breadcrumb\":{\"@id\":\"https:\/\/www.nettali.com\/2021\/04\/08\/justice-deces-du-doyen-des-juges-samba-sall\/#breadcrumb\"},\"inLanguage\":\"fr-FR\",\"potentialAction\":[{\"@type\":\"ReadAction\",\"target\":[\"https:\/\/www.nettali.com\/2021\/04\/08\/justice-deces-du-doyen-des-juges-samba-sall\/\"]}]},{\"@type\":\"BreadcrumbList\",\"@id\":\"https:\/\/www.nettali.com\/2021\/04\/08\/justice-deces-du-doyen-des-juges-samba-sall\/#breadcrumb\",\"itemListElement\":[{\"@type\":\"ListItem\",\"position\":1,\"name\":\"Accueil\",\"item\":\"https:\/\/www.nettali.com\/\"},{\"@type\":\"ListItem\",\"position\":2,\"name\":\"JUSTICE &#8211; D\\u00e9c\\u00e8s du Doyen des juges Samba Sall\"}]},{\"@type\":\"Person\",\"@id\":\"https:\/\/www.nettali.com\/#\/schema\/person\/8a06c6bd7b19304cf4bf985862900b5b\",\"name\":\"Thierno Diop\",\"image\":{\"@type\":\"ImageObject\",\"@id\":\"https:\/\/www.nettali.com\/#personlogo\",\"inLanguage\":\"fr-FR\",\"url\":\"https:\/\/secure.gravatar.com\/avatar\/c8ca58550c94fd2ac856d27391a6c866?s=96&d=mm&r=g\",\"contentUrl\":\"https:\/\/secure.gravatar.com\/avatar\/c8ca58550c94fd2ac856d27391a6c866?s=96&d=mm&r=g\",\"caption\":\"Thierno Diop\"},\"sameAs\":[\"https:\/\/nettali.com\"]}]}<\/script>\n<!-- \/ Yoast SEO Premium plugin. -->","yoast_head_json":{"title":"JUSTICE - D\u00e9c\u00e8s du Doyen des juges Samba Sall | Nettali.com","robots":{"index":"index","follow":"follow","max-snippet":"max-snippet:-1","max-image-preview":"max-image-preview:large","max-video-preview":"max-video-preview:-1"},"canonical":"https:\/\/www.nettali.com\/2021\/04\/08\/justice-deces-du-doyen-des-juges-samba-sall\/","og_locale":"fr_FR","og_type":"article","og_title":"JUSTICE - D\u00e9c\u00e8s du Doyen des juges Samba Sall","og_description":"NETTALI.COM - Le Doyen des juges d'instruction, Samba Sall, a tir\u00e9 sa r\u00e9v\u00e9rence ce jeudi, des suites d'une longue maladie.\u00a0 Le Doyen des juges d'instruction (DJI), Samba Sall, est d\u00e9c\u00e9d\u00e9 ce jeudi 8 avril \u00e0 l'h\u00f4pital Principal de Dakar. Cela, des suites d'une longue maladie, qui l\u2019avait amen\u00e9\u00a0 \u00eatre admis en r\u00e9animation. Samba Sall, qui [&hellip;]","og_url":"https:\/\/www.nettali.com\/2021\/04\/08\/justice-deces-du-doyen-des-juges-samba-sall\/","og_site_name":"Nettali.com","article_publisher":"https:\/\/www.facebook.com\/nettalicom","article_published_time":"2021-04-08T20:41:57+00:00","article_modified_time":"2021-04-09T11:24:41+00:00","og_image":[{"width":1284,"height":1486,"url":"https:\/\/www.nettali.com\/wp-content\/uploads\/2021\/04\/samba-sall.jpg","type":"image\/jpeg"}],"twitter_card":"summary_large_image","twitter_misc":{"\u00c9crit par":"Thierno Diop","Dur\u00e9e de lecture estim\u00e9e":"1 minute"},"schema":{"@context":"https:\/\/schema.org","@graph":[{"@type":"WebSite","@id":"https:\/\/www.nettali.com\/#website","url":"https:\/\/www.nettali.com\/","name":"Nettali.com","description":"Le rendez-vous critique du Net","potentialAction":[{"@type":"SearchAction","target":{"@type":"EntryPoint","urlTemplate":"https:\/\/www.nettali.com\/?s={search_term_string}"},"query-input":"required name=search_term_string"}],"inLanguage":"fr-FR"},{"@type":"ImageObject","@id":"https:\/\/www.nettali.com\/2021\/04\/08\/justice-deces-du-doyen-des-juges-samba-sall\/#primaryimage","inLanguage":"fr-FR","url":"https:\/\/www.nettali.com\/wp-content\/uploads\/2021\/04\/samba-sall.jpg","contentUrl":"https:\/\/www.nettali.com\/wp-content\/uploads\/2021\/04\/samba-sall.jpg","width":1284,"height":1486},{"@type":"WebPage","@id":"https:\/\/www.nettali.com\/2021\/04\/08\/justice-deces-du-doyen-des-juges-samba-sall\/#webpage","url":"https:\/\/www.nettali.com\/2021\/04\/08\/justice-deces-du-doyen-des-juges-samba-sall\/","name":"JUSTICE - D\u00e9c\u00e8s du Doyen des juges Samba Sall | Nettali.com","isPartOf":{"@id":"https:\/\/www.nettali.com\/#website"},"primaryImageOfPage":{"@id":"https:\/\/www.nettali.com\/2021\/04\/08\/justice-deces-du-doyen-des-juges-samba-sall\/#primaryimage"},"datePublished":"2021-04-08T20:41:57+00:00","dateModified":"2021-04-09T11:24:41+00:00","author":{"@id":"https:\/\/www.nettali.com\/#\/schema\/person\/8a06c6bd7b19304cf4bf985862900b5b"},"breadcrumb":{"@id":"https:\/\/www.nettali.com\/2021\/04\/08\/justice-deces-du-doyen-des-juges-samba-sall\/#breadcrumb"},"inLanguage":"fr-FR","potentialAction":[{"@type":"ReadAction","target":["https:\/\/www.nettali.com\/2021\/04\/08\/justice-deces-du-doyen-des-juges-samba-sall\/"]}]},{"@type":"BreadcrumbList","@id":"https:\/\/www.nettali.com\/2021\/04\/08\/justice-deces-du-doyen-des-juges-samba-sall\/#breadcrumb","itemListElement":[{"@type":"ListItem","position":1,"name":"Accueil","item":"https:\/\/www.nettali.com\/"},{"@type":"ListItem","position":2,"name":"JUSTICE &#8211; D\u00e9c\u00e8s du Doyen des juges Samba Sall"}]},{"@type":"Person","@id":"https:\/\/www.nettali.com\/#\/schema\/person\/8a06c6bd7b19304cf4bf985862900b5b","name":"Thierno Diop","image":{"@type":"ImageObject","@id":"https:\/\/www.nettali.com\/#personlogo","inLanguage":"fr-FR","url":"https:\/\/secure.gravatar.com\/avatar\/c8ca58550c94fd2ac856d27391a6c866?s=96&d=mm&r=g","contentUrl":"https:\/\/secure.gravatar.com\/avatar\/c8ca58550c94fd2ac856d27391a6c866?s=96&d=mm&r=g","caption":"Thierno Diop"},"sameAs":["https:\/\/nettali.com"]}]}},"_links":{"self":[{"href":"https:\/\/www.nettali.com\/rest\/wp\/v2\/posts\/61521"}],"collection":[{"href":"https:\/\/www.nettali.com\/rest\/wp\/v2\/posts"}],"about":[{"href":"https:\/\/www.nettali.com\/rest\/wp\/v2\/types\/post"}],"author":[{"embeddable":true,"href":"https:\/\/www.nettali.com\/rest\/wp\/v2\/users\/11"}],"replies":[{"embeddable":true,"href":"https:\/\/www.nettali.com\/rest\/wp\/v2\/comments?post=61521"}],"version-history":[{"count":3,"href":"https:\/\/www.nettali.com\/rest\/wp\/v2\/posts\/61521\/revisions"}],"predecessor-version":[{"id":61525,"href":"https:\/\/www.nettali.com\/rest\/wp\/v2\/posts\/61521\/revisions\/61525"}],"wp:featuredmedia":[{"embeddable":true,"href":"https:\/\/www.nettali.com\/rest\/wp\/v2\/media\/61522"}],"wp:attachment":[{"href":"https:\/\/www.nettali.com\/rest\/wp\/v2\/media?parent=61521"}],"wp:term":[{"taxonomy":"category","embeddable":true,"href":"https:\/\/www.nettali.com\/rest\/wp\/v2\/categories?post=61521"},{"taxonomy":"post_tag","embeddable":true,"href":"https:\/\/www.nettali.com\/rest\/wp\/v2\/tags?post=61521"}],"curies":[{"name":"wp","href":"https:\/\/api.w.org\/{rel}","templated":true}]}}