{"id":61517,"date":"2021-04-08T17:54:19","date_gmt":"2021-04-08T17:54:19","guid":{"rendered":"https:\/\/www.nettali.com\/?p=61517"},"modified":"2021-04-09T08:51:35","modified_gmt":"2021-04-09T08:51:35","slug":"manifestations-liees-a-larrestation-deousmane-sonko-la-part-de-verite-de-letat","status":"publish","type":"post","link":"https:\/\/www.nettali.com\/2021\/04\/08\/manifestations-liees-a-larrestation-deousmane-sonko-la-part-de-verite-de-letat\/","title":{"rendered":"MANIFESTATIONS LIEES A L'ARRESTATION DE OUSMANE SONKO - La part de v\u00e9rit\u00e9 de l\u2019Etat"},"content":{"rendered":"<p><strong>NETTALI.COM- La conf\u00e9rence de presse du Gouvernement s\u2019est tenue, ce jeudi 8 avril. Et c\u2019est le ministre des Forces Arm\u00e9es, Me Sidiki Kaba qui, devant les journalistes, a livr\u00e9 la part de v\u00e9rit\u00e9 de l\u2019Etat sur les \u00e9meutes qui ont eu lieu au S\u00e9n\u00e9gal, suite \u00e0 l\u2019affaire opposant Ousmane Sonko \u00e0 Adji Sarr. <\/strong><\/p>\n<p>L\u2019Etat refuse d\u2019endosser la responsabilit\u00e9 dans les actes qui ont \u00e9t\u00e9 commis lors de ces \u00e9meutes occasionn\u00e9es par l'arrestation de Ousmane Sonko. A en croire le ministre Sidiki Kaba, les forces de s\u00e9curit\u00e9 ne sont pas les auteurs des morts et des bless\u00e9s qui ont \u00e9t\u00e9 enregistr\u00e9s ce jour-l\u00e0. \u00ab <em>Ces derni\u00e8res ont m\u00eame recul\u00e9 et parfois, on a m\u00eame entendu qu'elles ont fui. Si on n\u2019\u00e9tait pas dans un Etat d\u00e9mocratique, cela ne serait pas possible. Cela ne se produirait pas dans un \u00c9tat de dictature. Les forces de l\u2019ordre ont fait preuve de tenue, de retenue et de sang-froid. Si elles avaient agi autrement, nous aurions eu un bain de sang. Elles ont, par moment, re\u00e7u des pierres, elles ont \u00e9t\u00e9 pi\u00e9tin\u00e9es mais elles sont rest\u00e9es calmes<\/em> \u00bb, a d\u00e9clar\u00e9 le ministre des Forces Arm\u00e9es.<\/p>\n<p>Poursuivant son argumentaire, Me Sidiki Kaba indique qu\u2019aucun acte de torture n\u2019a \u00e9t\u00e9 exerc\u00e9 sur les citoyens. Des actes de tortures, insiste-t-il, n\u2019ont jamais exist\u00e9 au S\u00e9n\u00e9gal.<\/p>\n<p>S\u2019agissant de la restriction des libert\u00e9s de marcher relev\u00e9e par Amnesty dans son dernier rapport, il l'a r\u00e9fut\u00e9e. \u00ab <em>Il n\u2019y a qu\u2019\u00e0 peine quelques demandes qui ont \u00e9t\u00e9 rejet\u00e9es et, elles sont moins de 4% \u00bb, a martel\u00e9 Sidiki Kaba, ajoutant que sur cette question, l\u2019Etat du S\u00e9n\u00e9gal n\u2019a pas de le\u00e7ons \u00e0 recevoir d\u2019ailleurs \u00ab Le S\u00e9n\u00e9gal n\u2019est pas l\u2019enfer des droits de l\u2019homme<\/em> \u00bb.<\/p>\n<p>Le ministre semble pointer un doigt accusateur vers Ousmane Sonko qui, selon lui, est le seul citoyen s\u00e9n\u00e9galais qui, se consid\u00e9rant au-dessus de la loi, s\u2019arroge le droit absolu de refuser de r\u00e9pondre \u00e0 la justice. \u00ab <em>Il a jet\u00e9 ainsi le discr\u00e9dit sur la Justice et affich\u00e9 une volont\u00e9 manifeste de d\u00e9naturer le fond d\u2019une affaire priv\u00e9e qu\u2019il cherche, depuis le d\u00e9but, \u00e0 transf\u00e9rer sur le terrain politique. D\u2019ailleurs toute la liturgie qu\u2019il a d\u00e9velopp\u00e9e durant ces diff\u00e9rentes sorties n\u2019avait pour seul objectif que de convaincre ses partisans et sympathisants de la r\u00e9alit\u00e9 d\u2019un complot contre sa personne. Et c\u2019est pr\u00e9textant ce complot qu\u2019il a r\u00e9it\u00e9r\u00e9 son refus de d\u00e9f\u00e9rer \u00e0 la convocation des enqu\u00eateurs, m\u00eame en cas de lev\u00e9e de son immunit\u00e9 parlementaire, all\u00e9guant, cette fois-ci, des irr\u00e9gularit\u00e9s dans la proc\u00e9dure parlementaire<\/em> \u00bb, a expliqu\u00e9 le ministre.<\/p>\n<div class='share-to-whatsapp-wrapper'><div class='share-on-whsp'>PARTAGER SUR : <\/div><a data-text='MANIFESTATIONS LIEES A L'ARRESTATION DE OUSMANE SONKO - La part de v\u00e9rit\u00e9 de l\u2019Etat' data-link='https:\/\/www.nettali.com\/2021\/04\/08\/manifestations-liees-a-larrestation-deousmane-sonko-la-part-de-verite-de-letat\/' class='whatsapp-button whatsapp-share'>WhatsApp<\/a><div class='clear '><\/div><\/div>","protected":false},"excerpt":{"rendered":"<p>NETTALI.COM- La conf\u00e9rence de presse du Gouvernement s\u2019est tenue, ce jeudi 8 avril. Et c\u2019est le ministre des Forces Arm\u00e9es, Me Sidiki Kaba qui, devant les journalistes, a livr\u00e9 la part de v\u00e9rit\u00e9 de l\u2019Etat sur les \u00e9meutes qui ont eu lieu au S\u00e9n\u00e9gal, suite \u00e0 l\u2019affaire opposant Ousmane Sonko \u00e0 Adji Sarr. L\u2019Etat refuse [&hellip;]<\/p>\n","protected":false},"author":6,"featured_media":657,"comment_status":"open","ping_status":"open","sticky":false,"template":"","format":"standard","meta":{"_et_pb_use_builder":"","_et_pb_old_content":""},"categories":[3],"tags":[],"yoast_head":"<!-- This site is optimized with the Yoast SEO Premium plugin v17.8 (Yoast SEO v17.8) - https:\/\/yoast.com\/wordpress\/plugins\/seo\/ -->\n<title>MANIFESTATIONS LIEES A L&#039;ARRESTATION DE OUSMANE SONKO - La part de v\u00e9rit\u00e9 de l\u2019Etat | Nettali.com<\/title>\n<meta name=\"robots\" content=\"index, follow, max-snippet:-1, max-image-preview:large, max-video-preview:-1\" \/>\n<link rel=\"canonical\" href=\"https:\/\/www.nettali.com\/2021\/04\/08\/manifestations-liees-a-larrestation-deousmane-sonko-la-part-de-verite-de-letat\/\" \/>\n<meta property=\"og:locale\" content=\"fr_FR\" \/>\n<meta property=\"og:type\" content=\"article\" \/>\n<meta property=\"og:title\" content=\"MANIFESTATIONS LIEES A L&#039;ARRESTATION DE OUSMANE SONKO - La part de v\u00e9rit\u00e9 de l\u2019Etat\" \/>\n<meta property=\"og:description\" content=\"NETTALI.COM- La conf\u00e9rence de presse du Gouvernement s\u2019est tenue, ce jeudi 8 avril. Et c\u2019est le ministre des Forces Arm\u00e9es, Me Sidiki Kaba qui, devant les journalistes, a livr\u00e9 la part de v\u00e9rit\u00e9 de l\u2019Etat sur les \u00e9meutes qui ont eu lieu au S\u00e9n\u00e9gal, suite \u00e0 l\u2019affaire opposant Ousmane Sonko \u00e0 Adji Sarr. L\u2019Etat refuse [&hellip;]\" \/>\n<meta property=\"og:url\" content=\"https:\/\/www.nettali.com\/2021\/04\/08\/manifestations-liees-a-larrestation-deousmane-sonko-la-part-de-verite-de-letat\/\" \/>\n<meta property=\"og:site_name\" content=\"Nettali.com\" \/>\n<meta property=\"article:publisher\" content=\"https:\/\/www.facebook.com\/nettalicom\" \/>\n<meta property=\"article:published_time\" content=\"2021-04-08T17:54:19+00:00\" \/>\n<meta property=\"article:modified_time\" content=\"2021-04-09T08:51:35+00:00\" \/>\n<meta property=\"og:image\" content=\"https:\/\/www.nettali.com\/wp-content\/uploads\/2019\/02\/sidiki-kaba.jpg\" \/>\n\t<meta property=\"og:image:width\" content=\"333\" \/>\n\t<meta property=\"og:image:height\" content=\"213\" \/>\n<meta name=\"twitter:card\" content=\"summary_large_image\" \/>\n<meta name=\"twitter:label1\" content=\"\u00c9crit par\" \/>\n\t<meta name=\"twitter:data1\" content=\"Fatou\" \/>\n\t<meta name=\"twitter:label2\" content=\"Dur\u00e9e de lecture estim\u00e9e\" \/>\n\t<meta name=\"twitter:data2\" content=\"2 minutes\" \/>\n<script type=\"application\/ld+json\" class=\"yoast-schema-graph\">{\"@context\":\"https:\/\/schema.org\",\"@graph\":[{\"@type\":\"WebSite\",\"@id\":\"https:\/\/www.nettali.com\/#website\",\"url\":\"https:\/\/www.nettali.com\/\",\"name\":\"Nettali.com\",\"description\":\"Le rendez-vous critique du Net\",\"potentialAction\":[{\"@type\":\"SearchAction\",\"target\":{\"@type\":\"EntryPoint\",\"urlTemplate\":\"https:\/\/www.nettali.com\/?s={search_term_string}\"},\"query-input\":\"required name=search_term_string\"}],\"inLanguage\":\"fr-FR\"},{\"@type\":\"ImageObject\",\"@id\":\"https:\/\/www.nettali.com\/2021\/04\/08\/manifestations-liees-a-larrestation-deousmane-sonko-la-part-de-verite-de-letat\/#primaryimage\",\"inLanguage\":\"fr-FR\",\"url\":\"https:\/\/www.nettali.com\/wp-content\/uploads\/2019\/02\/sidiki-kaba.jpg\",\"contentUrl\":\"https:\/\/www.nettali.com\/wp-content\/uploads\/2019\/02\/sidiki-kaba.jpg\",\"width\":333,\"height\":213},{\"@type\":\"WebPage\",\"@id\":\"https:\/\/www.nettali.com\/2021\/04\/08\/manifestations-liees-a-larrestation-deousmane-sonko-la-part-de-verite-de-letat\/#webpage\",\"url\":\"https:\/\/www.nettali.com\/2021\/04\/08\/manifestations-liees-a-larrestation-deousmane-sonko-la-part-de-verite-de-letat\/\",\"name\":\"MANIFESTATIONS LIEES A L'ARRESTATION DE OUSMANE SONKO - La part de v\\u00e9rit\\u00e9 de l\\u2019Etat | Nettali.com\",\"isPartOf\":{\"@id\":\"https:\/\/www.nettali.com\/#website\"},\"primaryImageOfPage\":{\"@id\":\"https:\/\/www.nettali.com\/2021\/04\/08\/manifestations-liees-a-larrestation-deousmane-sonko-la-part-de-verite-de-letat\/#primaryimage\"},\"datePublished\":\"2021-04-08T17:54:19+00:00\",\"dateModified\":\"2021-04-09T08:51:35+00:00\",\"author\":{\"@id\":\"https:\/\/www.nettali.com\/#\/schema\/person\/418274a86bdf87caff7a3ef476bd0bbf\"},\"breadcrumb\":{\"@id\":\"https:\/\/www.nettali.com\/2021\/04\/08\/manifestations-liees-a-larrestation-deousmane-sonko-la-part-de-verite-de-letat\/#breadcrumb\"},\"inLanguage\":\"fr-FR\",\"potentialAction\":[{\"@type\":\"ReadAction\",\"target\":[\"https:\/\/www.nettali.com\/2021\/04\/08\/manifestations-liees-a-larrestation-deousmane-sonko-la-part-de-verite-de-letat\/\"]}]},{\"@type\":\"BreadcrumbList\",\"@id\":\"https:\/\/www.nettali.com\/2021\/04\/08\/manifestations-liees-a-larrestation-deousmane-sonko-la-part-de-verite-de-letat\/#breadcrumb\",\"itemListElement\":[{\"@type\":\"ListItem\",\"position\":1,\"name\":\"Accueil\",\"item\":\"https:\/\/www.nettali.com\/\"},{\"@type\":\"ListItem\",\"position\":2,\"name\":\"MANIFESTATIONS LIEES A L&rsquo;ARRESTATION DE OUSMANE SONKO &#8211; La part de v\\u00e9rit\\u00e9 de l\\u2019Etat\"}]},{\"@type\":\"Person\",\"@id\":\"https:\/\/www.nettali.com\/#\/schema\/person\/418274a86bdf87caff7a3ef476bd0bbf\",\"name\":\"Fatou\",\"image\":{\"@type\":\"ImageObject\",\"@id\":\"https:\/\/www.nettali.com\/#personlogo\",\"inLanguage\":\"fr-FR\",\"url\":\"https:\/\/secure.gravatar.com\/avatar\/5a9442a2bee7b4dcf167cab035858e9a?s=96&d=mm&r=g\",\"contentUrl\":\"https:\/\/secure.gravatar.com\/avatar\/5a9442a2bee7b4dcf167cab035858e9a?s=96&d=mm&r=g\",\"caption\":\"Fatou\"},\"sameAs\":[\"https:\/\/www.nettali.com\"]}]}<\/script>\n<!-- \/ Yoast SEO Premium plugin. -->","yoast_head_json":{"title":"MANIFESTATIONS LIEES A L'ARRESTATION DE OUSMANE SONKO - La part de v\u00e9rit\u00e9 de l\u2019Etat | Nettali.com","robots":{"index":"index","follow":"follow","max-snippet":"max-snippet:-1","max-image-preview":"max-image-preview:large","max-video-preview":"max-video-preview:-1"},"canonical":"https:\/\/www.nettali.com\/2021\/04\/08\/manifestations-liees-a-larrestation-deousmane-sonko-la-part-de-verite-de-letat\/","og_locale":"fr_FR","og_type":"article","og_title":"MANIFESTATIONS LIEES A L'ARRESTATION DE OUSMANE SONKO - La part de v\u00e9rit\u00e9 de l\u2019Etat","og_description":"NETTALI.COM- La conf\u00e9rence de presse du Gouvernement s\u2019est tenue, ce jeudi 8 avril. Et c\u2019est le ministre des Forces Arm\u00e9es, Me Sidiki Kaba qui, devant les journalistes, a livr\u00e9 la part de v\u00e9rit\u00e9 de l\u2019Etat sur les \u00e9meutes qui ont eu lieu au S\u00e9n\u00e9gal, suite \u00e0 l\u2019affaire opposant Ousmane Sonko \u00e0 Adji Sarr. L\u2019Etat refuse [&hellip;]","og_url":"https:\/\/www.nettali.com\/2021\/04\/08\/manifestations-liees-a-larrestation-deousmane-sonko-la-part-de-verite-de-letat\/","og_site_name":"Nettali.com","article_publisher":"https:\/\/www.facebook.com\/nettalicom","article_published_time":"2021-04-08T17:54:19+00:00","article_modified_time":"2021-04-09T08:51:35+00:00","og_image":[{"width":333,"height":213,"url":"https:\/\/www.nettali.com\/wp-content\/uploads\/2019\/02\/sidiki-kaba.jpg","type":"image\/jpeg"}],"twitter_card":"summary_large_image","twitter_misc":{"\u00c9crit par":"Fatou","Dur\u00e9e de lecture estim\u00e9e":"2 minutes"},"schema":{"@context":"https:\/\/schema.org","@graph":[{"@type":"WebSite","@id":"https:\/\/www.nettali.com\/#website","url":"https:\/\/www.nettali.com\/","name":"Nettali.com","description":"Le rendez-vous critique du Net","potentialAction":[{"@type":"SearchAction","target":{"@type":"EntryPoint","urlTemplate":"https:\/\/www.nettali.com\/?s={search_term_string}"},"query-input":"required name=search_term_string"}],"inLanguage":"fr-FR"},{"@type":"ImageObject","@id":"https:\/\/www.nettali.com\/2021\/04\/08\/manifestations-liees-a-larrestation-deousmane-sonko-la-part-de-verite-de-letat\/#primaryimage","inLanguage":"fr-FR","url":"https:\/\/www.nettali.com\/wp-content\/uploads\/2019\/02\/sidiki-kaba.jpg","contentUrl":"https:\/\/www.nettali.com\/wp-content\/uploads\/2019\/02\/sidiki-kaba.jpg","width":333,"height":213},{"@type":"WebPage","@id":"https:\/\/www.nettali.com\/2021\/04\/08\/manifestations-liees-a-larrestation-deousmane-sonko-la-part-de-verite-de-letat\/#webpage","url":"https:\/\/www.nettali.com\/2021\/04\/08\/manifestations-liees-a-larrestation-deousmane-sonko-la-part-de-verite-de-letat\/","name":"MANIFESTATIONS LIEES A L'ARRESTATION DE OUSMANE SONKO - La part de v\u00e9rit\u00e9 de l\u2019Etat | Nettali.com","isPartOf":{"@id":"https:\/\/www.nettali.com\/#website"},"primaryImageOfPage":{"@id":"https:\/\/www.nettali.com\/2021\/04\/08\/manifestations-liees-a-larrestation-deousmane-sonko-la-part-de-verite-de-letat\/#primaryimage"},"datePublished":"2021-04-08T17:54:19+00:00","dateModified":"2021-04-09T08:51:35+00:00","author":{"@id":"https:\/\/www.nettali.com\/#\/schema\/person\/418274a86bdf87caff7a3ef476bd0bbf"},"breadcrumb":{"@id":"https:\/\/www.nettali.com\/2021\/04\/08\/manifestations-liees-a-larrestation-deousmane-sonko-la-part-de-verite-de-letat\/#breadcrumb"},"inLanguage":"fr-FR","potentialAction":[{"@type":"ReadAction","target":["https:\/\/www.nettali.com\/2021\/04\/08\/manifestations-liees-a-larrestation-deousmane-sonko-la-part-de-verite-de-letat\/"]}]},{"@type":"BreadcrumbList","@id":"https:\/\/www.nettali.com\/2021\/04\/08\/manifestations-liees-a-larrestation-deousmane-sonko-la-part-de-verite-de-letat\/#breadcrumb","itemListElement":[{"@type":"ListItem","position":1,"name":"Accueil","item":"https:\/\/www.nettali.com\/"},{"@type":"ListItem","position":2,"name":"MANIFESTATIONS LIEES A L&rsquo;ARRESTATION DE OUSMANE SONKO &#8211; La part de v\u00e9rit\u00e9 de l\u2019Etat"}]},{"@type":"Person","@id":"https:\/\/www.nettali.com\/#\/schema\/person\/418274a86bdf87caff7a3ef476bd0bbf","name":"Fatou","image":{"@type":"ImageObject","@id":"https:\/\/www.nettali.com\/#personlogo","inLanguage":"fr-FR","url":"https:\/\/secure.gravatar.com\/avatar\/5a9442a2bee7b4dcf167cab035858e9a?s=96&d=mm&r=g","contentUrl":"https:\/\/secure.gravatar.com\/avatar\/5a9442a2bee7b4dcf167cab035858e9a?s=96&d=mm&r=g","caption":"Fatou"},"sameAs":["https:\/\/www.nettali.com"]}]}},"_links":{"self":[{"href":"https:\/\/www.nettali.com\/rest\/wp\/v2\/posts\/61517"}],"collection":[{"href":"https:\/\/www.nettali.com\/rest\/wp\/v2\/posts"}],"about":[{"href":"https:\/\/www.nettali.com\/rest\/wp\/v2\/types\/post"}],"author":[{"embeddable":true,"href":"https:\/\/www.nettali.com\/rest\/wp\/v2\/users\/6"}],"replies":[{"embeddable":true,"href":"https:\/\/www.nettali.com\/rest\/wp\/v2\/comments?post=61517"}],"version-history":[{"count":4,"href":"https:\/\/www.nettali.com\/rest\/wp\/v2\/posts\/61517\/revisions"}],"predecessor-version":[{"id":61536,"href":"https:\/\/www.nettali.com\/rest\/wp\/v2\/posts\/61517\/revisions\/61536"}],"wp:featuredmedia":[{"embeddable":true,"href":"https:\/\/www.nettali.com\/rest\/wp\/v2\/media\/657"}],"wp:attachment":[{"href":"https:\/\/www.nettali.com\/rest\/wp\/v2\/media?parent=61517"}],"wp:term":[{"taxonomy":"category","embeddable":true,"href":"https:\/\/www.nettali.com\/rest\/wp\/v2\/categories?post=61517"},{"taxonomy":"post_tag","embeddable":true,"href":"https:\/\/www.nettali.com\/rest\/wp\/v2\/tags?post=61517"}],"curies":[{"name":"wp","href":"https:\/\/api.w.org\/{rel}","templated":true}]}}