{"id":61489,"date":"2021-04-08T10:19:13","date_gmt":"2021-04-08T10:19:13","guid":{"rendered":"https:\/\/www.nettali.com\/?p=61489"},"modified":"2021-04-08T10:19:13","modified_gmt":"2021-04-08T10:19:13","slug":"date-des-locales-ce-que-propose-le-frn","status":"publish","type":"post","link":"https:\/\/www.nettali.com\/2021\/04\/08\/date-des-locales-ce-que-propose-le-frn\/","title":{"rendered":"DATE DES LOCALES - Ce que propose le Frn"},"content":{"rendered":"<p><strong>NETTALI.COM - Le cadre unitaire de l\u2019opposition, qui, il y a quelques jours, d\u00e9cidait de quitter la commission politique du dialogue national, semble revenir sur cette d\u00e9cision. Cela, apr\u00e8s que la majorit\u00e9 a adopt\u00e9 une nouvelle position sur la tenue des locales.<\/strong><\/p>\n<p>Les partis politiques r\u00e9unis autour du Front de r\u00e9sistance nationale (FRN), qui avaient d\u00e9cid\u00e9 de suspendre leur participation au dialogue politique jusqu\u2019\u00e0 nouvel ordre, semblent revenir sur cette position.<\/p>\n<p>En r\u00e9alit\u00e9, c\u2019\u00e9tait leur mani\u00e8re de contester la d\u00e9cision de l\u2019Etat de reporter les \u00e9lections locales. Ils estimaient avoir \u00e9t\u00e9 mis devant le fait accompli.<\/p>\n<p>Dans un communiqu\u00e9,\u00a0 ils informent que suite \u00e0 la d\u00e9cision de la Commission cellulaire d\u2019ouvrir des n\u00e9gociations pour proposer la nouvelle date des \u00e9lections locales, \u201cle Front de r\u00e9sistance nationale (FRN) demande \u00e0 son coordonnateur des pl\u00e9nipotentiaires au dialogue politique d\u2019aller transmettre la position de l\u2019opposition quant \u00e0 la date des prochaines \u00e9lections locales, en d\u00e9cembre 2021\u2019\u2019.<\/p>\n<div class='share-to-whatsapp-wrapper'><div class='share-on-whsp'>PARTAGER SUR : <\/div><a data-text='DATE DES LOCALES - Ce que propose le Frn' data-link='https:\/\/www.nettali.com\/2021\/04\/08\/date-des-locales-ce-que-propose-le-frn\/' class='whatsapp-button whatsapp-share'>WhatsApp<\/a><div class='clear '><\/div><\/div>","protected":false},"excerpt":{"rendered":"<p>NETTALI.COM - Le cadre unitaire de l\u2019opposition, qui, il y a quelques jours, d\u00e9cidait de quitter la commission politique du dialogue national, semble revenir sur cette d\u00e9cision. Cela, apr\u00e8s que la majorit\u00e9 a adopt\u00e9 une nouvelle position sur la tenue des locales. Les partis politiques r\u00e9unis autour du Front de r\u00e9sistance nationale (FRN), qui avaient [&hellip;]<\/p>\n","protected":false},"author":11,"featured_media":44864,"comment_status":"open","ping_status":"open","sticky":false,"template":"","format":"standard","meta":{"_et_pb_use_builder":"","_et_pb_old_content":""},"categories":[2],"tags":[],"yoast_head":"<!-- This site is optimized with the Yoast SEO Premium plugin v17.8 (Yoast SEO v17.8) - https:\/\/yoast.com\/wordpress\/plugins\/seo\/ -->\n<title>DATE DES LOCALES - Ce que propose le Frn | Nettali.com<\/title>\n<meta name=\"robots\" content=\"index, follow, max-snippet:-1, max-image-preview:large, max-video-preview:-1\" \/>\n<link rel=\"canonical\" href=\"https:\/\/www.nettali.com\/2021\/04\/08\/date-des-locales-ce-que-propose-le-frn\/\" \/>\n<meta property=\"og:locale\" content=\"fr_FR\" \/>\n<meta property=\"og:type\" content=\"article\" \/>\n<meta property=\"og:title\" content=\"DATE DES LOCALES - Ce que propose le Frn\" \/>\n<meta property=\"og:description\" content=\"NETTALI.COM - Le cadre unitaire de l\u2019opposition, qui, il y a quelques jours, d\u00e9cidait de quitter la commission politique du dialogue national, semble revenir sur cette d\u00e9cision. Cela, apr\u00e8s que la majorit\u00e9 a adopt\u00e9 une nouvelle position sur la tenue des locales. Les partis politiques r\u00e9unis autour du Front de r\u00e9sistance nationale (FRN), qui avaient [&hellip;]\" \/>\n<meta property=\"og:url\" content=\"https:\/\/www.nettali.com\/2021\/04\/08\/date-des-locales-ce-que-propose-le-frn\/\" \/>\n<meta property=\"og:site_name\" content=\"Nettali.com\" \/>\n<meta property=\"article:publisher\" content=\"https:\/\/www.facebook.com\/nettalicom\" \/>\n<meta property=\"article:published_time\" content=\"2021-04-08T10:19:13+00:00\" \/>\n<meta property=\"og:image\" content=\"https:\/\/www.nettali.com\/wp-content\/uploads\/2020\/08\/FRN.jpg\" \/>\n\t<meta property=\"og:image:width\" content=\"800\" \/>\n\t<meta property=\"og:image:height\" content=\"500\" \/>\n<meta name=\"twitter:card\" content=\"summary_large_image\" \/>\n<meta name=\"twitter:label1\" content=\"\u00c9crit par\" \/>\n\t<meta name=\"twitter:data1\" content=\"Thierno Diop\" \/>\n\t<meta name=\"twitter:label2\" content=\"Dur\u00e9e de lecture estim\u00e9e\" \/>\n\t<meta name=\"twitter:data2\" content=\"1 minute\" \/>\n<script type=\"application\/ld+json\" class=\"yoast-schema-graph\">{\"@context\":\"https:\/\/schema.org\",\"@graph\":[{\"@type\":\"WebSite\",\"@id\":\"https:\/\/www.nettali.com\/#website\",\"url\":\"https:\/\/www.nettali.com\/\",\"name\":\"Nettali.com\",\"description\":\"Le rendez-vous critique du Net\",\"potentialAction\":[{\"@type\":\"SearchAction\",\"target\":{\"@type\":\"EntryPoint\",\"urlTemplate\":\"https:\/\/www.nettali.com\/?s={search_term_string}\"},\"query-input\":\"required name=search_term_string\"}],\"inLanguage\":\"fr-FR\"},{\"@type\":\"ImageObject\",\"@id\":\"https:\/\/www.nettali.com\/2021\/04\/08\/date-des-locales-ce-que-propose-le-frn\/#primaryimage\",\"inLanguage\":\"fr-FR\",\"url\":\"https:\/\/www.nettali.com\/wp-content\/uploads\/2020\/08\/FRN.jpg\",\"contentUrl\":\"https:\/\/www.nettali.com\/wp-content\/uploads\/2020\/08\/FRN.jpg\",\"width\":800,\"height\":500},{\"@type\":\"WebPage\",\"@id\":\"https:\/\/www.nettali.com\/2021\/04\/08\/date-des-locales-ce-que-propose-le-frn\/#webpage\",\"url\":\"https:\/\/www.nettali.com\/2021\/04\/08\/date-des-locales-ce-que-propose-le-frn\/\",\"name\":\"DATE DES LOCALES - Ce que propose le Frn | Nettali.com\",\"isPartOf\":{\"@id\":\"https:\/\/www.nettali.com\/#website\"},\"primaryImageOfPage\":{\"@id\":\"https:\/\/www.nettali.com\/2021\/04\/08\/date-des-locales-ce-que-propose-le-frn\/#primaryimage\"},\"datePublished\":\"2021-04-08T10:19:13+00:00\",\"dateModified\":\"2021-04-08T10:19:13+00:00\",\"author\":{\"@id\":\"https:\/\/www.nettali.com\/#\/schema\/person\/8a06c6bd7b19304cf4bf985862900b5b\"},\"breadcrumb\":{\"@id\":\"https:\/\/www.nettali.com\/2021\/04\/08\/date-des-locales-ce-que-propose-le-frn\/#breadcrumb\"},\"inLanguage\":\"fr-FR\",\"potentialAction\":[{\"@type\":\"ReadAction\",\"target\":[\"https:\/\/www.nettali.com\/2021\/04\/08\/date-des-locales-ce-que-propose-le-frn\/\"]}]},{\"@type\":\"BreadcrumbList\",\"@id\":\"https:\/\/www.nettali.com\/2021\/04\/08\/date-des-locales-ce-que-propose-le-frn\/#breadcrumb\",\"itemListElement\":[{\"@type\":\"ListItem\",\"position\":1,\"name\":\"Accueil\",\"item\":\"https:\/\/www.nettali.com\/\"},{\"@type\":\"ListItem\",\"position\":2,\"name\":\"DATE DES LOCALES &#8211; Ce que propose le Frn\"}]},{\"@type\":\"Person\",\"@id\":\"https:\/\/www.nettali.com\/#\/schema\/person\/8a06c6bd7b19304cf4bf985862900b5b\",\"name\":\"Thierno Diop\",\"image\":{\"@type\":\"ImageObject\",\"@id\":\"https:\/\/www.nettali.com\/#personlogo\",\"inLanguage\":\"fr-FR\",\"url\":\"https:\/\/secure.gravatar.com\/avatar\/c8ca58550c94fd2ac856d27391a6c866?s=96&d=mm&r=g\",\"contentUrl\":\"https:\/\/secure.gravatar.com\/avatar\/c8ca58550c94fd2ac856d27391a6c866?s=96&d=mm&r=g\",\"caption\":\"Thierno Diop\"},\"sameAs\":[\"https:\/\/nettali.com\"]}]}<\/script>\n<!-- \/ Yoast SEO Premium plugin. -->","yoast_head_json":{"title":"DATE DES LOCALES - Ce que propose le Frn | Nettali.com","robots":{"index":"index","follow":"follow","max-snippet":"max-snippet:-1","max-image-preview":"max-image-preview:large","max-video-preview":"max-video-preview:-1"},"canonical":"https:\/\/www.nettali.com\/2021\/04\/08\/date-des-locales-ce-que-propose-le-frn\/","og_locale":"fr_FR","og_type":"article","og_title":"DATE DES LOCALES - Ce que propose le Frn","og_description":"NETTALI.COM - Le cadre unitaire de l\u2019opposition, qui, il y a quelques jours, d\u00e9cidait de quitter la commission politique du dialogue national, semble revenir sur cette d\u00e9cision. Cela, apr\u00e8s que la majorit\u00e9 a adopt\u00e9 une nouvelle position sur la tenue des locales. Les partis politiques r\u00e9unis autour du Front de r\u00e9sistance nationale (FRN), qui avaient [&hellip;]","og_url":"https:\/\/www.nettali.com\/2021\/04\/08\/date-des-locales-ce-que-propose-le-frn\/","og_site_name":"Nettali.com","article_publisher":"https:\/\/www.facebook.com\/nettalicom","article_published_time":"2021-04-08T10:19:13+00:00","og_image":[{"width":800,"height":500,"url":"https:\/\/www.nettali.com\/wp-content\/uploads\/2020\/08\/FRN.jpg","type":"image\/jpeg"}],"twitter_card":"summary_large_image","twitter_misc":{"\u00c9crit par":"Thierno Diop","Dur\u00e9e de lecture estim\u00e9e":"1 minute"},"schema":{"@context":"https:\/\/schema.org","@graph":[{"@type":"WebSite","@id":"https:\/\/www.nettali.com\/#website","url":"https:\/\/www.nettali.com\/","name":"Nettali.com","description":"Le rendez-vous critique du Net","potentialAction":[{"@type":"SearchAction","target":{"@type":"EntryPoint","urlTemplate":"https:\/\/www.nettali.com\/?s={search_term_string}"},"query-input":"required name=search_term_string"}],"inLanguage":"fr-FR"},{"@type":"ImageObject","@id":"https:\/\/www.nettali.com\/2021\/04\/08\/date-des-locales-ce-que-propose-le-frn\/#primaryimage","inLanguage":"fr-FR","url":"https:\/\/www.nettali.com\/wp-content\/uploads\/2020\/08\/FRN.jpg","contentUrl":"https:\/\/www.nettali.com\/wp-content\/uploads\/2020\/08\/FRN.jpg","width":800,"height":500},{"@type":"WebPage","@id":"https:\/\/www.nettali.com\/2021\/04\/08\/date-des-locales-ce-que-propose-le-frn\/#webpage","url":"https:\/\/www.nettali.com\/2021\/04\/08\/date-des-locales-ce-que-propose-le-frn\/","name":"DATE DES LOCALES - Ce que propose le Frn | Nettali.com","isPartOf":{"@id":"https:\/\/www.nettali.com\/#website"},"primaryImageOfPage":{"@id":"https:\/\/www.nettali.com\/2021\/04\/08\/date-des-locales-ce-que-propose-le-frn\/#primaryimage"},"datePublished":"2021-04-08T10:19:13+00:00","dateModified":"2021-04-08T10:19:13+00:00","author":{"@id":"https:\/\/www.nettali.com\/#\/schema\/person\/8a06c6bd7b19304cf4bf985862900b5b"},"breadcrumb":{"@id":"https:\/\/www.nettali.com\/2021\/04\/08\/date-des-locales-ce-que-propose-le-frn\/#breadcrumb"},"inLanguage":"fr-FR","potentialAction":[{"@type":"ReadAction","target":["https:\/\/www.nettali.com\/2021\/04\/08\/date-des-locales-ce-que-propose-le-frn\/"]}]},{"@type":"BreadcrumbList","@id":"https:\/\/www.nettali.com\/2021\/04\/08\/date-des-locales-ce-que-propose-le-frn\/#breadcrumb","itemListElement":[{"@type":"ListItem","position":1,"name":"Accueil","item":"https:\/\/www.nettali.com\/"},{"@type":"ListItem","position":2,"name":"DATE DES LOCALES &#8211; Ce que propose le Frn"}]},{"@type":"Person","@id":"https:\/\/www.nettali.com\/#\/schema\/person\/8a06c6bd7b19304cf4bf985862900b5b","name":"Thierno Diop","image":{"@type":"ImageObject","@id":"https:\/\/www.nettali.com\/#personlogo","inLanguage":"fr-FR","url":"https:\/\/secure.gravatar.com\/avatar\/c8ca58550c94fd2ac856d27391a6c866?s=96&d=mm&r=g","contentUrl":"https:\/\/secure.gravatar.com\/avatar\/c8ca58550c94fd2ac856d27391a6c866?s=96&d=mm&r=g","caption":"Thierno Diop"},"sameAs":["https:\/\/nettali.com"]}]}},"_links":{"self":[{"href":"https:\/\/www.nettali.com\/rest\/wp\/v2\/posts\/61489"}],"collection":[{"href":"https:\/\/www.nettali.com\/rest\/wp\/v2\/posts"}],"about":[{"href":"https:\/\/www.nettali.com\/rest\/wp\/v2\/types\/post"}],"author":[{"embeddable":true,"href":"https:\/\/www.nettali.com\/rest\/wp\/v2\/users\/11"}],"replies":[{"embeddable":true,"href":"https:\/\/www.nettali.com\/rest\/wp\/v2\/comments?post=61489"}],"version-history":[{"count":1,"href":"https:\/\/www.nettali.com\/rest\/wp\/v2\/posts\/61489\/revisions"}],"predecessor-version":[{"id":61490,"href":"https:\/\/www.nettali.com\/rest\/wp\/v2\/posts\/61489\/revisions\/61490"}],"wp:featuredmedia":[{"embeddable":true,"href":"https:\/\/www.nettali.com\/rest\/wp\/v2\/media\/44864"}],"wp:attachment":[{"href":"https:\/\/www.nettali.com\/rest\/wp\/v2\/media?parent=61489"}],"wp:term":[{"taxonomy":"category","embeddable":true,"href":"https:\/\/www.nettali.com\/rest\/wp\/v2\/categories?post=61489"},{"taxonomy":"post_tag","embeddable":true,"href":"https:\/\/www.nettali.com\/rest\/wp\/v2\/tags?post=61489"}],"curies":[{"name":"wp","href":"https:\/\/api.w.org\/{rel}","templated":true}]}}