{"id":61457,"date":"2021-04-08T01:53:57","date_gmt":"2021-04-08T01:53:57","guid":{"rendered":"https:\/\/www.nettali.com\/?p=61457"},"modified":"2021-04-08T13:06:04","modified_gmt":"2021-04-08T13:06:04","slug":"macky-sall-la-strategie-de-la-reconquete","status":"publish","type":"post","link":"https:\/\/www.nettali.com\/2021\/04\/08\/macky-sall-la-strategie-de-la-reconquete\/","title":{"rendered":"MACKY SALL  - La strat\u00e9gie de la reconqu\u00eate"},"content":{"rendered":"<p><strong>NETTALI.COM<\/strong> - <strong>Macky Sall veut reconqu\u00e9rir le c\u0153ur de ses jeunes compatriotes avant les prochaines \u00e9ch\u00e9ances \u00e9lectorales. Et pour ce faire, le chef de l'Apr compte sur une communication plus agressive de son camp en plus des nombreuses promesses sur l'emploi des jeunes.\u00a0<\/strong><\/p>\n<p>Deux discours \u00e0 la nation en moins d'un mois. C'est ce que le pr\u00e9sident de la R\u00e9publique a \u00e9t\u00e9 oblig\u00e9 de faire ces derni\u00e8res semaines. Le 8 mars dernier, Macky Sall s'est adress\u00e9 \u00e0 ses compatriotes pour calmer la rue face aux violentes manifestations qui ont suivi l'interpellation de l'opposant Ousmane Sonko. Arr\u00eat\u00e9 dans une sombre affaire de m\u0153urs, ce dernier avait \u00e9t\u00e9 gard\u00e9 \u00e0 vue plusieurs jours avant d'\u00eatre Inculp\u00e9 et plac\u00e9 sous contr\u00f4le judiciaire quelques heures avant l'adresse \u00e0 la nation du chef de l'Etat. Moins d'un mois apr\u00e8s, le pr\u00e9sident de la R\u00e9publique a encore repris solennellement la parole. C'\u00e9tait le 3 avril dernier, c'est-\u00e0-dire \u00e0 la veille de la f\u00eate de l\u2019ind\u00e9pendance du S\u00e9n\u00e9gal. Et les deux messages ont ceci de commun : Macky Sall s'est exclusivement adress\u00e9 \u00e0 la jeunesse. Enfin presque. En effet, s'il a eu quelques mots pour l'arm\u00e9e le 3 avril, l'essentiel de son discours \u00e9tait destin\u00e9 aux jeunes \u00e0 qui il tente de faire la cour depuis les violences de d\u00e9but mars.<\/p>\n<p>A la jeunesse s\u00e9n\u00e9galaise, le chef de l\u2019Etat a d'abord promis une enveloppe de 350 milliards de francs qui sera, par la suite, port\u00e9e \u00e0 450 milliards pour la cr\u00e9ation d'emplois. \"<em>65 000 emplois d\u00e8s le mois de mai<\/em>\", a promis celui qui dit avoir compris <em>\"sa\"<\/em> jeunesse.\u00a0 Sauf que derri\u00e8re le \"<em>je vous ai compris<\/em>\" de Macky Sall se cache toute une strat\u00e9gie de reconqu\u00eate du c\u0153ur des S\u00e9n\u00e9galais \u00e9lecteurs. Ce qui, selon certains proches du chef de l'Etat, passe un changement dans la strat\u00e9gie de communication du pouvoir.<\/p>\n<p>Selon diverses sources, le pr\u00e9sident de la R\u00e9publique a express\u00e9ment demand\u00e9 \u00e0 ses collaborateurs d'\u00eatre plus pr\u00e9sents sur les plateaux de t\u00e9l\u00e9vision. \"<em>Il ne faut plus laisser n'importe qui aller dire n'importe quoi<\/em>\", leur aurait-il demand\u00e9. La preuve : c'est de fortes personnalit\u00e9s qui ont \u00e9t\u00e9 envoy\u00e9es sur les plateaux de t\u00e9l\u00e9 apr\u00e8s le discours du 3 avril dernier. Et c'est le ministre Seydou Gueye qui est sur le pont. A ce dernier, il a notamment \u00e9t\u00e9 demand\u00e9 de veiller \u00e0 \u00e9tablir de meilleures relations de partenariat avec les organes de presse de la place. Mieux, \u00e0 c\u00f4t\u00e9 de la \"Task-force r\u00e9publicaine\" dirig\u00e9e par Birame Faye, mais en r\u00e9alit\u00e9 coach\u00e9e par Mahmout Saleh, se d\u00e9veloppe un autre cadre de \"d\u00e9batteurs\". Il s'agit du \"pool com\" de la Coordination des cadres r\u00e9publicains (Ccr). Les membres de ce pool ont d\u00e9j\u00e0 re\u00e7u une formation afin de mieux d\u00e9fendre le bilan de Macky Sall, notamment ses investissements pour trouver des solutions durables au ch\u00f4mage des jeunes. Sans compter le \"Grand groupe r\u00e9publicain\" qui s'agite \u00e9galement de son c\u00f4t\u00e9.<\/p>\n<p>Toutefois, le pouvoir se sait aussi tr\u00e8s retard sur les r\u00e9seaux sociaux o\u00f9 le Pastef r\u00e8gne en ma\u00eetre. C'est donc pour rattraper ce retard que des dizaines de faux comptes sont cr\u00e9\u00e9s. Certains pr\u00e9tendant r\u00e9clamer justice pour la dame Adji Sarr qui accuse Ousmane Sonko de viols.<\/p>\n<p>La grande question est alors de savoir pourquoi toute cette strat\u00e9gie. \"<em>Le pr\u00e9sident a besoin de reconqu\u00e9rir sa jeunesse<\/em>\", r\u00e9pond un responsable du parti au pouvoir. Mais \u00e0 quelles fins ? Peut-\u00eatre dans la perspective d'une \u00e9ventuelle troisi\u00e8me candidature en 2024.<\/p>\n<div class='share-to-whatsapp-wrapper'><div class='share-on-whsp'>PARTAGER SUR : <\/div><a data-text='MACKY SALL  - La strat\u00e9gie de la reconqu\u00eate' data-link='https:\/\/www.nettali.com\/2021\/04\/08\/macky-sall-la-strategie-de-la-reconquete\/' class='whatsapp-button whatsapp-share'>WhatsApp<\/a><div class='clear '><\/div><\/div>","protected":false},"excerpt":{"rendered":"<p>NETTALI.COM - Macky Sall veut reconqu\u00e9rir le c\u0153ur de ses jeunes compatriotes avant les prochaines \u00e9ch\u00e9ances \u00e9lectorales. Et pour ce faire, le chef de l'Apr compte sur une communication plus agressive de son camp en plus des nombreuses promesses sur l'emploi des jeunes.\u00a0 Deux discours \u00e0 la nation en moins d'un mois. C'est ce que [&hellip;]<\/p>\n","protected":false},"author":3,"featured_media":61292,"comment_status":"open","ping_status":"open","sticky":false,"template":"","format":"standard","meta":{"_et_pb_use_builder":"","_et_pb_old_content":""},"categories":[3878,2],"tags":[],"yoast_head":"<!-- This site is optimized with the Yoast SEO Premium plugin v17.8 (Yoast SEO v17.8) - https:\/\/yoast.com\/wordpress\/plugins\/seo\/ -->\n<title>MACKY SALL - La strat\u00e9gie de la reconqu\u00eate | Nettali.com<\/title>\n<meta name=\"robots\" content=\"index, follow, max-snippet:-1, max-image-preview:large, max-video-preview:-1\" \/>\n<link rel=\"canonical\" href=\"https:\/\/www.nettali.com\/2021\/04\/08\/macky-sall-la-strategie-de-la-reconquete\/\" \/>\n<meta property=\"og:locale\" content=\"fr_FR\" \/>\n<meta property=\"og:type\" content=\"article\" \/>\n<meta property=\"og:title\" content=\"MACKY SALL - La strat\u00e9gie de la reconqu\u00eate\" \/>\n<meta property=\"og:description\" content=\"NETTALI.COM - Macky Sall veut reconqu\u00e9rir le c\u0153ur de ses jeunes compatriotes avant les prochaines \u00e9ch\u00e9ances \u00e9lectorales. Et pour ce faire, le chef de l&#039;Apr compte sur une communication plus agressive de son camp en plus des nombreuses promesses sur l&#039;emploi des jeunes.\u00a0 Deux discours \u00e0 la nation en moins d&#039;un mois. C&#039;est ce que [&hellip;]\" \/>\n<meta property=\"og:url\" content=\"https:\/\/www.nettali.com\/2021\/04\/08\/macky-sall-la-strategie-de-la-reconquete\/\" \/>\n<meta property=\"og:site_name\" content=\"Nettali.com\" \/>\n<meta property=\"article:publisher\" content=\"https:\/\/www.facebook.com\/nettalicom\" \/>\n<meta property=\"article:published_time\" content=\"2021-04-08T01:53:57+00:00\" \/>\n<meta property=\"article:modified_time\" content=\"2021-04-08T13:06:04+00:00\" \/>\n<meta property=\"og:image\" content=\"https:\/\/www.nettali.com\/wp-content\/uploads\/2021\/04\/img_4558.jpg\" \/>\n\t<meta property=\"og:image:width\" content=\"1280\" \/>\n\t<meta property=\"og:image:height\" content=\"809\" \/>\n<meta name=\"twitter:card\" content=\"summary_large_image\" \/>\n<meta name=\"twitter:label1\" content=\"\u00c9crit par\" \/>\n\t<meta name=\"twitter:data1\" content=\"Moustapha\" \/>\n\t<meta name=\"twitter:label2\" content=\"Dur\u00e9e de lecture estim\u00e9e\" \/>\n\t<meta name=\"twitter:data2\" content=\"3 minutes\" \/>\n<script type=\"application\/ld+json\" class=\"yoast-schema-graph\">{\"@context\":\"https:\/\/schema.org\",\"@graph\":[{\"@type\":\"WebSite\",\"@id\":\"https:\/\/www.nettali.com\/#website\",\"url\":\"https:\/\/www.nettali.com\/\",\"name\":\"Nettali.com\",\"description\":\"Le rendez-vous critique du Net\",\"potentialAction\":[{\"@type\":\"SearchAction\",\"target\":{\"@type\":\"EntryPoint\",\"urlTemplate\":\"https:\/\/www.nettali.com\/?s={search_term_string}\"},\"query-input\":\"required name=search_term_string\"}],\"inLanguage\":\"fr-FR\"},{\"@type\":\"ImageObject\",\"@id\":\"https:\/\/www.nettali.com\/2021\/04\/08\/macky-sall-la-strategie-de-la-reconquete\/#primaryimage\",\"inLanguage\":\"fr-FR\",\"url\":\"https:\/\/www.nettali.com\/wp-content\/uploads\/2021\/04\/img_4558.jpg\",\"contentUrl\":\"https:\/\/www.nettali.com\/wp-content\/uploads\/2021\/04\/img_4558.jpg\",\"width\":1280,\"height\":809},{\"@type\":\"WebPage\",\"@id\":\"https:\/\/www.nettali.com\/2021\/04\/08\/macky-sall-la-strategie-de-la-reconquete\/#webpage\",\"url\":\"https:\/\/www.nettali.com\/2021\/04\/08\/macky-sall-la-strategie-de-la-reconquete\/\",\"name\":\"MACKY SALL - La strat\\u00e9gie de la reconqu\\u00eate | Nettali.com\",\"isPartOf\":{\"@id\":\"https:\/\/www.nettali.com\/#website\"},\"primaryImageOfPage\":{\"@id\":\"https:\/\/www.nettali.com\/2021\/04\/08\/macky-sall-la-strategie-de-la-reconquete\/#primaryimage\"},\"datePublished\":\"2021-04-08T01:53:57+00:00\",\"dateModified\":\"2021-04-08T13:06:04+00:00\",\"author\":{\"@id\":\"https:\/\/www.nettali.com\/#\/schema\/person\/7962a12a6e0267f88f0ffa544c36469a\"},\"breadcrumb\":{\"@id\":\"https:\/\/www.nettali.com\/2021\/04\/08\/macky-sall-la-strategie-de-la-reconquete\/#breadcrumb\"},\"inLanguage\":\"fr-FR\",\"potentialAction\":[{\"@type\":\"ReadAction\",\"target\":[\"https:\/\/www.nettali.com\/2021\/04\/08\/macky-sall-la-strategie-de-la-reconquete\/\"]}]},{\"@type\":\"BreadcrumbList\",\"@id\":\"https:\/\/www.nettali.com\/2021\/04\/08\/macky-sall-la-strategie-de-la-reconquete\/#breadcrumb\",\"itemListElement\":[{\"@type\":\"ListItem\",\"position\":1,\"name\":\"Accueil\",\"item\":\"https:\/\/www.nettali.com\/\"},{\"@type\":\"ListItem\",\"position\":2,\"name\":\"MACKY SALL &#8211; La strat\\u00e9gie de la reconqu\\u00eate\"}]},{\"@type\":\"Person\",\"@id\":\"https:\/\/www.nettali.com\/#\/schema\/person\/7962a12a6e0267f88f0ffa544c36469a\",\"name\":\"Moustapha\",\"image\":{\"@type\":\"ImageObject\",\"@id\":\"https:\/\/www.nettali.com\/#personlogo\",\"inLanguage\":\"fr-FR\",\"url\":\"https:\/\/secure.gravatar.com\/avatar\/10fdf6a071cccdcf374e3dbe45159590?s=96&d=mm&r=g\",\"contentUrl\":\"https:\/\/secure.gravatar.com\/avatar\/10fdf6a071cccdcf374e3dbe45159590?s=96&d=mm&r=g\",\"caption\":\"Moustapha\"},\"sameAs\":[\"https:\/\/www.nettali.com\"]}]}<\/script>\n<!-- \/ Yoast SEO Premium plugin. -->","yoast_head_json":{"title":"MACKY SALL - La strat\u00e9gie de la reconqu\u00eate | Nettali.com","robots":{"index":"index","follow":"follow","max-snippet":"max-snippet:-1","max-image-preview":"max-image-preview:large","max-video-preview":"max-video-preview:-1"},"canonical":"https:\/\/www.nettali.com\/2021\/04\/08\/macky-sall-la-strategie-de-la-reconquete\/","og_locale":"fr_FR","og_type":"article","og_title":"MACKY SALL - La strat\u00e9gie de la reconqu\u00eate","og_description":"NETTALI.COM - Macky Sall veut reconqu\u00e9rir le c\u0153ur de ses jeunes compatriotes avant les prochaines \u00e9ch\u00e9ances \u00e9lectorales. Et pour ce faire, le chef de l'Apr compte sur une communication plus agressive de son camp en plus des nombreuses promesses sur l'emploi des jeunes.\u00a0 Deux discours \u00e0 la nation en moins d'un mois. C'est ce que [&hellip;]","og_url":"https:\/\/www.nettali.com\/2021\/04\/08\/macky-sall-la-strategie-de-la-reconquete\/","og_site_name":"Nettali.com","article_publisher":"https:\/\/www.facebook.com\/nettalicom","article_published_time":"2021-04-08T01:53:57+00:00","article_modified_time":"2021-04-08T13:06:04+00:00","og_image":[{"width":1280,"height":809,"url":"https:\/\/www.nettali.com\/wp-content\/uploads\/2021\/04\/img_4558.jpg","type":"image\/jpeg"}],"twitter_card":"summary_large_image","twitter_misc":{"\u00c9crit par":"Moustapha","Dur\u00e9e de lecture estim\u00e9e":"3 minutes"},"schema":{"@context":"https:\/\/schema.org","@graph":[{"@type":"WebSite","@id":"https:\/\/www.nettali.com\/#website","url":"https:\/\/www.nettali.com\/","name":"Nettali.com","description":"Le rendez-vous critique du Net","potentialAction":[{"@type":"SearchAction","target":{"@type":"EntryPoint","urlTemplate":"https:\/\/www.nettali.com\/?s={search_term_string}"},"query-input":"required name=search_term_string"}],"inLanguage":"fr-FR"},{"@type":"ImageObject","@id":"https:\/\/www.nettali.com\/2021\/04\/08\/macky-sall-la-strategie-de-la-reconquete\/#primaryimage","inLanguage":"fr-FR","url":"https:\/\/www.nettali.com\/wp-content\/uploads\/2021\/04\/img_4558.jpg","contentUrl":"https:\/\/www.nettali.com\/wp-content\/uploads\/2021\/04\/img_4558.jpg","width":1280,"height":809},{"@type":"WebPage","@id":"https:\/\/www.nettali.com\/2021\/04\/08\/macky-sall-la-strategie-de-la-reconquete\/#webpage","url":"https:\/\/www.nettali.com\/2021\/04\/08\/macky-sall-la-strategie-de-la-reconquete\/","name":"MACKY SALL - La strat\u00e9gie de la reconqu\u00eate | Nettali.com","isPartOf":{"@id":"https:\/\/www.nettali.com\/#website"},"primaryImageOfPage":{"@id":"https:\/\/www.nettali.com\/2021\/04\/08\/macky-sall-la-strategie-de-la-reconquete\/#primaryimage"},"datePublished":"2021-04-08T01:53:57+00:00","dateModified":"2021-04-08T13:06:04+00:00","author":{"@id":"https:\/\/www.nettali.com\/#\/schema\/person\/7962a12a6e0267f88f0ffa544c36469a"},"breadcrumb":{"@id":"https:\/\/www.nettali.com\/2021\/04\/08\/macky-sall-la-strategie-de-la-reconquete\/#breadcrumb"},"inLanguage":"fr-FR","potentialAction":[{"@type":"ReadAction","target":["https:\/\/www.nettali.com\/2021\/04\/08\/macky-sall-la-strategie-de-la-reconquete\/"]}]},{"@type":"BreadcrumbList","@id":"https:\/\/www.nettali.com\/2021\/04\/08\/macky-sall-la-strategie-de-la-reconquete\/#breadcrumb","itemListElement":[{"@type":"ListItem","position":1,"name":"Accueil","item":"https:\/\/www.nettali.com\/"},{"@type":"ListItem","position":2,"name":"MACKY SALL &#8211; La strat\u00e9gie de la reconqu\u00eate"}]},{"@type":"Person","@id":"https:\/\/www.nettali.com\/#\/schema\/person\/7962a12a6e0267f88f0ffa544c36469a","name":"Moustapha","image":{"@type":"ImageObject","@id":"https:\/\/www.nettali.com\/#personlogo","inLanguage":"fr-FR","url":"https:\/\/secure.gravatar.com\/avatar\/10fdf6a071cccdcf374e3dbe45159590?s=96&d=mm&r=g","contentUrl":"https:\/\/secure.gravatar.com\/avatar\/10fdf6a071cccdcf374e3dbe45159590?s=96&d=mm&r=g","caption":"Moustapha"},"sameAs":["https:\/\/www.nettali.com"]}]}},"_links":{"self":[{"href":"https:\/\/www.nettali.com\/rest\/wp\/v2\/posts\/61457"}],"collection":[{"href":"https:\/\/www.nettali.com\/rest\/wp\/v2\/posts"}],"about":[{"href":"https:\/\/www.nettali.com\/rest\/wp\/v2\/types\/post"}],"author":[{"embeddable":true,"href":"https:\/\/www.nettali.com\/rest\/wp\/v2\/users\/3"}],"replies":[{"embeddable":true,"href":"https:\/\/www.nettali.com\/rest\/wp\/v2\/comments?post=61457"}],"version-history":[{"count":3,"href":"https:\/\/www.nettali.com\/rest\/wp\/v2\/posts\/61457\/revisions"}],"predecessor-version":[{"id":61481,"href":"https:\/\/www.nettali.com\/rest\/wp\/v2\/posts\/61457\/revisions\/61481"}],"wp:featuredmedia":[{"embeddable":true,"href":"https:\/\/www.nettali.com\/rest\/wp\/v2\/media\/61292"}],"wp:attachment":[{"href":"https:\/\/www.nettali.com\/rest\/wp\/v2\/media?parent=61457"}],"wp:term":[{"taxonomy":"category","embeddable":true,"href":"https:\/\/www.nettali.com\/rest\/wp\/v2\/categories?post=61457"},{"taxonomy":"post_tag","embeddable":true,"href":"https:\/\/www.nettali.com\/rest\/wp\/v2\/tags?post=61457"}],"curies":[{"name":"wp","href":"https:\/\/api.w.org\/{rel}","templated":true}]}}