{"id":61436,"date":"2021-04-07T20:50:51","date_gmt":"2021-04-07T20:50:51","guid":{"rendered":"https:\/\/www.nettali.com\/?p=61436"},"modified":"2021-04-07T20:50:51","modified_gmt":"2021-04-07T20:50:51","slug":"real-un-candidat-ne-garderait-pas-zidane","status":"publish","type":"post","link":"https:\/\/www.nettali.com\/2021\/04\/07\/real-un-candidat-ne-garderait-pas-zidane\/","title":{"rendered":"REAL - Un candidat ne garderait pas Zidane"},"content":{"rendered":"<p><strong>NETTALI.COM - En fin de contrat en juin 2022, Zinedine Zidane ne fait pas l'unanimit\u00e9 aupr\u00e8s des supporters du Real Madrid. Parmi ceux-ci, Enrique Riquelme, candidat \u00e0 la pr\u00e9sidentielle anticip\u00e9e au mois de juin, qui ne garderait pas l'entra\u00eeneur fran\u00e7ais en cas d'\u00e9lection. <\/strong><\/p>\n<p>\u201c<em>Zidane ne serait pas mon entra\u00eeneur. La direction sportive pense \u00e0 un autre profil avec une autre strat\u00e9gie, a soutenu l'homme d'affaires pour El Partidazo de COPE. Personnellement, j\u2019aime beaucoup J\u00fcrgen Klopp. Et Ra\u00fal s\u2019en sort tr\u00e8s bien. Je n'ai pas du tout contact\u00e9 l'un ou l'autre. Ra\u00fal fait du tr\u00e8s bon travail et il serait valoris\u00e9.<\/em>\u201d<\/p>\n<div class='share-to-whatsapp-wrapper'><div class='share-on-whsp'>PARTAGER SUR : <\/div><a data-text='REAL - Un candidat ne garderait pas Zidane' data-link='https:\/\/www.nettali.com\/2021\/04\/07\/real-un-candidat-ne-garderait-pas-zidane\/' class='whatsapp-button whatsapp-share'>WhatsApp<\/a><div class='clear '><\/div><\/div>","protected":false},"excerpt":{"rendered":"<p>NETTALI.COM - En fin de contrat en juin 2022, Zinedine Zidane ne fait pas l'unanimit\u00e9 aupr\u00e8s des supporters du Real Madrid. Parmi ceux-ci, Enrique Riquelme, candidat \u00e0 la pr\u00e9sidentielle anticip\u00e9e au mois de juin, qui ne garderait pas l'entra\u00eeneur fran\u00e7ais en cas d'\u00e9lection. \u201cZidane ne serait pas mon entra\u00eeneur. La direction sportive pense \u00e0 un [&hellip;]<\/p>\n","protected":false},"author":2,"featured_media":60405,"comment_status":"open","ping_status":"open","sticky":false,"template":"","format":"standard","meta":{"_et_pb_use_builder":"","_et_pb_old_content":""},"categories":[6],"tags":[],"yoast_head":"<!-- This site is optimized with the Yoast SEO Premium plugin v17.8 (Yoast SEO v17.8) - https:\/\/yoast.com\/wordpress\/plugins\/seo\/ -->\n<title>REAL - Un candidat ne garderait pas Zidane | Nettali.com<\/title>\n<meta name=\"robots\" content=\"index, follow, max-snippet:-1, max-image-preview:large, max-video-preview:-1\" \/>\n<link rel=\"canonical\" href=\"https:\/\/www.nettali.com\/2021\/04\/07\/real-un-candidat-ne-garderait-pas-zidane\/\" \/>\n<meta property=\"og:locale\" content=\"fr_FR\" \/>\n<meta property=\"og:type\" content=\"article\" \/>\n<meta property=\"og:title\" content=\"REAL - Un candidat ne garderait pas Zidane\" \/>\n<meta property=\"og:description\" content=\"NETTALI.COM - En fin de contrat en juin 2022, Zinedine Zidane ne fait pas l&#039;unanimit\u00e9 aupr\u00e8s des supporters du Real Madrid. Parmi ceux-ci, Enrique Riquelme, candidat \u00e0 la pr\u00e9sidentielle anticip\u00e9e au mois de juin, qui ne garderait pas l&#039;entra\u00eeneur fran\u00e7ais en cas d&#039;\u00e9lection. \u201cZidane ne serait pas mon entra\u00eeneur. La direction sportive pense \u00e0 un [&hellip;]\" \/>\n<meta property=\"og:url\" content=\"https:\/\/www.nettali.com\/2021\/04\/07\/real-un-candidat-ne-garderait-pas-zidane\/\" \/>\n<meta property=\"og:site_name\" content=\"Nettali.com\" \/>\n<meta property=\"article:publisher\" content=\"https:\/\/www.facebook.com\/nettalicom\" \/>\n<meta property=\"article:published_time\" content=\"2021-04-07T20:50:51+00:00\" \/>\n<meta property=\"og:image\" content=\"https:\/\/www.nettali.com\/wp-content\/uploads\/2021\/03\/Benzema-a-Zidane-Peut-etre-a-bientot.jpg\" \/>\n\t<meta property=\"og:image:width\" content=\"622\" \/>\n\t<meta property=\"og:image:height\" content=\"311\" \/>\n<meta name=\"twitter:card\" content=\"summary_large_image\" \/>\n<meta name=\"twitter:label1\" content=\"\u00c9crit par\" \/>\n\t<meta name=\"twitter:data1\" content=\"CK\" \/>\n\t<meta name=\"twitter:label2\" content=\"Dur\u00e9e de lecture estim\u00e9e\" \/>\n\t<meta name=\"twitter:data2\" content=\"1 minute\" \/>\n<script type=\"application\/ld+json\" class=\"yoast-schema-graph\">{\"@context\":\"https:\/\/schema.org\",\"@graph\":[{\"@type\":\"WebSite\",\"@id\":\"https:\/\/www.nettali.com\/#website\",\"url\":\"https:\/\/www.nettali.com\/\",\"name\":\"Nettali.com\",\"description\":\"Le rendez-vous critique du Net\",\"potentialAction\":[{\"@type\":\"SearchAction\",\"target\":{\"@type\":\"EntryPoint\",\"urlTemplate\":\"https:\/\/www.nettali.com\/?s={search_term_string}\"},\"query-input\":\"required name=search_term_string\"}],\"inLanguage\":\"fr-FR\"},{\"@type\":\"ImageObject\",\"@id\":\"https:\/\/www.nettali.com\/2021\/04\/07\/real-un-candidat-ne-garderait-pas-zidane\/#primaryimage\",\"inLanguage\":\"fr-FR\",\"url\":\"https:\/\/www.nettali.com\/wp-content\/uploads\/2021\/03\/Benzema-a-Zidane-Peut-etre-a-bientot.jpg\",\"contentUrl\":\"https:\/\/www.nettali.com\/wp-content\/uploads\/2021\/03\/Benzema-a-Zidane-Peut-etre-a-bientot.jpg\",\"width\":622,\"height\":311},{\"@type\":\"WebPage\",\"@id\":\"https:\/\/www.nettali.com\/2021\/04\/07\/real-un-candidat-ne-garderait-pas-zidane\/#webpage\",\"url\":\"https:\/\/www.nettali.com\/2021\/04\/07\/real-un-candidat-ne-garderait-pas-zidane\/\",\"name\":\"REAL - Un candidat ne garderait pas Zidane | Nettali.com\",\"isPartOf\":{\"@id\":\"https:\/\/www.nettali.com\/#website\"},\"primaryImageOfPage\":{\"@id\":\"https:\/\/www.nettali.com\/2021\/04\/07\/real-un-candidat-ne-garderait-pas-zidane\/#primaryimage\"},\"datePublished\":\"2021-04-07T20:50:51+00:00\",\"dateModified\":\"2021-04-07T20:50:51+00:00\",\"author\":{\"@id\":\"https:\/\/www.nettali.com\/#\/schema\/person\/d8ac7b7e27ddad43f1c0d2ef090d7f71\"},\"breadcrumb\":{\"@id\":\"https:\/\/www.nettali.com\/2021\/04\/07\/real-un-candidat-ne-garderait-pas-zidane\/#breadcrumb\"},\"inLanguage\":\"fr-FR\",\"potentialAction\":[{\"@type\":\"ReadAction\",\"target\":[\"https:\/\/www.nettali.com\/2021\/04\/07\/real-un-candidat-ne-garderait-pas-zidane\/\"]}]},{\"@type\":\"BreadcrumbList\",\"@id\":\"https:\/\/www.nettali.com\/2021\/04\/07\/real-un-candidat-ne-garderait-pas-zidane\/#breadcrumb\",\"itemListElement\":[{\"@type\":\"ListItem\",\"position\":1,\"name\":\"Accueil\",\"item\":\"https:\/\/www.nettali.com\/\"},{\"@type\":\"ListItem\",\"position\":2,\"name\":\"REAL &#8211; Un candidat ne garderait pas Zidane\"}]},{\"@type\":\"Person\",\"@id\":\"https:\/\/www.nettali.com\/#\/schema\/person\/d8ac7b7e27ddad43f1c0d2ef090d7f71\",\"name\":\"CK\",\"image\":{\"@type\":\"ImageObject\",\"@id\":\"https:\/\/www.nettali.com\/#personlogo\",\"inLanguage\":\"fr-FR\",\"url\":\"https:\/\/secure.gravatar.com\/avatar\/1d8d5118b9327d94da7cd4ce7f17fec2?s=96&d=mm&r=g\",\"contentUrl\":\"https:\/\/secure.gravatar.com\/avatar\/1d8d5118b9327d94da7cd4ce7f17fec2?s=96&d=mm&r=g\",\"caption\":\"CK\"},\"sameAs\":[\"https:\/\/www.nettali.com\"]}]}<\/script>\n<!-- \/ Yoast SEO Premium plugin. -->","yoast_head_json":{"title":"REAL - Un candidat ne garderait pas Zidane | Nettali.com","robots":{"index":"index","follow":"follow","max-snippet":"max-snippet:-1","max-image-preview":"max-image-preview:large","max-video-preview":"max-video-preview:-1"},"canonical":"https:\/\/www.nettali.com\/2021\/04\/07\/real-un-candidat-ne-garderait-pas-zidane\/","og_locale":"fr_FR","og_type":"article","og_title":"REAL - Un candidat ne garderait pas Zidane","og_description":"NETTALI.COM - En fin de contrat en juin 2022, Zinedine Zidane ne fait pas l'unanimit\u00e9 aupr\u00e8s des supporters du Real Madrid. Parmi ceux-ci, Enrique Riquelme, candidat \u00e0 la pr\u00e9sidentielle anticip\u00e9e au mois de juin, qui ne garderait pas l'entra\u00eeneur fran\u00e7ais en cas d'\u00e9lection. \u201cZidane ne serait pas mon entra\u00eeneur. La direction sportive pense \u00e0 un [&hellip;]","og_url":"https:\/\/www.nettali.com\/2021\/04\/07\/real-un-candidat-ne-garderait-pas-zidane\/","og_site_name":"Nettali.com","article_publisher":"https:\/\/www.facebook.com\/nettalicom","article_published_time":"2021-04-07T20:50:51+00:00","og_image":[{"width":622,"height":311,"url":"https:\/\/www.nettali.com\/wp-content\/uploads\/2021\/03\/Benzema-a-Zidane-Peut-etre-a-bientot.jpg","type":"image\/jpeg"}],"twitter_card":"summary_large_image","twitter_misc":{"\u00c9crit par":"CK","Dur\u00e9e de lecture estim\u00e9e":"1 minute"},"schema":{"@context":"https:\/\/schema.org","@graph":[{"@type":"WebSite","@id":"https:\/\/www.nettali.com\/#website","url":"https:\/\/www.nettali.com\/","name":"Nettali.com","description":"Le rendez-vous critique du Net","potentialAction":[{"@type":"SearchAction","target":{"@type":"EntryPoint","urlTemplate":"https:\/\/www.nettali.com\/?s={search_term_string}"},"query-input":"required name=search_term_string"}],"inLanguage":"fr-FR"},{"@type":"ImageObject","@id":"https:\/\/www.nettali.com\/2021\/04\/07\/real-un-candidat-ne-garderait-pas-zidane\/#primaryimage","inLanguage":"fr-FR","url":"https:\/\/www.nettali.com\/wp-content\/uploads\/2021\/03\/Benzema-a-Zidane-Peut-etre-a-bientot.jpg","contentUrl":"https:\/\/www.nettali.com\/wp-content\/uploads\/2021\/03\/Benzema-a-Zidane-Peut-etre-a-bientot.jpg","width":622,"height":311},{"@type":"WebPage","@id":"https:\/\/www.nettali.com\/2021\/04\/07\/real-un-candidat-ne-garderait-pas-zidane\/#webpage","url":"https:\/\/www.nettali.com\/2021\/04\/07\/real-un-candidat-ne-garderait-pas-zidane\/","name":"REAL - Un candidat ne garderait pas Zidane | Nettali.com","isPartOf":{"@id":"https:\/\/www.nettali.com\/#website"},"primaryImageOfPage":{"@id":"https:\/\/www.nettali.com\/2021\/04\/07\/real-un-candidat-ne-garderait-pas-zidane\/#primaryimage"},"datePublished":"2021-04-07T20:50:51+00:00","dateModified":"2021-04-07T20:50:51+00:00","author":{"@id":"https:\/\/www.nettali.com\/#\/schema\/person\/d8ac7b7e27ddad43f1c0d2ef090d7f71"},"breadcrumb":{"@id":"https:\/\/www.nettali.com\/2021\/04\/07\/real-un-candidat-ne-garderait-pas-zidane\/#breadcrumb"},"inLanguage":"fr-FR","potentialAction":[{"@type":"ReadAction","target":["https:\/\/www.nettali.com\/2021\/04\/07\/real-un-candidat-ne-garderait-pas-zidane\/"]}]},{"@type":"BreadcrumbList","@id":"https:\/\/www.nettali.com\/2021\/04\/07\/real-un-candidat-ne-garderait-pas-zidane\/#breadcrumb","itemListElement":[{"@type":"ListItem","position":1,"name":"Accueil","item":"https:\/\/www.nettali.com\/"},{"@type":"ListItem","position":2,"name":"REAL &#8211; Un candidat ne garderait pas Zidane"}]},{"@type":"Person","@id":"https:\/\/www.nettali.com\/#\/schema\/person\/d8ac7b7e27ddad43f1c0d2ef090d7f71","name":"CK","image":{"@type":"ImageObject","@id":"https:\/\/www.nettali.com\/#personlogo","inLanguage":"fr-FR","url":"https:\/\/secure.gravatar.com\/avatar\/1d8d5118b9327d94da7cd4ce7f17fec2?s=96&d=mm&r=g","contentUrl":"https:\/\/secure.gravatar.com\/avatar\/1d8d5118b9327d94da7cd4ce7f17fec2?s=96&d=mm&r=g","caption":"CK"},"sameAs":["https:\/\/www.nettali.com"]}]}},"_links":{"self":[{"href":"https:\/\/www.nettali.com\/rest\/wp\/v2\/posts\/61436"}],"collection":[{"href":"https:\/\/www.nettali.com\/rest\/wp\/v2\/posts"}],"about":[{"href":"https:\/\/www.nettali.com\/rest\/wp\/v2\/types\/post"}],"author":[{"embeddable":true,"href":"https:\/\/www.nettali.com\/rest\/wp\/v2\/users\/2"}],"replies":[{"embeddable":true,"href":"https:\/\/www.nettali.com\/rest\/wp\/v2\/comments?post=61436"}],"version-history":[{"count":1,"href":"https:\/\/www.nettali.com\/rest\/wp\/v2\/posts\/61436\/revisions"}],"predecessor-version":[{"id":61437,"href":"https:\/\/www.nettali.com\/rest\/wp\/v2\/posts\/61436\/revisions\/61437"}],"wp:featuredmedia":[{"embeddable":true,"href":"https:\/\/www.nettali.com\/rest\/wp\/v2\/media\/60405"}],"wp:attachment":[{"href":"https:\/\/www.nettali.com\/rest\/wp\/v2\/media?parent=61436"}],"wp:term":[{"taxonomy":"category","embeddable":true,"href":"https:\/\/www.nettali.com\/rest\/wp\/v2\/categories?post=61436"},{"taxonomy":"post_tag","embeddable":true,"href":"https:\/\/www.nettali.com\/rest\/wp\/v2\/tags?post=61436"}],"curies":[{"name":"wp","href":"https:\/\/api.w.org\/{rel}","templated":true}]}}