{"id":61358,"date":"2021-04-06T15:17:52","date_gmt":"2021-04-06T15:17:52","guid":{"rendered":"https:\/\/www.nettali.com\/?p=61358"},"modified":"2021-04-06T15:17:52","modified_gmt":"2021-04-06T15:17:52","slug":"real-madrid-varane-forfait-contre-liverpool","status":"publish","type":"post","link":"https:\/\/www.nettali.com\/2021\/04\/06\/real-madrid-varane-forfait-contre-liverpool\/","title":{"rendered":"REAL MADRID - Varane forfait contre Liverpool"},"content":{"rendered":"<p><strong>NETTALI.COM - Enorme tuile pour Rapha\u00ebl Varane. Le d\u00e9fenseur fran\u00e7ais a \u00e9t\u00e9 test\u00e9 positif au coronavirus ce mardi matin 6 avril. Le d\u00e9fenseur central va donc suivre le protocole sanitaire en vigueur et va \u00eatre mis \u00e0 l'isolement. Le champion du monde va donc manquer le quart de finale aller face \u00e0 Liverpool ce soir, ainsi que le Clasico face au Bar\u00e7a samedi.<\/strong><\/p>\n<p>D\u00e9j\u00e0 priv\u00e9 de Sergio Ramos, le club merengue va \u00e9galement devoir faire sans Rapha\u00ebl Varane durant ces sept prochains jours. La faute au contr\u00f4le positif au coronavirus du champion du monde tricolore. L'annonce a \u00e9t\u00e9 faite par le Real Madrid dans un communiqu\u00e9.<\/p>\n<p>C\u2019est donc sans son habituelle charni\u00e8re centrale que les champions d\u2019Espagne affronteront\u00a0Liverpool, ce mardi, pour le match aller des quarts de finale de la Ligue des champions mais \u00e9galement le\u00a0FC Barcelone, samedi, pour un Clasico crucial dans la course au titre en Liga. L\u2019ancien Lensois a en effet \u00e9t\u00e9 plac\u00e9 \u00e0 l\u2019isolement et doit d\u00e9sormais se soumettre \u00e0 une p\u00e9riode de quarantaine d\u2019une semaine.<\/p>\n<p>Dani Carvajal \u00e9galement sur le flanc, ne sera pas lui aussi de la partie, suite \u00e0 une blessure \u00e0 la cuisse droite. Ferland Mendy est donc le seul habituel titulaire encore sur pied \u00e0 l\u2019heure de lancer une semaine cruciale pour les Merengue.<\/p>\n<p>En manque de solutions, Zinedine Zidane pourrait devoir bricoler avec une d\u00e9fense \u00e0 trois composer d\u2019Eder Militao, Nacho et Ferland Mendy, et Lucas Vazquez et Marcelo en charge des couloirs. C\u2019est en tout cas l\u2019option tactique retenue par le champion du monde 1998, samedi, \u00e0 Eibar. Une option payante puisque les Merengue l\u2019ont emport\u00e9 2-0 apr\u00e8s une solide prestation.<\/p>\n<div class='share-to-whatsapp-wrapper'><div class='share-on-whsp'>PARTAGER SUR : <\/div><a data-text='REAL MADRID - Varane forfait contre Liverpool' data-link='https:\/\/www.nettali.com\/2021\/04\/06\/real-madrid-varane-forfait-contre-liverpool\/' class='whatsapp-button whatsapp-share'>WhatsApp<\/a><div class='clear '><\/div><\/div>","protected":false},"excerpt":{"rendered":"<p>NETTALI.COM - Enorme tuile pour Rapha\u00ebl Varane. Le d\u00e9fenseur fran\u00e7ais a \u00e9t\u00e9 test\u00e9 positif au coronavirus ce mardi matin 6 avril. Le d\u00e9fenseur central va donc suivre le protocole sanitaire en vigueur et va \u00eatre mis \u00e0 l'isolement. Le champion du monde va donc manquer le quart de finale aller face \u00e0 Liverpool ce soir, [&hellip;]<\/p>\n","protected":false},"author":5,"featured_media":61359,"comment_status":"open","ping_status":"open","sticky":false,"template":"","format":"standard","meta":{"_et_pb_use_builder":"","_et_pb_old_content":""},"categories":[6],"tags":[],"yoast_head":"<!-- This site is optimized with the Yoast SEO Premium plugin v17.8 (Yoast SEO v17.8) - https:\/\/yoast.com\/wordpress\/plugins\/seo\/ -->\n<title>REAL MADRID - Varane forfait contre Liverpool | Nettali.com<\/title>\n<meta name=\"robots\" content=\"index, follow, max-snippet:-1, max-image-preview:large, max-video-preview:-1\" \/>\n<link rel=\"canonical\" href=\"https:\/\/www.nettali.com\/2021\/04\/06\/real-madrid-varane-forfait-contre-liverpool\/\" \/>\n<meta property=\"og:locale\" content=\"fr_FR\" \/>\n<meta property=\"og:type\" content=\"article\" \/>\n<meta property=\"og:title\" content=\"REAL MADRID - Varane forfait contre Liverpool\" \/>\n<meta property=\"og:description\" content=\"NETTALI.COM - Enorme tuile pour Rapha\u00ebl Varane. Le d\u00e9fenseur fran\u00e7ais a \u00e9t\u00e9 test\u00e9 positif au coronavirus ce mardi matin 6 avril. Le d\u00e9fenseur central va donc suivre le protocole sanitaire en vigueur et va \u00eatre mis \u00e0 l&#039;isolement. Le champion du monde va donc manquer le quart de finale aller face \u00e0 Liverpool ce soir, [&hellip;]\" \/>\n<meta property=\"og:url\" content=\"https:\/\/www.nettali.com\/2021\/04\/06\/real-madrid-varane-forfait-contre-liverpool\/\" \/>\n<meta property=\"og:site_name\" content=\"Nettali.com\" \/>\n<meta property=\"article:publisher\" content=\"https:\/\/www.facebook.com\/nettalicom\" \/>\n<meta property=\"article:published_time\" content=\"2021-04-06T15:17:52+00:00\" \/>\n<meta property=\"og:image\" content=\"https:\/\/www.nettali.com\/wp-content\/uploads\/2021\/04\/1200-L-real-madrid-3-facteurs-l-origine-de-la-mauvaise-passe-de-varane.jpg\" \/>\n\t<meta property=\"og:image:width\" content=\"1200\" \/>\n\t<meta property=\"og:image:height\" content=\"640\" \/>\n<meta name=\"twitter:card\" content=\"summary_large_image\" \/>\n<meta name=\"twitter:label1\" content=\"\u00c9crit par\" \/>\n\t<meta name=\"twitter:data1\" content=\"Ibrahima\" \/>\n\t<meta name=\"twitter:label2\" content=\"Dur\u00e9e de lecture estim\u00e9e\" \/>\n\t<meta name=\"twitter:data2\" content=\"1 minute\" \/>\n<script type=\"application\/ld+json\" class=\"yoast-schema-graph\">{\"@context\":\"https:\/\/schema.org\",\"@graph\":[{\"@type\":\"WebSite\",\"@id\":\"https:\/\/www.nettali.com\/#website\",\"url\":\"https:\/\/www.nettali.com\/\",\"name\":\"Nettali.com\",\"description\":\"Le rendez-vous critique du Net\",\"potentialAction\":[{\"@type\":\"SearchAction\",\"target\":{\"@type\":\"EntryPoint\",\"urlTemplate\":\"https:\/\/www.nettali.com\/?s={search_term_string}\"},\"query-input\":\"required name=search_term_string\"}],\"inLanguage\":\"fr-FR\"},{\"@type\":\"ImageObject\",\"@id\":\"https:\/\/www.nettali.com\/2021\/04\/06\/real-madrid-varane-forfait-contre-liverpool\/#primaryimage\",\"inLanguage\":\"fr-FR\",\"url\":\"https:\/\/www.nettali.com\/wp-content\/uploads\/2021\/04\/1200-L-real-madrid-3-facteurs-l-origine-de-la-mauvaise-passe-de-varane.jpg\",\"contentUrl\":\"https:\/\/www.nettali.com\/wp-content\/uploads\/2021\/04\/1200-L-real-madrid-3-facteurs-l-origine-de-la-mauvaise-passe-de-varane.jpg\",\"width\":1200,\"height\":640},{\"@type\":\"WebPage\",\"@id\":\"https:\/\/www.nettali.com\/2021\/04\/06\/real-madrid-varane-forfait-contre-liverpool\/#webpage\",\"url\":\"https:\/\/www.nettali.com\/2021\/04\/06\/real-madrid-varane-forfait-contre-liverpool\/\",\"name\":\"REAL MADRID - Varane forfait contre Liverpool | Nettali.com\",\"isPartOf\":{\"@id\":\"https:\/\/www.nettali.com\/#website\"},\"primaryImageOfPage\":{\"@id\":\"https:\/\/www.nettali.com\/2021\/04\/06\/real-madrid-varane-forfait-contre-liverpool\/#primaryimage\"},\"datePublished\":\"2021-04-06T15:17:52+00:00\",\"dateModified\":\"2021-04-06T15:17:52+00:00\",\"author\":{\"@id\":\"https:\/\/www.nettali.com\/#\/schema\/person\/bb147657c2986240405a608162b9bb23\"},\"breadcrumb\":{\"@id\":\"https:\/\/www.nettali.com\/2021\/04\/06\/real-madrid-varane-forfait-contre-liverpool\/#breadcrumb\"},\"inLanguage\":\"fr-FR\",\"potentialAction\":[{\"@type\":\"ReadAction\",\"target\":[\"https:\/\/www.nettali.com\/2021\/04\/06\/real-madrid-varane-forfait-contre-liverpool\/\"]}]},{\"@type\":\"BreadcrumbList\",\"@id\":\"https:\/\/www.nettali.com\/2021\/04\/06\/real-madrid-varane-forfait-contre-liverpool\/#breadcrumb\",\"itemListElement\":[{\"@type\":\"ListItem\",\"position\":1,\"name\":\"Accueil\",\"item\":\"https:\/\/www.nettali.com\/\"},{\"@type\":\"ListItem\",\"position\":2,\"name\":\"REAL MADRID &#8211; Varane forfait contre Liverpool\"}]},{\"@type\":\"Person\",\"@id\":\"https:\/\/www.nettali.com\/#\/schema\/person\/bb147657c2986240405a608162b9bb23\",\"name\":\"Ibrahima\",\"image\":{\"@type\":\"ImageObject\",\"@id\":\"https:\/\/www.nettali.com\/#personlogo\",\"inLanguage\":\"fr-FR\",\"url\":\"https:\/\/secure.gravatar.com\/avatar\/26a8a81f09f0dd7624c9d5c36c9ba3a2?s=96&d=mm&r=g\",\"contentUrl\":\"https:\/\/secure.gravatar.com\/avatar\/26a8a81f09f0dd7624c9d5c36c9ba3a2?s=96&d=mm&r=g\",\"caption\":\"Ibrahima\"},\"sameAs\":[\"https:\/\/www.nettali.com\"]}]}<\/script>\n<!-- \/ Yoast SEO Premium plugin. -->","yoast_head_json":{"title":"REAL MADRID - Varane forfait contre Liverpool | Nettali.com","robots":{"index":"index","follow":"follow","max-snippet":"max-snippet:-1","max-image-preview":"max-image-preview:large","max-video-preview":"max-video-preview:-1"},"canonical":"https:\/\/www.nettali.com\/2021\/04\/06\/real-madrid-varane-forfait-contre-liverpool\/","og_locale":"fr_FR","og_type":"article","og_title":"REAL MADRID - Varane forfait contre Liverpool","og_description":"NETTALI.COM - Enorme tuile pour Rapha\u00ebl Varane. Le d\u00e9fenseur fran\u00e7ais a \u00e9t\u00e9 test\u00e9 positif au coronavirus ce mardi matin 6 avril. Le d\u00e9fenseur central va donc suivre le protocole sanitaire en vigueur et va \u00eatre mis \u00e0 l'isolement. Le champion du monde va donc manquer le quart de finale aller face \u00e0 Liverpool ce soir, [&hellip;]","og_url":"https:\/\/www.nettali.com\/2021\/04\/06\/real-madrid-varane-forfait-contre-liverpool\/","og_site_name":"Nettali.com","article_publisher":"https:\/\/www.facebook.com\/nettalicom","article_published_time":"2021-04-06T15:17:52+00:00","og_image":[{"width":1200,"height":640,"url":"https:\/\/www.nettali.com\/wp-content\/uploads\/2021\/04\/1200-L-real-madrid-3-facteurs-l-origine-de-la-mauvaise-passe-de-varane.jpg","type":"image\/jpeg"}],"twitter_card":"summary_large_image","twitter_misc":{"\u00c9crit par":"Ibrahima","Dur\u00e9e de lecture estim\u00e9e":"1 minute"},"schema":{"@context":"https:\/\/schema.org","@graph":[{"@type":"WebSite","@id":"https:\/\/www.nettali.com\/#website","url":"https:\/\/www.nettali.com\/","name":"Nettali.com","description":"Le rendez-vous critique du Net","potentialAction":[{"@type":"SearchAction","target":{"@type":"EntryPoint","urlTemplate":"https:\/\/www.nettali.com\/?s={search_term_string}"},"query-input":"required name=search_term_string"}],"inLanguage":"fr-FR"},{"@type":"ImageObject","@id":"https:\/\/www.nettali.com\/2021\/04\/06\/real-madrid-varane-forfait-contre-liverpool\/#primaryimage","inLanguage":"fr-FR","url":"https:\/\/www.nettali.com\/wp-content\/uploads\/2021\/04\/1200-L-real-madrid-3-facteurs-l-origine-de-la-mauvaise-passe-de-varane.jpg","contentUrl":"https:\/\/www.nettali.com\/wp-content\/uploads\/2021\/04\/1200-L-real-madrid-3-facteurs-l-origine-de-la-mauvaise-passe-de-varane.jpg","width":1200,"height":640},{"@type":"WebPage","@id":"https:\/\/www.nettali.com\/2021\/04\/06\/real-madrid-varane-forfait-contre-liverpool\/#webpage","url":"https:\/\/www.nettali.com\/2021\/04\/06\/real-madrid-varane-forfait-contre-liverpool\/","name":"REAL MADRID - Varane forfait contre Liverpool | Nettali.com","isPartOf":{"@id":"https:\/\/www.nettali.com\/#website"},"primaryImageOfPage":{"@id":"https:\/\/www.nettali.com\/2021\/04\/06\/real-madrid-varane-forfait-contre-liverpool\/#primaryimage"},"datePublished":"2021-04-06T15:17:52+00:00","dateModified":"2021-04-06T15:17:52+00:00","author":{"@id":"https:\/\/www.nettali.com\/#\/schema\/person\/bb147657c2986240405a608162b9bb23"},"breadcrumb":{"@id":"https:\/\/www.nettali.com\/2021\/04\/06\/real-madrid-varane-forfait-contre-liverpool\/#breadcrumb"},"inLanguage":"fr-FR","potentialAction":[{"@type":"ReadAction","target":["https:\/\/www.nettali.com\/2021\/04\/06\/real-madrid-varane-forfait-contre-liverpool\/"]}]},{"@type":"BreadcrumbList","@id":"https:\/\/www.nettali.com\/2021\/04\/06\/real-madrid-varane-forfait-contre-liverpool\/#breadcrumb","itemListElement":[{"@type":"ListItem","position":1,"name":"Accueil","item":"https:\/\/www.nettali.com\/"},{"@type":"ListItem","position":2,"name":"REAL MADRID &#8211; Varane forfait contre Liverpool"}]},{"@type":"Person","@id":"https:\/\/www.nettali.com\/#\/schema\/person\/bb147657c2986240405a608162b9bb23","name":"Ibrahima","image":{"@type":"ImageObject","@id":"https:\/\/www.nettali.com\/#personlogo","inLanguage":"fr-FR","url":"https:\/\/secure.gravatar.com\/avatar\/26a8a81f09f0dd7624c9d5c36c9ba3a2?s=96&d=mm&r=g","contentUrl":"https:\/\/secure.gravatar.com\/avatar\/26a8a81f09f0dd7624c9d5c36c9ba3a2?s=96&d=mm&r=g","caption":"Ibrahima"},"sameAs":["https:\/\/www.nettali.com"]}]}},"_links":{"self":[{"href":"https:\/\/www.nettali.com\/rest\/wp\/v2\/posts\/61358"}],"collection":[{"href":"https:\/\/www.nettali.com\/rest\/wp\/v2\/posts"}],"about":[{"href":"https:\/\/www.nettali.com\/rest\/wp\/v2\/types\/post"}],"author":[{"embeddable":true,"href":"https:\/\/www.nettali.com\/rest\/wp\/v2\/users\/5"}],"replies":[{"embeddable":true,"href":"https:\/\/www.nettali.com\/rest\/wp\/v2\/comments?post=61358"}],"version-history":[{"count":3,"href":"https:\/\/www.nettali.com\/rest\/wp\/v2\/posts\/61358\/revisions"}],"predecessor-version":[{"id":61363,"href":"https:\/\/www.nettali.com\/rest\/wp\/v2\/posts\/61358\/revisions\/61363"}],"wp:featuredmedia":[{"embeddable":true,"href":"https:\/\/www.nettali.com\/rest\/wp\/v2\/media\/61359"}],"wp:attachment":[{"href":"https:\/\/www.nettali.com\/rest\/wp\/v2\/media?parent=61358"}],"wp:term":[{"taxonomy":"category","embeddable":true,"href":"https:\/\/www.nettali.com\/rest\/wp\/v2\/categories?post=61358"},{"taxonomy":"post_tag","embeddable":true,"href":"https:\/\/www.nettali.com\/rest\/wp\/v2\/tags?post=61358"}],"curies":[{"name":"wp","href":"https:\/\/api.w.org\/{rel}","templated":true}]}}