{"id":61346,"date":"2021-04-06T09:42:38","date_gmt":"2021-04-06T09:42:38","guid":{"rendered":"https:\/\/www.nettali.com\/?p=61346"},"modified":"2021-04-06T09:42:38","modified_gmt":"2021-04-06T09:42:38","slug":"affaire-mouhamadou-sall-la-chambre-daccusation-libere-le-douanier-qui-a-tue-sa-fille","status":"publish","type":"post","link":"https:\/\/www.nettali.com\/2021\/04\/06\/affaire-mouhamadou-sall-la-chambre-daccusation-libere-le-douanier-qui-a-tue-sa-fille\/","title":{"rendered":"AFFAIRE MOUHAMADOU SALL- La chambre d\u2019accusation \"lib\u00e8re\" le douanier qui a tu\u00e9 sa fille\u00a0"},"content":{"rendered":"<p><strong>NETTALI. COM- Dans les liens de la pr\u00e9vention depuis le mois d'octobre 2020, apr\u00e8s son inculpation pour l'assassinat de sa fille de 6 ans, le Colonel des douanes Mouhamadou Sall a \u00e9t\u00e9 \"lib\u00e9r\u00e9\" par la Chambre d\u2019accusation de la Cour d'appel de Dakar.<\/strong><\/p>\n<p>La Chambre d\u2019accusation a tranch\u00e9 en faveur du doyen des juges qui, contre l\u2019avis du parquet, avait pris une ordonnance pour mettre fin \u00e0 l\u2019internement du colonel Mouhamadou Sall inculp\u00e9 pour l\u2019assassinat de sa fille \u00e2g\u00e9e de 6 ans.<\/p>\n<p>Pour autant, informe Lib\u00e9ration, ce dernier reste sous contr\u00f4le judiciaire. Auparavant, l\u2019inculp\u00e9 avait pass\u00e9 45 jours dans les services psychiatriques de l\u2019h\u00f4pital Fann pour y suivre des soins.<\/p>\n<p>Accus\u00e9 d'avoir tu\u00e9 une de ses filles jumelles de 6 ans, le Colonel des douanes Mouhamadou Sall a \u00e9t\u00e9 inculp\u00e9 par le juge d'instruction. Compte tenu de ses probl\u00e8mes de sant\u00e9 mentale, il n'a pas \u00e9t\u00e9 envoy\u00e9 en prison mais il est intern\u00e9 \u00e0 l'h\u00f4pital psychiatrique de Thiaroye. Avant son inculpation, il a fait des r\u00e9v\u00e9lations qui frisent l'horreur.<\/p>\n<p>\u00ab <em>C\u2019est une mission divine que je devais accomplir. Vous ne pouvez pas comprendre. Le monde est pourri, trop de d\u00e9bauche, trop d\u2019escrocs, trop de mensonges et je suis charg\u00e9 de faire revenir les valeurs que pr\u00f4ne l\u2019islam. Dans tous les cas, vous ne pouvez pas comprendre<\/em> \u00bb. Tels ont \u00e9t\u00e9 les premiers propos qu\u2019il a confess\u00e9s aux gendarmes en cette nuit du dimanche 23 au lundi 24 ao\u00fbt. Il \u00e9tait 3h du matin lorsqu\u2019en compagnie d\u2019un vigile, il leur avoue avoir tu\u00e9 sa fille de 6 ans.<\/p>\n<p>Le Colonel avait r\u00e9v\u00e9l\u00e9 que le jour des faits, peu avant 3h du matin, suite \u00e0 une \u00ab <em>vision<\/em> \u00bb, il a entra\u00een\u00e9 Mansora dans la salle de bain \u00ab <em>pour faire sortir le liquide blanc qu\u2019un esprit mal\u00e9fique avait mis dans la gorge de sa fille<\/em> \u00bb. La fillette, r\u00e9veill\u00e9e en pleine nuit, ne comprenait rien de ce qui se passait. N\u2019emp\u00eache son p\u00e8re a ouvert de force sa bouche, en secouant sa t\u00eate d'a bord sans violence pour \u00ab <em>faire sortir le liquide<\/em> \u00bb.<\/p>\n<p>Impatient, Mouhamadou Sall a cogn\u00e9 la t\u00eate de la petite contre le lavabo qui, sous le choc, s'est fracass\u00e9 en mille morceaux dont l\u2019un a p\u00e9n\u00e9tr\u00e9 dans la gorge de Mansora, morte sur le coup. Loin de s\u2019arr\u00eater, Mouhamadou Sall a encore pris un morceau de porcelaine pour sectionner ouvertement la gorge de sa fille, toujours \u00e0 la recherche du \u00ab <em>liquide<\/em> \u00bb. La \u00ab <em>mission accomplie<\/em> \u00bb, le colonel r\u00e9veille son \u00e9pouse qui ne se doutait de rien pour lui demander des sachets de glace. Puis, il retourne dans la salle de bain avec une bassine. Apr\u00e8s avoir nettoy\u00e9 le corps sans vie de la fillette, il met la glace dessus et commence \u00e0 r\u00e9citer des incantations pour la faire revenir \u00e0 la vie. Voyant que Mansora ne \u00ab <em>revenait<\/em> \u00bb pas, Mouhamadou Sall a commenc\u00e9 par \u00e9couter des chants religieux. Puis, il s\u2019est mis au balcon du premier \u00e9tage avant de sauter. C\u2019est ainsi qu\u2019il tombe nez \u00e0 nez avec le vigile, premier \u00e0 recueillir ses confidences.<\/p>\n<p><strong>Oustaz Alioune Sall entendu comme t\u00e9moin<\/strong><\/p>\n<p>Le colonel Sall a confi\u00e9 aux \u00e9l\u00e9ments enqu\u00eateurs qu\u2019avant les faits, il est rest\u00e9 une dizaine de jours sans dormir. En sus, il ne mangeait pratiquement pas. \u00ab<em> J\u2019ai commenc\u00e9 \u00e0 avoir des visions, j\u2019appelais, en pleine nuit, mes parents pour les harceler. J\u2019avais besoin de comprendre ce qui m\u2019arrivait et je m\u2019en, suis m\u00eame ouvert \u00e0 Oustaz Alioune Sall<\/em> \u00bb, informe-t-il. Avant d\u2019ajouter \u00ab <em>au cours de mon sommeil, c\u2019est comme si une voix m\u2019avait demand\u00e9 de faire sortir un liquide qui se trouvait dans la gorge de Mansora<\/em> \u00bb.<\/p>\n<p>Lors de son audition comme t\u00e9moin, le 24 ao\u00fbt, Oustaz Alioune Sall a r\u00e9v\u00e9l\u00e9 aux gendarmes que Mouhamadou Sall, dont il connait l\u2019\u00e9pouse depuis 2016, lui avait dit qu\u2019il serait le Proph\u00e8te et sa douce moiti\u00e9 Khadija<\/p>\n<div class='share-to-whatsapp-wrapper'><div class='share-on-whsp'>PARTAGER SUR : <\/div><a data-text='AFFAIRE MOUHAMADOU SALL- La chambre d\u2019accusation \"lib\u00e8re\" le douanier qui a tu\u00e9 sa fille\u00a0' data-link='https:\/\/www.nettali.com\/2021\/04\/06\/affaire-mouhamadou-sall-la-chambre-daccusation-libere-le-douanier-qui-a-tue-sa-fille\/' class='whatsapp-button whatsapp-share'>WhatsApp<\/a><div class='clear '><\/div><\/div>","protected":false},"excerpt":{"rendered":"<p>NETTALI. COM- Dans les liens de la pr\u00e9vention depuis le mois d'octobre 2020, apr\u00e8s son inculpation pour l'assassinat de sa fille de 6 ans, le Colonel des douanes Mouhamadou Sall a \u00e9t\u00e9 \"lib\u00e9r\u00e9\" par la Chambre d\u2019accusation de la Cour d'appel de Dakar. La Chambre d\u2019accusation a tranch\u00e9 en faveur du doyen des juges qui, [&hellip;]<\/p>\n","protected":false},"author":6,"featured_media":44386,"comment_status":"open","ping_status":"open","sticky":false,"template":"","format":"standard","meta":{"_et_pb_use_builder":"","_et_pb_old_content":""},"categories":[3],"tags":[],"yoast_head":"<!-- This site is optimized with the Yoast SEO Premium plugin v17.8 (Yoast SEO v17.8) - https:\/\/yoast.com\/wordpress\/plugins\/seo\/ -->\n<title>AFFAIRE MOUHAMADOU SALL- La chambre d\u2019accusation &quot;lib\u00e8re&quot; le douanier qui a tu\u00e9 sa fille\u00a0 | Nettali.com<\/title>\n<meta name=\"robots\" content=\"index, follow, max-snippet:-1, max-image-preview:large, max-video-preview:-1\" \/>\n<link rel=\"canonical\" href=\"https:\/\/www.nettali.com\/2021\/04\/06\/affaire-mouhamadou-sall-la-chambre-daccusation-libere-le-douanier-qui-a-tue-sa-fille\/\" \/>\n<meta property=\"og:locale\" content=\"fr_FR\" \/>\n<meta property=\"og:type\" content=\"article\" \/>\n<meta property=\"og:title\" content=\"AFFAIRE MOUHAMADOU SALL- La chambre d\u2019accusation &quot;lib\u00e8re&quot; le douanier qui a tu\u00e9 sa fille\u00a0\" \/>\n<meta property=\"og:description\" content=\"NETTALI. COM- Dans les liens de la pr\u00e9vention depuis le mois d&#039;octobre 2020, apr\u00e8s son inculpation pour l&#039;assassinat de sa fille de 6 ans, le Colonel des douanes Mouhamadou Sall a \u00e9t\u00e9 &quot;lib\u00e9r\u00e9&quot; par la Chambre d\u2019accusation de la Cour d&#039;appel de Dakar. La Chambre d\u2019accusation a tranch\u00e9 en faveur du doyen des juges qui, [&hellip;]\" \/>\n<meta property=\"og:url\" content=\"https:\/\/www.nettali.com\/2021\/04\/06\/affaire-mouhamadou-sall-la-chambre-daccusation-libere-le-douanier-qui-a-tue-sa-fille\/\" \/>\n<meta property=\"og:site_name\" content=\"Nettali.com\" \/>\n<meta property=\"article:publisher\" content=\"https:\/\/www.facebook.com\/nettalicom\" \/>\n<meta property=\"article:published_time\" content=\"2021-04-06T09:42:38+00:00\" \/>\n<meta property=\"og:image\" content=\"https:\/\/www.nettali.com\/wp-content\/uploads\/2020\/08\/douane-casquette.jpg\" \/>\n\t<meta property=\"og:image:width\" content=\"800\" \/>\n\t<meta property=\"og:image:height\" content=\"429\" \/>\n<meta name=\"twitter:card\" content=\"summary_large_image\" \/>\n<meta name=\"twitter:label1\" content=\"\u00c9crit par\" \/>\n\t<meta name=\"twitter:data1\" content=\"Fatou\" \/>\n\t<meta name=\"twitter:label2\" content=\"Dur\u00e9e de lecture estim\u00e9e\" \/>\n\t<meta name=\"twitter:data2\" content=\"3 minutes\" \/>\n<script type=\"application\/ld+json\" class=\"yoast-schema-graph\">{\"@context\":\"https:\/\/schema.org\",\"@graph\":[{\"@type\":\"WebSite\",\"@id\":\"https:\/\/www.nettali.com\/#website\",\"url\":\"https:\/\/www.nettali.com\/\",\"name\":\"Nettali.com\",\"description\":\"Le rendez-vous critique du Net\",\"potentialAction\":[{\"@type\":\"SearchAction\",\"target\":{\"@type\":\"EntryPoint\",\"urlTemplate\":\"https:\/\/www.nettali.com\/?s={search_term_string}\"},\"query-input\":\"required name=search_term_string\"}],\"inLanguage\":\"fr-FR\"},{\"@type\":\"ImageObject\",\"@id\":\"https:\/\/www.nettali.com\/2021\/04\/06\/affaire-mouhamadou-sall-la-chambre-daccusation-libere-le-douanier-qui-a-tue-sa-fille\/#primaryimage\",\"inLanguage\":\"fr-FR\",\"url\":\"https:\/\/www.nettali.com\/wp-content\/uploads\/2020\/08\/douane-casquette.jpg\",\"contentUrl\":\"https:\/\/www.nettali.com\/wp-content\/uploads\/2020\/08\/douane-casquette.jpg\",\"width\":800,\"height\":429},{\"@type\":\"WebPage\",\"@id\":\"https:\/\/www.nettali.com\/2021\/04\/06\/affaire-mouhamadou-sall-la-chambre-daccusation-libere-le-douanier-qui-a-tue-sa-fille\/#webpage\",\"url\":\"https:\/\/www.nettali.com\/2021\/04\/06\/affaire-mouhamadou-sall-la-chambre-daccusation-libere-le-douanier-qui-a-tue-sa-fille\/\",\"name\":\"AFFAIRE MOUHAMADOU SALL- La chambre d\\u2019accusation \\\"lib\\u00e8re\\\" le douanier qui a tu\\u00e9 sa fille\\u00a0 | Nettali.com\",\"isPartOf\":{\"@id\":\"https:\/\/www.nettali.com\/#website\"},\"primaryImageOfPage\":{\"@id\":\"https:\/\/www.nettali.com\/2021\/04\/06\/affaire-mouhamadou-sall-la-chambre-daccusation-libere-le-douanier-qui-a-tue-sa-fille\/#primaryimage\"},\"datePublished\":\"2021-04-06T09:42:38+00:00\",\"dateModified\":\"2021-04-06T09:42:38+00:00\",\"author\":{\"@id\":\"https:\/\/www.nettali.com\/#\/schema\/person\/418274a86bdf87caff7a3ef476bd0bbf\"},\"breadcrumb\":{\"@id\":\"https:\/\/www.nettali.com\/2021\/04\/06\/affaire-mouhamadou-sall-la-chambre-daccusation-libere-le-douanier-qui-a-tue-sa-fille\/#breadcrumb\"},\"inLanguage\":\"fr-FR\",\"potentialAction\":[{\"@type\":\"ReadAction\",\"target\":[\"https:\/\/www.nettali.com\/2021\/04\/06\/affaire-mouhamadou-sall-la-chambre-daccusation-libere-le-douanier-qui-a-tue-sa-fille\/\"]}]},{\"@type\":\"BreadcrumbList\",\"@id\":\"https:\/\/www.nettali.com\/2021\/04\/06\/affaire-mouhamadou-sall-la-chambre-daccusation-libere-le-douanier-qui-a-tue-sa-fille\/#breadcrumb\",\"itemListElement\":[{\"@type\":\"ListItem\",\"position\":1,\"name\":\"Accueil\",\"item\":\"https:\/\/www.nettali.com\/\"},{\"@type\":\"ListItem\",\"position\":2,\"name\":\"AFFAIRE MOUHAMADOU SALL- La chambre d\\u2019accusation \\u00ab\\u00a0lib\\u00e8re\\u00a0\\u00bb le douanier qui a tu\\u00e9 sa fille\\u00a0\"}]},{\"@type\":\"Person\",\"@id\":\"https:\/\/www.nettali.com\/#\/schema\/person\/418274a86bdf87caff7a3ef476bd0bbf\",\"name\":\"Fatou\",\"image\":{\"@type\":\"ImageObject\",\"@id\":\"https:\/\/www.nettali.com\/#personlogo\",\"inLanguage\":\"fr-FR\",\"url\":\"https:\/\/secure.gravatar.com\/avatar\/5a9442a2bee7b4dcf167cab035858e9a?s=96&d=mm&r=g\",\"contentUrl\":\"https:\/\/secure.gravatar.com\/avatar\/5a9442a2bee7b4dcf167cab035858e9a?s=96&d=mm&r=g\",\"caption\":\"Fatou\"},\"sameAs\":[\"https:\/\/www.nettali.com\"]}]}<\/script>\n<!-- \/ Yoast SEO Premium plugin. -->","yoast_head_json":{"title":"AFFAIRE MOUHAMADOU SALL- La chambre d\u2019accusation \"lib\u00e8re\" le douanier qui a tu\u00e9 sa fille\u00a0 | Nettali.com","robots":{"index":"index","follow":"follow","max-snippet":"max-snippet:-1","max-image-preview":"max-image-preview:large","max-video-preview":"max-video-preview:-1"},"canonical":"https:\/\/www.nettali.com\/2021\/04\/06\/affaire-mouhamadou-sall-la-chambre-daccusation-libere-le-douanier-qui-a-tue-sa-fille\/","og_locale":"fr_FR","og_type":"article","og_title":"AFFAIRE MOUHAMADOU SALL- La chambre d\u2019accusation \"lib\u00e8re\" le douanier qui a tu\u00e9 sa fille\u00a0","og_description":"NETTALI. COM- Dans les liens de la pr\u00e9vention depuis le mois d'octobre 2020, apr\u00e8s son inculpation pour l'assassinat de sa fille de 6 ans, le Colonel des douanes Mouhamadou Sall a \u00e9t\u00e9 \"lib\u00e9r\u00e9\" par la Chambre d\u2019accusation de la Cour d'appel de Dakar. La Chambre d\u2019accusation a tranch\u00e9 en faveur du doyen des juges qui, [&hellip;]","og_url":"https:\/\/www.nettali.com\/2021\/04\/06\/affaire-mouhamadou-sall-la-chambre-daccusation-libere-le-douanier-qui-a-tue-sa-fille\/","og_site_name":"Nettali.com","article_publisher":"https:\/\/www.facebook.com\/nettalicom","article_published_time":"2021-04-06T09:42:38+00:00","og_image":[{"width":800,"height":429,"url":"https:\/\/www.nettali.com\/wp-content\/uploads\/2020\/08\/douane-casquette.jpg","type":"image\/jpeg"}],"twitter_card":"summary_large_image","twitter_misc":{"\u00c9crit par":"Fatou","Dur\u00e9e de lecture estim\u00e9e":"3 minutes"},"schema":{"@context":"https:\/\/schema.org","@graph":[{"@type":"WebSite","@id":"https:\/\/www.nettali.com\/#website","url":"https:\/\/www.nettali.com\/","name":"Nettali.com","description":"Le rendez-vous critique du Net","potentialAction":[{"@type":"SearchAction","target":{"@type":"EntryPoint","urlTemplate":"https:\/\/www.nettali.com\/?s={search_term_string}"},"query-input":"required name=search_term_string"}],"inLanguage":"fr-FR"},{"@type":"ImageObject","@id":"https:\/\/www.nettali.com\/2021\/04\/06\/affaire-mouhamadou-sall-la-chambre-daccusation-libere-le-douanier-qui-a-tue-sa-fille\/#primaryimage","inLanguage":"fr-FR","url":"https:\/\/www.nettali.com\/wp-content\/uploads\/2020\/08\/douane-casquette.jpg","contentUrl":"https:\/\/www.nettali.com\/wp-content\/uploads\/2020\/08\/douane-casquette.jpg","width":800,"height":429},{"@type":"WebPage","@id":"https:\/\/www.nettali.com\/2021\/04\/06\/affaire-mouhamadou-sall-la-chambre-daccusation-libere-le-douanier-qui-a-tue-sa-fille\/#webpage","url":"https:\/\/www.nettali.com\/2021\/04\/06\/affaire-mouhamadou-sall-la-chambre-daccusation-libere-le-douanier-qui-a-tue-sa-fille\/","name":"AFFAIRE MOUHAMADOU SALL- La chambre d\u2019accusation \"lib\u00e8re\" le douanier qui a tu\u00e9 sa fille\u00a0 | Nettali.com","isPartOf":{"@id":"https:\/\/www.nettali.com\/#website"},"primaryImageOfPage":{"@id":"https:\/\/www.nettali.com\/2021\/04\/06\/affaire-mouhamadou-sall-la-chambre-daccusation-libere-le-douanier-qui-a-tue-sa-fille\/#primaryimage"},"datePublished":"2021-04-06T09:42:38+00:00","dateModified":"2021-04-06T09:42:38+00:00","author":{"@id":"https:\/\/www.nettali.com\/#\/schema\/person\/418274a86bdf87caff7a3ef476bd0bbf"},"breadcrumb":{"@id":"https:\/\/www.nettali.com\/2021\/04\/06\/affaire-mouhamadou-sall-la-chambre-daccusation-libere-le-douanier-qui-a-tue-sa-fille\/#breadcrumb"},"inLanguage":"fr-FR","potentialAction":[{"@type":"ReadAction","target":["https:\/\/www.nettali.com\/2021\/04\/06\/affaire-mouhamadou-sall-la-chambre-daccusation-libere-le-douanier-qui-a-tue-sa-fille\/"]}]},{"@type":"BreadcrumbList","@id":"https:\/\/www.nettali.com\/2021\/04\/06\/affaire-mouhamadou-sall-la-chambre-daccusation-libere-le-douanier-qui-a-tue-sa-fille\/#breadcrumb","itemListElement":[{"@type":"ListItem","position":1,"name":"Accueil","item":"https:\/\/www.nettali.com\/"},{"@type":"ListItem","position":2,"name":"AFFAIRE MOUHAMADOU SALL- La chambre d\u2019accusation \u00ab\u00a0lib\u00e8re\u00a0\u00bb le douanier qui a tu\u00e9 sa fille\u00a0"}]},{"@type":"Person","@id":"https:\/\/www.nettali.com\/#\/schema\/person\/418274a86bdf87caff7a3ef476bd0bbf","name":"Fatou","image":{"@type":"ImageObject","@id":"https:\/\/www.nettali.com\/#personlogo","inLanguage":"fr-FR","url":"https:\/\/secure.gravatar.com\/avatar\/5a9442a2bee7b4dcf167cab035858e9a?s=96&d=mm&r=g","contentUrl":"https:\/\/secure.gravatar.com\/avatar\/5a9442a2bee7b4dcf167cab035858e9a?s=96&d=mm&r=g","caption":"Fatou"},"sameAs":["https:\/\/www.nettali.com"]}]}},"_links":{"self":[{"href":"https:\/\/www.nettali.com\/rest\/wp\/v2\/posts\/61346"}],"collection":[{"href":"https:\/\/www.nettali.com\/rest\/wp\/v2\/posts"}],"about":[{"href":"https:\/\/www.nettali.com\/rest\/wp\/v2\/types\/post"}],"author":[{"embeddable":true,"href":"https:\/\/www.nettali.com\/rest\/wp\/v2\/users\/6"}],"replies":[{"embeddable":true,"href":"https:\/\/www.nettali.com\/rest\/wp\/v2\/comments?post=61346"}],"version-history":[{"count":3,"href":"https:\/\/www.nettali.com\/rest\/wp\/v2\/posts\/61346\/revisions"}],"predecessor-version":[{"id":61349,"href":"https:\/\/www.nettali.com\/rest\/wp\/v2\/posts\/61346\/revisions\/61349"}],"wp:featuredmedia":[{"embeddable":true,"href":"https:\/\/www.nettali.com\/rest\/wp\/v2\/media\/44386"}],"wp:attachment":[{"href":"https:\/\/www.nettali.com\/rest\/wp\/v2\/media?parent=61346"}],"wp:term":[{"taxonomy":"category","embeddable":true,"href":"https:\/\/www.nettali.com\/rest\/wp\/v2\/categories?post=61346"},{"taxonomy":"post_tag","embeddable":true,"href":"https:\/\/www.nettali.com\/rest\/wp\/v2\/tags?post=61346"}],"curies":[{"name":"wp","href":"https:\/\/api.w.org\/{rel}","templated":true}]}}