{"id":61343,"date":"2021-04-06T08:36:11","date_gmt":"2021-04-06T08:36:11","guid":{"rendered":"https:\/\/www.nettali.com\/?p=61343"},"modified":"2021-04-06T08:36:11","modified_gmt":"2021-04-06T08:36:11","slug":"racisme-mouctar-diakhaby-quitte-le-terrain-suivi-par-ses-coequipiers","status":"publish","type":"post","link":"https:\/\/www.nettali.com\/2021\/04\/06\/racisme-mouctar-diakhaby-quitte-le-terrain-suivi-par-ses-coequipiers\/","title":{"rendered":"RACISME - Mouctar Diakhaby quitte le terrain, suivi par ses co\u00e9quipiers"},"content":{"rendered":"<p><strong>NETTALI.COM - Pr\u00e8s de 14 mois apr\u00e8s Moussa Marega, qui avait quitt\u00e9 le terrain apr\u00e8s avoir \u00e9t\u00e9 cibl\u00e9 par des insultes racistes en provenance des tribunes, et 4 mois apr\u00e8s l\u2019affaire de PSG-Basaksehir, Mouctar Diakhaby a lui aussi d\u00e9cid\u00e9 de dire non au racisme. <\/strong><\/p>\n<p>Suite \u00e0 un accrochage avec Juan Cala ce dimanche \u00e0 la 29e minute du match de Liga contre Cadix (d\u00e9faite 2-1), le d\u00e9fenseur central du FC Valence a \u00e9t\u00e9 averti et s\u2019est plaint aupr\u00e8s de l\u2019arbitre de propos racistes \u00e9manant de son adversaire. Sans succ\u00e8s\u2026 Du coup, le Fran\u00e7ais d\u2019origine guin\u00e9enne, \u00e0 bout de nerfs, a d\u00e9cid\u00e9 de quitter le terrain en signe de protestation. Ses co\u00e9quipiers l\u2019ont suivi, ce qui a entra\u00een\u00e9 l\u2019interruption du match. La rencontre a repris une vingtaine<br \/>\nde minutes plus tard sans Diakhaby, remplac\u00e9 par Hugo Guillam\u00f3n.<\/p>\n<p>Cet \u00e9pisode devrait faire du bruit et prouve que les joueurs victimes de racisme n\u2019ont plus peur de se faire entendre et qu\u2019ils trouvent un \u00e9cho de plus en plus favorable aupr\u00e8s de leurs co\u00e9quipiers.<\/p>\n<div class='share-to-whatsapp-wrapper'><div class='share-on-whsp'>PARTAGER SUR : <\/div><a data-text='RACISME - Mouctar Diakhaby quitte le terrain, suivi par ses co\u00e9quipiers' data-link='https:\/\/www.nettali.com\/2021\/04\/06\/racisme-mouctar-diakhaby-quitte-le-terrain-suivi-par-ses-coequipiers\/' class='whatsapp-button whatsapp-share'>WhatsApp<\/a><div class='clear '><\/div><\/div>","protected":false},"excerpt":{"rendered":"<p>NETTALI.COM - Pr\u00e8s de 14 mois apr\u00e8s Moussa Marega, qui avait quitt\u00e9 le terrain apr\u00e8s avoir \u00e9t\u00e9 cibl\u00e9 par des insultes racistes en provenance des tribunes, et 4 mois apr\u00e8s l\u2019affaire de PSG-Basaksehir, Mouctar Diakhaby a lui aussi d\u00e9cid\u00e9 de dire non au racisme. Suite \u00e0 un accrochage avec Juan Cala ce dimanche \u00e0 la [&hellip;]<\/p>\n","protected":false},"author":2,"featured_media":61344,"comment_status":"open","ping_status":"open","sticky":false,"template":"","format":"standard","meta":{"_et_pb_use_builder":"","_et_pb_old_content":""},"categories":[6],"tags":[],"yoast_head":"<!-- This site is optimized with the Yoast SEO Premium plugin v17.8 (Yoast SEO v17.8) - https:\/\/yoast.com\/wordpress\/plugins\/seo\/ -->\n<title>RACISME - Mouctar Diakhaby quitte le terrain, suivi par ses co\u00e9quipiers | Nettali.com<\/title>\n<meta name=\"robots\" content=\"index, follow, max-snippet:-1, max-image-preview:large, max-video-preview:-1\" \/>\n<link rel=\"canonical\" href=\"https:\/\/www.nettali.com\/2021\/04\/06\/racisme-mouctar-diakhaby-quitte-le-terrain-suivi-par-ses-coequipiers\/\" \/>\n<meta property=\"og:locale\" content=\"fr_FR\" \/>\n<meta property=\"og:type\" content=\"article\" \/>\n<meta property=\"og:title\" content=\"RACISME - Mouctar Diakhaby quitte le terrain, suivi par ses co\u00e9quipiers\" \/>\n<meta property=\"og:description\" content=\"NETTALI.COM - Pr\u00e8s de 14 mois apr\u00e8s Moussa Marega, qui avait quitt\u00e9 le terrain apr\u00e8s avoir \u00e9t\u00e9 cibl\u00e9 par des insultes racistes en provenance des tribunes, et 4 mois apr\u00e8s l\u2019affaire de PSG-Basaksehir, Mouctar Diakhaby a lui aussi d\u00e9cid\u00e9 de dire non au racisme. Suite \u00e0 un accrochage avec Juan Cala ce dimanche \u00e0 la [&hellip;]\" \/>\n<meta property=\"og:url\" content=\"https:\/\/www.nettali.com\/2021\/04\/06\/racisme-mouctar-diakhaby-quitte-le-terrain-suivi-par-ses-coequipiers\/\" \/>\n<meta property=\"og:site_name\" content=\"Nettali.com\" \/>\n<meta property=\"article:publisher\" content=\"https:\/\/www.facebook.com\/nettalicom\" \/>\n<meta property=\"article:published_time\" content=\"2021-04-06T08:36:11+00:00\" \/>\n<meta property=\"og:image\" content=\"https:\/\/www.nettali.com\/wp-content\/uploads\/2021\/04\/image.jpg\" \/>\n\t<meta property=\"og:image:width\" content=\"885\" \/>\n\t<meta property=\"og:image:height\" content=\"500\" \/>\n<meta name=\"twitter:card\" content=\"summary_large_image\" \/>\n<meta name=\"twitter:label1\" content=\"\u00c9crit par\" \/>\n\t<meta name=\"twitter:data1\" content=\"CK\" \/>\n\t<meta name=\"twitter:label2\" content=\"Dur\u00e9e de lecture estim\u00e9e\" \/>\n\t<meta name=\"twitter:data2\" content=\"1 minute\" \/>\n<script type=\"application\/ld+json\" class=\"yoast-schema-graph\">{\"@context\":\"https:\/\/schema.org\",\"@graph\":[{\"@type\":\"WebSite\",\"@id\":\"https:\/\/www.nettali.com\/#website\",\"url\":\"https:\/\/www.nettali.com\/\",\"name\":\"Nettali.com\",\"description\":\"Le rendez-vous critique du Net\",\"potentialAction\":[{\"@type\":\"SearchAction\",\"target\":{\"@type\":\"EntryPoint\",\"urlTemplate\":\"https:\/\/www.nettali.com\/?s={search_term_string}\"},\"query-input\":\"required name=search_term_string\"}],\"inLanguage\":\"fr-FR\"},{\"@type\":\"ImageObject\",\"@id\":\"https:\/\/www.nettali.com\/2021\/04\/06\/racisme-mouctar-diakhaby-quitte-le-terrain-suivi-par-ses-coequipiers\/#primaryimage\",\"inLanguage\":\"fr-FR\",\"url\":\"https:\/\/www.nettali.com\/wp-content\/uploads\/2021\/04\/image.jpg\",\"contentUrl\":\"https:\/\/www.nettali.com\/wp-content\/uploads\/2021\/04\/image.jpg\",\"width\":885,\"height\":500},{\"@type\":\"WebPage\",\"@id\":\"https:\/\/www.nettali.com\/2021\/04\/06\/racisme-mouctar-diakhaby-quitte-le-terrain-suivi-par-ses-coequipiers\/#webpage\",\"url\":\"https:\/\/www.nettali.com\/2021\/04\/06\/racisme-mouctar-diakhaby-quitte-le-terrain-suivi-par-ses-coequipiers\/\",\"name\":\"RACISME - Mouctar Diakhaby quitte le terrain, suivi par ses co\\u00e9quipiers | Nettali.com\",\"isPartOf\":{\"@id\":\"https:\/\/www.nettali.com\/#website\"},\"primaryImageOfPage\":{\"@id\":\"https:\/\/www.nettali.com\/2021\/04\/06\/racisme-mouctar-diakhaby-quitte-le-terrain-suivi-par-ses-coequipiers\/#primaryimage\"},\"datePublished\":\"2021-04-06T08:36:11+00:00\",\"dateModified\":\"2021-04-06T08:36:11+00:00\",\"author\":{\"@id\":\"https:\/\/www.nettali.com\/#\/schema\/person\/d8ac7b7e27ddad43f1c0d2ef090d7f71\"},\"breadcrumb\":{\"@id\":\"https:\/\/www.nettali.com\/2021\/04\/06\/racisme-mouctar-diakhaby-quitte-le-terrain-suivi-par-ses-coequipiers\/#breadcrumb\"},\"inLanguage\":\"fr-FR\",\"potentialAction\":[{\"@type\":\"ReadAction\",\"target\":[\"https:\/\/www.nettali.com\/2021\/04\/06\/racisme-mouctar-diakhaby-quitte-le-terrain-suivi-par-ses-coequipiers\/\"]}]},{\"@type\":\"BreadcrumbList\",\"@id\":\"https:\/\/www.nettali.com\/2021\/04\/06\/racisme-mouctar-diakhaby-quitte-le-terrain-suivi-par-ses-coequipiers\/#breadcrumb\",\"itemListElement\":[{\"@type\":\"ListItem\",\"position\":1,\"name\":\"Accueil\",\"item\":\"https:\/\/www.nettali.com\/\"},{\"@type\":\"ListItem\",\"position\":2,\"name\":\"RACISME &#8211; Mouctar Diakhaby quitte le terrain, suivi par ses co\\u00e9quipiers\"}]},{\"@type\":\"Person\",\"@id\":\"https:\/\/www.nettali.com\/#\/schema\/person\/d8ac7b7e27ddad43f1c0d2ef090d7f71\",\"name\":\"CK\",\"image\":{\"@type\":\"ImageObject\",\"@id\":\"https:\/\/www.nettali.com\/#personlogo\",\"inLanguage\":\"fr-FR\",\"url\":\"https:\/\/secure.gravatar.com\/avatar\/1d8d5118b9327d94da7cd4ce7f17fec2?s=96&d=mm&r=g\",\"contentUrl\":\"https:\/\/secure.gravatar.com\/avatar\/1d8d5118b9327d94da7cd4ce7f17fec2?s=96&d=mm&r=g\",\"caption\":\"CK\"},\"sameAs\":[\"https:\/\/www.nettali.com\"]}]}<\/script>\n<!-- \/ Yoast SEO Premium plugin. -->","yoast_head_json":{"title":"RACISME - Mouctar Diakhaby quitte le terrain, suivi par ses co\u00e9quipiers | Nettali.com","robots":{"index":"index","follow":"follow","max-snippet":"max-snippet:-1","max-image-preview":"max-image-preview:large","max-video-preview":"max-video-preview:-1"},"canonical":"https:\/\/www.nettali.com\/2021\/04\/06\/racisme-mouctar-diakhaby-quitte-le-terrain-suivi-par-ses-coequipiers\/","og_locale":"fr_FR","og_type":"article","og_title":"RACISME - Mouctar Diakhaby quitte le terrain, suivi par ses co\u00e9quipiers","og_description":"NETTALI.COM - Pr\u00e8s de 14 mois apr\u00e8s Moussa Marega, qui avait quitt\u00e9 le terrain apr\u00e8s avoir \u00e9t\u00e9 cibl\u00e9 par des insultes racistes en provenance des tribunes, et 4 mois apr\u00e8s l\u2019affaire de PSG-Basaksehir, Mouctar Diakhaby a lui aussi d\u00e9cid\u00e9 de dire non au racisme. Suite \u00e0 un accrochage avec Juan Cala ce dimanche \u00e0 la [&hellip;]","og_url":"https:\/\/www.nettali.com\/2021\/04\/06\/racisme-mouctar-diakhaby-quitte-le-terrain-suivi-par-ses-coequipiers\/","og_site_name":"Nettali.com","article_publisher":"https:\/\/www.facebook.com\/nettalicom","article_published_time":"2021-04-06T08:36:11+00:00","og_image":[{"width":885,"height":500,"url":"https:\/\/www.nettali.com\/wp-content\/uploads\/2021\/04\/image.jpg","type":"image\/jpeg"}],"twitter_card":"summary_large_image","twitter_misc":{"\u00c9crit par":"CK","Dur\u00e9e de lecture estim\u00e9e":"1 minute"},"schema":{"@context":"https:\/\/schema.org","@graph":[{"@type":"WebSite","@id":"https:\/\/www.nettali.com\/#website","url":"https:\/\/www.nettali.com\/","name":"Nettali.com","description":"Le rendez-vous critique du Net","potentialAction":[{"@type":"SearchAction","target":{"@type":"EntryPoint","urlTemplate":"https:\/\/www.nettali.com\/?s={search_term_string}"},"query-input":"required name=search_term_string"}],"inLanguage":"fr-FR"},{"@type":"ImageObject","@id":"https:\/\/www.nettali.com\/2021\/04\/06\/racisme-mouctar-diakhaby-quitte-le-terrain-suivi-par-ses-coequipiers\/#primaryimage","inLanguage":"fr-FR","url":"https:\/\/www.nettali.com\/wp-content\/uploads\/2021\/04\/image.jpg","contentUrl":"https:\/\/www.nettali.com\/wp-content\/uploads\/2021\/04\/image.jpg","width":885,"height":500},{"@type":"WebPage","@id":"https:\/\/www.nettali.com\/2021\/04\/06\/racisme-mouctar-diakhaby-quitte-le-terrain-suivi-par-ses-coequipiers\/#webpage","url":"https:\/\/www.nettali.com\/2021\/04\/06\/racisme-mouctar-diakhaby-quitte-le-terrain-suivi-par-ses-coequipiers\/","name":"RACISME - Mouctar Diakhaby quitte le terrain, suivi par ses co\u00e9quipiers | Nettali.com","isPartOf":{"@id":"https:\/\/www.nettali.com\/#website"},"primaryImageOfPage":{"@id":"https:\/\/www.nettali.com\/2021\/04\/06\/racisme-mouctar-diakhaby-quitte-le-terrain-suivi-par-ses-coequipiers\/#primaryimage"},"datePublished":"2021-04-06T08:36:11+00:00","dateModified":"2021-04-06T08:36:11+00:00","author":{"@id":"https:\/\/www.nettali.com\/#\/schema\/person\/d8ac7b7e27ddad43f1c0d2ef090d7f71"},"breadcrumb":{"@id":"https:\/\/www.nettali.com\/2021\/04\/06\/racisme-mouctar-diakhaby-quitte-le-terrain-suivi-par-ses-coequipiers\/#breadcrumb"},"inLanguage":"fr-FR","potentialAction":[{"@type":"ReadAction","target":["https:\/\/www.nettali.com\/2021\/04\/06\/racisme-mouctar-diakhaby-quitte-le-terrain-suivi-par-ses-coequipiers\/"]}]},{"@type":"BreadcrumbList","@id":"https:\/\/www.nettali.com\/2021\/04\/06\/racisme-mouctar-diakhaby-quitte-le-terrain-suivi-par-ses-coequipiers\/#breadcrumb","itemListElement":[{"@type":"ListItem","position":1,"name":"Accueil","item":"https:\/\/www.nettali.com\/"},{"@type":"ListItem","position":2,"name":"RACISME &#8211; Mouctar Diakhaby quitte le terrain, suivi par ses co\u00e9quipiers"}]},{"@type":"Person","@id":"https:\/\/www.nettali.com\/#\/schema\/person\/d8ac7b7e27ddad43f1c0d2ef090d7f71","name":"CK","image":{"@type":"ImageObject","@id":"https:\/\/www.nettali.com\/#personlogo","inLanguage":"fr-FR","url":"https:\/\/secure.gravatar.com\/avatar\/1d8d5118b9327d94da7cd4ce7f17fec2?s=96&d=mm&r=g","contentUrl":"https:\/\/secure.gravatar.com\/avatar\/1d8d5118b9327d94da7cd4ce7f17fec2?s=96&d=mm&r=g","caption":"CK"},"sameAs":["https:\/\/www.nettali.com"]}]}},"_links":{"self":[{"href":"https:\/\/www.nettali.com\/rest\/wp\/v2\/posts\/61343"}],"collection":[{"href":"https:\/\/www.nettali.com\/rest\/wp\/v2\/posts"}],"about":[{"href":"https:\/\/www.nettali.com\/rest\/wp\/v2\/types\/post"}],"author":[{"embeddable":true,"href":"https:\/\/www.nettali.com\/rest\/wp\/v2\/users\/2"}],"replies":[{"embeddable":true,"href":"https:\/\/www.nettali.com\/rest\/wp\/v2\/comments?post=61343"}],"version-history":[{"count":1,"href":"https:\/\/www.nettali.com\/rest\/wp\/v2\/posts\/61343\/revisions"}],"predecessor-version":[{"id":61345,"href":"https:\/\/www.nettali.com\/rest\/wp\/v2\/posts\/61343\/revisions\/61345"}],"wp:featuredmedia":[{"embeddable":true,"href":"https:\/\/www.nettali.com\/rest\/wp\/v2\/media\/61344"}],"wp:attachment":[{"href":"https:\/\/www.nettali.com\/rest\/wp\/v2\/media?parent=61343"}],"wp:term":[{"taxonomy":"category","embeddable":true,"href":"https:\/\/www.nettali.com\/rest\/wp\/v2\/categories?post=61343"},{"taxonomy":"post_tag","embeddable":true,"href":"https:\/\/www.nettali.com\/rest\/wp\/v2\/tags?post=61343"}],"curies":[{"name":"wp","href":"https:\/\/api.w.org\/{rel}","templated":true}]}}